{"id":1345,"date":"2025-08-03T02:17:36","date_gmt":"2025-08-03T05:17:36","guid":{"rendered":"https:\/\/gazetapernambucana.com\/?p=1345"},"modified":"2025-08-03T02:17:36","modified_gmt":"2025-08-03T05:17:36","slug":"rafael-camara-orgulho-de-pernambuco-jovem-talento-brasileiro-rumo-ao-titulo-da-formula-3-por-flavio-chaves","status":"publish","type":"post","link":"https:\/\/gazetapernambucana.com\/?p=1345","title":{"rendered":"Rafael C\u00e2mara: Orgulho de Pernambuco, Jovem Talento Brasileiro Rumo ao T\u00edtulo da F\u00f3rmula 3. Por Fl\u00e1vio Chaves"},"content":{"rendered":"<p data-start=\"292\" data-end=\"386\"><img loading=\"lazy\" decoding=\"async\" class=\"gallery__image\" title=\"(Foto: Reprodu\u00e7\u00e3o)\" src=\"https:\/\/otempo.scene7.com\/is\/image\/sempreeditora\/rafael-camara-defende-lideranca-na-f3-veja-horarios-da-espanha?qlt=90&amp;ts=1754146591348&amp;dpr=off\" srcset=\"https:\/\/otempo.scene7.com\/is\/image\/sempreeditora\/rafael-camara-defende-lideranca-na-f3-veja-horarios-da-espanha?qlt=90&amp;wid=300&amp;ts=1754146591348&amp;dpr=off 300w,https:\/\/otempo.scene7.com\/is\/image\/sempreeditora\/rafael-camara-defende-lideranca-na-f3-veja-horarios-da-espanha?qlt=90&amp;wid=400&amp;ts=1754146591348&amp;dpr=off 400w,https:\/\/otempo.scene7.com\/is\/image\/sempreeditora\/rafael-camara-defende-lideranca-na-f3-veja-horarios-da-espanha?qlt=90&amp;wid=500&amp;ts=1754146591348&amp;dpr=off 500w,https:\/\/otempo.scene7.com\/is\/image\/sempreeditora\/rafael-camara-defende-lideranca-na-f3-veja-horarios-da-espanha?qlt=90&amp;wid=600&amp;ts=1754146591348&amp;dpr=off 600w,https:\/\/otempo.scene7.com\/is\/image\/sempreeditora\/rafael-camara-defende-lideranca-na-f3-veja-horarios-da-espanha?qlt=90&amp;wid=700&amp;ts=1754146591348&amp;dpr=off 700w,https:\/\/otempo.scene7.com\/is\/image\/sempreeditora\/rafael-camara-defende-lideranca-na-f3-veja-horarios-da-espanha?qlt=90&amp;wid=800&amp;ts=1754146591348&amp;dpr=off 800w,https:\/\/otempo.scene7.com\/is\/image\/sempreeditora\/rafael-camara-defende-lideranca-na-f3-veja-horarios-da-espanha?qlt=90&amp;wid=900&amp;ts=1754146591348&amp;dpr=off 900w,https:\/\/otempo.scene7.com\/is\/image\/sempreeditora\/rafael-camara-defende-lideranca-na-f3-veja-horarios-da-espanha?qlt=90&amp;wid=1200&amp;ts=1754146591348&amp;dpr=off 1200w\" alt=\"Piloto brasileiro, Rafael C\u00e2mara pode conquistar t\u00edtulo da F3\" width=\"936\" height=\"585\" \/>\u00a0 \u00a0 \u00a0 \u00a0 \u00a0 \u00a0 \u00a0 \u00a0 \u00a0 \u00a0 \u00a0 \u00a0 \u00a0 \u00a0 \u00a0 \u00a0 \u00a0 \u00a0 \u00a0 \u00a0 \u00a0 \u00a0 \u00a0\u00a0<strong>\u00a0<span class=\"description__wrapper font-inter\"><span class=\"gallery__description\">Piloto brasileiro, Rafael C\u00e2mara pode conquistar t\u00edtulo da F3<\/span><\/span><\/strong><\/p>\n<p data-start=\"388\" data-end=\"649\"><strong>Por Fl\u00e1vio Chaves\u00a0 \u00a0 \u2013\u00a0<\/strong>\u00a0\u00a0Neste domingo, os olhos do automobilismo internacional se voltam para Budapeste, na Hungria, onde ser\u00e1 disputada a pen\u00faltima etapa da temporada 2025 da F\u00f3rmula 3. E entre os grandes nomes do grid, um jovem pernambucano acelera rumo \u00e0 consagra\u00e7\u00e3o: Rafael C\u00e2mara.<\/p>\n<p data-start=\"651\" data-end=\"1000\">Com apenas 19 anos, Rafael \u00e9 mais do que uma promessa \u2014 \u00e9 uma realidade veloz que carrega o nome do Brasil e de Pernambuco no peito e no capacete. Sua campanha impec\u00e1vel nesta temporada da F3 impressiona: tr\u00eas vit\u00f3rias em corridas principais, exibi\u00e7\u00f5es de maturidade em estrat\u00e9gias, ultrapassagens cir\u00fargicas e uma frieza digna dos grandes campe\u00f5es.<\/p>\n<p data-start=\"1002\" data-end=\"1298\">Neste fim de semana decisivo, Rafael entra no circuito de Hungaroring embalado pelo excelente desempenho na corrida sprint, consolidando-se como um dos grandes favoritos ao t\u00edtulo. Cada ponto conquistado o aproxima ainda mais da gl\u00f3ria m\u00e1xima da categoria \u2014 e de um futuro promissor na F\u00f3rmula 1.<\/p>\n<p data-start=\"1300\" data-end=\"1671\">Filho do Recife, Rafael come\u00e7ou a acelerar cedo. Sua trajet\u00f3ria no kart, marcada por t\u00edtulos e recordes, logo o levou \u00e0 Europa, onde vem crescendo degrau por degrau nas categorias de base do automobilismo mundial. Hoje, \u00e9 um dos nomes mais respeitados do paddock, integrante da Academia da Ferrari e presen\u00e7a constante nas conversas sobre o futuro da elite da velocidade.<\/p>\n<p data-start=\"1673\" data-end=\"2111\">Por tr\u00e1s desse talento mete\u00f3rico, est\u00e3o dois nomes que acompanham cada curva com o cora\u00e7\u00e3o na m\u00e3o:\u00a0<strong data-start=\"1772\" data-end=\"1809\">Maru C\u00e2mara e Paula Chaves C\u00e2mara<\/strong>, pais de Rafael, que s\u00e3o parte essencial dessa hist\u00f3ria de supera\u00e7\u00e3o, disciplina e sonhos realizados. Eles foram os primeiros a acreditar, a investir, a segurar firme a m\u00e3o do filho nos momentos dif\u00edceis \u2014 e agora colhem, com orgulho e emo\u00e7\u00e3o, os frutos de uma trajet\u00f3ria que inspira o Brasil inteiro.<\/p>\n<p data-start=\"2113\" data-end=\"2373\">Rafael representa n\u00e3o apenas o talento de uma nova gera\u00e7\u00e3o de pilotos brasileiros, mas tamb\u00e9m a for\u00e7a do Nordeste no esporte mundial. Ele \u00e9, sem d\u00favida, um orgulho de Pernambuco, um s\u00edmbolo da garra, da intelig\u00eancia e da paix\u00e3o que marcam a alma do nosso povo.<\/p>\n<p data-start=\"2375\" data-end=\"2719\">Neste domingo, ao ver Rafael acelerar nas curvas t\u00e9cnicas da Hungria, o Brasil inteiro torce. E Pernambuco, em especial, vibra. Porque quando ele entra na pista, n\u00e3o leva s\u00f3 um carro de corrida. Leva o sonho de um estado, o brilho de uma estrela em ascens\u00e3o \u2014 e a certeza de que o futuro da F\u00f3rmula 1 pode muito bem falar com sotaque recifense.<\/p>\n<p data-start=\"2721\" data-end=\"2825\">Avante, Rafael C\u00e2mara! Que a bandeira quadriculada seja s\u00f3 o come\u00e7o de uma jornada ainda mais grandiosa.<\/p>\n","protected":false},"excerpt":{"rendered":"<p>\u00a0 \u00a0 \u00a0 \u00a0 \u00a0 \u00a0 \u00a0 \u00a0 \u00a0 \u00a0 \u00a0 \u00a0 \u00a0 \u00a0 \u00a0 \u00a0 \u00a0 \u00a0 \u00a0 \u00a0 \u00a0 \u00a0 \u00a0\u00a0\u00a0Piloto brasileiro, Rafael C\u00e2mara pode conquistar t\u00edtulo da F3 Por Fl\u00e1vio Chaves\u00a0 \u00a0 \u2013\u00a0\u00a0\u00a0Neste domingo, os olhos do automobilismo internacional se voltam para Budapeste, na Hungria, onde ser\u00e1 disputada a pen\u00faltima etapa da [&hellip;]<\/p>\n","protected":false},"author":1,"featured_media":1346,"comment_status":"open","ping_status":"open","sticky":false,"template":"","format":"standard","meta":{"footnotes":"","jetpack_publicize_message":"","jetpack_publicize_feature_enabled":true,"jetpack_social_post_already_shared":false,"jetpack_social_options":{"image_generator_settings":{"template":"highway","default_image_id":0,"font":"","enabled":false},"version":2}},"categories":[1,39,36],"tags":[],"class_list":["post-1345","post","type-post","status-publish","format-standard","has-post-thumbnail","hentry","category-https-gazetapernambucana-com-page_id225","category-https-gazetapernambucana-com-page_id221","category-https-gazetapernambucana-com-page_id209"],"yoast_head":"<!-- This site is optimized with the Yoast SEO plugin v24.5 - https:\/\/yoast.com\/wordpress\/plugins\/seo\/ -->\n<title>Rafael C\u00e2mara: Orgulho de Pernambuco, Jovem Talento Brasileiro Rumo ao T\u00edtulo da F\u00f3rmula 3. Por Fl\u00e1vio Chaves -<\/title>\n<meta name=\"robots\" content=\"index, follow, max-snippet:-1, max-image-preview:large, max-video-preview:-1\" \/>\n<link rel=\"canonical\" href=\"https:\/\/gazetapernambucana.com\/?p=1345\" \/>\n<meta property=\"og:locale\" content=\"pt_BR\" \/>\n<meta property=\"og:type\" content=\"article\" \/>\n<meta property=\"og:title\" content=\"Rafael C\u00e2mara: Orgulho de Pernambuco, Jovem Talento Brasileiro Rumo ao T\u00edtulo da F\u00f3rmula 3. Por Fl\u00e1vio Chaves -\" \/>\n<meta property=\"og:description\" content=\"\u00a0 \u00a0 \u00a0 \u00a0 \u00a0 \u00a0 \u00a0 \u00a0 \u00a0 \u00a0 \u00a0 \u00a0 \u00a0 \u00a0 \u00a0 \u00a0 \u00a0 \u00a0 \u00a0 \u00a0 \u00a0 \u00a0 \u00a0\u00a0\u00a0Piloto brasileiro, Rafael C\u00e2mara pode conquistar t\u00edtulo da F3 Por Fl\u00e1vio Chaves\u00a0 \u00a0 \u2013\u00a0\u00a0\u00a0Neste domingo, os olhos do automobilismo internacional se voltam para Budapeste, na Hungria, onde ser\u00e1 disputada a pen\u00faltima etapa da [&hellip;]\" \/>\n<meta property=\"og:url\" content=\"https:\/\/gazetapernambucana.com\/?p=1345\" \/>\n<meta property=\"article:published_time\" content=\"2025-08-03T05:17:36+00:00\" \/>\n<meta property=\"og:image\" content=\"https:\/\/gazetapernambucana.com\/wp-content\/uploads\/2025\/08\/rafa-camara-est-prximo-de-ser-o-novo-campeo-da-f3-l7bh0rd.jpg\" \/>\n\t<meta property=\"og:image:width\" content=\"1200\" \/>\n\t<meta property=\"og:image:height\" content=\"630\" \/>\n\t<meta property=\"og:image:type\" content=\"image\/jpeg\" \/>\n<meta name=\"author\" content=\"GP\" \/>\n<meta name=\"twitter:card\" content=\"summary_large_image\" \/>\n<meta name=\"twitter:label1\" content=\"Escrito por\" \/>\n\t<meta name=\"twitter:data1\" content=\"GP\" \/>\n\t<meta name=\"twitter:label2\" content=\"Est. tempo de leitura\" \/>\n\t<meta name=\"twitter:data2\" content=\"3 minutos\" \/>\n<script type=\"application\/ld+json\" class=\"yoast-schema-graph\">{\"@context\":\"https:\/\/schema.org\",\"@graph\":[{\"@type\":\"WebPage\",\"@id\":\"https:\/\/gazetapernambucana.com\/?p=1345\",\"url\":\"https:\/\/gazetapernambucana.com\/?p=1345\",\"name\":\"Rafael C\u00e2mara: Orgulho de Pernambuco, Jovem Talento Brasileiro Rumo ao T\u00edtulo da F\u00f3rmula 3. Por Fl\u00e1vio Chaves -\",\"isPartOf\":{\"@id\":\"https:\/\/gazetapernambucana.com\/#website\"},\"primaryImageOfPage\":{\"@id\":\"https:\/\/gazetapernambucana.com\/?p=1345#primaryimage\"},\"image\":{\"@id\":\"https:\/\/gazetapernambucana.com\/?p=1345#primaryimage\"},\"thumbnailUrl\":\"https:\/\/gazetapernambucana.com\/wp-content\/uploads\/2025\/08\/rafa-camara-est-prximo-de-ser-o-novo-campeo-da-f3-l7bh0rd.jpg\",\"datePublished\":\"2025-08-03T05:17:36+00:00\",\"author\":{\"@id\":\"https:\/\/gazetapernambucana.com\/#\/schema\/person\/188dc283325181ac2de4db1e9e987427\"},\"breadcrumb\":{\"@id\":\"https:\/\/gazetapernambucana.com\/?p=1345#breadcrumb\"},\"inLanguage\":\"pt-BR\",\"potentialAction\":[{\"@type\":\"ReadAction\",\"target\":[\"https:\/\/gazetapernambucana.com\/?p=1345\"]}]},{\"@type\":\"ImageObject\",\"inLanguage\":\"pt-BR\",\"@id\":\"https:\/\/gazetapernambucana.com\/?p=1345#primaryimage\",\"url\":\"https:\/\/gazetapernambucana.com\/wp-content\/uploads\/2025\/08\/rafa-camara-est-prximo-de-ser-o-novo-campeo-da-f3-l7bh0rd.jpg\",\"contentUrl\":\"https:\/\/gazetapernambucana.com\/wp-content\/uploads\/2025\/08\/rafa-camara-est-prximo-de-ser-o-novo-campeo-da-f3-l7bh0rd.jpg\",\"width\":1200,\"height\":630},{\"@type\":\"BreadcrumbList\",\"@id\":\"https:\/\/gazetapernambucana.com\/?p=1345#breadcrumb\",\"itemListElement\":[{\"@type\":\"ListItem\",\"position\":1,\"name\":\"In\u00edcio\",\"item\":\"https:\/\/gazetapernambucana.com\/\"},{\"@type\":\"ListItem\",\"position\":2,\"name\":\"Rafael C\u00e2mara: Orgulho de Pernambuco, Jovem Talento Brasileiro Rumo ao T\u00edtulo da F\u00f3rmula 3. Por Fl\u00e1vio Chaves\"}]},{\"@type\":\"WebSite\",\"@id\":\"https:\/\/gazetapernambucana.com\/#website\",\"url\":\"https:\/\/gazetapernambucana.com\/\",\"name\":\"\",\"description\":\"\",\"potentialAction\":[{\"@type\":\"SearchAction\",\"target\":{\"@type\":\"EntryPoint\",\"urlTemplate\":\"https:\/\/gazetapernambucana.com\/?s={search_term_string}\"},\"query-input\":{\"@type\":\"PropertyValueSpecification\",\"valueRequired\":true,\"valueName\":\"search_term_string\"}}],\"inLanguage\":\"pt-BR\"},{\"@type\":\"Person\",\"@id\":\"https:\/\/gazetapernambucana.com\/#\/schema\/person\/188dc283325181ac2de4db1e9e987427\",\"name\":\"GP\",\"image\":{\"@type\":\"ImageObject\",\"inLanguage\":\"pt-BR\",\"@id\":\"https:\/\/gazetapernambucana.com\/#\/schema\/person\/image\/\",\"url\":\"https:\/\/secure.gravatar.com\/avatar\/9dad78ff9a2d8b5742d11779f8a3f53b052320c550b2e1907882353c067bb111?s=96&d=mm&r=g\",\"contentUrl\":\"https:\/\/secure.gravatar.com\/avatar\/9dad78ff9a2d8b5742d11779f8a3f53b052320c550b2e1907882353c067bb111?s=96&d=mm&r=g\",\"caption\":\"GP\"},\"sameAs\":[\"http:\/\/gazetapernambucana.com\"],\"url\":\"https:\/\/gazetapernambucana.com\/?author=1\"}]}<\/script>\n<!-- \/ Yoast SEO plugin. -->","yoast_head_json":{"title":"Rafael C\u00e2mara: Orgulho de Pernambuco, Jovem Talento Brasileiro Rumo ao T\u00edtulo da F\u00f3rmula 3. Por Fl\u00e1vio Chaves -","robots":{"index":"index","follow":"follow","max-snippet":"max-snippet:-1","max-image-preview":"max-image-preview:large","max-video-preview":"max-video-preview:-1"},"canonical":"https:\/\/gazetapernambucana.com\/?p=1345","og_locale":"pt_BR","og_type":"article","og_title":"Rafael C\u00e2mara: Orgulho de Pernambuco, Jovem Talento Brasileiro Rumo ao T\u00edtulo da F\u00f3rmula 3. Por Fl\u00e1vio Chaves -","og_description":"\u00a0 \u00a0 \u00a0 \u00a0 \u00a0 \u00a0 \u00a0 \u00a0 \u00a0 \u00a0 \u00a0 \u00a0 \u00a0 \u00a0 \u00a0 \u00a0 \u00a0 \u00a0 \u00a0 \u00a0 \u00a0 \u00a0 \u00a0\u00a0\u00a0Piloto brasileiro, Rafael C\u00e2mara pode conquistar t\u00edtulo da F3 Por Fl\u00e1vio Chaves\u00a0 \u00a0 \u2013\u00a0\u00a0\u00a0Neste domingo, os olhos do automobilismo internacional se voltam para Budapeste, na Hungria, onde ser\u00e1 disputada a pen\u00faltima etapa da [&hellip;]","og_url":"https:\/\/gazetapernambucana.com\/?p=1345","article_published_time":"2025-08-03T05:17:36+00:00","og_image":[{"width":1200,"height":630,"url":"https:\/\/gazetapernambucana.com\/wp-content\/uploads\/2025\/08\/rafa-camara-est-prximo-de-ser-o-novo-campeo-da-f3-l7bh0rd.jpg","type":"image\/jpeg"}],"author":"GP","twitter_card":"summary_large_image","twitter_misc":{"Escrito por":"GP","Est. tempo de leitura":"3 minutos"},"schema":{"@context":"https:\/\/schema.org","@graph":[{"@type":"WebPage","@id":"https:\/\/gazetapernambucana.com\/?p=1345","url":"https:\/\/gazetapernambucana.com\/?p=1345","name":"Rafael C\u00e2mara: Orgulho de Pernambuco, Jovem Talento Brasileiro Rumo ao T\u00edtulo da F\u00f3rmula 3. Por Fl\u00e1vio Chaves -","isPartOf":{"@id":"https:\/\/gazetapernambucana.com\/#website"},"primaryImageOfPage":{"@id":"https:\/\/gazetapernambucana.com\/?p=1345#primaryimage"},"image":{"@id":"https:\/\/gazetapernambucana.com\/?p=1345#primaryimage"},"thumbnailUrl":"https:\/\/gazetapernambucana.com\/wp-content\/uploads\/2025\/08\/rafa-camara-est-prximo-de-ser-o-novo-campeo-da-f3-l7bh0rd.jpg","datePublished":"2025-08-03T05:17:36+00:00","author":{"@id":"https:\/\/gazetapernambucana.com\/#\/schema\/person\/188dc283325181ac2de4db1e9e987427"},"breadcrumb":{"@id":"https:\/\/gazetapernambucana.com\/?p=1345#breadcrumb"},"inLanguage":"pt-BR","potentialAction":[{"@type":"ReadAction","target":["https:\/\/gazetapernambucana.com\/?p=1345"]}]},{"@type":"ImageObject","inLanguage":"pt-BR","@id":"https:\/\/gazetapernambucana.com\/?p=1345#primaryimage","url":"https:\/\/gazetapernambucana.com\/wp-content\/uploads\/2025\/08\/rafa-camara-est-prximo-de-ser-o-novo-campeo-da-f3-l7bh0rd.jpg","contentUrl":"https:\/\/gazetapernambucana.com\/wp-content\/uploads\/2025\/08\/rafa-camara-est-prximo-de-ser-o-novo-campeo-da-f3-l7bh0rd.jpg","width":1200,"height":630},{"@type":"BreadcrumbList","@id":"https:\/\/gazetapernambucana.com\/?p=1345#breadcrumb","itemListElement":[{"@type":"ListItem","position":1,"name":"In\u00edcio","item":"https:\/\/gazetapernambucana.com\/"},{"@type":"ListItem","position":2,"name":"Rafael C\u00e2mara: Orgulho de Pernambuco, Jovem Talento Brasileiro Rumo ao T\u00edtulo da F\u00f3rmula 3. Por Fl\u00e1vio Chaves"}]},{"@type":"WebSite","@id":"https:\/\/gazetapernambucana.com\/#website","url":"https:\/\/gazetapernambucana.com\/","name":"","description":"","potentialAction":[{"@type":"SearchAction","target":{"@type":"EntryPoint","urlTemplate":"https:\/\/gazetapernambucana.com\/?s={search_term_string}"},"query-input":{"@type":"PropertyValueSpecification","valueRequired":true,"valueName":"search_term_string"}}],"inLanguage":"pt-BR"},{"@type":"Person","@id":"https:\/\/gazetapernambucana.com\/#\/schema\/person\/188dc283325181ac2de4db1e9e987427","name":"GP","image":{"@type":"ImageObject","inLanguage":"pt-BR","@id":"https:\/\/gazetapernambucana.com\/#\/schema\/person\/image\/","url":"https:\/\/secure.gravatar.com\/avatar\/9dad78ff9a2d8b5742d11779f8a3f53b052320c550b2e1907882353c067bb111?s=96&d=mm&r=g","contentUrl":"https:\/\/secure.gravatar.com\/avatar\/9dad78ff9a2d8b5742d11779f8a3f53b052320c550b2e1907882353c067bb111?s=96&d=mm&r=g","caption":"GP"},"sameAs":["http:\/\/gazetapernambucana.com"],"url":"https:\/\/gazetapernambucana.com\/?author=1"}]}},"jetpack_publicize_connections":[],"_links":{"self":[{"href":"https:\/\/gazetapernambucana.com\/index.php?rest_route=\/wp\/v2\/posts\/1345","targetHints":{"allow":["GET"]}}],"collection":[{"href":"https:\/\/gazetapernambucana.com\/index.php?rest_route=\/wp\/v2\/posts"}],"about":[{"href":"https:\/\/gazetapernambucana.com\/index.php?rest_route=\/wp\/v2\/types\/post"}],"author":[{"embeddable":true,"href":"https:\/\/gazetapernambucana.com\/index.php?rest_route=\/wp\/v2\/users\/1"}],"replies":[{"embeddable":true,"href":"https:\/\/gazetapernambucana.com\/index.php?rest_route=%2Fwp%2Fv2%2Fcomments&post=1345"}],"version-history":[{"count":1,"href":"https:\/\/gazetapernambucana.com\/index.php?rest_route=\/wp\/v2\/posts\/1345\/revisions"}],"predecessor-version":[{"id":1347,"href":"https:\/\/gazetapernambucana.com\/index.php?rest_route=\/wp\/v2\/posts\/1345\/revisions\/1347"}],"wp:featuredmedia":[{"embeddable":true,"href":"https:\/\/gazetapernambucana.com\/index.php?rest_route=\/wp\/v2\/media\/1346"}],"wp:attachment":[{"href":"https:\/\/gazetapernambucana.com\/index.php?rest_route=%2Fwp%2Fv2%2Fmedia&parent=1345"}],"wp:term":[{"taxonomy":"category","embeddable":true,"href":"https:\/\/gazetapernambucana.com\/index.php?rest_route=%2Fwp%2Fv2%2Fcategories&post=1345"},{"taxonomy":"post_tag","embeddable":true,"href":"https:\/\/gazetapernambucana.com\/index.php?rest_route=%2Fwp%2Fv2%2Ftags&post=1345"}],"curies":[{"name":"wp","href":"https:\/\/api.w.org\/{rel}","templated":true}]}}