{"id":1336,"date":"2025-08-01T00:59:52","date_gmt":"2025-08-01T03:59:52","guid":{"rendered":"https:\/\/gazetapernambucana.com\/?p=1336"},"modified":"2025-08-01T00:59:52","modified_gmt":"2025-08-01T03:59:52","slug":"russia-diz-ter-tomado-cidade-estrategica-do-leste-da-ucrania","status":"publish","type":"post","link":"https:\/\/gazetapernambucana.com\/?p=1336","title":{"rendered":"R\u00fassia diz ter tomado cidade estrat\u00e9gica do leste da Ucr\u00e2nia"},"content":{"rendered":"<header class=\"title-block\">\n<h2>Kiev nega a vers\u00e3o de ocupa\u00e7\u00e3o anunciada pelos russos<\/h2>\n<\/header>\n<div class=\"columns\">\n<section class=\"content\">\n<figure class=\"image-block\">\n<div class=\"\"><img loading=\"lazy\" decoding=\"async\" class=\"size-large wp-image-1283457\" src=\"https:\/\/static.cdn.pleno.news\/2024\/02\/d9f942ca2987f534c6511a0f40250ead73d1bfc8w-1024x749.jpg\" sizes=\"auto, (max-width: 1024px) 100vw, 1024px\" srcset=\"https:\/\/static.cdn.pleno.news\/2024\/02\/d9f942ca2987f534c6511a0f40250ead73d1bfc8w-1024x749.jpg 1024w, https:\/\/static.cdn.pleno.news\/2024\/02\/d9f942ca2987f534c6511a0f40250ead73d1bfc8w-300x219.jpg 300w, https:\/\/static.cdn.pleno.news\/2024\/02\/d9f942ca2987f534c6511a0f40250ead73d1bfc8w-768x562.jpg 768w, https:\/\/static.cdn.pleno.news\/2024\/02\/d9f942ca2987f534c6511a0f40250ead73d1bfc8w-205x150.jpg 205w, https:\/\/static.cdn.pleno.news\/2024\/02\/d9f942ca2987f534c6511a0f40250ead73d1bfc8w-250x183.jpg 250w, https:\/\/static.cdn.pleno.news\/2024\/02\/d9f942ca2987f534c6511a0f40250ead73d1bfc8w-21x15.jpg 21w, https:\/\/static.cdn.pleno.news\/2024\/02\/d9f942ca2987f534c6511a0f40250ead73d1bfc8w.jpg 1920w\" alt=\"\" width=\"1024\" height=\"749\" \/><\/div><figcaption>Vladimir Putin\u00a0<span class=\"name\">Foto: EFE\/EPA\/DMITRIY AZAROV\/SPUTNIK\/KREMLIN<\/span><\/figcaption><\/figure>\n<p>A R\u00fassia anunciou, nesta quinta-feira (31), que suas for\u00e7as assumiram o controle total da cidade estrategicamente importante de Chasiv Iar, na regi\u00e3o oriental de Donetsk, no leste na Ucr\u00e2nia. Kiev nega ocupa\u00e7\u00e3o.<\/p>\n<p>O Minist\u00e9rio da Defesa russo indicou em um comunicado que Chasiv Iar \u201cfoi libertada pelas for\u00e7as russas\u201d. Moscou segue conquistando territ\u00f3rios na Ucr\u00e2nia, embora o presidente norte-americano, Donald Trump, tenha imposto um prazo de seis dias, a partir da \u00faltima ter\u00e7a-feira (29), para que seu hom\u00f3logo russo, Vladimir Putin, encerre o conflito, sob pena de san\u00e7\u00f5es.<\/p>\n<div id=\"r89-video-outstream-wrapper\">\n<div id=\"r89-video-outstream\" data-google-query-id=\"CLrl38Hb6I4DFexN3QIdkXw5Fw\"><\/div>\n<\/div>\n<p>Tropas russas e ucranianas lutam pelo controle de Chasiv Iar h\u00e1 quase 18 meses. A regi\u00e3o inclui um topo de colina de onde as tropas podem atacar outros pontos-chave na regi\u00e3o, que formam a espinha dorsal das defesas orientais da Ucr\u00e2nia.<\/p>\n<p>Victor Trehubov, porta-voz militar ucraniano, negou a alega\u00e7\u00e3o da R\u00fassia.<\/p>\n<p>\u2013 Apenas uma inven\u00e7\u00e3o, n\u00e3o houve nem mesmo uma mudan\u00e7a na situa\u00e7\u00e3o \u2013 disse ele \u00e0 ag\u00eancia Associated Press.<\/p>\n<p>Um relat\u00f3rio divulgado nesta quinta pelo Estado-Maior do Ex\u00e9rcito da Ucr\u00e2nia informou que houve sete confrontos em Chasiv Iar nas \u00faltimas 24 horas. Um mapa anexo mostrava a maior parte da cidade sob controle russo.<\/p>\n<p>O DeepState, um mapa ucraniano de c\u00f3digo aberto amplamente utilizado pelos militares e analistas, mostrou na manh\u00e3 desta quinta que os bairros ao sul e oeste de Chasiv Iar permaneciam como as chamadas zonas cinzentas, ou seja, n\u00e3o controlados por nenhum dos lados.<\/p>\n<p>Moscou tamb\u00e9m intensificou seus ataques nas \u00faltimas semanas, muitas vezes com centenas de drones e m\u00edsseis, segundo Kiev.<\/p>\n<p>Bombardeios durante a noite na capital da Ucr\u00e2nia mataram pelo menos 13 pessoas, incluindo um menino de 6 anos, e feriram outras 132, disseram autoridades nesta quinta.<\/p>\n<p>Uma menina de 5 meses estava entre as 14 crian\u00e7as feridas, informou o Servi\u00e7o de Emerg\u00eancia da Ucr\u00e2nia. Foi o maior n\u00famero de crian\u00e7as feridas em um \u00fanico ataque a Kiev desde o in\u00edcio da invas\u00e3o russa, h\u00e1 tr\u00eas anos, de acordo com registros p\u00fablicos consultados pela Associated Press.<\/p>\n<p>A R\u00fassia disparou 309 drones Shahed e de distra\u00e7\u00e3o, al\u00e9m de oito m\u00edsseis de cruzeiro Iskander-K durante a noite, informou a For\u00e7a A\u00e9rea Ucraniana. As defesas a\u00e9reas interceptaram e bloquearam 288 drones de ataque e tr\u00eas m\u00edsseis. Cinco m\u00edsseis e 21 drones atingiram alvos.<\/p>\n<p>Os esfor\u00e7os diplom\u00e1ticos parecem estar em um impasse. Putin exige que a Ucr\u00e2nia ceda \u00e0 R\u00fassia as regi\u00f5es de Donetsk, Luhansk, Kherson e Zaporizhzhia, cuja anexa\u00e7\u00e3o foi reivindicada por Moscou, e que a Ucr\u00e2nia desista de aderir \u00e0 Otan.<\/p>\n<p>As condi\u00e7\u00f5es s\u00e3o consideradas inaceit\u00e1veis pela Ucr\u00e2nia e seus aliados ocidentais.<\/p>\n<p>A Ucr\u00e2nia exige que o Ex\u00e9rcito russo se retire completamente do seu territ\u00f3rio.<\/p>\n<p>\u2013 Hoje, o mundo viu mais uma vez a resposta da R\u00fassia ao nosso desejo de paz com os EUA e a Europa \u2013 disse o presidente ucraniano Volodmir Zelenski.<\/p>\n<p>Ele disse ainda que se tratam de \u201cnovos assassinatos demonstrativos\u201d.<\/p>\n<p>\u2013 \u00c9 por isso que a paz sem for\u00e7a \u00e9 imposs\u00edvel \u2013 declarou.<\/p>\n<p>Zelenski pediu aos aliados da Ucr\u00e2nia que cumpram os compromissos de defesa e pressionem Moscou por negocia\u00e7\u00f5es reais.<\/p>\n<p>L\u00edderes ocidentais acusaram Putin de procrastinar os esfor\u00e7os de paz liderados pelos EUA na tentativa de conquistar mais terras ucranianas.<\/p>\n<p>*AE<\/p>\n<div class=\"siga-redes\"><\/div>\n<\/section>\n<\/div>\n","protected":false},"excerpt":{"rendered":"<p>Kiev nega a vers\u00e3o de ocupa\u00e7\u00e3o anunciada pelos russos Vladimir Putin\u00a0Foto: EFE\/EPA\/DMITRIY AZAROV\/SPUTNIK\/KREMLIN A R\u00fassia anunciou, nesta quinta-feira (31), que suas for\u00e7as assumiram o controle total da cidade estrategicamente importante de Chasiv Iar, na regi\u00e3o oriental de Donetsk, no leste na Ucr\u00e2nia. Kiev nega ocupa\u00e7\u00e3o. O Minist\u00e9rio da Defesa russo indicou em um comunicado que [&hellip;]<\/p>\n","protected":false},"author":1,"featured_media":1337,"comment_status":"open","ping_status":"open","sticky":false,"template":"","format":"standard","meta":{"footnotes":"","jetpack_publicize_message":"","jetpack_publicize_feature_enabled":true,"jetpack_social_post_already_shared":false,"jetpack_social_options":{"image_generator_settings":{"template":"highway","default_image_id":0,"font":"","enabled":false},"version":2}},"categories":[1,36,65],"tags":[],"class_list":["post-1336","post","type-post","status-publish","format-standard","has-post-thumbnail","hentry","category-https-gazetapernambucana-com-page_id225","category-https-gazetapernambucana-com-page_id209","category-politica"],"yoast_head":"<!-- This site is optimized with the Yoast SEO plugin v24.5 - https:\/\/yoast.com\/wordpress\/plugins\/seo\/ -->\n<title>R\u00fassia diz ter tomado cidade estrat\u00e9gica do leste da Ucr\u00e2nia -<\/title>\n<meta name=\"robots\" content=\"index, follow, max-snippet:-1, max-image-preview:large, max-video-preview:-1\" \/>\n<link rel=\"canonical\" href=\"https:\/\/gazetapernambucana.com\/?p=1336\" \/>\n<meta property=\"og:locale\" content=\"pt_BR\" \/>\n<meta property=\"og:type\" content=\"article\" \/>\n<meta property=\"og:title\" content=\"R\u00fassia diz ter tomado cidade estrat\u00e9gica do leste da Ucr\u00e2nia -\" \/>\n<meta property=\"og:description\" content=\"Kiev nega a vers\u00e3o de ocupa\u00e7\u00e3o anunciada pelos russos Vladimir Putin\u00a0Foto: EFE\/EPA\/DMITRIY AZAROV\/SPUTNIK\/KREMLIN A R\u00fassia anunciou, nesta quinta-feira (31), que suas for\u00e7as assumiram o controle total da cidade estrategicamente importante de Chasiv Iar, na regi\u00e3o oriental de Donetsk, no leste na Ucr\u00e2nia. Kiev nega ocupa\u00e7\u00e3o. O Minist\u00e9rio da Defesa russo indicou em um comunicado que [&hellip;]\" \/>\n<meta property=\"og:url\" content=\"https:\/\/gazetapernambucana.com\/?p=1336\" \/>\n<meta property=\"article:published_time\" content=\"2025-08-01T03:59:52+00:00\" \/>\n<meta property=\"og:image\" content=\"https:\/\/gazetapernambucana.com\/wp-content\/uploads\/2025\/08\/d9f942ca2987f534c6511a0f40250ead73d1bfc8w.webp\" \/>\n\t<meta property=\"og:image:width\" content=\"1920\" \/>\n\t<meta property=\"og:image:height\" content=\"1404\" \/>\n\t<meta property=\"og:image:type\" content=\"image\/webp\" \/>\n<meta name=\"author\" content=\"GP\" \/>\n<meta name=\"twitter:card\" content=\"summary_large_image\" \/>\n<meta name=\"twitter:label1\" content=\"Escrito por\" \/>\n\t<meta name=\"twitter:data1\" content=\"GP\" \/>\n\t<meta name=\"twitter:label2\" content=\"Est. tempo de leitura\" \/>\n\t<meta name=\"twitter:data2\" content=\"4 minutos\" \/>\n<script type=\"application\/ld+json\" class=\"yoast-schema-graph\">{\"@context\":\"https:\/\/schema.org\",\"@graph\":[{\"@type\":\"WebPage\",\"@id\":\"https:\/\/gazetapernambucana.com\/?p=1336\",\"url\":\"https:\/\/gazetapernambucana.com\/?p=1336\",\"name\":\"R\u00fassia diz ter tomado cidade estrat\u00e9gica do leste da Ucr\u00e2nia -\",\"isPartOf\":{\"@id\":\"https:\/\/gazetapernambucana.com\/#website\"},\"primaryImageOfPage\":{\"@id\":\"https:\/\/gazetapernambucana.com\/?p=1336#primaryimage\"},\"image\":{\"@id\":\"https:\/\/gazetapernambucana.com\/?p=1336#primaryimage\"},\"thumbnailUrl\":\"https:\/\/gazetapernambucana.com\/wp-content\/uploads\/2025\/08\/d9f942ca2987f534c6511a0f40250ead73d1bfc8w.webp\",\"datePublished\":\"2025-08-01T03:59:52+00:00\",\"author\":{\"@id\":\"https:\/\/gazetapernambucana.com\/#\/schema\/person\/188dc283325181ac2de4db1e9e987427\"},\"breadcrumb\":{\"@id\":\"https:\/\/gazetapernambucana.com\/?p=1336#breadcrumb\"},\"inLanguage\":\"pt-BR\",\"potentialAction\":[{\"@type\":\"ReadAction\",\"target\":[\"https:\/\/gazetapernambucana.com\/?p=1336\"]}]},{\"@type\":\"ImageObject\",\"inLanguage\":\"pt-BR\",\"@id\":\"https:\/\/gazetapernambucana.com\/?p=1336#primaryimage\",\"url\":\"https:\/\/gazetapernambucana.com\/wp-content\/uploads\/2025\/08\/d9f942ca2987f534c6511a0f40250ead73d1bfc8w.webp\",\"contentUrl\":\"https:\/\/gazetapernambucana.com\/wp-content\/uploads\/2025\/08\/d9f942ca2987f534c6511a0f40250ead73d1bfc8w.webp\",\"width\":1920,\"height\":1404},{\"@type\":\"BreadcrumbList\",\"@id\":\"https:\/\/gazetapernambucana.com\/?p=1336#breadcrumb\",\"itemListElement\":[{\"@type\":\"ListItem\",\"position\":1,\"name\":\"In\u00edcio\",\"item\":\"https:\/\/gazetapernambucana.com\/\"},{\"@type\":\"ListItem\",\"position\":2,\"name\":\"R\u00fassia diz ter tomado cidade estrat\u00e9gica do leste da Ucr\u00e2nia\"}]},{\"@type\":\"WebSite\",\"@id\":\"https:\/\/gazetapernambucana.com\/#website\",\"url\":\"https:\/\/gazetapernambucana.com\/\",\"name\":\"\",\"description\":\"\",\"potentialAction\":[{\"@type\":\"SearchAction\",\"target\":{\"@type\":\"EntryPoint\",\"urlTemplate\":\"https:\/\/gazetapernambucana.com\/?s={search_term_string}\"},\"query-input\":{\"@type\":\"PropertyValueSpecification\",\"valueRequired\":true,\"valueName\":\"search_term_string\"}}],\"inLanguage\":\"pt-BR\"},{\"@type\":\"Person\",\"@id\":\"https:\/\/gazetapernambucana.com\/#\/schema\/person\/188dc283325181ac2de4db1e9e987427\",\"name\":\"GP\",\"image\":{\"@type\":\"ImageObject\",\"inLanguage\":\"pt-BR\",\"@id\":\"https:\/\/gazetapernambucana.com\/#\/schema\/person\/image\/\",\"url\":\"https:\/\/secure.gravatar.com\/avatar\/9dad78ff9a2d8b5742d11779f8a3f53b052320c550b2e1907882353c067bb111?s=96&d=mm&r=g\",\"contentUrl\":\"https:\/\/secure.gravatar.com\/avatar\/9dad78ff9a2d8b5742d11779f8a3f53b052320c550b2e1907882353c067bb111?s=96&d=mm&r=g\",\"caption\":\"GP\"},\"sameAs\":[\"http:\/\/gazetapernambucana.com\"],\"url\":\"https:\/\/gazetapernambucana.com\/?author=1\"}]}<\/script>\n<!-- \/ Yoast SEO plugin. -->","yoast_head_json":{"title":"R\u00fassia diz ter tomado cidade estrat\u00e9gica do leste da Ucr\u00e2nia -","robots":{"index":"index","follow":"follow","max-snippet":"max-snippet:-1","max-image-preview":"max-image-preview:large","max-video-preview":"max-video-preview:-1"},"canonical":"https:\/\/gazetapernambucana.com\/?p=1336","og_locale":"pt_BR","og_type":"article","og_title":"R\u00fassia diz ter tomado cidade estrat\u00e9gica do leste da Ucr\u00e2nia -","og_description":"Kiev nega a vers\u00e3o de ocupa\u00e7\u00e3o anunciada pelos russos Vladimir Putin\u00a0Foto: EFE\/EPA\/DMITRIY AZAROV\/SPUTNIK\/KREMLIN A R\u00fassia anunciou, nesta quinta-feira (31), que suas for\u00e7as assumiram o controle total da cidade estrategicamente importante de Chasiv Iar, na regi\u00e3o oriental de Donetsk, no leste na Ucr\u00e2nia. Kiev nega ocupa\u00e7\u00e3o. O Minist\u00e9rio da Defesa russo indicou em um comunicado que [&hellip;]","og_url":"https:\/\/gazetapernambucana.com\/?p=1336","article_published_time":"2025-08-01T03:59:52+00:00","og_image":[{"width":1920,"height":1404,"url":"https:\/\/gazetapernambucana.com\/wp-content\/uploads\/2025\/08\/d9f942ca2987f534c6511a0f40250ead73d1bfc8w.webp","type":"image\/webp"}],"author":"GP","twitter_card":"summary_large_image","twitter_misc":{"Escrito por":"GP","Est. tempo de leitura":"4 minutos"},"schema":{"@context":"https:\/\/schema.org","@graph":[{"@type":"WebPage","@id":"https:\/\/gazetapernambucana.com\/?p=1336","url":"https:\/\/gazetapernambucana.com\/?p=1336","name":"R\u00fassia diz ter tomado cidade estrat\u00e9gica do leste da Ucr\u00e2nia -","isPartOf":{"@id":"https:\/\/gazetapernambucana.com\/#website"},"primaryImageOfPage":{"@id":"https:\/\/gazetapernambucana.com\/?p=1336#primaryimage"},"image":{"@id":"https:\/\/gazetapernambucana.com\/?p=1336#primaryimage"},"thumbnailUrl":"https:\/\/gazetapernambucana.com\/wp-content\/uploads\/2025\/08\/d9f942ca2987f534c6511a0f40250ead73d1bfc8w.webp","datePublished":"2025-08-01T03:59:52+00:00","author":{"@id":"https:\/\/gazetapernambucana.com\/#\/schema\/person\/188dc283325181ac2de4db1e9e987427"},"breadcrumb":{"@id":"https:\/\/gazetapernambucana.com\/?p=1336#breadcrumb"},"inLanguage":"pt-BR","potentialAction":[{"@type":"ReadAction","target":["https:\/\/gazetapernambucana.com\/?p=1336"]}]},{"@type":"ImageObject","inLanguage":"pt-BR","@id":"https:\/\/gazetapernambucana.com\/?p=1336#primaryimage","url":"https:\/\/gazetapernambucana.com\/wp-content\/uploads\/2025\/08\/d9f942ca2987f534c6511a0f40250ead73d1bfc8w.webp","contentUrl":"https:\/\/gazetapernambucana.com\/wp-content\/uploads\/2025\/08\/d9f942ca2987f534c6511a0f40250ead73d1bfc8w.webp","width":1920,"height":1404},{"@type":"BreadcrumbList","@id":"https:\/\/gazetapernambucana.com\/?p=1336#breadcrumb","itemListElement":[{"@type":"ListItem","position":1,"name":"In\u00edcio","item":"https:\/\/gazetapernambucana.com\/"},{"@type":"ListItem","position":2,"name":"R\u00fassia diz ter tomado cidade estrat\u00e9gica do leste da Ucr\u00e2nia"}]},{"@type":"WebSite","@id":"https:\/\/gazetapernambucana.com\/#website","url":"https:\/\/gazetapernambucana.com\/","name":"","description":"","potentialAction":[{"@type":"SearchAction","target":{"@type":"EntryPoint","urlTemplate":"https:\/\/gazetapernambucana.com\/?s={search_term_string}"},"query-input":{"@type":"PropertyValueSpecification","valueRequired":true,"valueName":"search_term_string"}}],"inLanguage":"pt-BR"},{"@type":"Person","@id":"https:\/\/gazetapernambucana.com\/#\/schema\/person\/188dc283325181ac2de4db1e9e987427","name":"GP","image":{"@type":"ImageObject","inLanguage":"pt-BR","@id":"https:\/\/gazetapernambucana.com\/#\/schema\/person\/image\/","url":"https:\/\/secure.gravatar.com\/avatar\/9dad78ff9a2d8b5742d11779f8a3f53b052320c550b2e1907882353c067bb111?s=96&d=mm&r=g","contentUrl":"https:\/\/secure.gravatar.com\/avatar\/9dad78ff9a2d8b5742d11779f8a3f53b052320c550b2e1907882353c067bb111?s=96&d=mm&r=g","caption":"GP"},"sameAs":["http:\/\/gazetapernambucana.com"],"url":"https:\/\/gazetapernambucana.com\/?author=1"}]}},"jetpack_publicize_connections":[],"_links":{"self":[{"href":"https:\/\/gazetapernambucana.com\/index.php?rest_route=\/wp\/v2\/posts\/1336","targetHints":{"allow":["GET"]}}],"collection":[{"href":"https:\/\/gazetapernambucana.com\/index.php?rest_route=\/wp\/v2\/posts"}],"about":[{"href":"https:\/\/gazetapernambucana.com\/index.php?rest_route=\/wp\/v2\/types\/post"}],"author":[{"embeddable":true,"href":"https:\/\/gazetapernambucana.com\/index.php?rest_route=\/wp\/v2\/users\/1"}],"replies":[{"embeddable":true,"href":"https:\/\/gazetapernambucana.com\/index.php?rest_route=%2Fwp%2Fv2%2Fcomments&post=1336"}],"version-history":[{"count":1,"href":"https:\/\/gazetapernambucana.com\/index.php?rest_route=\/wp\/v2\/posts\/1336\/revisions"}],"predecessor-version":[{"id":1338,"href":"https:\/\/gazetapernambucana.com\/index.php?rest_route=\/wp\/v2\/posts\/1336\/revisions\/1338"}],"wp:featuredmedia":[{"embeddable":true,"href":"https:\/\/gazetapernambucana.com\/index.php?rest_route=\/wp\/v2\/media\/1337"}],"wp:attachment":[{"href":"https:\/\/gazetapernambucana.com\/index.php?rest_route=%2Fwp%2Fv2%2Fmedia&parent=1336"}],"wp:term":[{"taxonomy":"category","embeddable":true,"href":"https:\/\/gazetapernambucana.com\/index.php?rest_route=%2Fwp%2Fv2%2Fcategories&post=1336"},{"taxonomy":"post_tag","embeddable":true,"href":"https:\/\/gazetapernambucana.com\/index.php?rest_route=%2Fwp%2Fv2%2Ftags&post=1336"}],"curies":[{"name":"wp","href":"https:\/\/api.w.org\/{rel}","templated":true}]}}