{"id":1332,"date":"2025-08-01T00:49:57","date_gmt":"2025-08-01T03:49:57","guid":{"rendered":"https:\/\/gazetapernambucana.com\/?p=1332"},"modified":"2025-08-01T00:49:57","modified_gmt":"2025-08-01T03:49:57","slug":"apos-ordem-do-stf-motta-declara-perda-de-mandato-de-7-deputados","status":"publish","type":"post","link":"https:\/\/gazetapernambucana.com\/?p=1332","title":{"rendered":"Ap\u00f3s ordem do STF, Motta declara perda de mandato de 7 deputados"},"content":{"rendered":"<header class=\"title-block\">\n<h2>Decis\u00e3o da Suprema Corte modificou aplica\u00e7\u00e3o de regras das sobras eleitorais<\/h2>\n<\/header>\n<div class=\"columns\">\n<section class=\"content\">\n<figure class=\"image-block\">\n<div class=\"\"><img loading=\"lazy\" decoding=\"async\" class=\"size-large wp-image-1458683\" src=\"https:\/\/static.cdn.pleno.news\/2025\/02\/img_7925-1-e1739030880601-1024x619.jpg\" sizes=\"auto, (max-width: 1024px) 100vw, 1024px\" srcset=\"https:\/\/static.cdn.pleno.news\/2025\/02\/img_7925-1-e1739030880601-1024x619.jpg 1024w, https:\/\/static.cdn.pleno.news\/2025\/02\/img_7925-1-e1739030880601-300x181.jpg 300w, https:\/\/static.cdn.pleno.news\/2025\/02\/img_7925-1-e1739030880601-768x465.jpg 768w, https:\/\/static.cdn.pleno.news\/2025\/02\/img_7925-1-e1739030880601-248x150.jpg 248w, https:\/\/static.cdn.pleno.news\/2025\/02\/img_7925-1-e1739030880601-250x151.jpg 250w, https:\/\/static.cdn.pleno.news\/2025\/02\/img_7925-1-e1739030880601-25x15.jpg 25w\" alt=\"\" width=\"1024\" height=\"619\" \/><\/div><figcaption>Hugo Motta\u00a0<span class=\"name\">Foto: Lula Marques\/ Ag\u00eancia Brasil<\/span><\/figcaption><\/figure>\n<p>O presidente da C\u00e2mara,\u00a0Hugo Motta\u00a0(Republicanos-PB), oficializou nesta quarta-feira (30) a perda do mandato de sete parlamentares em raz\u00e3o de uma decis\u00e3o do Supremo Tribunal Federal (STF), que alterou a regra de distribui\u00e7\u00e3o das chamadas sobras eleitorais. Com a mudan\u00e7a na contagem dos votos das elei\u00e7\u00f5es de 2022, as bancadas do Distrito Federal e dos estados do Amap\u00e1, Rond\u00f4nia e Tocantins ser\u00e3o afetadas.<\/p>\n<p>Diante da modifica\u00e7\u00e3o, o Amap\u00e1 foi o estado mais afetado, com metade de sua bancada sendo substitu\u00edda. Foram cassados os mandatos de Dr. Pupio (MDB-AP), Sonize Barbosa (PL-AP), Professora Goreth (PDT-AP), Silvia Wai\u00e3pi (PL-AP), Lebr\u00e3o (Uni\u00e3o Brasil-RO), L\u00e1zaro Botelho (PP-TO) e Gilvan M\u00e1ximo (Republicanos-DF).<\/p>\n<div>\n<div>\n<div class=\"trv-player-container\">\n<div class=\"trv-wrapper\">\n<div id=\"br_video_player_7bafd90ba0fb83f184453559f56e2ab424f65b41\" class=\"trvd_video_player trvdinstream\">\n<div class=\"media-player\"><\/div>\n<\/div>\n<\/div>\n<\/div>\n<\/div>\n<\/div>\n<p>Para as vagas que ficaram em aberto, tomar\u00e3o posse Aline Gurgel (Republicanos-AP), Paulo Lemos (PSOL-AP), Andr\u00e9 Abdon (PP-AP), Professora Marcivania (PCdoB-AP), Tiago Dimas (Podemos-TO), Rodrigo Rollemberg (PSB-DF) e Rafael Fera (Podemos-RO).<\/p>\n<p>O novo entendimento do STF, definido em mar\u00e7o deste ano, derrubou uma decis\u00e3o tomada pela pr\u00f3pria Corte em fevereiro de 2024, quando o Supremo havia reconhecido a redistribui\u00e7\u00e3o das sobras, mas manteve os mandatos conquistados em 2022 pelas regras antigas. J\u00e1 na decis\u00e3o mais recente, os ministros decidiram que a aplica\u00e7\u00e3o da nova regra deveria valer j\u00e1 a partir do \u00faltimo pleito federal.<\/p>\n<p>As chamadas sobras eleitorais correspondem \u00e0 terceira fase de distribui\u00e7\u00e3o de vagas, funcionando como uma esp\u00e9cie de repescagem. Agora, todos os partidos e candidatos podem disputar essas cadeiras, mesmo que n\u00e3o tenham atingido 80% do quociente eleitoral nem 20% do quociente individual. Antes, apenas partidos que alcan\u00e7assem pelo menos 80% do quociente eleitoral e candidatos com 20% concorriam.<\/p>\n<p>O chamado quociente eleitoral \u00e9 o c\u00e1lculo que determina o n\u00famero m\u00ednimo de votos que um partido ou federa\u00e7\u00e3o precisa obter para garantir a elei\u00e7\u00e3o de ao menos um deputado.<\/p>\n<\/section>\n<\/div>\n","protected":false},"excerpt":{"rendered":"<p>Decis\u00e3o da Suprema Corte modificou aplica\u00e7\u00e3o de regras das sobras eleitorais Hugo Motta\u00a0Foto: Lula Marques\/ Ag\u00eancia Brasil O presidente da C\u00e2mara,\u00a0Hugo Motta\u00a0(Republicanos-PB), oficializou nesta quarta-feira (30) a perda do mandato de sete parlamentares em raz\u00e3o de uma decis\u00e3o do Supremo Tribunal Federal (STF), que alterou a regra de distribui\u00e7\u00e3o das chamadas sobras eleitorais. Com a [&hellip;]<\/p>\n","protected":false},"author":1,"featured_media":1333,"comment_status":"open","ping_status":"open","sticky":false,"template":"","format":"standard","meta":{"footnotes":"","jetpack_publicize_message":"","jetpack_publicize_feature_enabled":true,"jetpack_social_post_already_shared":false,"jetpack_social_options":{"image_generator_settings":{"template":"highway","default_image_id":0,"font":"","enabled":false},"version":2}},"categories":[37,1,65],"tags":[],"class_list":["post-1332","post","type-post","status-publish","format-standard","has-post-thumbnail","hentry","category-https-gazetapernambucana-com-page_id212","category-https-gazetapernambucana-com-page_id225","category-politica"],"yoast_head":"<!-- This site is optimized with the Yoast SEO plugin v24.5 - https:\/\/yoast.com\/wordpress\/plugins\/seo\/ -->\n<title>Ap\u00f3s ordem do STF, Motta declara perda de mandato de 7 deputados -<\/title>\n<meta name=\"robots\" content=\"index, follow, max-snippet:-1, max-image-preview:large, max-video-preview:-1\" \/>\n<link rel=\"canonical\" href=\"https:\/\/gazetapernambucana.com\/?p=1332\" \/>\n<meta property=\"og:locale\" content=\"pt_BR\" \/>\n<meta property=\"og:type\" content=\"article\" \/>\n<meta property=\"og:title\" content=\"Ap\u00f3s ordem do STF, Motta declara perda de mandato de 7 deputados -\" \/>\n<meta property=\"og:description\" content=\"Decis\u00e3o da Suprema Corte modificou aplica\u00e7\u00e3o de regras das sobras eleitorais Hugo Motta\u00a0Foto: Lula Marques\/ Ag\u00eancia Brasil O presidente da C\u00e2mara,\u00a0Hugo Motta\u00a0(Republicanos-PB), oficializou nesta quarta-feira (30) a perda do mandato de sete parlamentares em raz\u00e3o de uma decis\u00e3o do Supremo Tribunal Federal (STF), que alterou a regra de distribui\u00e7\u00e3o das chamadas sobras eleitorais. Com a [&hellip;]\" \/>\n<meta property=\"og:url\" content=\"https:\/\/gazetapernambucana.com\/?p=1332\" \/>\n<meta property=\"article:published_time\" content=\"2025-08-01T03:49:57+00:00\" \/>\n<meta property=\"og:image\" content=\"https:\/\/gazetapernambucana.com\/wp-content\/uploads\/2025\/08\/img_7925-1-e1739030880601-1024x619-1.webp\" \/>\n\t<meta property=\"og:image:width\" content=\"1024\" \/>\n\t<meta property=\"og:image:height\" content=\"619\" \/>\n\t<meta property=\"og:image:type\" content=\"image\/webp\" \/>\n<meta name=\"author\" content=\"GP\" \/>\n<meta name=\"twitter:card\" content=\"summary_large_image\" \/>\n<meta name=\"twitter:label1\" content=\"Escrito por\" \/>\n\t<meta name=\"twitter:data1\" content=\"GP\" \/>\n\t<meta name=\"twitter:label2\" content=\"Est. tempo de leitura\" \/>\n\t<meta name=\"twitter:data2\" content=\"3 minutos\" \/>\n<script type=\"application\/ld+json\" class=\"yoast-schema-graph\">{\"@context\":\"https:\/\/schema.org\",\"@graph\":[{\"@type\":\"WebPage\",\"@id\":\"https:\/\/gazetapernambucana.com\/?p=1332\",\"url\":\"https:\/\/gazetapernambucana.com\/?p=1332\",\"name\":\"Ap\u00f3s ordem do STF, Motta declara perda de mandato de 7 deputados -\",\"isPartOf\":{\"@id\":\"https:\/\/gazetapernambucana.com\/#website\"},\"primaryImageOfPage\":{\"@id\":\"https:\/\/gazetapernambucana.com\/?p=1332#primaryimage\"},\"image\":{\"@id\":\"https:\/\/gazetapernambucana.com\/?p=1332#primaryimage\"},\"thumbnailUrl\":\"https:\/\/gazetapernambucana.com\/wp-content\/uploads\/2025\/08\/img_7925-1-e1739030880601-1024x619-1.webp\",\"datePublished\":\"2025-08-01T03:49:57+00:00\",\"author\":{\"@id\":\"https:\/\/gazetapernambucana.com\/#\/schema\/person\/188dc283325181ac2de4db1e9e987427\"},\"breadcrumb\":{\"@id\":\"https:\/\/gazetapernambucana.com\/?p=1332#breadcrumb\"},\"inLanguage\":\"pt-BR\",\"potentialAction\":[{\"@type\":\"ReadAction\",\"target\":[\"https:\/\/gazetapernambucana.com\/?p=1332\"]}]},{\"@type\":\"ImageObject\",\"inLanguage\":\"pt-BR\",\"@id\":\"https:\/\/gazetapernambucana.com\/?p=1332#primaryimage\",\"url\":\"https:\/\/gazetapernambucana.com\/wp-content\/uploads\/2025\/08\/img_7925-1-e1739030880601-1024x619-1.webp\",\"contentUrl\":\"https:\/\/gazetapernambucana.com\/wp-content\/uploads\/2025\/08\/img_7925-1-e1739030880601-1024x619-1.webp\",\"width\":1024,\"height\":619},{\"@type\":\"BreadcrumbList\",\"@id\":\"https:\/\/gazetapernambucana.com\/?p=1332#breadcrumb\",\"itemListElement\":[{\"@type\":\"ListItem\",\"position\":1,\"name\":\"In\u00edcio\",\"item\":\"https:\/\/gazetapernambucana.com\/\"},{\"@type\":\"ListItem\",\"position\":2,\"name\":\"Ap\u00f3s ordem do STF, Motta declara perda de mandato de 7 deputados\"}]},{\"@type\":\"WebSite\",\"@id\":\"https:\/\/gazetapernambucana.com\/#website\",\"url\":\"https:\/\/gazetapernambucana.com\/\",\"name\":\"\",\"description\":\"\",\"potentialAction\":[{\"@type\":\"SearchAction\",\"target\":{\"@type\":\"EntryPoint\",\"urlTemplate\":\"https:\/\/gazetapernambucana.com\/?s={search_term_string}\"},\"query-input\":{\"@type\":\"PropertyValueSpecification\",\"valueRequired\":true,\"valueName\":\"search_term_string\"}}],\"inLanguage\":\"pt-BR\"},{\"@type\":\"Person\",\"@id\":\"https:\/\/gazetapernambucana.com\/#\/schema\/person\/188dc283325181ac2de4db1e9e987427\",\"name\":\"GP\",\"image\":{\"@type\":\"ImageObject\",\"inLanguage\":\"pt-BR\",\"@id\":\"https:\/\/gazetapernambucana.com\/#\/schema\/person\/image\/\",\"url\":\"https:\/\/secure.gravatar.com\/avatar\/9dad78ff9a2d8b5742d11779f8a3f53b052320c550b2e1907882353c067bb111?s=96&d=mm&r=g\",\"contentUrl\":\"https:\/\/secure.gravatar.com\/avatar\/9dad78ff9a2d8b5742d11779f8a3f53b052320c550b2e1907882353c067bb111?s=96&d=mm&r=g\",\"caption\":\"GP\"},\"sameAs\":[\"http:\/\/gazetapernambucana.com\"],\"url\":\"https:\/\/gazetapernambucana.com\/?author=1\"}]}<\/script>\n<!-- \/ Yoast SEO plugin. -->","yoast_head_json":{"title":"Ap\u00f3s ordem do STF, Motta declara perda de mandato de 7 deputados -","robots":{"index":"index","follow":"follow","max-snippet":"max-snippet:-1","max-image-preview":"max-image-preview:large","max-video-preview":"max-video-preview:-1"},"canonical":"https:\/\/gazetapernambucana.com\/?p=1332","og_locale":"pt_BR","og_type":"article","og_title":"Ap\u00f3s ordem do STF, Motta declara perda de mandato de 7 deputados -","og_description":"Decis\u00e3o da Suprema Corte modificou aplica\u00e7\u00e3o de regras das sobras eleitorais Hugo Motta\u00a0Foto: Lula Marques\/ Ag\u00eancia Brasil O presidente da C\u00e2mara,\u00a0Hugo Motta\u00a0(Republicanos-PB), oficializou nesta quarta-feira (30) a perda do mandato de sete parlamentares em raz\u00e3o de uma decis\u00e3o do Supremo Tribunal Federal (STF), que alterou a regra de distribui\u00e7\u00e3o das chamadas sobras eleitorais. Com a [&hellip;]","og_url":"https:\/\/gazetapernambucana.com\/?p=1332","article_published_time":"2025-08-01T03:49:57+00:00","og_image":[{"width":1024,"height":619,"url":"https:\/\/gazetapernambucana.com\/wp-content\/uploads\/2025\/08\/img_7925-1-e1739030880601-1024x619-1.webp","type":"image\/webp"}],"author":"GP","twitter_card":"summary_large_image","twitter_misc":{"Escrito por":"GP","Est. tempo de leitura":"3 minutos"},"schema":{"@context":"https:\/\/schema.org","@graph":[{"@type":"WebPage","@id":"https:\/\/gazetapernambucana.com\/?p=1332","url":"https:\/\/gazetapernambucana.com\/?p=1332","name":"Ap\u00f3s ordem do STF, Motta declara perda de mandato de 7 deputados -","isPartOf":{"@id":"https:\/\/gazetapernambucana.com\/#website"},"primaryImageOfPage":{"@id":"https:\/\/gazetapernambucana.com\/?p=1332#primaryimage"},"image":{"@id":"https:\/\/gazetapernambucana.com\/?p=1332#primaryimage"},"thumbnailUrl":"https:\/\/gazetapernambucana.com\/wp-content\/uploads\/2025\/08\/img_7925-1-e1739030880601-1024x619-1.webp","datePublished":"2025-08-01T03:49:57+00:00","author":{"@id":"https:\/\/gazetapernambucana.com\/#\/schema\/person\/188dc283325181ac2de4db1e9e987427"},"breadcrumb":{"@id":"https:\/\/gazetapernambucana.com\/?p=1332#breadcrumb"},"inLanguage":"pt-BR","potentialAction":[{"@type":"ReadAction","target":["https:\/\/gazetapernambucana.com\/?p=1332"]}]},{"@type":"ImageObject","inLanguage":"pt-BR","@id":"https:\/\/gazetapernambucana.com\/?p=1332#primaryimage","url":"https:\/\/gazetapernambucana.com\/wp-content\/uploads\/2025\/08\/img_7925-1-e1739030880601-1024x619-1.webp","contentUrl":"https:\/\/gazetapernambucana.com\/wp-content\/uploads\/2025\/08\/img_7925-1-e1739030880601-1024x619-1.webp","width":1024,"height":619},{"@type":"BreadcrumbList","@id":"https:\/\/gazetapernambucana.com\/?p=1332#breadcrumb","itemListElement":[{"@type":"ListItem","position":1,"name":"In\u00edcio","item":"https:\/\/gazetapernambucana.com\/"},{"@type":"ListItem","position":2,"name":"Ap\u00f3s ordem do STF, Motta declara perda de mandato de 7 deputados"}]},{"@type":"WebSite","@id":"https:\/\/gazetapernambucana.com\/#website","url":"https:\/\/gazetapernambucana.com\/","name":"","description":"","potentialAction":[{"@type":"SearchAction","target":{"@type":"EntryPoint","urlTemplate":"https:\/\/gazetapernambucana.com\/?s={search_term_string}"},"query-input":{"@type":"PropertyValueSpecification","valueRequired":true,"valueName":"search_term_string"}}],"inLanguage":"pt-BR"},{"@type":"Person","@id":"https:\/\/gazetapernambucana.com\/#\/schema\/person\/188dc283325181ac2de4db1e9e987427","name":"GP","image":{"@type":"ImageObject","inLanguage":"pt-BR","@id":"https:\/\/gazetapernambucana.com\/#\/schema\/person\/image\/","url":"https:\/\/secure.gravatar.com\/avatar\/9dad78ff9a2d8b5742d11779f8a3f53b052320c550b2e1907882353c067bb111?s=96&d=mm&r=g","contentUrl":"https:\/\/secure.gravatar.com\/avatar\/9dad78ff9a2d8b5742d11779f8a3f53b052320c550b2e1907882353c067bb111?s=96&d=mm&r=g","caption":"GP"},"sameAs":["http:\/\/gazetapernambucana.com"],"url":"https:\/\/gazetapernambucana.com\/?author=1"}]}},"jetpack_publicize_connections":[],"_links":{"self":[{"href":"https:\/\/gazetapernambucana.com\/index.php?rest_route=\/wp\/v2\/posts\/1332","targetHints":{"allow":["GET"]}}],"collection":[{"href":"https:\/\/gazetapernambucana.com\/index.php?rest_route=\/wp\/v2\/posts"}],"about":[{"href":"https:\/\/gazetapernambucana.com\/index.php?rest_route=\/wp\/v2\/types\/post"}],"author":[{"embeddable":true,"href":"https:\/\/gazetapernambucana.com\/index.php?rest_route=\/wp\/v2\/users\/1"}],"replies":[{"embeddable":true,"href":"https:\/\/gazetapernambucana.com\/index.php?rest_route=%2Fwp%2Fv2%2Fcomments&post=1332"}],"version-history":[{"count":2,"href":"https:\/\/gazetapernambucana.com\/index.php?rest_route=\/wp\/v2\/posts\/1332\/revisions"}],"predecessor-version":[{"id":1335,"href":"https:\/\/gazetapernambucana.com\/index.php?rest_route=\/wp\/v2\/posts\/1332\/revisions\/1335"}],"wp:featuredmedia":[{"embeddable":true,"href":"https:\/\/gazetapernambucana.com\/index.php?rest_route=\/wp\/v2\/media\/1333"}],"wp:attachment":[{"href":"https:\/\/gazetapernambucana.com\/index.php?rest_route=%2Fwp%2Fv2%2Fmedia&parent=1332"}],"wp:term":[{"taxonomy":"category","embeddable":true,"href":"https:\/\/gazetapernambucana.com\/index.php?rest_route=%2Fwp%2Fv2%2Fcategories&post=1332"},{"taxonomy":"post_tag","embeddable":true,"href":"https:\/\/gazetapernambucana.com\/index.php?rest_route=%2Fwp%2Fv2%2Ftags&post=1332"}],"curies":[{"name":"wp","href":"https:\/\/api.w.org\/{rel}","templated":true}]}}