{"id":1330,"date":"2025-07-31T23:43:08","date_gmt":"2025-08-01T02:43:08","guid":{"rendered":"https:\/\/gazetapernambucana.com\/?p=1330"},"modified":"2025-07-31T23:43:08","modified_gmt":"2025-08-01T02:43:08","slug":"impossivel-nao-sentir-saudade-por-flavio-chaves","status":"publish","type":"post","link":"https:\/\/gazetapernambucana.com\/?p=1330","title":{"rendered":"Imposs\u00edvel n\u00e3o sentir saudade. Por Fl\u00e1vio Chaves"},"content":{"rendered":"<p><strong><img decoding=\"async\" src=\"https:\/\/flaviochaves.com.br\/wp-content\/uploads\/2025\/07\/download-42-1-264x300-1.jpeg\" \/>\u00a0 \u00a0Por Fl\u00e1vio Chaves \u2013 Jornalista, poeta, escritor e membro da Academia Pernambucana de Letras. Foi Delegado Federal\/Minc\u00a0 \u2013<\/strong>\u00a0\u00a0 \u00a0 \u00c9 imposs\u00edvel n\u00e3o sentir saudade quando a vida nos arranca algu\u00e9m que parecia ser para sempre. A saudade chega sem pedir licen\u00e7a, e se instala em cada canto do peito, como uma presen\u00e7a invis\u00edvel que nos acompanha dia e noite. Ela n\u00e3o respeita hor\u00e1rios, datas ou ocasi\u00f5es: aparece quando o vento sopra mais frio, quando uma m\u00fasica toca no r\u00e1dio, quando uma lembran\u00e7a atravessa a mem\u00f3ria sem aviso.<\/p>\n<p>Recordo de um senhor idoso que caminhava sozinho por uma rua antiga da cidade. Seus passos eram lentos, como se temesse chegar ao destino. Na m\u00e3o, carregava uma caixa de madeira, onde guardava cartas e pequenas lembran\u00e7as que testemunhavam um amor maior do que o tempo. Cada gesto seu revelava um apego que n\u00e3o se explica: guardava bilhetes amarelados, fotos desbotadas, peda\u00e7os de uma vida que ele n\u00e3o conseguia, nem queria, esquecer.<\/p>\n<p>N\u00e3o havia ningu\u00e9m por perto, mas seus olhos pareciam buscar um rosto em meio \u00e0 multid\u00e3o que j\u00e1 n\u00e3o existia. Ele sabia que n\u00e3o encontraria, e ainda assim caminhava, porque a saudade \u00e9 assim: mesmo sabendo que n\u00e3o h\u00e1 retorno, ela nos impulsiona a revisitar os lugares que guardam a mem\u00f3ria do que foi vivido.<\/p>\n<p>Ao chegar em frente a um pr\u00e9dio antigo, parou. Tocou a porta com as pontas dos dedos, como quem tenta sentir pela madeira o calor de uma presen\u00e7a perdida. N\u00e3o chorou, j\u00e1 n\u00e3o era preciso. Sua alma carregava a l\u00e1grima constante de quem aprendeu a conviver com a aus\u00eancia. Ficou ali por alguns minutos, em sil\u00eancio, como se pudesse ouvir uma voz que o chamava pelo nome.<\/p>\n<p>Depois, seguiu seu caminho. N\u00e3o havia pressa, porque quem carrega a saudade carrega tamb\u00e9m o tempo suspenso. Mas naquele instante ficou claro: o amor que viveu era t\u00e3o grande que jamais poderia desaparecer. Ele se transformou em saudade, e a saudade se transformou em for\u00e7a para continuar.<\/p>\n<p>Essa \u00e9 a grande trilha at\u00f4nita para quem sabe que existem amores que n\u00e3o se apagam. Eles resistem ao tempo, \u00e0s perdas e \u00e0s despedidas. Porque o amor verdadeiro n\u00e3o tem fim, apenas muda de forma. E quando a vida insiste em nos separar de quem amamos, resta-nos a certeza silenciosa: \u00e9 imposs\u00edvel n\u00e3o sentir saudade.<\/p>\n","protected":false},"excerpt":{"rendered":"<p>\u00a0 \u00a0Por Fl\u00e1vio Chaves \u2013 Jornalista, poeta, escritor e membro da Academia Pernambucana de Letras. Foi Delegado Federal\/Minc\u00a0 \u2013\u00a0\u00a0 \u00a0 \u00c9 imposs\u00edvel n\u00e3o sentir saudade quando a vida nos arranca algu\u00e9m que parecia ser para sempre. A saudade chega sem pedir licen\u00e7a, e se instala em cada canto do peito, como uma presen\u00e7a invis\u00edvel que [&hellip;]<\/p>\n","protected":false},"author":1,"featured_media":1115,"comment_status":"open","ping_status":"open","sticky":false,"template":"","format":"standard","meta":{"footnotes":"","jetpack_publicize_message":"","jetpack_publicize_feature_enabled":true,"jetpack_social_post_already_shared":false,"jetpack_social_options":{"image_generator_settings":{"template":"highway","default_image_id":0,"font":"","enabled":false},"version":2}},"categories":[1,35,46],"tags":[],"class_list":["post-1330","post","type-post","status-publish","format-standard","has-post-thumbnail","hentry","category-https-gazetapernambucana-com-page_id225","category-https-gazetapernambucana-com-page_id218","category-literatura"],"yoast_head":"<!-- This site is optimized with the Yoast SEO plugin v24.5 - https:\/\/yoast.com\/wordpress\/plugins\/seo\/ -->\n<title>Imposs\u00edvel n\u00e3o sentir saudade. Por Fl\u00e1vio Chaves -<\/title>\n<meta name=\"robots\" content=\"index, follow, max-snippet:-1, max-image-preview:large, max-video-preview:-1\" \/>\n<link rel=\"canonical\" href=\"https:\/\/gazetapernambucana.com\/?p=1330\" \/>\n<meta property=\"og:locale\" content=\"pt_BR\" \/>\n<meta property=\"og:type\" content=\"article\" \/>\n<meta property=\"og:title\" content=\"Imposs\u00edvel n\u00e3o sentir saudade. Por Fl\u00e1vio Chaves -\" \/>\n<meta property=\"og:description\" content=\"\u00a0 \u00a0Por Fl\u00e1vio Chaves \u2013 Jornalista, poeta, escritor e membro da Academia Pernambucana de Letras. Foi Delegado Federal\/Minc\u00a0 \u2013\u00a0\u00a0 \u00a0 \u00c9 imposs\u00edvel n\u00e3o sentir saudade quando a vida nos arranca algu\u00e9m que parecia ser para sempre. A saudade chega sem pedir licen\u00e7a, e se instala em cada canto do peito, como uma presen\u00e7a invis\u00edvel que [&hellip;]\" \/>\n<meta property=\"og:url\" content=\"https:\/\/gazetapernambucana.com\/?p=1330\" \/>\n<meta property=\"article:published_time\" content=\"2025-08-01T02:43:08+00:00\" \/>\n<meta property=\"og:image\" content=\"https:\/\/gazetapernambucana.com\/wp-content\/uploads\/2025\/06\/download-42-1.jpeg\" \/>\n\t<meta property=\"og:image:width\" content=\"890\" \/>\n\t<meta property=\"og:image:height\" content=\"1010\" \/>\n\t<meta property=\"og:image:type\" content=\"image\/jpeg\" \/>\n<meta name=\"author\" content=\"GP\" \/>\n<meta name=\"twitter:card\" content=\"summary_large_image\" \/>\n<meta name=\"twitter:label1\" content=\"Escrito por\" \/>\n\t<meta name=\"twitter:data1\" content=\"GP\" \/>\n\t<meta name=\"twitter:label2\" content=\"Est. tempo de leitura\" \/>\n\t<meta name=\"twitter:data2\" content=\"3 minutos\" \/>\n<script type=\"application\/ld+json\" class=\"yoast-schema-graph\">{\"@context\":\"https:\/\/schema.org\",\"@graph\":[{\"@type\":\"WebPage\",\"@id\":\"https:\/\/gazetapernambucana.com\/?p=1330\",\"url\":\"https:\/\/gazetapernambucana.com\/?p=1330\",\"name\":\"Imposs\u00edvel n\u00e3o sentir saudade. Por Fl\u00e1vio Chaves -\",\"isPartOf\":{\"@id\":\"https:\/\/gazetapernambucana.com\/#website\"},\"primaryImageOfPage\":{\"@id\":\"https:\/\/gazetapernambucana.com\/?p=1330#primaryimage\"},\"image\":{\"@id\":\"https:\/\/gazetapernambucana.com\/?p=1330#primaryimage\"},\"thumbnailUrl\":\"https:\/\/gazetapernambucana.com\/wp-content\/uploads\/2025\/06\/download-42-1.jpeg\",\"datePublished\":\"2025-08-01T02:43:08+00:00\",\"author\":{\"@id\":\"https:\/\/gazetapernambucana.com\/#\/schema\/person\/188dc283325181ac2de4db1e9e987427\"},\"breadcrumb\":{\"@id\":\"https:\/\/gazetapernambucana.com\/?p=1330#breadcrumb\"},\"inLanguage\":\"pt-BR\",\"potentialAction\":[{\"@type\":\"ReadAction\",\"target\":[\"https:\/\/gazetapernambucana.com\/?p=1330\"]}]},{\"@type\":\"ImageObject\",\"inLanguage\":\"pt-BR\",\"@id\":\"https:\/\/gazetapernambucana.com\/?p=1330#primaryimage\",\"url\":\"https:\/\/gazetapernambucana.com\/wp-content\/uploads\/2025\/06\/download-42-1.jpeg\",\"contentUrl\":\"https:\/\/gazetapernambucana.com\/wp-content\/uploads\/2025\/06\/download-42-1.jpeg\",\"width\":890,\"height\":1010},{\"@type\":\"BreadcrumbList\",\"@id\":\"https:\/\/gazetapernambucana.com\/?p=1330#breadcrumb\",\"itemListElement\":[{\"@type\":\"ListItem\",\"position\":1,\"name\":\"In\u00edcio\",\"item\":\"https:\/\/gazetapernambucana.com\/\"},{\"@type\":\"ListItem\",\"position\":2,\"name\":\"Imposs\u00edvel n\u00e3o sentir saudade. Por Fl\u00e1vio Chaves\"}]},{\"@type\":\"WebSite\",\"@id\":\"https:\/\/gazetapernambucana.com\/#website\",\"url\":\"https:\/\/gazetapernambucana.com\/\",\"name\":\"\",\"description\":\"\",\"potentialAction\":[{\"@type\":\"SearchAction\",\"target\":{\"@type\":\"EntryPoint\",\"urlTemplate\":\"https:\/\/gazetapernambucana.com\/?s={search_term_string}\"},\"query-input\":{\"@type\":\"PropertyValueSpecification\",\"valueRequired\":true,\"valueName\":\"search_term_string\"}}],\"inLanguage\":\"pt-BR\"},{\"@type\":\"Person\",\"@id\":\"https:\/\/gazetapernambucana.com\/#\/schema\/person\/188dc283325181ac2de4db1e9e987427\",\"name\":\"GP\",\"image\":{\"@type\":\"ImageObject\",\"inLanguage\":\"pt-BR\",\"@id\":\"https:\/\/gazetapernambucana.com\/#\/schema\/person\/image\/\",\"url\":\"https:\/\/secure.gravatar.com\/avatar\/9dad78ff9a2d8b5742d11779f8a3f53b052320c550b2e1907882353c067bb111?s=96&d=mm&r=g\",\"contentUrl\":\"https:\/\/secure.gravatar.com\/avatar\/9dad78ff9a2d8b5742d11779f8a3f53b052320c550b2e1907882353c067bb111?s=96&d=mm&r=g\",\"caption\":\"GP\"},\"sameAs\":[\"http:\/\/gazetapernambucana.com\"],\"url\":\"https:\/\/gazetapernambucana.com\/?author=1\"}]}<\/script>\n<!-- \/ Yoast SEO plugin. -->","yoast_head_json":{"title":"Imposs\u00edvel n\u00e3o sentir saudade. Por Fl\u00e1vio Chaves -","robots":{"index":"index","follow":"follow","max-snippet":"max-snippet:-1","max-image-preview":"max-image-preview:large","max-video-preview":"max-video-preview:-1"},"canonical":"https:\/\/gazetapernambucana.com\/?p=1330","og_locale":"pt_BR","og_type":"article","og_title":"Imposs\u00edvel n\u00e3o sentir saudade. Por Fl\u00e1vio Chaves -","og_description":"\u00a0 \u00a0Por Fl\u00e1vio Chaves \u2013 Jornalista, poeta, escritor e membro da Academia Pernambucana de Letras. Foi Delegado Federal\/Minc\u00a0 \u2013\u00a0\u00a0 \u00a0 \u00c9 imposs\u00edvel n\u00e3o sentir saudade quando a vida nos arranca algu\u00e9m que parecia ser para sempre. A saudade chega sem pedir licen\u00e7a, e se instala em cada canto do peito, como uma presen\u00e7a invis\u00edvel que [&hellip;]","og_url":"https:\/\/gazetapernambucana.com\/?p=1330","article_published_time":"2025-08-01T02:43:08+00:00","og_image":[{"width":890,"height":1010,"url":"https:\/\/gazetapernambucana.com\/wp-content\/uploads\/2025\/06\/download-42-1.jpeg","type":"image\/jpeg"}],"author":"GP","twitter_card":"summary_large_image","twitter_misc":{"Escrito por":"GP","Est. tempo de leitura":"3 minutos"},"schema":{"@context":"https:\/\/schema.org","@graph":[{"@type":"WebPage","@id":"https:\/\/gazetapernambucana.com\/?p=1330","url":"https:\/\/gazetapernambucana.com\/?p=1330","name":"Imposs\u00edvel n\u00e3o sentir saudade. Por Fl\u00e1vio Chaves -","isPartOf":{"@id":"https:\/\/gazetapernambucana.com\/#website"},"primaryImageOfPage":{"@id":"https:\/\/gazetapernambucana.com\/?p=1330#primaryimage"},"image":{"@id":"https:\/\/gazetapernambucana.com\/?p=1330#primaryimage"},"thumbnailUrl":"https:\/\/gazetapernambucana.com\/wp-content\/uploads\/2025\/06\/download-42-1.jpeg","datePublished":"2025-08-01T02:43:08+00:00","author":{"@id":"https:\/\/gazetapernambucana.com\/#\/schema\/person\/188dc283325181ac2de4db1e9e987427"},"breadcrumb":{"@id":"https:\/\/gazetapernambucana.com\/?p=1330#breadcrumb"},"inLanguage":"pt-BR","potentialAction":[{"@type":"ReadAction","target":["https:\/\/gazetapernambucana.com\/?p=1330"]}]},{"@type":"ImageObject","inLanguage":"pt-BR","@id":"https:\/\/gazetapernambucana.com\/?p=1330#primaryimage","url":"https:\/\/gazetapernambucana.com\/wp-content\/uploads\/2025\/06\/download-42-1.jpeg","contentUrl":"https:\/\/gazetapernambucana.com\/wp-content\/uploads\/2025\/06\/download-42-1.jpeg","width":890,"height":1010},{"@type":"BreadcrumbList","@id":"https:\/\/gazetapernambucana.com\/?p=1330#breadcrumb","itemListElement":[{"@type":"ListItem","position":1,"name":"In\u00edcio","item":"https:\/\/gazetapernambucana.com\/"},{"@type":"ListItem","position":2,"name":"Imposs\u00edvel n\u00e3o sentir saudade. Por Fl\u00e1vio Chaves"}]},{"@type":"WebSite","@id":"https:\/\/gazetapernambucana.com\/#website","url":"https:\/\/gazetapernambucana.com\/","name":"","description":"","potentialAction":[{"@type":"SearchAction","target":{"@type":"EntryPoint","urlTemplate":"https:\/\/gazetapernambucana.com\/?s={search_term_string}"},"query-input":{"@type":"PropertyValueSpecification","valueRequired":true,"valueName":"search_term_string"}}],"inLanguage":"pt-BR"},{"@type":"Person","@id":"https:\/\/gazetapernambucana.com\/#\/schema\/person\/188dc283325181ac2de4db1e9e987427","name":"GP","image":{"@type":"ImageObject","inLanguage":"pt-BR","@id":"https:\/\/gazetapernambucana.com\/#\/schema\/person\/image\/","url":"https:\/\/secure.gravatar.com\/avatar\/9dad78ff9a2d8b5742d11779f8a3f53b052320c550b2e1907882353c067bb111?s=96&d=mm&r=g","contentUrl":"https:\/\/secure.gravatar.com\/avatar\/9dad78ff9a2d8b5742d11779f8a3f53b052320c550b2e1907882353c067bb111?s=96&d=mm&r=g","caption":"GP"},"sameAs":["http:\/\/gazetapernambucana.com"],"url":"https:\/\/gazetapernambucana.com\/?author=1"}]}},"jetpack_publicize_connections":[],"_links":{"self":[{"href":"https:\/\/gazetapernambucana.com\/index.php?rest_route=\/wp\/v2\/posts\/1330","targetHints":{"allow":["GET"]}}],"collection":[{"href":"https:\/\/gazetapernambucana.com\/index.php?rest_route=\/wp\/v2\/posts"}],"about":[{"href":"https:\/\/gazetapernambucana.com\/index.php?rest_route=\/wp\/v2\/types\/post"}],"author":[{"embeddable":true,"href":"https:\/\/gazetapernambucana.com\/index.php?rest_route=\/wp\/v2\/users\/1"}],"replies":[{"embeddable":true,"href":"https:\/\/gazetapernambucana.com\/index.php?rest_route=%2Fwp%2Fv2%2Fcomments&post=1330"}],"version-history":[{"count":1,"href":"https:\/\/gazetapernambucana.com\/index.php?rest_route=\/wp\/v2\/posts\/1330\/revisions"}],"predecessor-version":[{"id":1331,"href":"https:\/\/gazetapernambucana.com\/index.php?rest_route=\/wp\/v2\/posts\/1330\/revisions\/1331"}],"wp:featuredmedia":[{"embeddable":true,"href":"https:\/\/gazetapernambucana.com\/index.php?rest_route=\/wp\/v2\/media\/1115"}],"wp:attachment":[{"href":"https:\/\/gazetapernambucana.com\/index.php?rest_route=%2Fwp%2Fv2%2Fmedia&parent=1330"}],"wp:term":[{"taxonomy":"category","embeddable":true,"href":"https:\/\/gazetapernambucana.com\/index.php?rest_route=%2Fwp%2Fv2%2Fcategories&post=1330"},{"taxonomy":"post_tag","embeddable":true,"href":"https:\/\/gazetapernambucana.com\/index.php?rest_route=%2Fwp%2Fv2%2Ftags&post=1330"}],"curies":[{"name":"wp","href":"https:\/\/api.w.org\/{rel}","templated":true}]}}