{"id":1307,"date":"2025-07-21T00:32:26","date_gmt":"2025-07-21T03:32:26","guid":{"rendered":"https:\/\/gazetapernambucana.com\/?p=1307"},"modified":"2025-07-21T00:37:57","modified_gmt":"2025-07-21T03:37:57","slug":"preta-gil-o-corpo-descansou-mas-o-amor-nao-parte-veja-o-video-por-flavio-chaves","status":"publish","type":"post","link":"https:\/\/gazetapernambucana.com\/?p=1307","title":{"rendered":"Preta Gil: o corpo descansou, mas o amor n\u00e3o parte; veja o v\u00eddeo. Por Fl\u00e1vio Chaves"},"content":{"rendered":"<p data-start=\"998\" data-end=\"1304\"><img loading=\"lazy\" decoding=\"async\" class=\"alignnone size-medium wp-image-174374\" src=\"https:\/\/flaviochaves.com.br\/wp-content\/uploads\/2025\/07\/whatsapp_image_2025-04-28_at_07.30.01_widelg-300x169.jpeg\" alt=\"\" width=\"300\" height=\"169\" \/>\u00a0 <strong>Por Fl\u00e1vio Chaves \u2013 Jornalista, poeta, escritor e membro da Academia Pernambucana de Letras. Foi Delegado Federal\/Minc\u00a0 \u2013<\/strong>\u00a0 N\u00e3o h\u00e1 corpo que aguente o peso de tantas batalhas. Mas h\u00e1 almas que, mesmo quando cessam de respirar, seguem soprando beleza sobre o mundo. Preta Gil partiu. E com ela, parte tamb\u00e9m uma gera\u00e7\u00e3o de afetos que aprendeu a se expressar com mais coragem, a amar com menos culpa, a existir com mais verdade.<\/p>\n<p data-start=\"1306\" data-end=\"1647\">Ela foi m\u00fasica, mas foi mais. Foi filha, mas foi ainda mais. Foi mulher negra, artista, sobrevivente, guerreira de si mesma. Seu nome \u2014 Preta \u2014 que um dia j\u00e1 quiseram silenciar, tornou-se bandeira. E sua voz, cheia de risos e dores, virou amparo para quem jamais se encaixou nas molduras estreitas de um mundo que cobra muito e acolhe pouco.<\/p>\n<p data-start=\"1649\" data-end=\"1972\">E ali, naquele v\u00eddeo que agora circula como ora\u00e7\u00e3o e lamento, vemos uma cena que n\u00e3o \u00e9 apenas bela, \u00e9 sagrada. Gilberto Gil, com sua voz de tempo e ternura, canta \u201cDr\u00e3o\u201d, can\u00e7\u00e3o escrita em 1981, no auge da dor de sua separa\u00e7\u00e3o com Sandra Gadelha, m\u00e3e de Preta, que inspirou a letra e o nome da can\u00e7\u00e3o.<\/p>\n<p data-start=\"1974\" data-end=\"2250\">Preta ouve. Chora. Segura as m\u00e3os do pai.<br data-start=\"2015\" data-end=\"2018\" \/>Ao lado, Sandra, a Dr\u00e3o viva, est\u00e1 presente. Silenciosa, com os olhos marejados. Ali est\u00e1 a tr\u00edade: o homem, a mulher, a filha. E a can\u00e7\u00e3o que os costura, 43 anos depois de ter nascido da dor e da beleza de um amor transformado.<\/p>\n<p data-start=\"2252\" data-end=\"2356\">Nada mais precisava ser dito. Era o amor se despedindo. E era tamb\u00e9m o amor dizendo: n\u00e3o vai embora.<\/p>\n<p data-start=\"2252\" data-end=\"2356\">&#8220;Dr\u00e3o, o amor da gente \u00e9 como um gr\u00e3o<\/p>\n<p data-start=\"2252\" data-end=\"2356\">Uma semente de ilus\u00e3o<\/p>\n<p data-start=\"2252\" data-end=\"2356\">Tem que morrer pra germinar&#8230;&#8221;<\/p>\n<p data-start=\"2465\" data-end=\"2674\">A letra inteira de \u201cDr\u00e3o\u201d, cantada ali, naquela despedida n\u00e3o ensaiada, se transforma em testamento. O gr\u00e3o morre para virar p\u00e3o. A filha parte para renascer na mem\u00f3ria. O amor, aquele verdadeiro, permanece.<\/p>\n<p data-start=\"2676\" data-end=\"2967\">Preta lutou<strong data-start=\"2676\" data-end=\"2692\">.<\/strong> Lutou como quem sabe que o tempo n\u00e3o se mede em horas, mas em intensidade. Lutou com o corpo adoecido, com o esp\u00edrito em chamas, com o olhar sempre de frente. E quando n\u00e3o p\u00f4de mais vencer a doen\u00e7a, venceu o medo. Descansou. N\u00e3o como quem desiste, mas como quem entrega.<\/p>\n<p data-start=\"2969\" data-end=\"3152\">E agora, diante da aus\u00eancia, nos resta o que a literatura sempre nos ensinou: ningu\u00e9m parte de verdade quando deixa amor espalhado pelos cantos da mem\u00f3ria<strong data-start=\"3047\" data-end=\"3128\">.<\/strong> Lewis Carroll j\u00e1 dizia:<\/p>\n<p data-start=\"2969\" data-end=\"3152\">\u201cDespedir-se \u00e9 n\u00e3o compreender o verdadeiro sentido de partir, porque para dizer adeus voc\u00ea teria que apagar cada vest\u00edgio de sua exist\u00eancia.\u201d<\/p>\n<p data-start=\"3300\" data-end=\"3684\">E os vest\u00edgios de Preta est\u00e3o por toda parte. Est\u00e3o nos palcos, nos risos, nas entrevistas em que enfrentava tabus com a delicadeza de quem tamb\u00e9m j\u00e1 foi ferida. Est\u00e3o nas fotos ao lado do pai, no colo do filho, no brilho de Sol de Maria, sua neta. Est\u00e3o nos olhos de Gil, que hoje choram. E nos de Sandra \u2014 a Dr\u00e3o \u2014 que tudo presenciou com o sil\u00eancio das m\u00e3es que amam al\u00e9m da carne.<\/p>\n<p data-start=\"3686\" data-end=\"3853\">Preta Gil vive.<br data-start=\"3705\" data-end=\"3708\" \/>Vive porque amou. Vive porque foi amada. Vive porque foi inteira.<br data-start=\"3773\" data-end=\"3776\" \/>E isso, meu caro leitor, nem o c\u00e2ncer, nem a morte, nem o tempo, podem levar.<\/p>\n<p data-start=\"3855\" data-end=\"4112\">Que seu descanso seja leve como a m\u00fasica.<br data-start=\"3896\" data-end=\"3899\" \/>Que sua lembran\u00e7a seja forte como sua presen\u00e7a.<br data-start=\"3946\" data-end=\"3949\" \/>E que seu nome, Preta, siga sendo luz para todas que ainda precisam aprender que ser quem se \u00e9, com orgulho e coragem, \u00e9 o maior ato de liberdade que existe.<\/p>\n<p data-start=\"3855\" data-end=\"4112\"><strong>VEJA O V\u00cdDEO:<\/strong><\/p>\n<div style=\"width: 480px;\" class=\"wp-video\"><video class=\"wp-video-shortcode\" id=\"video-1307-1\" width=\"480\" height=\"854\" preload=\"metadata\" controls=\"controls\"><source type=\"video\/mp4\" src=\"http:\/\/gazetapernambucana.com\/wp-content\/uploads\/2025\/07\/SnapInsta.to_AQPXKaRI07_lEUHldU3UQ-G42dvHgz2uWbZzQfU1CdYPXcZvpABijRHtXVuMk6KBE5Y2tN6hy7QfBedCa0nmbSj0YNVILopO5I7IPg8.mp4?_=1\" \/><a href=\"http:\/\/gazetapernambucana.com\/wp-content\/uploads\/2025\/07\/SnapInsta.to_AQPXKaRI07_lEUHldU3UQ-G42dvHgz2uWbZzQfU1CdYPXcZvpABijRHtXVuMk6KBE5Y2tN6hy7QfBedCa0nmbSj0YNVILopO5I7IPg8.mp4\">http:\/\/gazetapernambucana.com\/wp-content\/uploads\/2025\/07\/SnapInsta.to_AQPXKaRI07_lEUHldU3UQ-G42dvHgz2uWbZzQfU1CdYPXcZvpABijRHtXVuMk6KBE5Y2tN6hy7QfBedCa0nmbSj0YNVILopO5I7IPg8.mp4<\/a><\/video><\/div>\n","protected":false},"excerpt":{"rendered":"<p>\u00a0 Por Fl\u00e1vio Chaves \u2013 Jornalista, poeta, escritor e membro da Academia Pernambucana de Letras. Foi Delegado Federal\/Minc\u00a0 \u2013\u00a0 N\u00e3o h\u00e1 corpo que aguente o peso de tantas batalhas. Mas h\u00e1 almas que, mesmo quando cessam de respirar, seguem soprando beleza sobre o mundo. Preta Gil partiu. E com ela, parte tamb\u00e9m uma gera\u00e7\u00e3o de [&hellip;]<\/p>\n","protected":false},"author":1,"featured_media":1309,"comment_status":"open","ping_status":"open","sticky":false,"template":"","format":"standard","meta":{"footnotes":"","jetpack_publicize_message":"","jetpack_publicize_feature_enabled":true,"jetpack_social_post_already_shared":false,"jetpack_social_options":{"image_generator_settings":{"template":"highway","default_image_id":0,"font":"","enabled":false},"version":2}},"categories":[1,35,46],"tags":[],"class_list":["post-1307","post","type-post","status-publish","format-standard","has-post-thumbnail","hentry","category-https-gazetapernambucana-com-page_id225","category-https-gazetapernambucana-com-page_id218","category-literatura"],"yoast_head":"<!-- This site is optimized with the Yoast SEO plugin v24.5 - https:\/\/yoast.com\/wordpress\/plugins\/seo\/ -->\n<title>Preta Gil: o corpo descansou, mas o amor n\u00e3o parte; veja o v\u00eddeo. Por Fl\u00e1vio Chaves -<\/title>\n<meta name=\"robots\" content=\"index, follow, max-snippet:-1, max-image-preview:large, max-video-preview:-1\" \/>\n<link rel=\"canonical\" href=\"https:\/\/gazetapernambucana.com\/?p=1307\" \/>\n<meta property=\"og:locale\" content=\"pt_BR\" \/>\n<meta property=\"og:type\" content=\"article\" \/>\n<meta property=\"og:title\" content=\"Preta Gil: o corpo descansou, mas o amor n\u00e3o parte; veja o v\u00eddeo. Por Fl\u00e1vio Chaves -\" \/>\n<meta property=\"og:description\" content=\"\u00a0 Por Fl\u00e1vio Chaves \u2013 Jornalista, poeta, escritor e membro da Academia Pernambucana de Letras. Foi Delegado Federal\/Minc\u00a0 \u2013\u00a0 N\u00e3o h\u00e1 corpo que aguente o peso de tantas batalhas. Mas h\u00e1 almas que, mesmo quando cessam de respirar, seguem soprando beleza sobre o mundo. Preta Gil partiu. E com ela, parte tamb\u00e9m uma gera\u00e7\u00e3o de [&hellip;]\" \/>\n<meta property=\"og:url\" content=\"https:\/\/gazetapernambucana.com\/?p=1307\" \/>\n<meta property=\"article:published_time\" content=\"2025-07-21T03:32:26+00:00\" \/>\n<meta property=\"article:modified_time\" content=\"2025-07-21T03:37:57+00:00\" \/>\n<meta property=\"og:image\" content=\"https:\/\/gazetapernambucana.com\/wp-content\/uploads\/2025\/07\/whatsapp_image_2025-04-28_at_07.30.01_widelg.jpeg\" \/>\n\t<meta property=\"og:image:width\" content=\"800\" \/>\n\t<meta property=\"og:image:height\" content=\"450\" \/>\n\t<meta property=\"og:image:type\" content=\"image\/jpeg\" \/>\n<meta name=\"author\" content=\"GP\" \/>\n<meta name=\"twitter:card\" content=\"summary_large_image\" \/>\n<meta name=\"twitter:label1\" content=\"Escrito por\" \/>\n\t<meta name=\"twitter:data1\" content=\"GP\" \/>\n\t<meta name=\"twitter:label2\" content=\"Est. tempo de leitura\" \/>\n\t<meta name=\"twitter:data2\" content=\"4 minutos\" \/>\n<script type=\"application\/ld+json\" class=\"yoast-schema-graph\">{\"@context\":\"https:\/\/schema.org\",\"@graph\":[{\"@type\":\"WebPage\",\"@id\":\"https:\/\/gazetapernambucana.com\/?p=1307\",\"url\":\"https:\/\/gazetapernambucana.com\/?p=1307\",\"name\":\"Preta Gil: o corpo descansou, mas o amor n\u00e3o parte; veja o v\u00eddeo. Por Fl\u00e1vio Chaves -\",\"isPartOf\":{\"@id\":\"https:\/\/gazetapernambucana.com\/#website\"},\"primaryImageOfPage\":{\"@id\":\"https:\/\/gazetapernambucana.com\/?p=1307#primaryimage\"},\"image\":{\"@id\":\"https:\/\/gazetapernambucana.com\/?p=1307#primaryimage\"},\"thumbnailUrl\":\"https:\/\/gazetapernambucana.com\/wp-content\/uploads\/2025\/07\/whatsapp_image_2025-04-28_at_07.30.01_widelg.jpeg\",\"datePublished\":\"2025-07-21T03:32:26+00:00\",\"dateModified\":\"2025-07-21T03:37:57+00:00\",\"author\":{\"@id\":\"https:\/\/gazetapernambucana.com\/#\/schema\/person\/188dc283325181ac2de4db1e9e987427\"},\"breadcrumb\":{\"@id\":\"https:\/\/gazetapernambucana.com\/?p=1307#breadcrumb\"},\"inLanguage\":\"pt-BR\",\"potentialAction\":[{\"@type\":\"ReadAction\",\"target\":[\"https:\/\/gazetapernambucana.com\/?p=1307\"]}]},{\"@type\":\"ImageObject\",\"inLanguage\":\"pt-BR\",\"@id\":\"https:\/\/gazetapernambucana.com\/?p=1307#primaryimage\",\"url\":\"https:\/\/gazetapernambucana.com\/wp-content\/uploads\/2025\/07\/whatsapp_image_2025-04-28_at_07.30.01_widelg.jpeg\",\"contentUrl\":\"https:\/\/gazetapernambucana.com\/wp-content\/uploads\/2025\/07\/whatsapp_image_2025-04-28_at_07.30.01_widelg.jpeg\",\"width\":800,\"height\":450},{\"@type\":\"BreadcrumbList\",\"@id\":\"https:\/\/gazetapernambucana.com\/?p=1307#breadcrumb\",\"itemListElement\":[{\"@type\":\"ListItem\",\"position\":1,\"name\":\"In\u00edcio\",\"item\":\"https:\/\/gazetapernambucana.com\/\"},{\"@type\":\"ListItem\",\"position\":2,\"name\":\"Preta Gil: o corpo descansou, mas o amor n\u00e3o parte; veja o v\u00eddeo. Por Fl\u00e1vio Chaves\"}]},{\"@type\":\"WebSite\",\"@id\":\"https:\/\/gazetapernambucana.com\/#website\",\"url\":\"https:\/\/gazetapernambucana.com\/\",\"name\":\"\",\"description\":\"\",\"potentialAction\":[{\"@type\":\"SearchAction\",\"target\":{\"@type\":\"EntryPoint\",\"urlTemplate\":\"https:\/\/gazetapernambucana.com\/?s={search_term_string}\"},\"query-input\":{\"@type\":\"PropertyValueSpecification\",\"valueRequired\":true,\"valueName\":\"search_term_string\"}}],\"inLanguage\":\"pt-BR\"},{\"@type\":\"Person\",\"@id\":\"https:\/\/gazetapernambucana.com\/#\/schema\/person\/188dc283325181ac2de4db1e9e987427\",\"name\":\"GP\",\"image\":{\"@type\":\"ImageObject\",\"inLanguage\":\"pt-BR\",\"@id\":\"https:\/\/gazetapernambucana.com\/#\/schema\/person\/image\/\",\"url\":\"https:\/\/secure.gravatar.com\/avatar\/9dad78ff9a2d8b5742d11779f8a3f53b052320c550b2e1907882353c067bb111?s=96&d=mm&r=g\",\"contentUrl\":\"https:\/\/secure.gravatar.com\/avatar\/9dad78ff9a2d8b5742d11779f8a3f53b052320c550b2e1907882353c067bb111?s=96&d=mm&r=g\",\"caption\":\"GP\"},\"sameAs\":[\"http:\/\/gazetapernambucana.com\"],\"url\":\"https:\/\/gazetapernambucana.com\/?author=1\"}]}<\/script>\n<!-- \/ Yoast SEO plugin. -->","yoast_head_json":{"title":"Preta Gil: o corpo descansou, mas o amor n\u00e3o parte; veja o v\u00eddeo. Por Fl\u00e1vio Chaves -","robots":{"index":"index","follow":"follow","max-snippet":"max-snippet:-1","max-image-preview":"max-image-preview:large","max-video-preview":"max-video-preview:-1"},"canonical":"https:\/\/gazetapernambucana.com\/?p=1307","og_locale":"pt_BR","og_type":"article","og_title":"Preta Gil: o corpo descansou, mas o amor n\u00e3o parte; veja o v\u00eddeo. Por Fl\u00e1vio Chaves -","og_description":"\u00a0 Por Fl\u00e1vio Chaves \u2013 Jornalista, poeta, escritor e membro da Academia Pernambucana de Letras. Foi Delegado Federal\/Minc\u00a0 \u2013\u00a0 N\u00e3o h\u00e1 corpo que aguente o peso de tantas batalhas. Mas h\u00e1 almas que, mesmo quando cessam de respirar, seguem soprando beleza sobre o mundo. Preta Gil partiu. E com ela, parte tamb\u00e9m uma gera\u00e7\u00e3o de [&hellip;]","og_url":"https:\/\/gazetapernambucana.com\/?p=1307","article_published_time":"2025-07-21T03:32:26+00:00","article_modified_time":"2025-07-21T03:37:57+00:00","og_image":[{"width":800,"height":450,"url":"https:\/\/gazetapernambucana.com\/wp-content\/uploads\/2025\/07\/whatsapp_image_2025-04-28_at_07.30.01_widelg.jpeg","type":"image\/jpeg"}],"author":"GP","twitter_card":"summary_large_image","twitter_misc":{"Escrito por":"GP","Est. tempo de leitura":"4 minutos"},"schema":{"@context":"https:\/\/schema.org","@graph":[{"@type":"WebPage","@id":"https:\/\/gazetapernambucana.com\/?p=1307","url":"https:\/\/gazetapernambucana.com\/?p=1307","name":"Preta Gil: o corpo descansou, mas o amor n\u00e3o parte; veja o v\u00eddeo. Por Fl\u00e1vio Chaves -","isPartOf":{"@id":"https:\/\/gazetapernambucana.com\/#website"},"primaryImageOfPage":{"@id":"https:\/\/gazetapernambucana.com\/?p=1307#primaryimage"},"image":{"@id":"https:\/\/gazetapernambucana.com\/?p=1307#primaryimage"},"thumbnailUrl":"https:\/\/gazetapernambucana.com\/wp-content\/uploads\/2025\/07\/whatsapp_image_2025-04-28_at_07.30.01_widelg.jpeg","datePublished":"2025-07-21T03:32:26+00:00","dateModified":"2025-07-21T03:37:57+00:00","author":{"@id":"https:\/\/gazetapernambucana.com\/#\/schema\/person\/188dc283325181ac2de4db1e9e987427"},"breadcrumb":{"@id":"https:\/\/gazetapernambucana.com\/?p=1307#breadcrumb"},"inLanguage":"pt-BR","potentialAction":[{"@type":"ReadAction","target":["https:\/\/gazetapernambucana.com\/?p=1307"]}]},{"@type":"ImageObject","inLanguage":"pt-BR","@id":"https:\/\/gazetapernambucana.com\/?p=1307#primaryimage","url":"https:\/\/gazetapernambucana.com\/wp-content\/uploads\/2025\/07\/whatsapp_image_2025-04-28_at_07.30.01_widelg.jpeg","contentUrl":"https:\/\/gazetapernambucana.com\/wp-content\/uploads\/2025\/07\/whatsapp_image_2025-04-28_at_07.30.01_widelg.jpeg","width":800,"height":450},{"@type":"BreadcrumbList","@id":"https:\/\/gazetapernambucana.com\/?p=1307#breadcrumb","itemListElement":[{"@type":"ListItem","position":1,"name":"In\u00edcio","item":"https:\/\/gazetapernambucana.com\/"},{"@type":"ListItem","position":2,"name":"Preta Gil: o corpo descansou, mas o amor n\u00e3o parte; veja o v\u00eddeo. Por Fl\u00e1vio Chaves"}]},{"@type":"WebSite","@id":"https:\/\/gazetapernambucana.com\/#website","url":"https:\/\/gazetapernambucana.com\/","name":"","description":"","potentialAction":[{"@type":"SearchAction","target":{"@type":"EntryPoint","urlTemplate":"https:\/\/gazetapernambucana.com\/?s={search_term_string}"},"query-input":{"@type":"PropertyValueSpecification","valueRequired":true,"valueName":"search_term_string"}}],"inLanguage":"pt-BR"},{"@type":"Person","@id":"https:\/\/gazetapernambucana.com\/#\/schema\/person\/188dc283325181ac2de4db1e9e987427","name":"GP","image":{"@type":"ImageObject","inLanguage":"pt-BR","@id":"https:\/\/gazetapernambucana.com\/#\/schema\/person\/image\/","url":"https:\/\/secure.gravatar.com\/avatar\/9dad78ff9a2d8b5742d11779f8a3f53b052320c550b2e1907882353c067bb111?s=96&d=mm&r=g","contentUrl":"https:\/\/secure.gravatar.com\/avatar\/9dad78ff9a2d8b5742d11779f8a3f53b052320c550b2e1907882353c067bb111?s=96&d=mm&r=g","caption":"GP"},"sameAs":["http:\/\/gazetapernambucana.com"],"url":"https:\/\/gazetapernambucana.com\/?author=1"}]}},"jetpack_publicize_connections":[],"_links":{"self":[{"href":"https:\/\/gazetapernambucana.com\/index.php?rest_route=\/wp\/v2\/posts\/1307","targetHints":{"allow":["GET"]}}],"collection":[{"href":"https:\/\/gazetapernambucana.com\/index.php?rest_route=\/wp\/v2\/posts"}],"about":[{"href":"https:\/\/gazetapernambucana.com\/index.php?rest_route=\/wp\/v2\/types\/post"}],"author":[{"embeddable":true,"href":"https:\/\/gazetapernambucana.com\/index.php?rest_route=\/wp\/v2\/users\/1"}],"replies":[{"embeddable":true,"href":"https:\/\/gazetapernambucana.com\/index.php?rest_route=%2Fwp%2Fv2%2Fcomments&post=1307"}],"version-history":[{"count":4,"href":"https:\/\/gazetapernambucana.com\/index.php?rest_route=\/wp\/v2\/posts\/1307\/revisions"}],"predecessor-version":[{"id":1313,"href":"https:\/\/gazetapernambucana.com\/index.php?rest_route=\/wp\/v2\/posts\/1307\/revisions\/1313"}],"wp:featuredmedia":[{"embeddable":true,"href":"https:\/\/gazetapernambucana.com\/index.php?rest_route=\/wp\/v2\/media\/1309"}],"wp:attachment":[{"href":"https:\/\/gazetapernambucana.com\/index.php?rest_route=%2Fwp%2Fv2%2Fmedia&parent=1307"}],"wp:term":[{"taxonomy":"category","embeddable":true,"href":"https:\/\/gazetapernambucana.com\/index.php?rest_route=%2Fwp%2Fv2%2Fcategories&post=1307"},{"taxonomy":"post_tag","embeddable":true,"href":"https:\/\/gazetapernambucana.com\/index.php?rest_route=%2Fwp%2Fv2%2Ftags&post=1307"}],"curies":[{"name":"wp","href":"https:\/\/api.w.org\/{rel}","templated":true}]}}