{"id":1304,"date":"2025-07-20T22:09:42","date_gmt":"2025-07-21T01:09:42","guid":{"rendered":"https:\/\/gazetapernambucana.com\/?p=1304"},"modified":"2025-07-20T22:09:42","modified_gmt":"2025-07-21T01:09:42","slug":"homem-que-passou-25-anos-morando-na-rua-se-forma-na-faculdade-aos-71-anos","status":"publish","type":"post","link":"https:\/\/gazetapernambucana.com\/?p=1304","title":{"rendered":"Homem que passou 25 anos morando na rua se forma na faculdade aos 71 anos"},"content":{"rendered":"<div class=\"container-single penci-single-style-8 penci-header-text-white\">\n<div class=\"post-image penci-move-title-above\">\n<div class=\"standard-post-special_wrapper\">\n<div class=\"header-standard header-classic single-header\">\n<div class=\"post-box-meta-single\"><img loading=\"lazy\" decoding=\"async\" class=\"alignnone size-medium wp-image-174370\" src=\"https:\/\/flaviochaves.com.br\/wp-content\/uploads\/2025\/07\/medelin-300x210.png\" alt=\"\" width=\"300\" height=\"210\" \/><\/div>\n<div class=\"post-box-meta-single\"><strong><em>Depois de mais de duas d\u00e9cadas morando na rua, Gustavo deu uma reviravolta em sua vida<\/em><\/strong><\/div>\n<\/div>\n<\/div>\n<\/div>\n<\/div>\n<div class=\"post-entry blockquote-style-1\">\n<div id=\"penci-post-entry-inner\" class=\"inner-post-entry entry-content\">\n<p>Com cabelos grisalhos e m\u00e3os tr\u00eamulas, Gustavo subiu ao palco da Universidade de Antioquia, em Medell\u00edn, sob uma onda de aplausos. Segurando o diploma de Direito, ele declarou, emocionado: \u201cEssa formatura \u00e9 apenas o come\u00e7o\u201d.<\/p>\n<p>Aos 71 anos, sua hist\u00f3ria de supera\u00e7\u00e3o \u00e9 um testemunho de resili\u00eancia diante de uma vida marcada por adversidades. A inf\u00e2ncia de Gustavo no bairro Boston, em Medell\u00edn, foi marcada por viol\u00eancia e rejei\u00e7\u00e3o. Ele se escondia debaixo da cama para escapar do pai alco\u00f3latra, enquanto a m\u00e3e, por raz\u00f5es que ele ainda n\u00e3o compreende, nunca demonstrou afeto. As crian\u00e7as do bairro eram proibidas de brincar com ele, estigmatizado como \u201cfilho de b\u00eabados\u201d.<\/p>\n<p>Na adolesc\u00eancia, os livros se tornaram seu ref\u00fagio, mas o v\u00edcio em drogas o levou \u00e0s ruas. Ele enfrentou fome, frio e humilha\u00e7\u00f5es, dormindo em papel\u00f5es, comendo restos \u2014 \u00e0s vezes at\u00e9 arroz misturado com cacos de vidro jogados por outros. \u201cSobrevivi \u00e0 crueldade humana\u201d, lembra. Apesar das dificuldades, Gustavo encontrou esperan\u00e7a nas manh\u00e3s, quando lavava o rosto na fonte do Teatro Pablo Tob\u00f3n Uribe e seguia para a biblioteca.<\/p>\n<figure class=\"wp-block-image size-large\"><img loading=\"lazy\" decoding=\"async\" class=\"wp-image-72743\" src=\"https:\/\/jornalnota.com.br\/wp-content\/uploads\/2025\/07\/image-26-1024x576.png\" sizes=\"auto, (max-width: 1024px) 100vw, 1024px\" srcset=\"https:\/\/jornalnota.com.br\/wp-content\/uploads\/2025\/07\/image-26-1024x576.png 1024w, https:\/\/jornalnota.com.br\/wp-content\/uploads\/2025\/07\/image-26-300x169.png 300w, https:\/\/jornalnota.com.br\/wp-content\/uploads\/2025\/07\/image-26-768x432.png 768w, https:\/\/jornalnota.com.br\/wp-content\/uploads\/2025\/07\/image-26-1170x658.png 1170w, https:\/\/jornalnota.com.br\/wp-content\/uploads\/2025\/07\/image-26-585x329.png 585w, https:\/\/jornalnota.com.br\/wp-content\/uploads\/2025\/07\/image-26.png 1280w\" alt=\"\" width=\"1024\" height=\"576\" \/><\/figure>\n<blockquote class=\"wp-block-quote has-text-align-right is-layout-flow wp-block-quote-is-layout-flow\">\n<h2 class=\"wp-block-heading\">\u201cOs livros me faziam sentir humano\u201d, conta.<\/h2>\n<\/blockquote>\n<p>Em 2015, decidido a deixar de ser um \u201cfantasma\u201d nas ruas, ele buscou ajuda. Com o apoio de um advogado amigo, retomou os estudos, escreveu uma carta de reingresso e conseguiu se matricular novamente na universidade.Agora, formado em Direito, Gustavo sonha alto: quer advogar e mostrar que nem a idade nem o passado determinam o futuro.<\/p>\n<p>\u201cDeus escreve certo por linhas tortas\u2026 E, \u00e0s vezes, usa livros, l\u00e1grimas e um diploma para nos salvar\u201d, reflete. Sua trajet\u00f3ria inspira e prova que a determina\u00e7\u00e3o pode transformar at\u00e9 as hist\u00f3rias mais dif\u00edceis.<\/p>\n<p>Fonte: El Colombiano<\/p>\n<\/div>\n<\/div>\n","protected":false},"excerpt":{"rendered":"<p>Depois de mais de duas d\u00e9cadas morando na rua, Gustavo deu uma reviravolta em sua vida Com cabelos grisalhos e m\u00e3os tr\u00eamulas, Gustavo subiu ao palco da Universidade de Antioquia, em Medell\u00edn, sob uma onda de aplausos. Segurando o diploma de Direito, ele declarou, emocionado: \u201cEssa formatura \u00e9 apenas o come\u00e7o\u201d. Aos 71 anos, sua [&hellip;]<\/p>\n","protected":false},"author":1,"featured_media":0,"comment_status":"open","ping_status":"open","sticky":false,"template":"","format":"standard","meta":{"footnotes":"","jetpack_publicize_message":"","jetpack_publicize_feature_enabled":true,"jetpack_social_post_already_shared":false,"jetpack_social_options":{"image_generator_settings":{"template":"highway","default_image_id":0,"font":"","enabled":false},"version":2}},"categories":[1,36],"tags":[],"class_list":["post-1304","post","type-post","status-publish","format-standard","hentry","category-https-gazetapernambucana-com-page_id225","category-https-gazetapernambucana-com-page_id209"],"yoast_head":"<!-- This site is optimized with the Yoast SEO plugin v24.5 - https:\/\/yoast.com\/wordpress\/plugins\/seo\/ -->\n<title>Homem que passou 25 anos morando na rua se forma na faculdade aos 71 anos -<\/title>\n<meta name=\"robots\" content=\"index, follow, max-snippet:-1, max-image-preview:large, max-video-preview:-1\" \/>\n<link rel=\"canonical\" href=\"https:\/\/gazetapernambucana.com\/?p=1304\" \/>\n<meta property=\"og:locale\" content=\"pt_BR\" \/>\n<meta property=\"og:type\" content=\"article\" \/>\n<meta property=\"og:title\" content=\"Homem que passou 25 anos morando na rua se forma na faculdade aos 71 anos -\" \/>\n<meta property=\"og:description\" content=\"Depois de mais de duas d\u00e9cadas morando na rua, Gustavo deu uma reviravolta em sua vida Com cabelos grisalhos e m\u00e3os tr\u00eamulas, Gustavo subiu ao palco da Universidade de Antioquia, em Medell\u00edn, sob uma onda de aplausos. Segurando o diploma de Direito, ele declarou, emocionado: \u201cEssa formatura \u00e9 apenas o come\u00e7o\u201d. Aos 71 anos, sua [&hellip;]\" \/>\n<meta property=\"og:url\" content=\"https:\/\/gazetapernambucana.com\/?p=1304\" \/>\n<meta property=\"article:published_time\" content=\"2025-07-21T01:09:42+00:00\" \/>\n<meta property=\"og:image\" content=\"https:\/\/flaviochaves.com.br\/wp-content\/uploads\/2025\/07\/medelin-300x210.png\" \/>\n<meta name=\"author\" content=\"GP\" \/>\n<meta name=\"twitter:card\" content=\"summary_large_image\" \/>\n<meta name=\"twitter:label1\" content=\"Escrito por\" \/>\n\t<meta name=\"twitter:data1\" content=\"GP\" \/>\n\t<meta name=\"twitter:label2\" content=\"Est. tempo de leitura\" \/>\n\t<meta name=\"twitter:data2\" content=\"3 minutos\" \/>\n<script type=\"application\/ld+json\" class=\"yoast-schema-graph\">{\"@context\":\"https:\/\/schema.org\",\"@graph\":[{\"@type\":\"WebPage\",\"@id\":\"https:\/\/gazetapernambucana.com\/?p=1304\",\"url\":\"https:\/\/gazetapernambucana.com\/?p=1304\",\"name\":\"Homem que passou 25 anos morando na rua se forma na faculdade aos 71 anos -\",\"isPartOf\":{\"@id\":\"https:\/\/gazetapernambucana.com\/#website\"},\"primaryImageOfPage\":{\"@id\":\"https:\/\/gazetapernambucana.com\/?p=1304#primaryimage\"},\"image\":{\"@id\":\"https:\/\/gazetapernambucana.com\/?p=1304#primaryimage\"},\"thumbnailUrl\":\"https:\/\/flaviochaves.com.br\/wp-content\/uploads\/2025\/07\/medelin-300x210.png\",\"datePublished\":\"2025-07-21T01:09:42+00:00\",\"author\":{\"@id\":\"https:\/\/gazetapernambucana.com\/#\/schema\/person\/188dc283325181ac2de4db1e9e987427\"},\"breadcrumb\":{\"@id\":\"https:\/\/gazetapernambucana.com\/?p=1304#breadcrumb\"},\"inLanguage\":\"pt-BR\",\"potentialAction\":[{\"@type\":\"ReadAction\",\"target\":[\"https:\/\/gazetapernambucana.com\/?p=1304\"]}]},{\"@type\":\"ImageObject\",\"inLanguage\":\"pt-BR\",\"@id\":\"https:\/\/gazetapernambucana.com\/?p=1304#primaryimage\",\"url\":\"https:\/\/flaviochaves.com.br\/wp-content\/uploads\/2025\/07\/medelin-300x210.png\",\"contentUrl\":\"https:\/\/flaviochaves.com.br\/wp-content\/uploads\/2025\/07\/medelin-300x210.png\"},{\"@type\":\"BreadcrumbList\",\"@id\":\"https:\/\/gazetapernambucana.com\/?p=1304#breadcrumb\",\"itemListElement\":[{\"@type\":\"ListItem\",\"position\":1,\"name\":\"In\u00edcio\",\"item\":\"https:\/\/gazetapernambucana.com\/\"},{\"@type\":\"ListItem\",\"position\":2,\"name\":\"Homem que passou 25 anos morando na rua se forma na faculdade aos 71 anos\"}]},{\"@type\":\"WebSite\",\"@id\":\"https:\/\/gazetapernambucana.com\/#website\",\"url\":\"https:\/\/gazetapernambucana.com\/\",\"name\":\"\",\"description\":\"\",\"potentialAction\":[{\"@type\":\"SearchAction\",\"target\":{\"@type\":\"EntryPoint\",\"urlTemplate\":\"https:\/\/gazetapernambucana.com\/?s={search_term_string}\"},\"query-input\":{\"@type\":\"PropertyValueSpecification\",\"valueRequired\":true,\"valueName\":\"search_term_string\"}}],\"inLanguage\":\"pt-BR\"},{\"@type\":\"Person\",\"@id\":\"https:\/\/gazetapernambucana.com\/#\/schema\/person\/188dc283325181ac2de4db1e9e987427\",\"name\":\"GP\",\"image\":{\"@type\":\"ImageObject\",\"inLanguage\":\"pt-BR\",\"@id\":\"https:\/\/gazetapernambucana.com\/#\/schema\/person\/image\/\",\"url\":\"https:\/\/secure.gravatar.com\/avatar\/9dad78ff9a2d8b5742d11779f8a3f53b052320c550b2e1907882353c067bb111?s=96&d=mm&r=g\",\"contentUrl\":\"https:\/\/secure.gravatar.com\/avatar\/9dad78ff9a2d8b5742d11779f8a3f53b052320c550b2e1907882353c067bb111?s=96&d=mm&r=g\",\"caption\":\"GP\"},\"sameAs\":[\"http:\/\/gazetapernambucana.com\"],\"url\":\"https:\/\/gazetapernambucana.com\/?author=1\"}]}<\/script>\n<!-- \/ Yoast SEO plugin. -->","yoast_head_json":{"title":"Homem que passou 25 anos morando na rua se forma na faculdade aos 71 anos -","robots":{"index":"index","follow":"follow","max-snippet":"max-snippet:-1","max-image-preview":"max-image-preview:large","max-video-preview":"max-video-preview:-1"},"canonical":"https:\/\/gazetapernambucana.com\/?p=1304","og_locale":"pt_BR","og_type":"article","og_title":"Homem que passou 25 anos morando na rua se forma na faculdade aos 71 anos -","og_description":"Depois de mais de duas d\u00e9cadas morando na rua, Gustavo deu uma reviravolta em sua vida Com cabelos grisalhos e m\u00e3os tr\u00eamulas, Gustavo subiu ao palco da Universidade de Antioquia, em Medell\u00edn, sob uma onda de aplausos. Segurando o diploma de Direito, ele declarou, emocionado: \u201cEssa formatura \u00e9 apenas o come\u00e7o\u201d. Aos 71 anos, sua [&hellip;]","og_url":"https:\/\/gazetapernambucana.com\/?p=1304","article_published_time":"2025-07-21T01:09:42+00:00","og_image":[{"url":"https:\/\/flaviochaves.com.br\/wp-content\/uploads\/2025\/07\/medelin-300x210.png","type":"","width":"","height":""}],"author":"GP","twitter_card":"summary_large_image","twitter_misc":{"Escrito por":"GP","Est. tempo de leitura":"3 minutos"},"schema":{"@context":"https:\/\/schema.org","@graph":[{"@type":"WebPage","@id":"https:\/\/gazetapernambucana.com\/?p=1304","url":"https:\/\/gazetapernambucana.com\/?p=1304","name":"Homem que passou 25 anos morando na rua se forma na faculdade aos 71 anos -","isPartOf":{"@id":"https:\/\/gazetapernambucana.com\/#website"},"primaryImageOfPage":{"@id":"https:\/\/gazetapernambucana.com\/?p=1304#primaryimage"},"image":{"@id":"https:\/\/gazetapernambucana.com\/?p=1304#primaryimage"},"thumbnailUrl":"https:\/\/flaviochaves.com.br\/wp-content\/uploads\/2025\/07\/medelin-300x210.png","datePublished":"2025-07-21T01:09:42+00:00","author":{"@id":"https:\/\/gazetapernambucana.com\/#\/schema\/person\/188dc283325181ac2de4db1e9e987427"},"breadcrumb":{"@id":"https:\/\/gazetapernambucana.com\/?p=1304#breadcrumb"},"inLanguage":"pt-BR","potentialAction":[{"@type":"ReadAction","target":["https:\/\/gazetapernambucana.com\/?p=1304"]}]},{"@type":"ImageObject","inLanguage":"pt-BR","@id":"https:\/\/gazetapernambucana.com\/?p=1304#primaryimage","url":"https:\/\/flaviochaves.com.br\/wp-content\/uploads\/2025\/07\/medelin-300x210.png","contentUrl":"https:\/\/flaviochaves.com.br\/wp-content\/uploads\/2025\/07\/medelin-300x210.png"},{"@type":"BreadcrumbList","@id":"https:\/\/gazetapernambucana.com\/?p=1304#breadcrumb","itemListElement":[{"@type":"ListItem","position":1,"name":"In\u00edcio","item":"https:\/\/gazetapernambucana.com\/"},{"@type":"ListItem","position":2,"name":"Homem que passou 25 anos morando na rua se forma na faculdade aos 71 anos"}]},{"@type":"WebSite","@id":"https:\/\/gazetapernambucana.com\/#website","url":"https:\/\/gazetapernambucana.com\/","name":"","description":"","potentialAction":[{"@type":"SearchAction","target":{"@type":"EntryPoint","urlTemplate":"https:\/\/gazetapernambucana.com\/?s={search_term_string}"},"query-input":{"@type":"PropertyValueSpecification","valueRequired":true,"valueName":"search_term_string"}}],"inLanguage":"pt-BR"},{"@type":"Person","@id":"https:\/\/gazetapernambucana.com\/#\/schema\/person\/188dc283325181ac2de4db1e9e987427","name":"GP","image":{"@type":"ImageObject","inLanguage":"pt-BR","@id":"https:\/\/gazetapernambucana.com\/#\/schema\/person\/image\/","url":"https:\/\/secure.gravatar.com\/avatar\/9dad78ff9a2d8b5742d11779f8a3f53b052320c550b2e1907882353c067bb111?s=96&d=mm&r=g","contentUrl":"https:\/\/secure.gravatar.com\/avatar\/9dad78ff9a2d8b5742d11779f8a3f53b052320c550b2e1907882353c067bb111?s=96&d=mm&r=g","caption":"GP"},"sameAs":["http:\/\/gazetapernambucana.com"],"url":"https:\/\/gazetapernambucana.com\/?author=1"}]}},"jetpack_publicize_connections":[],"_links":{"self":[{"href":"https:\/\/gazetapernambucana.com\/index.php?rest_route=\/wp\/v2\/posts\/1304","targetHints":{"allow":["GET"]}}],"collection":[{"href":"https:\/\/gazetapernambucana.com\/index.php?rest_route=\/wp\/v2\/posts"}],"about":[{"href":"https:\/\/gazetapernambucana.com\/index.php?rest_route=\/wp\/v2\/types\/post"}],"author":[{"embeddable":true,"href":"https:\/\/gazetapernambucana.com\/index.php?rest_route=\/wp\/v2\/users\/1"}],"replies":[{"embeddable":true,"href":"https:\/\/gazetapernambucana.com\/index.php?rest_route=%2Fwp%2Fv2%2Fcomments&post=1304"}],"version-history":[{"count":1,"href":"https:\/\/gazetapernambucana.com\/index.php?rest_route=\/wp\/v2\/posts\/1304\/revisions"}],"predecessor-version":[{"id":1306,"href":"https:\/\/gazetapernambucana.com\/index.php?rest_route=\/wp\/v2\/posts\/1304\/revisions\/1306"}],"wp:attachment":[{"href":"https:\/\/gazetapernambucana.com\/index.php?rest_route=%2Fwp%2Fv2%2Fmedia&parent=1304"}],"wp:term":[{"taxonomy":"category","embeddable":true,"href":"https:\/\/gazetapernambucana.com\/index.php?rest_route=%2Fwp%2Fv2%2Fcategories&post=1304"},{"taxonomy":"post_tag","embeddable":true,"href":"https:\/\/gazetapernambucana.com\/index.php?rest_route=%2Fwp%2Fv2%2Ftags&post=1304"}],"curies":[{"name":"wp","href":"https:\/\/api.w.org\/{rel}","templated":true}]}}