{"id":1301,"date":"2025-07-20T21:01:51","date_gmt":"2025-07-21T00:01:51","guid":{"rendered":"https:\/\/gazetapernambucana.com\/?p=1301"},"modified":"2025-07-20T21:01:51","modified_gmt":"2025-07-21T00:01:51","slug":"preta-gil-morre-aos-50-anos-nos-estados-unidos","status":"publish","type":"post","link":"https:\/\/gazetapernambucana.com\/?p=1301","title":{"rendered":"Preta Gil morre aos 50 anos nos Estados Unidos"},"content":{"rendered":"<p><img decoding=\"async\" src=\"https:\/\/imagem.natelinha.uol.com.br\/original\/preta-gil-morreu-cancer-50-anos_340.jpeg\" alt=\"Preta Gil em foto\" \/><strong>Morre Preta Gil \u2013 Foto: Reprodu\u00e7\u00e3o\/Internet\u00a0<\/strong><\/p>\n<p>A cantora Preta Gil faleceu neste domingo(20), aos 50 anos, nos Estados Unidos, onde se encontrava em tratamento de sa\u00fade. Filha do cantor Gilberto Gil e de Sandra Gadelha, Preta foi diagnosticada com c\u00e2ncer no intestino em 2023 e, desde ent\u00e3o, travava uma batalha p\u00fablica e corajosa contra a doen\u00e7a.<\/p>\n<p>Nascida no Rio de Janeiro em 8 de agosto de 1974, Preta Gil iniciou sua carreira no in\u00edcio dos anos 2000 com o disco \u201cPr\u00eat-\u00e0-Porter\u201d, que deu o tom de uma artista irreverente, aut\u00eantica e sem medo de quebrar tabus. Ao longo das d\u00e9cadas, construiu uma trajet\u00f3ria marcada pela diversidade, empoderamento feminino e defesa das minorias.<\/p>\n<p>Preta tamb\u00e9m se destacou como atriz, empres\u00e1ria, apresentadora e figura influente na luta pela equidade racial e de g\u00eanero no Brasil. Era presen\u00e7a constante no carnaval carioca e baiano, \u00e0 frente do tradicional bloco \u201cBloco da Preta\u201d, que arrastava multid\u00f5es.<\/p>\n<p>Preta Gil vinha se recuperando de uma cirurgia delicada realizada em dezembro de 2024, para retirada do tumor no reto. Apesar do diagn\u00f3stico dif\u00edcil, manteve uma postura de otimismo, f\u00e9 e conex\u00e3o com seus seguidores, compartilhando cada etapa do tratamento com coragem e humanidade.<\/p>\n<p>Deixa o filho Francisco Gil, fruto do casamento com Ot\u00e1vio M\u00fcller, al\u00e9m de uma legi\u00e3o de f\u00e3s, amigos e admiradores da sua for\u00e7a, irrever\u00eancia e luz.<\/p>\n<p>Frase dita por Preta Gil durante uma entrevista ao\u00a0<em>Fant\u00e1stico<\/em>, em 2024, resume a alma de uma artista que nunca se calou \u2014 e que seguir\u00e1 viva na mem\u00f3ria afetiva de milh\u00f5es de brasileiros.<\/p>\n","protected":false},"excerpt":{"rendered":"<p>Morre Preta Gil \u2013 Foto: Reprodu\u00e7\u00e3o\/Internet\u00a0 A cantora Preta Gil faleceu neste domingo(20), aos 50 anos, nos Estados Unidos, onde se encontrava em tratamento de sa\u00fade. Filha do cantor Gilberto Gil e de Sandra Gadelha, Preta foi diagnosticada com c\u00e2ncer no intestino em 2023 e, desde ent\u00e3o, travava uma batalha p\u00fablica e corajosa contra a [&hellip;]<\/p>\n","protected":false},"author":1,"featured_media":1302,"comment_status":"open","ping_status":"open","sticky":false,"template":"","format":"standard","meta":{"footnotes":"","jetpack_publicize_message":"","jetpack_publicize_feature_enabled":true,"jetpack_social_post_already_shared":false,"jetpack_social_options":{"image_generator_settings":{"template":"highway","default_image_id":0,"font":"","enabled":false},"version":2}},"categories":[37,1,35],"tags":[],"class_list":["post-1301","post","type-post","status-publish","format-standard","has-post-thumbnail","hentry","category-https-gazetapernambucana-com-page_id212","category-https-gazetapernambucana-com-page_id225","category-https-gazetapernambucana-com-page_id218"],"yoast_head":"<!-- This site is optimized with the Yoast SEO plugin v24.5 - https:\/\/yoast.com\/wordpress\/plugins\/seo\/ -->\n<title>Preta Gil morre aos 50 anos nos Estados Unidos -<\/title>\n<meta name=\"robots\" content=\"index, follow, max-snippet:-1, max-image-preview:large, max-video-preview:-1\" \/>\n<link rel=\"canonical\" href=\"https:\/\/gazetapernambucana.com\/?p=1301\" \/>\n<meta property=\"og:locale\" content=\"pt_BR\" \/>\n<meta property=\"og:type\" content=\"article\" \/>\n<meta property=\"og:title\" content=\"Preta Gil morre aos 50 anos nos Estados Unidos -\" \/>\n<meta property=\"og:description\" content=\"Morre Preta Gil \u2013 Foto: Reprodu\u00e7\u00e3o\/Internet\u00a0 A cantora Preta Gil faleceu neste domingo(20), aos 50 anos, nos Estados Unidos, onde se encontrava em tratamento de sa\u00fade. Filha do cantor Gilberto Gil e de Sandra Gadelha, Preta foi diagnosticada com c\u00e2ncer no intestino em 2023 e, desde ent\u00e3o, travava uma batalha p\u00fablica e corajosa contra a [&hellip;]\" \/>\n<meta property=\"og:url\" content=\"https:\/\/gazetapernambucana.com\/?p=1301\" \/>\n<meta property=\"article:published_time\" content=\"2025-07-21T00:01:51+00:00\" \/>\n<meta property=\"og:image\" content=\"https:\/\/gazetapernambucana.com\/wp-content\/uploads\/2025\/07\/preta-gil-morreu-cancer-50-anos_340.jpeg\" \/>\n\t<meta property=\"og:image:width\" content=\"1280\" \/>\n\t<meta property=\"og:image:height\" content=\"720\" \/>\n\t<meta property=\"og:image:type\" content=\"image\/jpeg\" \/>\n<meta name=\"author\" content=\"GP\" \/>\n<meta name=\"twitter:card\" content=\"summary_large_image\" \/>\n<meta name=\"twitter:label1\" content=\"Escrito por\" \/>\n\t<meta name=\"twitter:data1\" content=\"GP\" \/>\n\t<meta name=\"twitter:label2\" content=\"Est. tempo de leitura\" \/>\n\t<meta name=\"twitter:data2\" content=\"2 minutos\" \/>\n<script type=\"application\/ld+json\" class=\"yoast-schema-graph\">{\"@context\":\"https:\/\/schema.org\",\"@graph\":[{\"@type\":\"WebPage\",\"@id\":\"https:\/\/gazetapernambucana.com\/?p=1301\",\"url\":\"https:\/\/gazetapernambucana.com\/?p=1301\",\"name\":\"Preta Gil morre aos 50 anos nos Estados Unidos -\",\"isPartOf\":{\"@id\":\"https:\/\/gazetapernambucana.com\/#website\"},\"primaryImageOfPage\":{\"@id\":\"https:\/\/gazetapernambucana.com\/?p=1301#primaryimage\"},\"image\":{\"@id\":\"https:\/\/gazetapernambucana.com\/?p=1301#primaryimage\"},\"thumbnailUrl\":\"https:\/\/gazetapernambucana.com\/wp-content\/uploads\/2025\/07\/preta-gil-morreu-cancer-50-anos_340.jpeg\",\"datePublished\":\"2025-07-21T00:01:51+00:00\",\"author\":{\"@id\":\"https:\/\/gazetapernambucana.com\/#\/schema\/person\/188dc283325181ac2de4db1e9e987427\"},\"breadcrumb\":{\"@id\":\"https:\/\/gazetapernambucana.com\/?p=1301#breadcrumb\"},\"inLanguage\":\"pt-BR\",\"potentialAction\":[{\"@type\":\"ReadAction\",\"target\":[\"https:\/\/gazetapernambucana.com\/?p=1301\"]}]},{\"@type\":\"ImageObject\",\"inLanguage\":\"pt-BR\",\"@id\":\"https:\/\/gazetapernambucana.com\/?p=1301#primaryimage\",\"url\":\"https:\/\/gazetapernambucana.com\/wp-content\/uploads\/2025\/07\/preta-gil-morreu-cancer-50-anos_340.jpeg\",\"contentUrl\":\"https:\/\/gazetapernambucana.com\/wp-content\/uploads\/2025\/07\/preta-gil-morreu-cancer-50-anos_340.jpeg\",\"width\":1280,\"height\":720},{\"@type\":\"BreadcrumbList\",\"@id\":\"https:\/\/gazetapernambucana.com\/?p=1301#breadcrumb\",\"itemListElement\":[{\"@type\":\"ListItem\",\"position\":1,\"name\":\"In\u00edcio\",\"item\":\"https:\/\/gazetapernambucana.com\/\"},{\"@type\":\"ListItem\",\"position\":2,\"name\":\"Preta Gil morre aos 50 anos nos Estados Unidos\"}]},{\"@type\":\"WebSite\",\"@id\":\"https:\/\/gazetapernambucana.com\/#website\",\"url\":\"https:\/\/gazetapernambucana.com\/\",\"name\":\"\",\"description\":\"\",\"potentialAction\":[{\"@type\":\"SearchAction\",\"target\":{\"@type\":\"EntryPoint\",\"urlTemplate\":\"https:\/\/gazetapernambucana.com\/?s={search_term_string}\"},\"query-input\":{\"@type\":\"PropertyValueSpecification\",\"valueRequired\":true,\"valueName\":\"search_term_string\"}}],\"inLanguage\":\"pt-BR\"},{\"@type\":\"Person\",\"@id\":\"https:\/\/gazetapernambucana.com\/#\/schema\/person\/188dc283325181ac2de4db1e9e987427\",\"name\":\"GP\",\"image\":{\"@type\":\"ImageObject\",\"inLanguage\":\"pt-BR\",\"@id\":\"https:\/\/gazetapernambucana.com\/#\/schema\/person\/image\/\",\"url\":\"https:\/\/secure.gravatar.com\/avatar\/9dad78ff9a2d8b5742d11779f8a3f53b052320c550b2e1907882353c067bb111?s=96&d=mm&r=g\",\"contentUrl\":\"https:\/\/secure.gravatar.com\/avatar\/9dad78ff9a2d8b5742d11779f8a3f53b052320c550b2e1907882353c067bb111?s=96&d=mm&r=g\",\"caption\":\"GP\"},\"sameAs\":[\"http:\/\/gazetapernambucana.com\"],\"url\":\"https:\/\/gazetapernambucana.com\/?author=1\"}]}<\/script>\n<!-- \/ Yoast SEO plugin. -->","yoast_head_json":{"title":"Preta Gil morre aos 50 anos nos Estados Unidos -","robots":{"index":"index","follow":"follow","max-snippet":"max-snippet:-1","max-image-preview":"max-image-preview:large","max-video-preview":"max-video-preview:-1"},"canonical":"https:\/\/gazetapernambucana.com\/?p=1301","og_locale":"pt_BR","og_type":"article","og_title":"Preta Gil morre aos 50 anos nos Estados Unidos -","og_description":"Morre Preta Gil \u2013 Foto: Reprodu\u00e7\u00e3o\/Internet\u00a0 A cantora Preta Gil faleceu neste domingo(20), aos 50 anos, nos Estados Unidos, onde se encontrava em tratamento de sa\u00fade. Filha do cantor Gilberto Gil e de Sandra Gadelha, Preta foi diagnosticada com c\u00e2ncer no intestino em 2023 e, desde ent\u00e3o, travava uma batalha p\u00fablica e corajosa contra a [&hellip;]","og_url":"https:\/\/gazetapernambucana.com\/?p=1301","article_published_time":"2025-07-21T00:01:51+00:00","og_image":[{"width":1280,"height":720,"url":"https:\/\/gazetapernambucana.com\/wp-content\/uploads\/2025\/07\/preta-gil-morreu-cancer-50-anos_340.jpeg","type":"image\/jpeg"}],"author":"GP","twitter_card":"summary_large_image","twitter_misc":{"Escrito por":"GP","Est. tempo de leitura":"2 minutos"},"schema":{"@context":"https:\/\/schema.org","@graph":[{"@type":"WebPage","@id":"https:\/\/gazetapernambucana.com\/?p=1301","url":"https:\/\/gazetapernambucana.com\/?p=1301","name":"Preta Gil morre aos 50 anos nos Estados Unidos -","isPartOf":{"@id":"https:\/\/gazetapernambucana.com\/#website"},"primaryImageOfPage":{"@id":"https:\/\/gazetapernambucana.com\/?p=1301#primaryimage"},"image":{"@id":"https:\/\/gazetapernambucana.com\/?p=1301#primaryimage"},"thumbnailUrl":"https:\/\/gazetapernambucana.com\/wp-content\/uploads\/2025\/07\/preta-gil-morreu-cancer-50-anos_340.jpeg","datePublished":"2025-07-21T00:01:51+00:00","author":{"@id":"https:\/\/gazetapernambucana.com\/#\/schema\/person\/188dc283325181ac2de4db1e9e987427"},"breadcrumb":{"@id":"https:\/\/gazetapernambucana.com\/?p=1301#breadcrumb"},"inLanguage":"pt-BR","potentialAction":[{"@type":"ReadAction","target":["https:\/\/gazetapernambucana.com\/?p=1301"]}]},{"@type":"ImageObject","inLanguage":"pt-BR","@id":"https:\/\/gazetapernambucana.com\/?p=1301#primaryimage","url":"https:\/\/gazetapernambucana.com\/wp-content\/uploads\/2025\/07\/preta-gil-morreu-cancer-50-anos_340.jpeg","contentUrl":"https:\/\/gazetapernambucana.com\/wp-content\/uploads\/2025\/07\/preta-gil-morreu-cancer-50-anos_340.jpeg","width":1280,"height":720},{"@type":"BreadcrumbList","@id":"https:\/\/gazetapernambucana.com\/?p=1301#breadcrumb","itemListElement":[{"@type":"ListItem","position":1,"name":"In\u00edcio","item":"https:\/\/gazetapernambucana.com\/"},{"@type":"ListItem","position":2,"name":"Preta Gil morre aos 50 anos nos Estados Unidos"}]},{"@type":"WebSite","@id":"https:\/\/gazetapernambucana.com\/#website","url":"https:\/\/gazetapernambucana.com\/","name":"","description":"","potentialAction":[{"@type":"SearchAction","target":{"@type":"EntryPoint","urlTemplate":"https:\/\/gazetapernambucana.com\/?s={search_term_string}"},"query-input":{"@type":"PropertyValueSpecification","valueRequired":true,"valueName":"search_term_string"}}],"inLanguage":"pt-BR"},{"@type":"Person","@id":"https:\/\/gazetapernambucana.com\/#\/schema\/person\/188dc283325181ac2de4db1e9e987427","name":"GP","image":{"@type":"ImageObject","inLanguage":"pt-BR","@id":"https:\/\/gazetapernambucana.com\/#\/schema\/person\/image\/","url":"https:\/\/secure.gravatar.com\/avatar\/9dad78ff9a2d8b5742d11779f8a3f53b052320c550b2e1907882353c067bb111?s=96&d=mm&r=g","contentUrl":"https:\/\/secure.gravatar.com\/avatar\/9dad78ff9a2d8b5742d11779f8a3f53b052320c550b2e1907882353c067bb111?s=96&d=mm&r=g","caption":"GP"},"sameAs":["http:\/\/gazetapernambucana.com"],"url":"https:\/\/gazetapernambucana.com\/?author=1"}]}},"jetpack_publicize_connections":[],"_links":{"self":[{"href":"https:\/\/gazetapernambucana.com\/index.php?rest_route=\/wp\/v2\/posts\/1301","targetHints":{"allow":["GET"]}}],"collection":[{"href":"https:\/\/gazetapernambucana.com\/index.php?rest_route=\/wp\/v2\/posts"}],"about":[{"href":"https:\/\/gazetapernambucana.com\/index.php?rest_route=\/wp\/v2\/types\/post"}],"author":[{"embeddable":true,"href":"https:\/\/gazetapernambucana.com\/index.php?rest_route=\/wp\/v2\/users\/1"}],"replies":[{"embeddable":true,"href":"https:\/\/gazetapernambucana.com\/index.php?rest_route=%2Fwp%2Fv2%2Fcomments&post=1301"}],"version-history":[{"count":1,"href":"https:\/\/gazetapernambucana.com\/index.php?rest_route=\/wp\/v2\/posts\/1301\/revisions"}],"predecessor-version":[{"id":1303,"href":"https:\/\/gazetapernambucana.com\/index.php?rest_route=\/wp\/v2\/posts\/1301\/revisions\/1303"}],"wp:featuredmedia":[{"embeddable":true,"href":"https:\/\/gazetapernambucana.com\/index.php?rest_route=\/wp\/v2\/media\/1302"}],"wp:attachment":[{"href":"https:\/\/gazetapernambucana.com\/index.php?rest_route=%2Fwp%2Fv2%2Fmedia&parent=1301"}],"wp:term":[{"taxonomy":"category","embeddable":true,"href":"https:\/\/gazetapernambucana.com\/index.php?rest_route=%2Fwp%2Fv2%2Fcategories&post=1301"},{"taxonomy":"post_tag","embeddable":true,"href":"https:\/\/gazetapernambucana.com\/index.php?rest_route=%2Fwp%2Fv2%2Ftags&post=1301"}],"curies":[{"name":"wp","href":"https:\/\/api.w.org\/{rel}","templated":true}]}}