{"id":1291,"date":"2025-07-19T00:49:23","date_gmt":"2025-07-19T03:49:23","guid":{"rendered":"https:\/\/gazetapernambucana.com\/?p=1291"},"modified":"2025-07-19T00:49:23","modified_gmt":"2025-07-19T03:49:23","slug":"o-centro-morre-a-imagem-cai-os-18-pontos-perdidos-de-joao-campos-por-flavio-chaves","status":"publish","type":"post","link":"https:\/\/gazetapernambucana.com\/?p=1291","title":{"rendered":"O Centro Morre, a Imagem Cai: Os 18 Pontos Perdidos de Jo\u00e3o Campos. Por Fl\u00e1vio Chaves"},"content":{"rendered":"<p data-start=\"452\" data-end=\"469\">\u00a0\u00a0 \u00a0 <img loading=\"lazy\" decoding=\"async\" class=\"alignnone size-medium wp-image-1181\" src=\"http:\/\/gazetapernambucana.com\/wp-content\/uploads\/2025\/07\/download-2-300x120.jpg\" alt=\"\" width=\"300\" height=\"120\" srcset=\"https:\/\/gazetapernambucana.com\/wp-content\/uploads\/2025\/07\/download-2-300x120.jpg 300w, https:\/\/gazetapernambucana.com\/wp-content\/uploads\/2025\/07\/download-2-1024x410.jpg 1024w, https:\/\/gazetapernambucana.com\/wp-content\/uploads\/2025\/07\/download-2-768x307.jpg 768w, https:\/\/gazetapernambucana.com\/wp-content\/uploads\/2025\/07\/download-2-1536x614.jpg 1536w, https:\/\/gazetapernambucana.com\/wp-content\/uploads\/2025\/07\/download-2.jpg 2048w\" sizes=\"auto, (max-width: 300px) 100vw, 300px\" \/>\u00a0 \u00a0<strong>Por Fl\u00e1vio Chaves \u2013 Jornalista, poeta, escritor e membro da Academia Pernambucana de Letras. Foi Delegado Federal\/Minc\u00a0 \u2013<\/strong>\u00a0\u00a0A recente pesquisa do Instituto Seta Intelig\u00eancia revelou um dado que acendeu o sinal de alerta no PSB: uma queda de 18 pontos percentuais na inten\u00e7\u00e3o de voto do prefeito do Recife, Jo\u00e3o Campos, na corrida pelo Governo de Pernambuco. O n\u00famero n\u00e3o apenas impressiona por sua magnitude, como tamb\u00e9m aponta para um desgaste precoce de imagem e uma percep\u00e7\u00e3o de distanciamento entre o gestor e a cidade que governa.<\/p>\n<p data-start=\"935\" data-end=\"1497\">Jo\u00e3o Campos carrega sobre os ombros n\u00e3o apenas um legado familiar, mas tamb\u00e9m o peso de uma sequ\u00eancia ininterrupta de gest\u00f5es do PSB \u00e0 frente da Prefeitura do Recife e do Governo do Estado, somando-se dezesseis anos de poder concentrado. Foram dois mandatos de Geraldo J\u00falio como prefeito, seguidos por dois de Paulo C\u00e2mara no Pal\u00e1cio do Campo das Princesas. O que poderia ser interpretado como continuidade administrativa come\u00e7a agora a ser percebido por parte do eleitorado como um ciclo de fadiga e dist\u00e2ncia da realidade vivida por grande parte da popula\u00e7\u00e3o.<\/p>\n<p data-start=\"1499\" data-end=\"2104\">A cidade do Recife, particularmente em seu centro hist\u00f3rico, tem sido o retrato mais vis\u00edvel dessa percep\u00e7\u00e3o. Casar\u00f5es que desabam em sil\u00eancio, com\u00e9rcio combalido, inseguran\u00e7a crescente, cal\u00e7adas esquecidas. A Rua da Imperatriz, o Bairro de S\u00e3o Jos\u00e9, a Sete de Setembro, o entorno do Parque 13 de Maio e da Ponte Duarte Coelho, tudo parece gritar por socorro em meio \u00e0 indiferen\u00e7a urbana. \u00c9 um abandono que n\u00e3o se disfar\u00e7a nem se cala. E que chega ao olhar de quem vive no Agreste, no Sert\u00e3o, na Zona da Mata \u2014 gra\u00e7as \u00e0 for\u00e7a das redes sociais que hoje conectam a dor e a esperan\u00e7a, o centro e os confins.<\/p>\n<p data-start=\"2106\" data-end=\"2491\">Nesse contexto, a exposi\u00e7\u00e3o antecipada do prefeito como pr\u00e9-candidato ao Governo do Estado talvez tenha sido um gesto pol\u00edtico mal calculado. Lan\u00e7ar-se t\u00e3o cedo implicou tamb\u00e9m em tornar-se o alvo principal de cobran\u00e7as e expectativas. A pol\u00edtica tem o seu tempo pr\u00f3prio \u2014 e quando esse tempo \u00e9 apressado, h\u00e1 o risco de que a semente ainda verde n\u00e3o resista \u00e0 luz intensa da exposi\u00e7\u00e3o.<\/p>\n<p data-start=\"2493\" data-end=\"3007\">Outro ponto que tem despertado questionamentos \u00e9 o elevado n\u00famero de viagens feitas por Jo\u00e3o Campos nos \u00faltimos meses. A frequ\u00eancia com que o prefeito est\u00e1 ausente da cidade, muitas vezes envolvido em agendas pol\u00edticas fora do estado, tem sido percebida por parte da popula\u00e7\u00e3o como sinal de distanciamento da vida cotidiana do Recife. Em um momento de grandes desafios urbanos, sobretudo nas \u00e1reas mais vulner\u00e1veis da cidade, essa aus\u00eancia ganha peso simb\u00f3lico e produz ru\u00eddos na rela\u00e7\u00e3o entre gestor e governados.<\/p>\n<p data-start=\"3009\" data-end=\"3319\">Nas redes sociais, o que antes era visto com simpatia come\u00e7a a cansar. As famosas dancinhas, que no in\u00edcio geravam aproxima\u00e7\u00e3o e leveza, passaram a ser alvo de ironia. H\u00e1 quem veja nelas um certo desalinho entre forma e conte\u00fado, um desejo de comunica\u00e7\u00e3o que n\u00e3o encontra correspond\u00eancia na realidade das ruas.<\/p>\n<p data-start=\"3321\" data-end=\"3699\">O Recife sofre. Sofre com as chuvas que alagam os bairros populares. Sofre com a morosidade na execu\u00e7\u00e3o de obras. Sofre com o abandono de seus espa\u00e7os hist\u00f3ricos e culturais. E esse sofrimento, que antes ficava restrito \u00e0s esquinas esquecidas, agora circula, viraliza, ecoa. O que se passa no centro da capital passa a interferir na imagem do seu gestor junto ao estado inteiro.<\/p>\n<p data-start=\"3701\" data-end=\"4045\">A queda nas pesquisas, portanto, n\u00e3o deve ser lida como um trope\u00e7o passageiro, mas como um convite \u00e0 reflex\u00e3o. H\u00e1 tempo para rever rotas, para reencontrar a cidade real, para ouvir mais e aparecer menos. O Recife n\u00e3o exige milagres, apenas compromisso. O centro n\u00e3o quer dan\u00e7as, quer dignidade. A popula\u00e7\u00e3o n\u00e3o espera espet\u00e1culos, mas presen\u00e7a.<\/p>\n<p data-start=\"4047\" data-end=\"4283\">Jo\u00e3o Campos ainda tem tempo e estrutura pol\u00edtica. Mas o tempo da pol\u00edtica, quando mal interpretado, pode se converter em tempo perdido. E a confian\u00e7a, uma vez trincada, exige muito mais do que gestos perform\u00e1ticos para ser reconstru\u00edda.<\/p>\n","protected":false},"excerpt":{"rendered":"<p>\u00a0\u00a0 \u00a0 \u00a0 \u00a0Por Fl\u00e1vio Chaves \u2013 Jornalista, poeta, escritor e membro da Academia Pernambucana de Letras. Foi Delegado Federal\/Minc\u00a0 \u2013\u00a0\u00a0A recente pesquisa do Instituto Seta Intelig\u00eancia revelou um dado que acendeu o sinal de alerta no PSB: uma queda de 18 pontos percentuais na inten\u00e7\u00e3o de voto do prefeito do Recife, Jo\u00e3o Campos, na [&hellip;]<\/p>\n","protected":false},"author":1,"featured_media":1181,"comment_status":"open","ping_status":"open","sticky":false,"template":"","format":"standard","meta":{"footnotes":"","jetpack_publicize_message":"","jetpack_publicize_feature_enabled":true,"jetpack_social_post_already_shared":false,"jetpack_social_options":{"image_generator_settings":{"template":"highway","default_image_id":0,"font":"","enabled":false},"version":2}},"categories":[66,1,76,65],"tags":[],"class_list":["post-1291","post","type-post","status-publish","format-standard","has-post-thumbnail","hentry","category-cidades","category-https-gazetapernambucana-com-page_id225","category-opiniao","category-politica"],"yoast_head":"<!-- This site is optimized with the Yoast SEO plugin v24.5 - https:\/\/yoast.com\/wordpress\/plugins\/seo\/ -->\n<title>O Centro Morre, a Imagem Cai: Os 18 Pontos Perdidos de Jo\u00e3o Campos. Por Fl\u00e1vio Chaves -<\/title>\n<meta name=\"robots\" content=\"index, follow, max-snippet:-1, max-image-preview:large, max-video-preview:-1\" \/>\n<link rel=\"canonical\" href=\"https:\/\/gazetapernambucana.com\/?p=1291\" \/>\n<meta property=\"og:locale\" content=\"pt_BR\" \/>\n<meta property=\"og:type\" content=\"article\" \/>\n<meta property=\"og:title\" content=\"O Centro Morre, a Imagem Cai: Os 18 Pontos Perdidos de Jo\u00e3o Campos. Por Fl\u00e1vio Chaves -\" \/>\n<meta property=\"og:description\" content=\"\u00a0\u00a0 \u00a0 \u00a0 \u00a0Por Fl\u00e1vio Chaves \u2013 Jornalista, poeta, escritor e membro da Academia Pernambucana de Letras. Foi Delegado Federal\/Minc\u00a0 \u2013\u00a0\u00a0A recente pesquisa do Instituto Seta Intelig\u00eancia revelou um dado que acendeu o sinal de alerta no PSB: uma queda de 18 pontos percentuais na inten\u00e7\u00e3o de voto do prefeito do Recife, Jo\u00e3o Campos, na [&hellip;]\" \/>\n<meta property=\"og:url\" content=\"https:\/\/gazetapernambucana.com\/?p=1291\" \/>\n<meta property=\"article:published_time\" content=\"2025-07-19T03:49:23+00:00\" \/>\n<meta property=\"og:image\" content=\"https:\/\/gazetapernambucana.com\/wp-content\/uploads\/2025\/07\/download-2.jpg\" \/>\n\t<meta property=\"og:image:width\" content=\"2048\" \/>\n\t<meta property=\"og:image:height\" content=\"819\" \/>\n\t<meta property=\"og:image:type\" content=\"image\/jpeg\" \/>\n<meta name=\"author\" content=\"GP\" \/>\n<meta name=\"twitter:card\" content=\"summary_large_image\" \/>\n<meta name=\"twitter:label1\" content=\"Escrito por\" \/>\n\t<meta name=\"twitter:data1\" content=\"GP\" \/>\n\t<meta name=\"twitter:label2\" content=\"Est. tempo de leitura\" \/>\n\t<meta name=\"twitter:data2\" content=\"4 minutos\" \/>\n<script type=\"application\/ld+json\" class=\"yoast-schema-graph\">{\"@context\":\"https:\/\/schema.org\",\"@graph\":[{\"@type\":\"WebPage\",\"@id\":\"https:\/\/gazetapernambucana.com\/?p=1291\",\"url\":\"https:\/\/gazetapernambucana.com\/?p=1291\",\"name\":\"O Centro Morre, a Imagem Cai: Os 18 Pontos Perdidos de Jo\u00e3o Campos. Por Fl\u00e1vio Chaves -\",\"isPartOf\":{\"@id\":\"https:\/\/gazetapernambucana.com\/#website\"},\"primaryImageOfPage\":{\"@id\":\"https:\/\/gazetapernambucana.com\/?p=1291#primaryimage\"},\"image\":{\"@id\":\"https:\/\/gazetapernambucana.com\/?p=1291#primaryimage\"},\"thumbnailUrl\":\"https:\/\/gazetapernambucana.com\/wp-content\/uploads\/2025\/07\/download-2.jpg\",\"datePublished\":\"2025-07-19T03:49:23+00:00\",\"author\":{\"@id\":\"https:\/\/gazetapernambucana.com\/#\/schema\/person\/188dc283325181ac2de4db1e9e987427\"},\"breadcrumb\":{\"@id\":\"https:\/\/gazetapernambucana.com\/?p=1291#breadcrumb\"},\"inLanguage\":\"pt-BR\",\"potentialAction\":[{\"@type\":\"ReadAction\",\"target\":[\"https:\/\/gazetapernambucana.com\/?p=1291\"]}]},{\"@type\":\"ImageObject\",\"inLanguage\":\"pt-BR\",\"@id\":\"https:\/\/gazetapernambucana.com\/?p=1291#primaryimage\",\"url\":\"https:\/\/gazetapernambucana.com\/wp-content\/uploads\/2025\/07\/download-2.jpg\",\"contentUrl\":\"https:\/\/gazetapernambucana.com\/wp-content\/uploads\/2025\/07\/download-2.jpg\",\"width\":2048,\"height\":819},{\"@type\":\"BreadcrumbList\",\"@id\":\"https:\/\/gazetapernambucana.com\/?p=1291#breadcrumb\",\"itemListElement\":[{\"@type\":\"ListItem\",\"position\":1,\"name\":\"In\u00edcio\",\"item\":\"https:\/\/gazetapernambucana.com\/\"},{\"@type\":\"ListItem\",\"position\":2,\"name\":\"O Centro Morre, a Imagem Cai: Os 18 Pontos Perdidos de Jo\u00e3o Campos. Por Fl\u00e1vio Chaves\"}]},{\"@type\":\"WebSite\",\"@id\":\"https:\/\/gazetapernambucana.com\/#website\",\"url\":\"https:\/\/gazetapernambucana.com\/\",\"name\":\"\",\"description\":\"\",\"potentialAction\":[{\"@type\":\"SearchAction\",\"target\":{\"@type\":\"EntryPoint\",\"urlTemplate\":\"https:\/\/gazetapernambucana.com\/?s={search_term_string}\"},\"query-input\":{\"@type\":\"PropertyValueSpecification\",\"valueRequired\":true,\"valueName\":\"search_term_string\"}}],\"inLanguage\":\"pt-BR\"},{\"@type\":\"Person\",\"@id\":\"https:\/\/gazetapernambucana.com\/#\/schema\/person\/188dc283325181ac2de4db1e9e987427\",\"name\":\"GP\",\"image\":{\"@type\":\"ImageObject\",\"inLanguage\":\"pt-BR\",\"@id\":\"https:\/\/gazetapernambucana.com\/#\/schema\/person\/image\/\",\"url\":\"https:\/\/secure.gravatar.com\/avatar\/9dad78ff9a2d8b5742d11779f8a3f53b052320c550b2e1907882353c067bb111?s=96&d=mm&r=g\",\"contentUrl\":\"https:\/\/secure.gravatar.com\/avatar\/9dad78ff9a2d8b5742d11779f8a3f53b052320c550b2e1907882353c067bb111?s=96&d=mm&r=g\",\"caption\":\"GP\"},\"sameAs\":[\"http:\/\/gazetapernambucana.com\"],\"url\":\"https:\/\/gazetapernambucana.com\/?author=1\"}]}<\/script>\n<!-- \/ Yoast SEO plugin. -->","yoast_head_json":{"title":"O Centro Morre, a Imagem Cai: Os 18 Pontos Perdidos de Jo\u00e3o Campos. Por Fl\u00e1vio Chaves -","robots":{"index":"index","follow":"follow","max-snippet":"max-snippet:-1","max-image-preview":"max-image-preview:large","max-video-preview":"max-video-preview:-1"},"canonical":"https:\/\/gazetapernambucana.com\/?p=1291","og_locale":"pt_BR","og_type":"article","og_title":"O Centro Morre, a Imagem Cai: Os 18 Pontos Perdidos de Jo\u00e3o Campos. Por Fl\u00e1vio Chaves -","og_description":"\u00a0\u00a0 \u00a0 \u00a0 \u00a0Por Fl\u00e1vio Chaves \u2013 Jornalista, poeta, escritor e membro da Academia Pernambucana de Letras. Foi Delegado Federal\/Minc\u00a0 \u2013\u00a0\u00a0A recente pesquisa do Instituto Seta Intelig\u00eancia revelou um dado que acendeu o sinal de alerta no PSB: uma queda de 18 pontos percentuais na inten\u00e7\u00e3o de voto do prefeito do Recife, Jo\u00e3o Campos, na [&hellip;]","og_url":"https:\/\/gazetapernambucana.com\/?p=1291","article_published_time":"2025-07-19T03:49:23+00:00","og_image":[{"width":2048,"height":819,"url":"https:\/\/gazetapernambucana.com\/wp-content\/uploads\/2025\/07\/download-2.jpg","type":"image\/jpeg"}],"author":"GP","twitter_card":"summary_large_image","twitter_misc":{"Escrito por":"GP","Est. tempo de leitura":"4 minutos"},"schema":{"@context":"https:\/\/schema.org","@graph":[{"@type":"WebPage","@id":"https:\/\/gazetapernambucana.com\/?p=1291","url":"https:\/\/gazetapernambucana.com\/?p=1291","name":"O Centro Morre, a Imagem Cai: Os 18 Pontos Perdidos de Jo\u00e3o Campos. Por Fl\u00e1vio Chaves -","isPartOf":{"@id":"https:\/\/gazetapernambucana.com\/#website"},"primaryImageOfPage":{"@id":"https:\/\/gazetapernambucana.com\/?p=1291#primaryimage"},"image":{"@id":"https:\/\/gazetapernambucana.com\/?p=1291#primaryimage"},"thumbnailUrl":"https:\/\/gazetapernambucana.com\/wp-content\/uploads\/2025\/07\/download-2.jpg","datePublished":"2025-07-19T03:49:23+00:00","author":{"@id":"https:\/\/gazetapernambucana.com\/#\/schema\/person\/188dc283325181ac2de4db1e9e987427"},"breadcrumb":{"@id":"https:\/\/gazetapernambucana.com\/?p=1291#breadcrumb"},"inLanguage":"pt-BR","potentialAction":[{"@type":"ReadAction","target":["https:\/\/gazetapernambucana.com\/?p=1291"]}]},{"@type":"ImageObject","inLanguage":"pt-BR","@id":"https:\/\/gazetapernambucana.com\/?p=1291#primaryimage","url":"https:\/\/gazetapernambucana.com\/wp-content\/uploads\/2025\/07\/download-2.jpg","contentUrl":"https:\/\/gazetapernambucana.com\/wp-content\/uploads\/2025\/07\/download-2.jpg","width":2048,"height":819},{"@type":"BreadcrumbList","@id":"https:\/\/gazetapernambucana.com\/?p=1291#breadcrumb","itemListElement":[{"@type":"ListItem","position":1,"name":"In\u00edcio","item":"https:\/\/gazetapernambucana.com\/"},{"@type":"ListItem","position":2,"name":"O Centro Morre, a Imagem Cai: Os 18 Pontos Perdidos de Jo\u00e3o Campos. Por Fl\u00e1vio Chaves"}]},{"@type":"WebSite","@id":"https:\/\/gazetapernambucana.com\/#website","url":"https:\/\/gazetapernambucana.com\/","name":"","description":"","potentialAction":[{"@type":"SearchAction","target":{"@type":"EntryPoint","urlTemplate":"https:\/\/gazetapernambucana.com\/?s={search_term_string}"},"query-input":{"@type":"PropertyValueSpecification","valueRequired":true,"valueName":"search_term_string"}}],"inLanguage":"pt-BR"},{"@type":"Person","@id":"https:\/\/gazetapernambucana.com\/#\/schema\/person\/188dc283325181ac2de4db1e9e987427","name":"GP","image":{"@type":"ImageObject","inLanguage":"pt-BR","@id":"https:\/\/gazetapernambucana.com\/#\/schema\/person\/image\/","url":"https:\/\/secure.gravatar.com\/avatar\/9dad78ff9a2d8b5742d11779f8a3f53b052320c550b2e1907882353c067bb111?s=96&d=mm&r=g","contentUrl":"https:\/\/secure.gravatar.com\/avatar\/9dad78ff9a2d8b5742d11779f8a3f53b052320c550b2e1907882353c067bb111?s=96&d=mm&r=g","caption":"GP"},"sameAs":["http:\/\/gazetapernambucana.com"],"url":"https:\/\/gazetapernambucana.com\/?author=1"}]}},"jetpack_publicize_connections":[],"_links":{"self":[{"href":"https:\/\/gazetapernambucana.com\/index.php?rest_route=\/wp\/v2\/posts\/1291","targetHints":{"allow":["GET"]}}],"collection":[{"href":"https:\/\/gazetapernambucana.com\/index.php?rest_route=\/wp\/v2\/posts"}],"about":[{"href":"https:\/\/gazetapernambucana.com\/index.php?rest_route=\/wp\/v2\/types\/post"}],"author":[{"embeddable":true,"href":"https:\/\/gazetapernambucana.com\/index.php?rest_route=\/wp\/v2\/users\/1"}],"replies":[{"embeddable":true,"href":"https:\/\/gazetapernambucana.com\/index.php?rest_route=%2Fwp%2Fv2%2Fcomments&post=1291"}],"version-history":[{"count":1,"href":"https:\/\/gazetapernambucana.com\/index.php?rest_route=\/wp\/v2\/posts\/1291\/revisions"}],"predecessor-version":[{"id":1292,"href":"https:\/\/gazetapernambucana.com\/index.php?rest_route=\/wp\/v2\/posts\/1291\/revisions\/1292"}],"wp:featuredmedia":[{"embeddable":true,"href":"https:\/\/gazetapernambucana.com\/index.php?rest_route=\/wp\/v2\/media\/1181"}],"wp:attachment":[{"href":"https:\/\/gazetapernambucana.com\/index.php?rest_route=%2Fwp%2Fv2%2Fmedia&parent=1291"}],"wp:term":[{"taxonomy":"category","embeddable":true,"href":"https:\/\/gazetapernambucana.com\/index.php?rest_route=%2Fwp%2Fv2%2Fcategories&post=1291"},{"taxonomy":"post_tag","embeddable":true,"href":"https:\/\/gazetapernambucana.com\/index.php?rest_route=%2Fwp%2Fv2%2Ftags&post=1291"}],"curies":[{"name":"wp","href":"https:\/\/api.w.org\/{rel}","templated":true}]}}