{"id":1289,"date":"2025-07-15T01:55:57","date_gmt":"2025-07-15T04:55:57","guid":{"rendered":"https:\/\/gazetapernambucana.com\/?p=1289"},"modified":"2025-07-15T01:55:57","modified_gmt":"2025-07-15T04:55:57","slug":"faltei-dizer-a-ti-tudo-que-sentia-e-te-perdi-por-flavio-chaves","status":"publish","type":"post","link":"https:\/\/gazetapernambucana.com\/?p=1289","title":{"rendered":"Faltei dizer a ti tudo que sentia e te perdi. Por Fl\u00e1vio Chaves"},"content":{"rendered":"<p><img loading=\"lazy\" decoding=\"async\" class=\"alignnone size-medium wp-image-174119\" src=\"https:\/\/flaviochaves.com.br\/wp-content\/uploads\/2025\/06\/466974204_882266677415909_7722904790121753745_n-1-1-300x300.jpg\" alt=\"\" width=\"300\" height=\"300\" \/>\u00a0 <strong>Por Fl\u00e1vio Chaves \u2013 Jornalista, poeta, escritor e membro da Academia Pernambucana de Letras. Foi Delegado Federal\/Minc\u00a0 \u2013<\/strong>\u00a0 Se eu tivesse dito o que senti, o mundo talvez tivesse parado por um instante para escutar. Porque havia em mim um amor que n\u00e3o cabia no tempo, nem se submetia ao calend\u00e1rio das palavras n\u00e3o ditas. Se eu tivesse dito o que senti, voc\u00ea saberia que era casa mesmo antes de abrir a porta. Que eu j\u00e1 morava nos teus gestos muito antes de me perder no teu nome.<\/p>\n<p>Eu teria dito, sem hesitar, que o seu sil\u00eancio era m\u00fasica. Que sua risada, meio torta, era meu lugar de descanso. Teria confessado que o modo como voc\u00ea ajeitava o cabelo, distra\u00edda, era meu retrato favorito da vida. Mas calei. Calei porque o amor, quando \u00e9 inteiro, assusta. E eu, feito menino diante do mar, temi a onda que me tomaria se eu mergulhasse por completo.<\/p>\n<p>Voc\u00ea saberia que, nas noites em que n\u00e3o nos falamos, eu ainda pensava em voc\u00ea com o mesmo cuidado com que se sopra um c\u00edlio para fazer um pedido. Que a aus\u00eancia era presen\u00e7a invertida, e que, mesmo distante, voc\u00ea ocupava o centro exato do meu afeto.<\/p>\n<p>Se eu tivesse dito o que senti, voc\u00ea saberia que n\u00e3o era exagero, era excesso. N\u00e3o era car\u00eancia, era transbordamento. Que eu queria ficar, mas n\u00e3o por in\u00e9rcia \u2014 por escolha. Queria olhos nos olhos, m\u00e3os inteiras, reciprocidade que n\u00e3o mendiga.<\/p>\n<p>Talvez tenha sido orgulho. Ou medo. Ou os dois disfar\u00e7ados de raz\u00e3o. Mas deixei passar. E hoje carrego esse amor como quem leva uma flor no bolso: escondida, mas viva. Fr\u00e1gil, mas eterna. Se eu tivesse dito, talvez voc\u00ea tivesse ficado. Ou talvez n\u00e3o. Mas saberia. Saberia que foi amada com um amor que n\u00e3o pediu licen\u00e7a. Que apenas foi. Como o vento, como a chuva que chega sem avisar.<\/p>\n<p>Hoje, se houvesse um \u00faltimo instante entre n\u00f3s, eu te diria, com a prece da alma dos que sonham intensamente e todos os sil\u00eancios, que ainda sinto. Que sempre senti. Que o que ficou em mim tem o seu nome bordado no peito. E que, se alguma parte sua tamb\u00e9m sente, ent\u00e3o talvez, apenas talvez, ainda haja tempo para acender de novo o que nunca deixou de arder.<\/p>\n<p>Porque o amor de verdade nunca parte. Ele apenas espera, silenciosamente, no cora\u00e7\u00e3o de quem ainda ousa lembrar.<\/p>\n","protected":false},"excerpt":{"rendered":"<p>\u00a0 Por Fl\u00e1vio Chaves \u2013 Jornalista, poeta, escritor e membro da Academia Pernambucana de Letras. Foi Delegado Federal\/Minc\u00a0 \u2013\u00a0 Se eu tivesse dito o que senti, o mundo talvez tivesse parado por um instante para escutar. Porque havia em mim um amor que n\u00e3o cabia no tempo, nem se submetia ao calend\u00e1rio das palavras n\u00e3o [&hellip;]<\/p>\n","protected":false},"author":1,"featured_media":1093,"comment_status":"open","ping_status":"open","sticky":false,"template":"","format":"standard","meta":{"footnotes":"","jetpack_publicize_message":"","jetpack_publicize_feature_enabled":true,"jetpack_social_post_already_shared":false,"jetpack_social_options":{"image_generator_settings":{"template":"highway","default_image_id":0,"font":"","enabled":false},"version":2}},"categories":[1,46,76],"tags":[],"class_list":["post-1289","post","type-post","status-publish","format-standard","has-post-thumbnail","hentry","category-https-gazetapernambucana-com-page_id225","category-literatura","category-opiniao"],"yoast_head":"<!-- This site is optimized with the Yoast SEO plugin v24.5 - https:\/\/yoast.com\/wordpress\/plugins\/seo\/ -->\n<title>Faltei dizer a ti tudo que sentia e te perdi. Por Fl\u00e1vio Chaves -<\/title>\n<meta name=\"robots\" content=\"index, follow, max-snippet:-1, max-image-preview:large, max-video-preview:-1\" \/>\n<link rel=\"canonical\" href=\"https:\/\/gazetapernambucana.com\/?p=1289\" \/>\n<meta property=\"og:locale\" content=\"pt_BR\" \/>\n<meta property=\"og:type\" content=\"article\" \/>\n<meta property=\"og:title\" content=\"Faltei dizer a ti tudo que sentia e te perdi. Por Fl\u00e1vio Chaves -\" \/>\n<meta property=\"og:description\" content=\"\u00a0 Por Fl\u00e1vio Chaves \u2013 Jornalista, poeta, escritor e membro da Academia Pernambucana de Letras. Foi Delegado Federal\/Minc\u00a0 \u2013\u00a0 Se eu tivesse dito o que senti, o mundo talvez tivesse parado por um instante para escutar. Porque havia em mim um amor que n\u00e3o cabia no tempo, nem se submetia ao calend\u00e1rio das palavras n\u00e3o [&hellip;]\" \/>\n<meta property=\"og:url\" content=\"https:\/\/gazetapernambucana.com\/?p=1289\" \/>\n<meta property=\"article:published_time\" content=\"2025-07-15T04:55:57+00:00\" \/>\n<meta property=\"og:image\" content=\"https:\/\/gazetapernambucana.com\/wp-content\/uploads\/2025\/06\/466974204_882266677415909_7722904790121753745_n-1-1-300x300-1.jpg\" \/>\n\t<meta property=\"og:image:width\" content=\"300\" \/>\n\t<meta property=\"og:image:height\" content=\"300\" \/>\n\t<meta property=\"og:image:type\" content=\"image\/jpeg\" \/>\n<meta name=\"author\" content=\"GP\" \/>\n<meta name=\"twitter:card\" content=\"summary_large_image\" \/>\n<meta name=\"twitter:label1\" content=\"Escrito por\" \/>\n\t<meta name=\"twitter:data1\" content=\"GP\" \/>\n\t<meta name=\"twitter:label2\" content=\"Est. tempo de leitura\" \/>\n\t<meta name=\"twitter:data2\" content=\"3 minutos\" \/>\n<script type=\"application\/ld+json\" class=\"yoast-schema-graph\">{\"@context\":\"https:\/\/schema.org\",\"@graph\":[{\"@type\":\"WebPage\",\"@id\":\"https:\/\/gazetapernambucana.com\/?p=1289\",\"url\":\"https:\/\/gazetapernambucana.com\/?p=1289\",\"name\":\"Faltei dizer a ti tudo que sentia e te perdi. Por Fl\u00e1vio Chaves -\",\"isPartOf\":{\"@id\":\"https:\/\/gazetapernambucana.com\/#website\"},\"primaryImageOfPage\":{\"@id\":\"https:\/\/gazetapernambucana.com\/?p=1289#primaryimage\"},\"image\":{\"@id\":\"https:\/\/gazetapernambucana.com\/?p=1289#primaryimage\"},\"thumbnailUrl\":\"https:\/\/gazetapernambucana.com\/wp-content\/uploads\/2025\/06\/466974204_882266677415909_7722904790121753745_n-1-1-300x300-1.jpg\",\"datePublished\":\"2025-07-15T04:55:57+00:00\",\"author\":{\"@id\":\"https:\/\/gazetapernambucana.com\/#\/schema\/person\/188dc283325181ac2de4db1e9e987427\"},\"breadcrumb\":{\"@id\":\"https:\/\/gazetapernambucana.com\/?p=1289#breadcrumb\"},\"inLanguage\":\"pt-BR\",\"potentialAction\":[{\"@type\":\"ReadAction\",\"target\":[\"https:\/\/gazetapernambucana.com\/?p=1289\"]}]},{\"@type\":\"ImageObject\",\"inLanguage\":\"pt-BR\",\"@id\":\"https:\/\/gazetapernambucana.com\/?p=1289#primaryimage\",\"url\":\"https:\/\/gazetapernambucana.com\/wp-content\/uploads\/2025\/06\/466974204_882266677415909_7722904790121753745_n-1-1-300x300-1.jpg\",\"contentUrl\":\"https:\/\/gazetapernambucana.com\/wp-content\/uploads\/2025\/06\/466974204_882266677415909_7722904790121753745_n-1-1-300x300-1.jpg\",\"width\":300,\"height\":300},{\"@type\":\"BreadcrumbList\",\"@id\":\"https:\/\/gazetapernambucana.com\/?p=1289#breadcrumb\",\"itemListElement\":[{\"@type\":\"ListItem\",\"position\":1,\"name\":\"In\u00edcio\",\"item\":\"https:\/\/gazetapernambucana.com\/\"},{\"@type\":\"ListItem\",\"position\":2,\"name\":\"Faltei dizer a ti tudo que sentia e te perdi. Por Fl\u00e1vio Chaves\"}]},{\"@type\":\"WebSite\",\"@id\":\"https:\/\/gazetapernambucana.com\/#website\",\"url\":\"https:\/\/gazetapernambucana.com\/\",\"name\":\"\",\"description\":\"\",\"potentialAction\":[{\"@type\":\"SearchAction\",\"target\":{\"@type\":\"EntryPoint\",\"urlTemplate\":\"https:\/\/gazetapernambucana.com\/?s={search_term_string}\"},\"query-input\":{\"@type\":\"PropertyValueSpecification\",\"valueRequired\":true,\"valueName\":\"search_term_string\"}}],\"inLanguage\":\"pt-BR\"},{\"@type\":\"Person\",\"@id\":\"https:\/\/gazetapernambucana.com\/#\/schema\/person\/188dc283325181ac2de4db1e9e987427\",\"name\":\"GP\",\"image\":{\"@type\":\"ImageObject\",\"inLanguage\":\"pt-BR\",\"@id\":\"https:\/\/gazetapernambucana.com\/#\/schema\/person\/image\/\",\"url\":\"https:\/\/secure.gravatar.com\/avatar\/9dad78ff9a2d8b5742d11779f8a3f53b052320c550b2e1907882353c067bb111?s=96&d=mm&r=g\",\"contentUrl\":\"https:\/\/secure.gravatar.com\/avatar\/9dad78ff9a2d8b5742d11779f8a3f53b052320c550b2e1907882353c067bb111?s=96&d=mm&r=g\",\"caption\":\"GP\"},\"sameAs\":[\"http:\/\/gazetapernambucana.com\"],\"url\":\"https:\/\/gazetapernambucana.com\/?author=1\"}]}<\/script>\n<!-- \/ Yoast SEO plugin. -->","yoast_head_json":{"title":"Faltei dizer a ti tudo que sentia e te perdi. Por Fl\u00e1vio Chaves -","robots":{"index":"index","follow":"follow","max-snippet":"max-snippet:-1","max-image-preview":"max-image-preview:large","max-video-preview":"max-video-preview:-1"},"canonical":"https:\/\/gazetapernambucana.com\/?p=1289","og_locale":"pt_BR","og_type":"article","og_title":"Faltei dizer a ti tudo que sentia e te perdi. Por Fl\u00e1vio Chaves -","og_description":"\u00a0 Por Fl\u00e1vio Chaves \u2013 Jornalista, poeta, escritor e membro da Academia Pernambucana de Letras. Foi Delegado Federal\/Minc\u00a0 \u2013\u00a0 Se eu tivesse dito o que senti, o mundo talvez tivesse parado por um instante para escutar. Porque havia em mim um amor que n\u00e3o cabia no tempo, nem se submetia ao calend\u00e1rio das palavras n\u00e3o [&hellip;]","og_url":"https:\/\/gazetapernambucana.com\/?p=1289","article_published_time":"2025-07-15T04:55:57+00:00","og_image":[{"width":300,"height":300,"url":"https:\/\/gazetapernambucana.com\/wp-content\/uploads\/2025\/06\/466974204_882266677415909_7722904790121753745_n-1-1-300x300-1.jpg","type":"image\/jpeg"}],"author":"GP","twitter_card":"summary_large_image","twitter_misc":{"Escrito por":"GP","Est. tempo de leitura":"3 minutos"},"schema":{"@context":"https:\/\/schema.org","@graph":[{"@type":"WebPage","@id":"https:\/\/gazetapernambucana.com\/?p=1289","url":"https:\/\/gazetapernambucana.com\/?p=1289","name":"Faltei dizer a ti tudo que sentia e te perdi. Por Fl\u00e1vio Chaves -","isPartOf":{"@id":"https:\/\/gazetapernambucana.com\/#website"},"primaryImageOfPage":{"@id":"https:\/\/gazetapernambucana.com\/?p=1289#primaryimage"},"image":{"@id":"https:\/\/gazetapernambucana.com\/?p=1289#primaryimage"},"thumbnailUrl":"https:\/\/gazetapernambucana.com\/wp-content\/uploads\/2025\/06\/466974204_882266677415909_7722904790121753745_n-1-1-300x300-1.jpg","datePublished":"2025-07-15T04:55:57+00:00","author":{"@id":"https:\/\/gazetapernambucana.com\/#\/schema\/person\/188dc283325181ac2de4db1e9e987427"},"breadcrumb":{"@id":"https:\/\/gazetapernambucana.com\/?p=1289#breadcrumb"},"inLanguage":"pt-BR","potentialAction":[{"@type":"ReadAction","target":["https:\/\/gazetapernambucana.com\/?p=1289"]}]},{"@type":"ImageObject","inLanguage":"pt-BR","@id":"https:\/\/gazetapernambucana.com\/?p=1289#primaryimage","url":"https:\/\/gazetapernambucana.com\/wp-content\/uploads\/2025\/06\/466974204_882266677415909_7722904790121753745_n-1-1-300x300-1.jpg","contentUrl":"https:\/\/gazetapernambucana.com\/wp-content\/uploads\/2025\/06\/466974204_882266677415909_7722904790121753745_n-1-1-300x300-1.jpg","width":300,"height":300},{"@type":"BreadcrumbList","@id":"https:\/\/gazetapernambucana.com\/?p=1289#breadcrumb","itemListElement":[{"@type":"ListItem","position":1,"name":"In\u00edcio","item":"https:\/\/gazetapernambucana.com\/"},{"@type":"ListItem","position":2,"name":"Faltei dizer a ti tudo que sentia e te perdi. Por Fl\u00e1vio Chaves"}]},{"@type":"WebSite","@id":"https:\/\/gazetapernambucana.com\/#website","url":"https:\/\/gazetapernambucana.com\/","name":"","description":"","potentialAction":[{"@type":"SearchAction","target":{"@type":"EntryPoint","urlTemplate":"https:\/\/gazetapernambucana.com\/?s={search_term_string}"},"query-input":{"@type":"PropertyValueSpecification","valueRequired":true,"valueName":"search_term_string"}}],"inLanguage":"pt-BR"},{"@type":"Person","@id":"https:\/\/gazetapernambucana.com\/#\/schema\/person\/188dc283325181ac2de4db1e9e987427","name":"GP","image":{"@type":"ImageObject","inLanguage":"pt-BR","@id":"https:\/\/gazetapernambucana.com\/#\/schema\/person\/image\/","url":"https:\/\/secure.gravatar.com\/avatar\/9dad78ff9a2d8b5742d11779f8a3f53b052320c550b2e1907882353c067bb111?s=96&d=mm&r=g","contentUrl":"https:\/\/secure.gravatar.com\/avatar\/9dad78ff9a2d8b5742d11779f8a3f53b052320c550b2e1907882353c067bb111?s=96&d=mm&r=g","caption":"GP"},"sameAs":["http:\/\/gazetapernambucana.com"],"url":"https:\/\/gazetapernambucana.com\/?author=1"}]}},"jetpack_publicize_connections":[],"_links":{"self":[{"href":"https:\/\/gazetapernambucana.com\/index.php?rest_route=\/wp\/v2\/posts\/1289","targetHints":{"allow":["GET"]}}],"collection":[{"href":"https:\/\/gazetapernambucana.com\/index.php?rest_route=\/wp\/v2\/posts"}],"about":[{"href":"https:\/\/gazetapernambucana.com\/index.php?rest_route=\/wp\/v2\/types\/post"}],"author":[{"embeddable":true,"href":"https:\/\/gazetapernambucana.com\/index.php?rest_route=\/wp\/v2\/users\/1"}],"replies":[{"embeddable":true,"href":"https:\/\/gazetapernambucana.com\/index.php?rest_route=%2Fwp%2Fv2%2Fcomments&post=1289"}],"version-history":[{"count":1,"href":"https:\/\/gazetapernambucana.com\/index.php?rest_route=\/wp\/v2\/posts\/1289\/revisions"}],"predecessor-version":[{"id":1290,"href":"https:\/\/gazetapernambucana.com\/index.php?rest_route=\/wp\/v2\/posts\/1289\/revisions\/1290"}],"wp:featuredmedia":[{"embeddable":true,"href":"https:\/\/gazetapernambucana.com\/index.php?rest_route=\/wp\/v2\/media\/1093"}],"wp:attachment":[{"href":"https:\/\/gazetapernambucana.com\/index.php?rest_route=%2Fwp%2Fv2%2Fmedia&parent=1289"}],"wp:term":[{"taxonomy":"category","embeddable":true,"href":"https:\/\/gazetapernambucana.com\/index.php?rest_route=%2Fwp%2Fv2%2Fcategories&post=1289"},{"taxonomy":"post_tag","embeddable":true,"href":"https:\/\/gazetapernambucana.com\/index.php?rest_route=%2Fwp%2Fv2%2Ftags&post=1289"}],"curies":[{"name":"wp","href":"https:\/\/api.w.org\/{rel}","templated":true}]}}