{"id":1283,"date":"2025-07-13T22:33:20","date_gmt":"2025-07-14T01:33:20","guid":{"rendered":"https:\/\/gazetapernambucana.com\/?p=1283"},"modified":"2025-07-13T23:42:07","modified_gmt":"2025-07-14T02:42:07","slug":"para-minha-mae-que-me-ensinou-a-nao-me-perder-da-infancia-por-flavio-chaves","status":"publish","type":"post","link":"https:\/\/gazetapernambucana.com\/?p=1283","title":{"rendered":"Para minha m\u00e3e, que me ensinou a n\u00e3o me perder da inf\u00e2ncia. Por Fl\u00e1vio Chaves"},"content":{"rendered":"<h2 data-start=\"408\" data-end=\"793\">&#8220;Menino, escreva bonito. Deus tamb\u00e9m l\u00ea.&#8221;:\u00a0 Minha m\u00e3e sempre dizia.<\/h2>\n<p data-start=\"408\" data-end=\"793\"><img loading=\"lazy\" decoding=\"async\" class=\"alignnone size-medium wp-image-174337\" src=\"https:\/\/flaviochaves.com.br\/wp-content\/uploads\/2025\/07\/516787470_25047284091523873_183056062188469242_n-300x300.jpg\" sizes=\"auto, (max-width: 300px) 100vw, 300px\" srcset=\"https:\/\/flaviochaves.com.br\/wp-content\/uploads\/2025\/07\/516787470_25047284091523873_183056062188469242_n-300x300.jpg 300w, https:\/\/flaviochaves.com.br\/wp-content\/uploads\/2025\/07\/516787470_25047284091523873_183056062188469242_n-650x650.jpg 650w, https:\/\/flaviochaves.com.br\/wp-content\/uploads\/2025\/07\/516787470_25047284091523873_183056062188469242_n-150x150.jpg 150w, https:\/\/flaviochaves.com.br\/wp-content\/uploads\/2025\/07\/516787470_25047284091523873_183056062188469242_n-768x768.jpg 768w, https:\/\/flaviochaves.com.br\/wp-content\/uploads\/2025\/07\/516787470_25047284091523873_183056062188469242_n-144x144.jpg 144w, https:\/\/flaviochaves.com.br\/wp-content\/uploads\/2025\/07\/516787470_25047284091523873_183056062188469242_n.jpg 1024w\" alt=\"\" width=\"300\" height=\"300\" \/>\u00a0\u00a0<strong>Por Fl\u00e1vio Chaves \u2013 Jornalista, poeta, escritor e membro da Academia Pernambucana de Letras. Foi Delegado Federal\/Minc\u00a0 \u2013<\/strong> H\u00e1 um lugar em mim onde minha m\u00e3e ainda mora. N\u00e3o \u00e9 apenas lembran\u00e7a, \u00e9 uma morada viva, firme e silenciosa. Est\u00e1 assentada entre os gestos que me formaram, os sil\u00eancios que me ensinaram e as palavras que me colocaram de p\u00e9. Foi ela quem moldou o tempo com as m\u00e3os: acendia o dia antes da aurora e o encerrava com uma ora\u00e7\u00e3o costurada ao nosso cansa\u00e7o. Sua vida era of\u00edcio e oferenda.<\/p>\n<p data-start=\"795\" data-end=\"1250\">Minha m\u00e3e foi, e permanece sendo, a subst\u00e2ncia de minha elabora\u00e7\u00e3o. Ela n\u00e3o apenas me deu a inf\u00e2ncia; ela me ensinou a mant\u00ea-la viva dentro de mim. E isso n\u00e3o se aprende nos livros, aprende-se na conviv\u00eancia com algu\u00e9m que sabe transformar o pouco em abund\u00e2ncia e a luta em li\u00e7\u00e3o. Ela foi engenheira da esperan\u00e7a, todos os dias subindo montanhas invis\u00edveis, mesmo exausta, com a alma inteira, para construi um mundo sacrossanto que coubesse todos n\u00f3s. E nunca deixava cair a delicadeza<\/p>\n<p data-start=\"1252\" data-end=\"1678\">Ela lia. Lia os meus textos com olhos acesos, como quem escutava minha alma antes mesmo de ouvir minha voz. Lia os livros que eu escrevi com o respeito de quem sabia que o papel guarda muito mais do que tinta: guarda peda\u00e7os de vida, de mem\u00f3ria, de ang\u00fastia e amor. Minha m\u00e3e lia a mim, e me devolvia com coment\u00e1rios breves, \u00e0s vezes sorrisos, \u00e0s vezes sil\u00eancio. Mas em tudo havia compreens\u00e3o. E era isso que me fazia seguir.<\/p>\n<p data-start=\"1680\" data-end=\"2120\">Se hoje escrevo com densidade e cora\u00e7\u00e3o, \u00e9 porque fui amado com firmeza e ternura. Se busco nas palavras uma forma de permanecer, \u00e9 porque tive quem me ensinasse que a perman\u00eancia n\u00e3o est\u00e1 no que brilha, mas no que resiste. Minha m\u00e3e me ensinou a escutar o mundo. A escrever com os olhos. A perceber os detalhes invis\u00edveis. E, sobretudo, a nunca me perder da minha inf\u00e2ncia, aquela parte sagrada que habita o que somos de mais verdadeiro.<\/p>\n<p data-start=\"2122\" data-end=\"2370\">Neste domingo anoitecido, sinto que tudo o que fa\u00e7o, escrever, sonhar, insistir, ainda carrega as digitais dela. Ela continua aqui, n\u00e3o no tempo das horas, mas no tempo do afeto. Mora onde mora a palavra, onde mora a pausa, onde mora a lembran\u00e7a.<\/p>\n<p data-start=\"2372\" data-end=\"2504\">Minha m\u00e3e foi minha primeira casa.<br data-start=\"2406\" data-end=\"2409\" \/>Hoje, \u00e9 meu pa\u00eds de origem.<br data-start=\"2436\" data-end=\"2439\" \/>E ser\u00e1, para sempre, o sil\u00eancio mais cheio de vida que h\u00e1 em mim.<\/p>\n","protected":false},"excerpt":{"rendered":"<p>&#8220;Menino, escreva bonito. Deus tamb\u00e9m l\u00ea.&#8221;:\u00a0 Minha m\u00e3e sempre dizia. \u00a0\u00a0Por Fl\u00e1vio Chaves \u2013 Jornalista, poeta, escritor e membro da Academia Pernambucana de Letras. Foi Delegado Federal\/Minc\u00a0 \u2013 H\u00e1 um lugar em mim onde minha m\u00e3e ainda mora. N\u00e3o \u00e9 apenas lembran\u00e7a, \u00e9 uma morada viva, firme e silenciosa. Est\u00e1 assentada entre os gestos que [&hellip;]<\/p>\n","protected":false},"author":1,"featured_media":1284,"comment_status":"open","ping_status":"open","sticky":false,"template":"","format":"standard","meta":{"footnotes":"","jetpack_publicize_message":"","jetpack_publicize_feature_enabled":true,"jetpack_social_post_already_shared":false,"jetpack_social_options":{"image_generator_settings":{"template":"highway","default_image_id":0,"font":"","enabled":false},"version":2}},"categories":[1,46],"tags":[],"class_list":["post-1283","post","type-post","status-publish","format-standard","has-post-thumbnail","hentry","category-https-gazetapernambucana-com-page_id225","category-literatura"],"yoast_head":"<!-- This site is optimized with the Yoast SEO plugin v24.5 - https:\/\/yoast.com\/wordpress\/plugins\/seo\/ -->\n<title>Para minha m\u00e3e, que me ensinou a n\u00e3o me perder da inf\u00e2ncia. Por Fl\u00e1vio Chaves -<\/title>\n<meta name=\"robots\" content=\"index, follow, max-snippet:-1, max-image-preview:large, max-video-preview:-1\" \/>\n<link rel=\"canonical\" href=\"https:\/\/gazetapernambucana.com\/?p=1283\" \/>\n<meta property=\"og:locale\" content=\"pt_BR\" \/>\n<meta property=\"og:type\" content=\"article\" \/>\n<meta property=\"og:title\" content=\"Para minha m\u00e3e, que me ensinou a n\u00e3o me perder da inf\u00e2ncia. Por Fl\u00e1vio Chaves -\" \/>\n<meta property=\"og:description\" content=\"&#8220;Menino, escreva bonito. Deus tamb\u00e9m l\u00ea.&#8221;:\u00a0 Minha m\u00e3e sempre dizia. \u00a0\u00a0Por Fl\u00e1vio Chaves \u2013 Jornalista, poeta, escritor e membro da Academia Pernambucana de Letras. Foi Delegado Federal\/Minc\u00a0 \u2013 H\u00e1 um lugar em mim onde minha m\u00e3e ainda mora. N\u00e3o \u00e9 apenas lembran\u00e7a, \u00e9 uma morada viva, firme e silenciosa. Est\u00e1 assentada entre os gestos que [&hellip;]\" \/>\n<meta property=\"og:url\" content=\"https:\/\/gazetapernambucana.com\/?p=1283\" \/>\n<meta property=\"article:published_time\" content=\"2025-07-14T01:33:20+00:00\" \/>\n<meta property=\"article:modified_time\" content=\"2025-07-14T02:42:07+00:00\" \/>\n<meta property=\"og:image\" content=\"https:\/\/gazetapernambucana.com\/wp-content\/uploads\/2025\/07\/516787470_25047284091523873_183056062188469242_n.jpg\" \/>\n\t<meta property=\"og:image:width\" content=\"1024\" \/>\n\t<meta property=\"og:image:height\" content=\"1024\" \/>\n\t<meta property=\"og:image:type\" content=\"image\/jpeg\" \/>\n<meta name=\"author\" content=\"GP\" \/>\n<meta name=\"twitter:card\" content=\"summary_large_image\" \/>\n<meta name=\"twitter:label1\" content=\"Escrito por\" \/>\n\t<meta name=\"twitter:data1\" content=\"GP\" \/>\n\t<meta name=\"twitter:label2\" content=\"Est. tempo de leitura\" \/>\n\t<meta name=\"twitter:data2\" content=\"3 minutos\" \/>\n<script type=\"application\/ld+json\" class=\"yoast-schema-graph\">{\"@context\":\"https:\/\/schema.org\",\"@graph\":[{\"@type\":\"WebPage\",\"@id\":\"https:\/\/gazetapernambucana.com\/?p=1283\",\"url\":\"https:\/\/gazetapernambucana.com\/?p=1283\",\"name\":\"Para minha m\u00e3e, que me ensinou a n\u00e3o me perder da inf\u00e2ncia. Por Fl\u00e1vio Chaves -\",\"isPartOf\":{\"@id\":\"https:\/\/gazetapernambucana.com\/#website\"},\"primaryImageOfPage\":{\"@id\":\"https:\/\/gazetapernambucana.com\/?p=1283#primaryimage\"},\"image\":{\"@id\":\"https:\/\/gazetapernambucana.com\/?p=1283#primaryimage\"},\"thumbnailUrl\":\"https:\/\/gazetapernambucana.com\/wp-content\/uploads\/2025\/07\/516787470_25047284091523873_183056062188469242_n.jpg\",\"datePublished\":\"2025-07-14T01:33:20+00:00\",\"dateModified\":\"2025-07-14T02:42:07+00:00\",\"author\":{\"@id\":\"https:\/\/gazetapernambucana.com\/#\/schema\/person\/188dc283325181ac2de4db1e9e987427\"},\"breadcrumb\":{\"@id\":\"https:\/\/gazetapernambucana.com\/?p=1283#breadcrumb\"},\"inLanguage\":\"pt-BR\",\"potentialAction\":[{\"@type\":\"ReadAction\",\"target\":[\"https:\/\/gazetapernambucana.com\/?p=1283\"]}]},{\"@type\":\"ImageObject\",\"inLanguage\":\"pt-BR\",\"@id\":\"https:\/\/gazetapernambucana.com\/?p=1283#primaryimage\",\"url\":\"https:\/\/gazetapernambucana.com\/wp-content\/uploads\/2025\/07\/516787470_25047284091523873_183056062188469242_n.jpg\",\"contentUrl\":\"https:\/\/gazetapernambucana.com\/wp-content\/uploads\/2025\/07\/516787470_25047284091523873_183056062188469242_n.jpg\",\"width\":1024,\"height\":1024},{\"@type\":\"BreadcrumbList\",\"@id\":\"https:\/\/gazetapernambucana.com\/?p=1283#breadcrumb\",\"itemListElement\":[{\"@type\":\"ListItem\",\"position\":1,\"name\":\"In\u00edcio\",\"item\":\"https:\/\/gazetapernambucana.com\/\"},{\"@type\":\"ListItem\",\"position\":2,\"name\":\"Para minha m\u00e3e, que me ensinou a n\u00e3o me perder da inf\u00e2ncia. Por Fl\u00e1vio Chaves\"}]},{\"@type\":\"WebSite\",\"@id\":\"https:\/\/gazetapernambucana.com\/#website\",\"url\":\"https:\/\/gazetapernambucana.com\/\",\"name\":\"\",\"description\":\"\",\"potentialAction\":[{\"@type\":\"SearchAction\",\"target\":{\"@type\":\"EntryPoint\",\"urlTemplate\":\"https:\/\/gazetapernambucana.com\/?s={search_term_string}\"},\"query-input\":{\"@type\":\"PropertyValueSpecification\",\"valueRequired\":true,\"valueName\":\"search_term_string\"}}],\"inLanguage\":\"pt-BR\"},{\"@type\":\"Person\",\"@id\":\"https:\/\/gazetapernambucana.com\/#\/schema\/person\/188dc283325181ac2de4db1e9e987427\",\"name\":\"GP\",\"image\":{\"@type\":\"ImageObject\",\"inLanguage\":\"pt-BR\",\"@id\":\"https:\/\/gazetapernambucana.com\/#\/schema\/person\/image\/\",\"url\":\"https:\/\/secure.gravatar.com\/avatar\/9dad78ff9a2d8b5742d11779f8a3f53b052320c550b2e1907882353c067bb111?s=96&d=mm&r=g\",\"contentUrl\":\"https:\/\/secure.gravatar.com\/avatar\/9dad78ff9a2d8b5742d11779f8a3f53b052320c550b2e1907882353c067bb111?s=96&d=mm&r=g\",\"caption\":\"GP\"},\"sameAs\":[\"http:\/\/gazetapernambucana.com\"],\"url\":\"https:\/\/gazetapernambucana.com\/?author=1\"}]}<\/script>\n<!-- \/ Yoast SEO plugin. -->","yoast_head_json":{"title":"Para minha m\u00e3e, que me ensinou a n\u00e3o me perder da inf\u00e2ncia. Por Fl\u00e1vio Chaves -","robots":{"index":"index","follow":"follow","max-snippet":"max-snippet:-1","max-image-preview":"max-image-preview:large","max-video-preview":"max-video-preview:-1"},"canonical":"https:\/\/gazetapernambucana.com\/?p=1283","og_locale":"pt_BR","og_type":"article","og_title":"Para minha m\u00e3e, que me ensinou a n\u00e3o me perder da inf\u00e2ncia. Por Fl\u00e1vio Chaves -","og_description":"&#8220;Menino, escreva bonito. Deus tamb\u00e9m l\u00ea.&#8221;:\u00a0 Minha m\u00e3e sempre dizia. \u00a0\u00a0Por Fl\u00e1vio Chaves \u2013 Jornalista, poeta, escritor e membro da Academia Pernambucana de Letras. Foi Delegado Federal\/Minc\u00a0 \u2013 H\u00e1 um lugar em mim onde minha m\u00e3e ainda mora. N\u00e3o \u00e9 apenas lembran\u00e7a, \u00e9 uma morada viva, firme e silenciosa. Est\u00e1 assentada entre os gestos que [&hellip;]","og_url":"https:\/\/gazetapernambucana.com\/?p=1283","article_published_time":"2025-07-14T01:33:20+00:00","article_modified_time":"2025-07-14T02:42:07+00:00","og_image":[{"width":1024,"height":1024,"url":"https:\/\/gazetapernambucana.com\/wp-content\/uploads\/2025\/07\/516787470_25047284091523873_183056062188469242_n.jpg","type":"image\/jpeg"}],"author":"GP","twitter_card":"summary_large_image","twitter_misc":{"Escrito por":"GP","Est. tempo de leitura":"3 minutos"},"schema":{"@context":"https:\/\/schema.org","@graph":[{"@type":"WebPage","@id":"https:\/\/gazetapernambucana.com\/?p=1283","url":"https:\/\/gazetapernambucana.com\/?p=1283","name":"Para minha m\u00e3e, que me ensinou a n\u00e3o me perder da inf\u00e2ncia. Por Fl\u00e1vio Chaves -","isPartOf":{"@id":"https:\/\/gazetapernambucana.com\/#website"},"primaryImageOfPage":{"@id":"https:\/\/gazetapernambucana.com\/?p=1283#primaryimage"},"image":{"@id":"https:\/\/gazetapernambucana.com\/?p=1283#primaryimage"},"thumbnailUrl":"https:\/\/gazetapernambucana.com\/wp-content\/uploads\/2025\/07\/516787470_25047284091523873_183056062188469242_n.jpg","datePublished":"2025-07-14T01:33:20+00:00","dateModified":"2025-07-14T02:42:07+00:00","author":{"@id":"https:\/\/gazetapernambucana.com\/#\/schema\/person\/188dc283325181ac2de4db1e9e987427"},"breadcrumb":{"@id":"https:\/\/gazetapernambucana.com\/?p=1283#breadcrumb"},"inLanguage":"pt-BR","potentialAction":[{"@type":"ReadAction","target":["https:\/\/gazetapernambucana.com\/?p=1283"]}]},{"@type":"ImageObject","inLanguage":"pt-BR","@id":"https:\/\/gazetapernambucana.com\/?p=1283#primaryimage","url":"https:\/\/gazetapernambucana.com\/wp-content\/uploads\/2025\/07\/516787470_25047284091523873_183056062188469242_n.jpg","contentUrl":"https:\/\/gazetapernambucana.com\/wp-content\/uploads\/2025\/07\/516787470_25047284091523873_183056062188469242_n.jpg","width":1024,"height":1024},{"@type":"BreadcrumbList","@id":"https:\/\/gazetapernambucana.com\/?p=1283#breadcrumb","itemListElement":[{"@type":"ListItem","position":1,"name":"In\u00edcio","item":"https:\/\/gazetapernambucana.com\/"},{"@type":"ListItem","position":2,"name":"Para minha m\u00e3e, que me ensinou a n\u00e3o me perder da inf\u00e2ncia. Por Fl\u00e1vio Chaves"}]},{"@type":"WebSite","@id":"https:\/\/gazetapernambucana.com\/#website","url":"https:\/\/gazetapernambucana.com\/","name":"","description":"","potentialAction":[{"@type":"SearchAction","target":{"@type":"EntryPoint","urlTemplate":"https:\/\/gazetapernambucana.com\/?s={search_term_string}"},"query-input":{"@type":"PropertyValueSpecification","valueRequired":true,"valueName":"search_term_string"}}],"inLanguage":"pt-BR"},{"@type":"Person","@id":"https:\/\/gazetapernambucana.com\/#\/schema\/person\/188dc283325181ac2de4db1e9e987427","name":"GP","image":{"@type":"ImageObject","inLanguage":"pt-BR","@id":"https:\/\/gazetapernambucana.com\/#\/schema\/person\/image\/","url":"https:\/\/secure.gravatar.com\/avatar\/9dad78ff9a2d8b5742d11779f8a3f53b052320c550b2e1907882353c067bb111?s=96&d=mm&r=g","contentUrl":"https:\/\/secure.gravatar.com\/avatar\/9dad78ff9a2d8b5742d11779f8a3f53b052320c550b2e1907882353c067bb111?s=96&d=mm&r=g","caption":"GP"},"sameAs":["http:\/\/gazetapernambucana.com"],"url":"https:\/\/gazetapernambucana.com\/?author=1"}]}},"jetpack_publicize_connections":[],"_links":{"self":[{"href":"https:\/\/gazetapernambucana.com\/index.php?rest_route=\/wp\/v2\/posts\/1283","targetHints":{"allow":["GET"]}}],"collection":[{"href":"https:\/\/gazetapernambucana.com\/index.php?rest_route=\/wp\/v2\/posts"}],"about":[{"href":"https:\/\/gazetapernambucana.com\/index.php?rest_route=\/wp\/v2\/types\/post"}],"author":[{"embeddable":true,"href":"https:\/\/gazetapernambucana.com\/index.php?rest_route=\/wp\/v2\/users\/1"}],"replies":[{"embeddable":true,"href":"https:\/\/gazetapernambucana.com\/index.php?rest_route=%2Fwp%2Fv2%2Fcomments&post=1283"}],"version-history":[{"count":4,"href":"https:\/\/gazetapernambucana.com\/index.php?rest_route=\/wp\/v2\/posts\/1283\/revisions"}],"predecessor-version":[{"id":1288,"href":"https:\/\/gazetapernambucana.com\/index.php?rest_route=\/wp\/v2\/posts\/1283\/revisions\/1288"}],"wp:featuredmedia":[{"embeddable":true,"href":"https:\/\/gazetapernambucana.com\/index.php?rest_route=\/wp\/v2\/media\/1284"}],"wp:attachment":[{"href":"https:\/\/gazetapernambucana.com\/index.php?rest_route=%2Fwp%2Fv2%2Fmedia&parent=1283"}],"wp:term":[{"taxonomy":"category","embeddable":true,"href":"https:\/\/gazetapernambucana.com\/index.php?rest_route=%2Fwp%2Fv2%2Fcategories&post=1283"},{"taxonomy":"post_tag","embeddable":true,"href":"https:\/\/gazetapernambucana.com\/index.php?rest_route=%2Fwp%2Fv2%2Ftags&post=1283"}],"curies":[{"name":"wp","href":"https:\/\/api.w.org\/{rel}","templated":true}]}}