{"id":1272,"date":"2025-07-12T17:52:07","date_gmt":"2025-07-12T20:52:07","guid":{"rendered":"https:\/\/gazetapernambucana.com\/?p=1272"},"modified":"2025-07-12T20:38:36","modified_gmt":"2025-07-12T23:38:36","slug":"triunfo-a-respiracao-das-nuvens-desse-meu-pais-chamado-pernambuco-veja-video-por-flavio-chaves","status":"publish","type":"post","link":"https:\/\/gazetapernambucana.com\/?p=1272","title":{"rendered":"Triunfo: A respira\u00e7\u00e3o das nuvens desse meu pa\u00eds chamado Pernambuco; veja v\u00eddeo. Por Fl\u00e1vio Chaves"},"content":{"rendered":"<div class=\"entry-content\">\n<p data-start=\"407\" data-end=\"816\"><img loading=\"lazy\" decoding=\"async\" class=\"alignnone size-full wp-image-174325\" src=\"https:\/\/flaviochaves.com.br\/wp-content\/uploads\/2025\/07\/download-42-1-264x300-1.jpeg\" alt=\"\" width=\"264\" height=\"300\" \/>\u00a0\u00a0<strong>Por Fl\u00e1vio Chaves \u2013 Jornalista, poeta, escritor e membro da Academia Pernambucana de Letras. Foi Delegado Federal\/Minc\u00a0 \u2013<\/strong>\u00a0H\u00e1 lugares que n\u00e3o s\u00e3o apenas lugares, mas estados de alma. Triunfo, no cora\u00e7\u00e3o das serras do Sert\u00e3o pernambucano, \u00e9 um desses espa\u00e7os em que a geografia se curva \u00e0 poesia e o tempo parece andar de mansinho, com passos de neblina. Quando a n\u00e9voa escorre dos c\u00e9us e repousa sobre seus telhados antigos, \u00e9 como se o pr\u00f3prio c\u00e9u suspirasse. E nesse suspiro, o mundo todo se cala para ouvir Pernambuco respirando.<\/p>\n<p data-start=\"818\" data-end=\"1358\">Essa cena, eternizada em v\u00eddeos e fotografias, mas sobretudo no cora\u00e7\u00e3o de quem j\u00e1 pisou em suas ladeiras, nos remete \u00e0quela frase que tanto circula pelas redes, mas que nasceu da alma do povo: \u201cPernambuco \u00e9 meu pa\u00eds.\u201d E essa frase, apesar da simplicidade aparente, carrega a densidade de uma declara\u00e7\u00e3o de amor. N\u00e3o \u00e9 apenas um slogan regional. \u00c9 um grito manso, uma bandeira sem tecido, um poema que n\u00e3o precisa ser escrito. Em Triunfo, essa frase n\u00e3o apenas ecoa, ela se materializa. Ganha corpo, forma, sopro e bruma. Torna-se paisagem.<img loading=\"lazy\" decoding=\"async\" class=\"size-medium wp-image-174327 aligncenter\" src=\"https:\/\/flaviochaves.com.br\/wp-content\/uploads\/2025\/07\/transferir-12-300x300.jpeg\" sizes=\"auto, (max-width: 300px) 100vw, 300px\" srcset=\"https:\/\/flaviochaves.com.br\/wp-content\/uploads\/2025\/07\/transferir-12-300x300.jpeg 300w, https:\/\/flaviochaves.com.br\/wp-content\/uploads\/2025\/07\/transferir-12-650x650.jpeg 650w, https:\/\/flaviochaves.com.br\/wp-content\/uploads\/2025\/07\/transferir-12-150x150.jpeg 150w, https:\/\/flaviochaves.com.br\/wp-content\/uploads\/2025\/07\/transferir-12-768x768.jpeg 768w, https:\/\/flaviochaves.com.br\/wp-content\/uploads\/2025\/07\/transferir-12-144x144.jpeg 144w, https:\/\/flaviochaves.com.br\/wp-content\/uploads\/2025\/07\/transferir-12.jpeg 1024w\" alt=\"\" width=\"300\" height=\"300\" \/><\/p>\n<p data-start=\"1360\" data-end=\"1873\">Ali, do alto de seus mirantes, com o som distante do sino da matriz rompendo o sil\u00eancio, o mundo parece se encolher. As dist\u00e2ncias diminuem, os ru\u00eddos modernos se afastam, e o que se agiganta diante dos olhos \u00e9 o sentimento. Pernambuco, naquele instante, n\u00e3o se imp\u00f5e por for\u00e7a, nem por grandeza geopol\u00edtica, mas pela altivez de sua beleza escondida, quase secreta. Triunfo, envolta em brumas, \u00e9 um altar erguido \u00e0s tradi\u00e7\u00f5es, \u00e0 mem\u00f3ria e \u00e0 identidade nordestina em sua forma mais plena, mais sutil, mais sagrada.<\/p>\n<p data-start=\"1875\" data-end=\"2377\">Quando a n\u00e9voa desce sobre a cidade, lenta e silenciosa, o Sert\u00e3o se disfar\u00e7a de Europa, mas sem jamais trair sua ess\u00eancia. \u00c9 como se o ch\u00e3o seco do Nordeste vestisse um casaco de inverno, s\u00f3 para nos surpreender. A paisagem revela um di\u00e1logo improv\u00e1vel: o frio europeu e o calor de resist\u00eancia do povo sertanejo se encontram. E o resultado n\u00e3o \u00e9 contraste, \u00e9 composi\u00e7\u00e3o. \u00c9 poesia. Uma poesia que n\u00e3o se escreve com palavras, mas com neblina, pedras antigas, sil\u00eancio e cheiro de caf\u00e9 coado na varanda.<\/p>\n<div style=\"width: 640px;\" class=\"wp-video\"><video class=\"wp-video-shortcode\" id=\"video-1272-1\" width=\"640\" height=\"1138\" preload=\"metadata\" controls=\"controls\"><source type=\"video\/mp4\" src=\"http:\/\/gazetapernambucana.com\/wp-content\/uploads\/2025\/07\/SnapInsta.to_AQP9DVontjWcyUdYCWq2dHGcy2_c_YUc3ZnT_sxA0gOxumDng9bvAfwa9E4V55BmMocIxTUC5TGYQE5u80Ach5ZXLvp18pMYaZkIDbg.mp4?_=1\" \/><a href=\"http:\/\/gazetapernambucana.com\/wp-content\/uploads\/2025\/07\/SnapInsta.to_AQP9DVontjWcyUdYCWq2dHGcy2_c_YUc3ZnT_sxA0gOxumDng9bvAfwa9E4V55BmMocIxTUC5TGYQE5u80Ach5ZXLvp18pMYaZkIDbg.mp4\">http:\/\/gazetapernambucana.com\/wp-content\/uploads\/2025\/07\/SnapInsta.to_AQP9DVontjWcyUdYCWq2dHGcy2_c_YUc3ZnT_sxA0gOxumDng9bvAfwa9E4V55BmMocIxTUC5TGYQE5u80Ach5ZXLvp18pMYaZkIDbg.mp4<\/a><\/video><\/div>\n<p data-start=\"2379\" data-end=\"2685\">Em cada sombra projetada pelo casario colonial, em cada raio de luz filtrado pelas nuvens que dan\u00e7am entre os morros, uma verdade se repete como se fosse um segredo sussurrado ao ouvido: aqui pulsa um pa\u00eds dentro do pa\u00eds. Um pa\u00eds que n\u00e3o precisa de fronteiras, porque est\u00e1 desenhado no peito de quem o ama.<\/p>\n<p data-start=\"2687\" data-end=\"3235\">Que esta imagem que nos comove seja mais que contempla\u00e7\u00e3o. Que ela seja convite. Convoca\u00e7\u00e3o amorosa. Chamado silencioso a todos que nasceram ou escolheram Pernambuco como sua p\u00e1tria \u00edntima. Que o amor por esta terra n\u00e3o se limite ao orgulho moment\u00e2neo, mas se converta em cuidado, em zelo, em presen\u00e7a. Que olhemos com o mesmo encanto para as suas cidades esquecidas, para seus artistas an\u00f4nimos, para seus rios adoecidos e seus saberes amea\u00e7ados. Que amemos Pernambuco inteiro, dos mares \u00e0s serras, das festas populares ao sil\u00eancio dos seus vales.<\/p>\n<p data-start=\"3237\" data-end=\"3572\">Triunfo \u00e9 s\u00f3 uma das formas que Pernambuco escolheu para sussurrar sua eternidade. Mas basta essa cena \u2014 a respira\u00e7\u00e3o lenta das nuvens sobre a cidade suspensa \u2014 para compreender que am\u00e1-lo \u00e9 um gesto que nos humaniza. E que dizer \u201cPernambuco \u00e9 meu pa\u00eds\u201d \u00e9 mais que exalta\u00e7\u00e3o regional. \u00c9 um ato de fidelidade \u00e0 beleza que nos constitui.<\/p>\n<\/div>\n","protected":false},"excerpt":{"rendered":"<p>\u00a0\u00a0Por Fl\u00e1vio Chaves \u2013 Jornalista, poeta, escritor e membro da Academia Pernambucana de Letras. Foi Delegado Federal\/Minc\u00a0 \u2013\u00a0H\u00e1 lugares que n\u00e3o s\u00e3o apenas lugares, mas estados de alma. Triunfo, no cora\u00e7\u00e3o das serras do Sert\u00e3o pernambucano, \u00e9 um desses espa\u00e7os em que a geografia se curva \u00e0 poesia e o tempo parece andar de mansinho, [&hellip;]<\/p>\n","protected":false},"author":1,"featured_media":1115,"comment_status":"open","ping_status":"open","sticky":false,"template":"","format":"standard","meta":{"footnotes":"","jetpack_publicize_message":"","jetpack_publicize_feature_enabled":true,"jetpack_social_post_already_shared":false,"jetpack_social_options":{"image_generator_settings":{"template":"highway","default_image_id":0,"font":"","enabled":false},"version":2}},"categories":[66,1,35,40],"tags":[],"class_list":["post-1272","post","type-post","status-publish","format-standard","has-post-thumbnail","hentry","category-cidades","category-https-gazetapernambucana-com-page_id225","category-https-gazetapernambucana-com-page_id218","category-https-gazetapernambucana-com-page_id224"],"yoast_head":"<!-- This site is optimized with the Yoast SEO plugin v24.5 - https:\/\/yoast.com\/wordpress\/plugins\/seo\/ -->\n<title>Triunfo: A respira\u00e7\u00e3o das nuvens desse meu pa\u00eds chamado Pernambuco; veja v\u00eddeo. Por Fl\u00e1vio Chaves -<\/title>\n<meta name=\"robots\" content=\"index, follow, max-snippet:-1, max-image-preview:large, max-video-preview:-1\" \/>\n<link rel=\"canonical\" href=\"https:\/\/gazetapernambucana.com\/?p=1272\" \/>\n<meta property=\"og:locale\" content=\"pt_BR\" \/>\n<meta property=\"og:type\" content=\"article\" \/>\n<meta property=\"og:title\" content=\"Triunfo: A respira\u00e7\u00e3o das nuvens desse meu pa\u00eds chamado Pernambuco; veja v\u00eddeo. Por Fl\u00e1vio Chaves -\" \/>\n<meta property=\"og:description\" content=\"\u00a0\u00a0Por Fl\u00e1vio Chaves \u2013 Jornalista, poeta, escritor e membro da Academia Pernambucana de Letras. Foi Delegado Federal\/Minc\u00a0 \u2013\u00a0H\u00e1 lugares que n\u00e3o s\u00e3o apenas lugares, mas estados de alma. Triunfo, no cora\u00e7\u00e3o das serras do Sert\u00e3o pernambucano, \u00e9 um desses espa\u00e7os em que a geografia se curva \u00e0 poesia e o tempo parece andar de mansinho, [&hellip;]\" \/>\n<meta property=\"og:url\" content=\"https:\/\/gazetapernambucana.com\/?p=1272\" \/>\n<meta property=\"article:published_time\" content=\"2025-07-12T20:52:07+00:00\" \/>\n<meta property=\"article:modified_time\" content=\"2025-07-12T23:38:36+00:00\" \/>\n<meta property=\"og:image\" content=\"https:\/\/gazetapernambucana.com\/wp-content\/uploads\/2025\/06\/download-42-1.jpeg\" \/>\n\t<meta property=\"og:image:width\" content=\"890\" \/>\n\t<meta property=\"og:image:height\" content=\"1010\" \/>\n\t<meta property=\"og:image:type\" content=\"image\/jpeg\" \/>\n<meta name=\"author\" content=\"GP\" \/>\n<meta name=\"twitter:card\" content=\"summary_large_image\" \/>\n<meta name=\"twitter:label1\" content=\"Escrito por\" \/>\n\t<meta name=\"twitter:data1\" content=\"GP\" \/>\n\t<meta name=\"twitter:label2\" content=\"Est. tempo de leitura\" \/>\n\t<meta name=\"twitter:data2\" content=\"4 minutos\" \/>\n<script type=\"application\/ld+json\" class=\"yoast-schema-graph\">{\"@context\":\"https:\/\/schema.org\",\"@graph\":[{\"@type\":\"WebPage\",\"@id\":\"https:\/\/gazetapernambucana.com\/?p=1272\",\"url\":\"https:\/\/gazetapernambucana.com\/?p=1272\",\"name\":\"Triunfo: A respira\u00e7\u00e3o das nuvens desse meu pa\u00eds chamado Pernambuco; veja v\u00eddeo. Por Fl\u00e1vio Chaves -\",\"isPartOf\":{\"@id\":\"https:\/\/gazetapernambucana.com\/#website\"},\"primaryImageOfPage\":{\"@id\":\"https:\/\/gazetapernambucana.com\/?p=1272#primaryimage\"},\"image\":{\"@id\":\"https:\/\/gazetapernambucana.com\/?p=1272#primaryimage\"},\"thumbnailUrl\":\"https:\/\/gazetapernambucana.com\/wp-content\/uploads\/2025\/06\/download-42-1.jpeg\",\"datePublished\":\"2025-07-12T20:52:07+00:00\",\"dateModified\":\"2025-07-12T23:38:36+00:00\",\"author\":{\"@id\":\"https:\/\/gazetapernambucana.com\/#\/schema\/person\/188dc283325181ac2de4db1e9e987427\"},\"breadcrumb\":{\"@id\":\"https:\/\/gazetapernambucana.com\/?p=1272#breadcrumb\"},\"inLanguage\":\"pt-BR\",\"potentialAction\":[{\"@type\":\"ReadAction\",\"target\":[\"https:\/\/gazetapernambucana.com\/?p=1272\"]}]},{\"@type\":\"ImageObject\",\"inLanguage\":\"pt-BR\",\"@id\":\"https:\/\/gazetapernambucana.com\/?p=1272#primaryimage\",\"url\":\"https:\/\/gazetapernambucana.com\/wp-content\/uploads\/2025\/06\/download-42-1.jpeg\",\"contentUrl\":\"https:\/\/gazetapernambucana.com\/wp-content\/uploads\/2025\/06\/download-42-1.jpeg\",\"width\":890,\"height\":1010},{\"@type\":\"BreadcrumbList\",\"@id\":\"https:\/\/gazetapernambucana.com\/?p=1272#breadcrumb\",\"itemListElement\":[{\"@type\":\"ListItem\",\"position\":1,\"name\":\"In\u00edcio\",\"item\":\"https:\/\/gazetapernambucana.com\/\"},{\"@type\":\"ListItem\",\"position\":2,\"name\":\"Triunfo: A respira\u00e7\u00e3o das nuvens desse meu pa\u00eds chamado Pernambuco; veja v\u00eddeo. Por Fl\u00e1vio Chaves\"}]},{\"@type\":\"WebSite\",\"@id\":\"https:\/\/gazetapernambucana.com\/#website\",\"url\":\"https:\/\/gazetapernambucana.com\/\",\"name\":\"\",\"description\":\"\",\"potentialAction\":[{\"@type\":\"SearchAction\",\"target\":{\"@type\":\"EntryPoint\",\"urlTemplate\":\"https:\/\/gazetapernambucana.com\/?s={search_term_string}\"},\"query-input\":{\"@type\":\"PropertyValueSpecification\",\"valueRequired\":true,\"valueName\":\"search_term_string\"}}],\"inLanguage\":\"pt-BR\"},{\"@type\":\"Person\",\"@id\":\"https:\/\/gazetapernambucana.com\/#\/schema\/person\/188dc283325181ac2de4db1e9e987427\",\"name\":\"GP\",\"image\":{\"@type\":\"ImageObject\",\"inLanguage\":\"pt-BR\",\"@id\":\"https:\/\/gazetapernambucana.com\/#\/schema\/person\/image\/\",\"url\":\"https:\/\/secure.gravatar.com\/avatar\/9dad78ff9a2d8b5742d11779f8a3f53b052320c550b2e1907882353c067bb111?s=96&d=mm&r=g\",\"contentUrl\":\"https:\/\/secure.gravatar.com\/avatar\/9dad78ff9a2d8b5742d11779f8a3f53b052320c550b2e1907882353c067bb111?s=96&d=mm&r=g\",\"caption\":\"GP\"},\"sameAs\":[\"http:\/\/gazetapernambucana.com\"],\"url\":\"https:\/\/gazetapernambucana.com\/?author=1\"}]}<\/script>\n<!-- \/ Yoast SEO plugin. -->","yoast_head_json":{"title":"Triunfo: A respira\u00e7\u00e3o das nuvens desse meu pa\u00eds chamado Pernambuco; veja v\u00eddeo. Por Fl\u00e1vio Chaves -","robots":{"index":"index","follow":"follow","max-snippet":"max-snippet:-1","max-image-preview":"max-image-preview:large","max-video-preview":"max-video-preview:-1"},"canonical":"https:\/\/gazetapernambucana.com\/?p=1272","og_locale":"pt_BR","og_type":"article","og_title":"Triunfo: A respira\u00e7\u00e3o das nuvens desse meu pa\u00eds chamado Pernambuco; veja v\u00eddeo. Por Fl\u00e1vio Chaves -","og_description":"\u00a0\u00a0Por Fl\u00e1vio Chaves \u2013 Jornalista, poeta, escritor e membro da Academia Pernambucana de Letras. Foi Delegado Federal\/Minc\u00a0 \u2013\u00a0H\u00e1 lugares que n\u00e3o s\u00e3o apenas lugares, mas estados de alma. Triunfo, no cora\u00e7\u00e3o das serras do Sert\u00e3o pernambucano, \u00e9 um desses espa\u00e7os em que a geografia se curva \u00e0 poesia e o tempo parece andar de mansinho, [&hellip;]","og_url":"https:\/\/gazetapernambucana.com\/?p=1272","article_published_time":"2025-07-12T20:52:07+00:00","article_modified_time":"2025-07-12T23:38:36+00:00","og_image":[{"width":890,"height":1010,"url":"https:\/\/gazetapernambucana.com\/wp-content\/uploads\/2025\/06\/download-42-1.jpeg","type":"image\/jpeg"}],"author":"GP","twitter_card":"summary_large_image","twitter_misc":{"Escrito por":"GP","Est. tempo de leitura":"4 minutos"},"schema":{"@context":"https:\/\/schema.org","@graph":[{"@type":"WebPage","@id":"https:\/\/gazetapernambucana.com\/?p=1272","url":"https:\/\/gazetapernambucana.com\/?p=1272","name":"Triunfo: A respira\u00e7\u00e3o das nuvens desse meu pa\u00eds chamado Pernambuco; veja v\u00eddeo. Por Fl\u00e1vio Chaves -","isPartOf":{"@id":"https:\/\/gazetapernambucana.com\/#website"},"primaryImageOfPage":{"@id":"https:\/\/gazetapernambucana.com\/?p=1272#primaryimage"},"image":{"@id":"https:\/\/gazetapernambucana.com\/?p=1272#primaryimage"},"thumbnailUrl":"https:\/\/gazetapernambucana.com\/wp-content\/uploads\/2025\/06\/download-42-1.jpeg","datePublished":"2025-07-12T20:52:07+00:00","dateModified":"2025-07-12T23:38:36+00:00","author":{"@id":"https:\/\/gazetapernambucana.com\/#\/schema\/person\/188dc283325181ac2de4db1e9e987427"},"breadcrumb":{"@id":"https:\/\/gazetapernambucana.com\/?p=1272#breadcrumb"},"inLanguage":"pt-BR","potentialAction":[{"@type":"ReadAction","target":["https:\/\/gazetapernambucana.com\/?p=1272"]}]},{"@type":"ImageObject","inLanguage":"pt-BR","@id":"https:\/\/gazetapernambucana.com\/?p=1272#primaryimage","url":"https:\/\/gazetapernambucana.com\/wp-content\/uploads\/2025\/06\/download-42-1.jpeg","contentUrl":"https:\/\/gazetapernambucana.com\/wp-content\/uploads\/2025\/06\/download-42-1.jpeg","width":890,"height":1010},{"@type":"BreadcrumbList","@id":"https:\/\/gazetapernambucana.com\/?p=1272#breadcrumb","itemListElement":[{"@type":"ListItem","position":1,"name":"In\u00edcio","item":"https:\/\/gazetapernambucana.com\/"},{"@type":"ListItem","position":2,"name":"Triunfo: A respira\u00e7\u00e3o das nuvens desse meu pa\u00eds chamado Pernambuco; veja v\u00eddeo. Por Fl\u00e1vio Chaves"}]},{"@type":"WebSite","@id":"https:\/\/gazetapernambucana.com\/#website","url":"https:\/\/gazetapernambucana.com\/","name":"","description":"","potentialAction":[{"@type":"SearchAction","target":{"@type":"EntryPoint","urlTemplate":"https:\/\/gazetapernambucana.com\/?s={search_term_string}"},"query-input":{"@type":"PropertyValueSpecification","valueRequired":true,"valueName":"search_term_string"}}],"inLanguage":"pt-BR"},{"@type":"Person","@id":"https:\/\/gazetapernambucana.com\/#\/schema\/person\/188dc283325181ac2de4db1e9e987427","name":"GP","image":{"@type":"ImageObject","inLanguage":"pt-BR","@id":"https:\/\/gazetapernambucana.com\/#\/schema\/person\/image\/","url":"https:\/\/secure.gravatar.com\/avatar\/9dad78ff9a2d8b5742d11779f8a3f53b052320c550b2e1907882353c067bb111?s=96&d=mm&r=g","contentUrl":"https:\/\/secure.gravatar.com\/avatar\/9dad78ff9a2d8b5742d11779f8a3f53b052320c550b2e1907882353c067bb111?s=96&d=mm&r=g","caption":"GP"},"sameAs":["http:\/\/gazetapernambucana.com"],"url":"https:\/\/gazetapernambucana.com\/?author=1"}]}},"jetpack_publicize_connections":[],"_links":{"self":[{"href":"https:\/\/gazetapernambucana.com\/index.php?rest_route=\/wp\/v2\/posts\/1272","targetHints":{"allow":["GET"]}}],"collection":[{"href":"https:\/\/gazetapernambucana.com\/index.php?rest_route=\/wp\/v2\/posts"}],"about":[{"href":"https:\/\/gazetapernambucana.com\/index.php?rest_route=\/wp\/v2\/types\/post"}],"author":[{"embeddable":true,"href":"https:\/\/gazetapernambucana.com\/index.php?rest_route=\/wp\/v2\/users\/1"}],"replies":[{"embeddable":true,"href":"https:\/\/gazetapernambucana.com\/index.php?rest_route=%2Fwp%2Fv2%2Fcomments&post=1272"}],"version-history":[{"count":6,"href":"https:\/\/gazetapernambucana.com\/index.php?rest_route=\/wp\/v2\/posts\/1272\/revisions"}],"predecessor-version":[{"id":1279,"href":"https:\/\/gazetapernambucana.com\/index.php?rest_route=\/wp\/v2\/posts\/1272\/revisions\/1279"}],"wp:featuredmedia":[{"embeddable":true,"href":"https:\/\/gazetapernambucana.com\/index.php?rest_route=\/wp\/v2\/media\/1115"}],"wp:attachment":[{"href":"https:\/\/gazetapernambucana.com\/index.php?rest_route=%2Fwp%2Fv2%2Fmedia&parent=1272"}],"wp:term":[{"taxonomy":"category","embeddable":true,"href":"https:\/\/gazetapernambucana.com\/index.php?rest_route=%2Fwp%2Fv2%2Fcategories&post=1272"},{"taxonomy":"post_tag","embeddable":true,"href":"https:\/\/gazetapernambucana.com\/index.php?rest_route=%2Fwp%2Fv2%2Ftags&post=1272"}],"curies":[{"name":"wp","href":"https:\/\/api.w.org\/{rel}","templated":true}]}}