{"id":1269,"date":"2025-07-11T18:50:48","date_gmt":"2025-07-11T21:50:48","guid":{"rendered":"https:\/\/gazetapernambucana.com\/?p=1269"},"modified":"2025-07-11T18:50:48","modified_gmt":"2025-07-11T21:50:48","slug":"quem-tem-razao-por-jose-paulo-cavalcanti-filho","status":"publish","type":"post","link":"https:\/\/gazetapernambucana.com\/?p=1269","title":{"rendered":"Quem tem raz\u00e3o? Por Jos\u00e9 Paulo Cavalcanti Filho"},"content":{"rendered":"<p><img loading=\"lazy\" decoding=\"async\" class=\"alignnone size-full wp-image-1104\" src=\"http:\/\/gazetapernambucana.com\/wp-content\/uploads\/2025\/06\/11f77e6d8a8e346bc312bf2719fc2e63-2-300x147-1-1.webp\" alt=\"\" width=\"300\" height=\"147\" \/>\u00a0 <strong>Por Jos\u00e9 Paulo Cavalcanti Filho \u00a0\u2013 \u00a0Escritor, poeta, membro das Academias Pernambucana de Letras, Brasileira de Letras e Portuguesa de Letras. \u00c9\u00a0 um dos maiores conhecedores da obra de Fernando Pessoa. Integrou a Comiss\u00e3o da Verdade \u2013<\/strong>\u00a0 Imbr\u00f3glio grande, no caso do IOF. O nome completo \u00e9 bem maior, \u201cImposto sobre Opera\u00e7\u00f5es de Cr\u00e9dito, C\u00e2mbio e Seguro, ou relativos a T\u00edtulos ou Valores Mobili\u00e1rios\u201d. Melhor mesmo s\u00f3 IOF, pois. J\u00e1 \u201cimbr\u00f3glio\u201d \u00e9 palavra que vem do italiano, sem acento l\u00e1, j\u00e1 dicionarizada por aqui com o sentido de trapalhada ou confus\u00e3o. Neste epis\u00f3dio, agora ocorrido, vale nos dois sentidos.<\/p>\n<p>Mas o que aconteceu?, enfim. O governo precisava de grana para fechar suas contas. S\u00f3 isso. E, em vez de ser austero nos seus gastos (como deveria), preferiu aumentar \u00a0arrecada\u00e7\u00e3o. Para tanto, qualquer tributo serve, sem maiores preocupa\u00e7\u00f5es com qual seria. \u00c9 mais simples. Sem ang\u00fastias com a j\u00e1 enorme carga tribut\u00e1ria do pa\u00eds. Como deveria. Que, segundo a OCDE, o \u00edndice GIMI para pa\u00edses como o nosso deveria ser de 23% do PIB. Quando, no Brasil, j\u00e1 \u00e9 superior a 33%. Muito. Demais.<\/p>\n<p>Em 1930, a partir da an\u00e1lise da\u00a0<em>Hawley Smoot Tarif Bill<\/em>, o economista Arthur Laffer, professor da Universidade de Chicago (Calif\u00f3rnia), desenvolveu conceito que acabou conhecido por seu nome \u2013\u00a0<em>Curva de Laffer<\/em>. A ideia \u00e9 que o pr\u00f3prio mercado estabeleceria um limite para a expans\u00e3o do poder de tributar do Estado. A partir do qual a evas\u00e3o, com sonega\u00e7\u00e3o e outras pr\u00e1ticas, impediria o aumento real da carga tribut\u00e1ria. Para ele, esse limite seria 70%.<\/p>\n<p>Mais tarde, em 1984, Christina Romer, professora de Economia da Universidade de Berkeley (Calif\u00f3rnia) e assessora de economia na administra\u00e7\u00e3o Obama, provou ser esse o limite bem menor, de apenas 33%.<\/p>\n<p>Um n\u00famero importante porque, no Brasil, j\u00e1 passamos desse limite. Sem maiores preocupa\u00e7\u00f5es do Governo. O que j\u00e1 elevou a SELIC para 15%, por enquanto. E tudo embalado num discurso populista com mote redigido por marqueteiro, \u201c99 contra 1%\u201d.<\/p>\n<p>Para conseguir seu objetivo de aumentar a arrecada\u00e7\u00e3o, Lula\/Haddad definiram novas al\u00edquotas para o tal IOF e o Congresso derrubou (por 383 votos contra 98). O caso foi bater no Supremo por conta de dois partidos: o PSOL (ADC 96), querendo manter o Decreto; e o PL (ADI 7.827), buscando derrubar. Nos dois casos, antes mesmo da vota\u00e7\u00e3o no Congresso.<\/p>\n<p>Segundo nossa Constitui\u00e7\u00e3o o Governo, sem d\u00favida, tem direito de alterar al\u00edquotas de um tributo como esse, regulat\u00f3rio do mercado. Mas, tamb\u00e9m sem d\u00favida, n\u00e3o pode usar esse tributo para outros fins, como o de aumentar arrecada\u00e7\u00e3o. Nesse caso, para a prote\u00e7\u00e3o de todos n\u00f3s contribuintes, teria que usar o Congresso. Em Lei Ordin\u00e1ria. Com todos os limites usuais, em casos assim, como o de s\u00f3 poder ser cobrado no ano seguinte ao de sua institui\u00e7\u00e3o.<\/p>\n<p>No caso do IOF, e esse o problema central aqui, o Governo s\u00f3 poderia faz\u00ea-lo para regular o mercado. Jamais, apenas para arrecadar. Se assim se der, incorre em \u201cDesvio de Finalidade\u201d. E seria dever do Congresso corrigir essa anomalia. Como fez. Basta ver a Constitui\u00e7\u00e3o:<\/p>\n<p>Art. 49. \u00c9 da compet\u00eancia do Congresso Nacional\u2026<\/p>\n<p>V \u2013 Sustar os atos normativos do Poder Executivo que exorbitem do poder regulamentar ou dos limites da delega\u00e7\u00e3o legislativa.<\/p>\n<p>N\u00e3o sendo necess\u00e1rio mais palavras para chegar \u00e0 conclus\u00e3o, evident\u00edssima, de ter ocorrido, no caso, esse Desvio de Finalidade. O caso foi bater nas m\u00e3os de um aliado fiel do governo, o ministro Alexandre de Moraes.<\/p>\n<p>Na decis\u00e3o que tomou (12 p\u00e1ginas), ele basicamente reconheceu que se possa usar o Decreto na regula\u00e7\u00e3o do mercado financeiro. Mas apenas para com esse fim. Que a jurisprud\u00eancia no Supremo \u00e9 pac\u00edfica no sentido de n\u00e3o aceitar esse tributo com fins arrecadat\u00f3rios. Para dizer isso invocou julgados, no pr\u00f3prio Supremo, de (pela ordem, na decis\u00e3o) Zanin (RE 590.186), Lewandowski (RE 570.680) e Dias Toffoli (ADI 5.277). Maldade pura. Por serem ministros (muito) ligados ao Governo. E todos reconhecendo que o aumento, nesse tributo, n\u00e3o pode mesmo ter como fim aumentar a arrecada\u00e7\u00e3o.<\/p>\n<p>Problema \u00e9 que n\u00e3o buscou, esse aumento no IOF, regular qualquer ponto do tributo, eis a quest\u00e3o. N\u00e3o \u00e9 ajuste, como teria que se dar, caso fosse mesmo regulat\u00f3rio. Para que se tenha uma ideia, usando n\u00fameros que est\u00e3o na pr\u00f3pria decis\u00e3o de Moraes, o aumento para as pessoas jur\u00eddicas, foi superior em mais que 300% da al\u00edquota at\u00e9 ent\u00e3o em vigor; e, nas pessoas f\u00edsicas, superior em 1.000%. Nem precisaria, para chegar a essa conclus\u00e3o, bastaria ouvir Lula\/Haddad confirmando, em todas as televis\u00f5es, que precisavam ter esse aumento de caixa para cumprir o Arcabou\u00e7o Fiscal.<\/p>\n<p>Fosse pouco o imbr\u00f3glio, em vez de t\u00e3o somente decidir a quest\u00e3o na linha da jurisprud\u00eancia pac\u00edfica do pr\u00f3prio Supremo, preferiu Moraes ajudar Lula\/Haddad propondo uma estranh\u00edssima concilia\u00e7\u00e3o entre Governo e Congresso. Na pr\u00f3xima ter\u00e7a, 15\/07. Algo incompreens\u00edvel, no tanto em que o papel do Supremo \u00e9 s\u00f3 julgar (ver os tr\u00eas \u00fanicos itens do art. 102 da Constitui\u00e7\u00e3o, que trata de sua compet\u00eancia, apenas \u201cjulgar\u201d, \u201cjulgar\u201d e \u201cjulgar\u201d).\u00a0 N\u00e3o se incluindo, em suas atribui\u00e7\u00f5es, a de promover concilia\u00e7\u00f5es pol\u00edticas.<\/p>\n<p>Para piorar, o Deputado Marcelo van Hatten j\u00e1 declarou que o presidente do Congresso n\u00e3o tem poder para negociar nada. E sugere que ele recuse comparecer a essa audi\u00eancia. Com toda raz\u00e3o. N\u00e3o faz nenhum sentido.<\/p>\n<p>Resumindo: ou o governo est\u00e1 certo, e deve ser mantido o Decreto; ou n\u00e3o, e deve ser revogado. Cabendo ent\u00e3o ao Supremo apenas constatar que o Decreto do Governo n\u00e3o teve fim regulat\u00f3rio, mas apenas arrecadat\u00f3rio. Ponto final. Declarando, em seguida, que o Decreto n\u00e3o pode prevalecer. Por conta da Constitui\u00e7\u00e3o (Desvio de Finalidade, art. 49, V). E da jurisprud\u00eancia reiterada do pr\u00f3prio Supremo, neste sentido. Simples assim. Fim do imbr\u00f3glio.<\/p>\n<p>Como o Brasil anda esquisito, nos tempos atuais, em vez disso tudo estanca na depend\u00eancia de uma esquisit\u00edssima (e incompreens\u00edvel) concilia\u00e7\u00e3o. Como no poema de Fernando Pessoa (<em>Nevoeiro<\/em>, em<em>\u00a0Mensagem<\/em>) \u201cTudo \u00e9 incerto e derradeiro\/ Tudo \u00e9 disperso, nada \u00e9 inteiro\u201d. Um cen\u00e1rio amplo de d\u00favidas, pois. No Brasil de hoje, leitor amigo, tudo \u00e9 incerto. Segundo o ministro Pedro Malan, \u201cat\u00e9 o passado\u201d. Deus nos proteja.<\/p>\n","protected":false},"excerpt":{"rendered":"<p>\u00a0 Por Jos\u00e9 Paulo Cavalcanti Filho \u00a0\u2013 \u00a0Escritor, poeta, membro das Academias Pernambucana de Letras, Brasileira de Letras e Portuguesa de Letras. \u00c9\u00a0 um dos maiores conhecedores da obra de Fernando Pessoa. Integrou a Comiss\u00e3o da Verdade \u2013\u00a0 Imbr\u00f3glio grande, no caso do IOF. O nome completo \u00e9 bem maior, \u201cImposto sobre Opera\u00e7\u00f5es de Cr\u00e9dito, [&hellip;]<\/p>\n","protected":false},"author":1,"featured_media":1104,"comment_status":"open","ping_status":"open","sticky":false,"template":"","format":"standard","meta":{"footnotes":"","jetpack_publicize_message":"","jetpack_publicize_feature_enabled":true,"jetpack_social_post_already_shared":false,"jetpack_social_options":{"image_generator_settings":{"template":"highway","default_image_id":0,"font":"","enabled":false},"version":2}},"categories":[1,76],"tags":[],"class_list":["post-1269","post","type-post","status-publish","format-standard","has-post-thumbnail","hentry","category-https-gazetapernambucana-com-page_id225","category-opiniao"],"yoast_head":"<!-- This site is optimized with the Yoast SEO plugin v24.5 - https:\/\/yoast.com\/wordpress\/plugins\/seo\/ -->\n<title>Quem tem raz\u00e3o? Por Jos\u00e9 Paulo Cavalcanti Filho -<\/title>\n<meta name=\"robots\" content=\"index, follow, max-snippet:-1, max-image-preview:large, max-video-preview:-1\" \/>\n<link rel=\"canonical\" href=\"https:\/\/gazetapernambucana.com\/?p=1269\" \/>\n<meta property=\"og:locale\" content=\"pt_BR\" \/>\n<meta property=\"og:type\" content=\"article\" \/>\n<meta property=\"og:title\" content=\"Quem tem raz\u00e3o? Por Jos\u00e9 Paulo Cavalcanti Filho -\" \/>\n<meta property=\"og:description\" content=\"\u00a0 Por Jos\u00e9 Paulo Cavalcanti Filho \u00a0\u2013 \u00a0Escritor, poeta, membro das Academias Pernambucana de Letras, Brasileira de Letras e Portuguesa de Letras. \u00c9\u00a0 um dos maiores conhecedores da obra de Fernando Pessoa. Integrou a Comiss\u00e3o da Verdade \u2013\u00a0 Imbr\u00f3glio grande, no caso do IOF. O nome completo \u00e9 bem maior, \u201cImposto sobre Opera\u00e7\u00f5es de Cr\u00e9dito, [&hellip;]\" \/>\n<meta property=\"og:url\" content=\"https:\/\/gazetapernambucana.com\/?p=1269\" \/>\n<meta property=\"article:published_time\" content=\"2025-07-11T21:50:48+00:00\" \/>\n<meta property=\"og:image\" content=\"https:\/\/gazetapernambucana.com\/wp-content\/uploads\/2025\/06\/11f77e6d8a8e346bc312bf2719fc2e63-2-300x147-1-1.webp\" \/>\n\t<meta property=\"og:image:width\" content=\"300\" \/>\n\t<meta property=\"og:image:height\" content=\"147\" \/>\n\t<meta property=\"og:image:type\" content=\"image\/webp\" \/>\n<meta name=\"author\" content=\"GP\" \/>\n<meta name=\"twitter:card\" content=\"summary_large_image\" \/>\n<meta name=\"twitter:label1\" content=\"Escrito por\" \/>\n\t<meta name=\"twitter:data1\" content=\"GP\" \/>\n\t<meta name=\"twitter:label2\" content=\"Est. tempo de leitura\" \/>\n\t<meta name=\"twitter:data2\" content=\"7 minutos\" \/>\n<script type=\"application\/ld+json\" class=\"yoast-schema-graph\">{\"@context\":\"https:\/\/schema.org\",\"@graph\":[{\"@type\":\"WebPage\",\"@id\":\"https:\/\/gazetapernambucana.com\/?p=1269\",\"url\":\"https:\/\/gazetapernambucana.com\/?p=1269\",\"name\":\"Quem tem raz\u00e3o? Por Jos\u00e9 Paulo Cavalcanti Filho -\",\"isPartOf\":{\"@id\":\"https:\/\/gazetapernambucana.com\/#website\"},\"primaryImageOfPage\":{\"@id\":\"https:\/\/gazetapernambucana.com\/?p=1269#primaryimage\"},\"image\":{\"@id\":\"https:\/\/gazetapernambucana.com\/?p=1269#primaryimage\"},\"thumbnailUrl\":\"https:\/\/gazetapernambucana.com\/wp-content\/uploads\/2025\/06\/11f77e6d8a8e346bc312bf2719fc2e63-2-300x147-1-1.webp\",\"datePublished\":\"2025-07-11T21:50:48+00:00\",\"author\":{\"@id\":\"https:\/\/gazetapernambucana.com\/#\/schema\/person\/188dc283325181ac2de4db1e9e987427\"},\"breadcrumb\":{\"@id\":\"https:\/\/gazetapernambucana.com\/?p=1269#breadcrumb\"},\"inLanguage\":\"pt-BR\",\"potentialAction\":[{\"@type\":\"ReadAction\",\"target\":[\"https:\/\/gazetapernambucana.com\/?p=1269\"]}]},{\"@type\":\"ImageObject\",\"inLanguage\":\"pt-BR\",\"@id\":\"https:\/\/gazetapernambucana.com\/?p=1269#primaryimage\",\"url\":\"https:\/\/gazetapernambucana.com\/wp-content\/uploads\/2025\/06\/11f77e6d8a8e346bc312bf2719fc2e63-2-300x147-1-1.webp\",\"contentUrl\":\"https:\/\/gazetapernambucana.com\/wp-content\/uploads\/2025\/06\/11f77e6d8a8e346bc312bf2719fc2e63-2-300x147-1-1.webp\",\"width\":300,\"height\":147},{\"@type\":\"BreadcrumbList\",\"@id\":\"https:\/\/gazetapernambucana.com\/?p=1269#breadcrumb\",\"itemListElement\":[{\"@type\":\"ListItem\",\"position\":1,\"name\":\"In\u00edcio\",\"item\":\"https:\/\/gazetapernambucana.com\/\"},{\"@type\":\"ListItem\",\"position\":2,\"name\":\"Quem tem raz\u00e3o? Por Jos\u00e9 Paulo Cavalcanti Filho\"}]},{\"@type\":\"WebSite\",\"@id\":\"https:\/\/gazetapernambucana.com\/#website\",\"url\":\"https:\/\/gazetapernambucana.com\/\",\"name\":\"\",\"description\":\"\",\"potentialAction\":[{\"@type\":\"SearchAction\",\"target\":{\"@type\":\"EntryPoint\",\"urlTemplate\":\"https:\/\/gazetapernambucana.com\/?s={search_term_string}\"},\"query-input\":{\"@type\":\"PropertyValueSpecification\",\"valueRequired\":true,\"valueName\":\"search_term_string\"}}],\"inLanguage\":\"pt-BR\"},{\"@type\":\"Person\",\"@id\":\"https:\/\/gazetapernambucana.com\/#\/schema\/person\/188dc283325181ac2de4db1e9e987427\",\"name\":\"GP\",\"image\":{\"@type\":\"ImageObject\",\"inLanguage\":\"pt-BR\",\"@id\":\"https:\/\/gazetapernambucana.com\/#\/schema\/person\/image\/\",\"url\":\"https:\/\/secure.gravatar.com\/avatar\/9dad78ff9a2d8b5742d11779f8a3f53b052320c550b2e1907882353c067bb111?s=96&d=mm&r=g\",\"contentUrl\":\"https:\/\/secure.gravatar.com\/avatar\/9dad78ff9a2d8b5742d11779f8a3f53b052320c550b2e1907882353c067bb111?s=96&d=mm&r=g\",\"caption\":\"GP\"},\"sameAs\":[\"http:\/\/gazetapernambucana.com\"],\"url\":\"https:\/\/gazetapernambucana.com\/?author=1\"}]}<\/script>\n<!-- \/ Yoast SEO plugin. -->","yoast_head_json":{"title":"Quem tem raz\u00e3o? Por Jos\u00e9 Paulo Cavalcanti Filho -","robots":{"index":"index","follow":"follow","max-snippet":"max-snippet:-1","max-image-preview":"max-image-preview:large","max-video-preview":"max-video-preview:-1"},"canonical":"https:\/\/gazetapernambucana.com\/?p=1269","og_locale":"pt_BR","og_type":"article","og_title":"Quem tem raz\u00e3o? Por Jos\u00e9 Paulo Cavalcanti Filho -","og_description":"\u00a0 Por Jos\u00e9 Paulo Cavalcanti Filho \u00a0\u2013 \u00a0Escritor, poeta, membro das Academias Pernambucana de Letras, Brasileira de Letras e Portuguesa de Letras. \u00c9\u00a0 um dos maiores conhecedores da obra de Fernando Pessoa. Integrou a Comiss\u00e3o da Verdade \u2013\u00a0 Imbr\u00f3glio grande, no caso do IOF. O nome completo \u00e9 bem maior, \u201cImposto sobre Opera\u00e7\u00f5es de Cr\u00e9dito, [&hellip;]","og_url":"https:\/\/gazetapernambucana.com\/?p=1269","article_published_time":"2025-07-11T21:50:48+00:00","og_image":[{"width":300,"height":147,"url":"https:\/\/gazetapernambucana.com\/wp-content\/uploads\/2025\/06\/11f77e6d8a8e346bc312bf2719fc2e63-2-300x147-1-1.webp","type":"image\/webp"}],"author":"GP","twitter_card":"summary_large_image","twitter_misc":{"Escrito por":"GP","Est. tempo de leitura":"7 minutos"},"schema":{"@context":"https:\/\/schema.org","@graph":[{"@type":"WebPage","@id":"https:\/\/gazetapernambucana.com\/?p=1269","url":"https:\/\/gazetapernambucana.com\/?p=1269","name":"Quem tem raz\u00e3o? Por Jos\u00e9 Paulo Cavalcanti Filho -","isPartOf":{"@id":"https:\/\/gazetapernambucana.com\/#website"},"primaryImageOfPage":{"@id":"https:\/\/gazetapernambucana.com\/?p=1269#primaryimage"},"image":{"@id":"https:\/\/gazetapernambucana.com\/?p=1269#primaryimage"},"thumbnailUrl":"https:\/\/gazetapernambucana.com\/wp-content\/uploads\/2025\/06\/11f77e6d8a8e346bc312bf2719fc2e63-2-300x147-1-1.webp","datePublished":"2025-07-11T21:50:48+00:00","author":{"@id":"https:\/\/gazetapernambucana.com\/#\/schema\/person\/188dc283325181ac2de4db1e9e987427"},"breadcrumb":{"@id":"https:\/\/gazetapernambucana.com\/?p=1269#breadcrumb"},"inLanguage":"pt-BR","potentialAction":[{"@type":"ReadAction","target":["https:\/\/gazetapernambucana.com\/?p=1269"]}]},{"@type":"ImageObject","inLanguage":"pt-BR","@id":"https:\/\/gazetapernambucana.com\/?p=1269#primaryimage","url":"https:\/\/gazetapernambucana.com\/wp-content\/uploads\/2025\/06\/11f77e6d8a8e346bc312bf2719fc2e63-2-300x147-1-1.webp","contentUrl":"https:\/\/gazetapernambucana.com\/wp-content\/uploads\/2025\/06\/11f77e6d8a8e346bc312bf2719fc2e63-2-300x147-1-1.webp","width":300,"height":147},{"@type":"BreadcrumbList","@id":"https:\/\/gazetapernambucana.com\/?p=1269#breadcrumb","itemListElement":[{"@type":"ListItem","position":1,"name":"In\u00edcio","item":"https:\/\/gazetapernambucana.com\/"},{"@type":"ListItem","position":2,"name":"Quem tem raz\u00e3o? Por Jos\u00e9 Paulo Cavalcanti Filho"}]},{"@type":"WebSite","@id":"https:\/\/gazetapernambucana.com\/#website","url":"https:\/\/gazetapernambucana.com\/","name":"","description":"","potentialAction":[{"@type":"SearchAction","target":{"@type":"EntryPoint","urlTemplate":"https:\/\/gazetapernambucana.com\/?s={search_term_string}"},"query-input":{"@type":"PropertyValueSpecification","valueRequired":true,"valueName":"search_term_string"}}],"inLanguage":"pt-BR"},{"@type":"Person","@id":"https:\/\/gazetapernambucana.com\/#\/schema\/person\/188dc283325181ac2de4db1e9e987427","name":"GP","image":{"@type":"ImageObject","inLanguage":"pt-BR","@id":"https:\/\/gazetapernambucana.com\/#\/schema\/person\/image\/","url":"https:\/\/secure.gravatar.com\/avatar\/9dad78ff9a2d8b5742d11779f8a3f53b052320c550b2e1907882353c067bb111?s=96&d=mm&r=g","contentUrl":"https:\/\/secure.gravatar.com\/avatar\/9dad78ff9a2d8b5742d11779f8a3f53b052320c550b2e1907882353c067bb111?s=96&d=mm&r=g","caption":"GP"},"sameAs":["http:\/\/gazetapernambucana.com"],"url":"https:\/\/gazetapernambucana.com\/?author=1"}]}},"jetpack_publicize_connections":[],"_links":{"self":[{"href":"https:\/\/gazetapernambucana.com\/index.php?rest_route=\/wp\/v2\/posts\/1269","targetHints":{"allow":["GET"]}}],"collection":[{"href":"https:\/\/gazetapernambucana.com\/index.php?rest_route=\/wp\/v2\/posts"}],"about":[{"href":"https:\/\/gazetapernambucana.com\/index.php?rest_route=\/wp\/v2\/types\/post"}],"author":[{"embeddable":true,"href":"https:\/\/gazetapernambucana.com\/index.php?rest_route=\/wp\/v2\/users\/1"}],"replies":[{"embeddable":true,"href":"https:\/\/gazetapernambucana.com\/index.php?rest_route=%2Fwp%2Fv2%2Fcomments&post=1269"}],"version-history":[{"count":1,"href":"https:\/\/gazetapernambucana.com\/index.php?rest_route=\/wp\/v2\/posts\/1269\/revisions"}],"predecessor-version":[{"id":1270,"href":"https:\/\/gazetapernambucana.com\/index.php?rest_route=\/wp\/v2\/posts\/1269\/revisions\/1270"}],"wp:featuredmedia":[{"embeddable":true,"href":"https:\/\/gazetapernambucana.com\/index.php?rest_route=\/wp\/v2\/media\/1104"}],"wp:attachment":[{"href":"https:\/\/gazetapernambucana.com\/index.php?rest_route=%2Fwp%2Fv2%2Fmedia&parent=1269"}],"wp:term":[{"taxonomy":"category","embeddable":true,"href":"https:\/\/gazetapernambucana.com\/index.php?rest_route=%2Fwp%2Fv2%2Fcategories&post=1269"},{"taxonomy":"post_tag","embeddable":true,"href":"https:\/\/gazetapernambucana.com\/index.php?rest_route=%2Fwp%2Fv2%2Ftags&post=1269"}],"curies":[{"name":"wp","href":"https:\/\/api.w.org\/{rel}","templated":true}]}}