{"id":1266,"date":"2025-07-09T22:55:04","date_gmt":"2025-07-10T01:55:04","guid":{"rendered":"https:\/\/gazetapernambucana.com\/?p=1266"},"modified":"2025-07-09T22:55:04","modified_gmt":"2025-07-10T01:55:04","slug":"tudo-que-nao-coube-na-vida-por-flavio-chaves","status":"publish","type":"post","link":"https:\/\/gazetapernambucana.com\/?p=1266","title":{"rendered":"Tudo que n\u00e3o coube na vida. Por Fl\u00e1vio Chaves"},"content":{"rendered":"<p data-start=\"398\" data-end=\"683\"><img loading=\"lazy\" decoding=\"async\" class=\"alignnone size-full wp-image-174319\" src=\"https:\/\/flaviochaves.com.br\/wp-content\/uploads\/2025\/07\/462562856_2457397397798111_6719032111439857149_n-1-150x150-1.jpg\" sizes=\"auto, (max-width: 150px) 100vw, 150px\" srcset=\"https:\/\/flaviochaves.com.br\/wp-content\/uploads\/2025\/07\/462562856_2457397397798111_6719032111439857149_n-1-150x150-1.jpg 150w, https:\/\/flaviochaves.com.br\/wp-content\/uploads\/2025\/07\/462562856_2457397397798111_6719032111439857149_n-1-150x150-1-144x144.jpg 144w\" alt=\"\" width=\"150\" height=\"150\" \/>\u00a0 \u00a0<strong>Por Fl\u00e1vio Chaves \u2013 Jornalista, poeta, escritor e membro da Academia Pernambucana de Letras. Foi Delegado Federal\/Minc\u00a0 \u2013<\/strong>\u00a0Tem coisas que a vida n\u00e3o soube segurar. Momentos que escorregaram pelos dedos do tempo, palavras que ficaram no ar esperando uma coragem que nunca chegou, gestos que foram adiados at\u00e9 sumirem no calend\u00e1rio. \u00c0s vezes, o que d\u00f3i n\u00e3o \u00e9 o que foi vivido, mas aquilo que nunca chegou a ser.<\/p>\n<p data-start=\"685\" data-end=\"1138\">Ningu\u00e9m nos ensina o que fazer com os abra\u00e7os que n\u00e3o demos. Com os olhares desviados quando tudo pedia perman\u00eancia. Com a vontade de ficar que foi calada pelo medo de incomodar. A vida vai nos empurrando para frente \u2014 e, nessa pressa, deixamos peda\u00e7os delicados para tr\u00e1s. Pequenos sonhos, promessas sem voz, sentimentos que n\u00e3o encontraram espa\u00e7o para florescer. E ent\u00e3o seguimos, como se isso fosse normal. Como se o sil\u00eancio n\u00e3o gritasse por dentro.<\/p>\n<p data-start=\"1140\" data-end=\"1547\">Quantas vezes algu\u00e9m passou por n\u00f3s e levou uma parte que era nossa? Quantas vezes nos despedimos sem dizer adeus? H\u00e1 cenas que n\u00e3o foram filmadas, amores que n\u00e3o se contaram, m\u00e3os que queriam se tocar, mas ficaram im\u00f3veis \u2014 paralisadas pela d\u00favida ou por um resto de orgulho. Tudo isso ainda mora em algum canto da gente. Porque o que n\u00e3o foi vivido, n\u00e3o morre: adormece, mas acorda quando menos se espera.<\/p>\n<p data-start=\"1549\" data-end=\"1884\">De repente, \u00e9 uma m\u00fasica que toca e traz de volta aquele dia que nunca chegou a existir. Uma carta que nunca escrevemos. Uma saudade que n\u00e3o tem nome. E tudo volta: com a delicadeza de um sopro e a for\u00e7a de uma onda. Porque o cora\u00e7\u00e3o n\u00e3o esquece o que desejou com verdade. Ele apenas guarda \u2014 como quem espera um reencontro imposs\u00edvel.<\/p>\n<p data-start=\"1886\" data-end=\"2240\">E \u00e9 nesse intervalo entre o que foi e o que poderia ter sido que a gente vive. Carregando no peito todos os \u201cquase\u201d, os \u201cse\u201d, os \u201cpor pouco\u201d. A vida segue, mas h\u00e1 um lugar em n\u00f3s que n\u00e3o se move. Um lugar feito de aus\u00eancias queridas, de promessas que apenas o sil\u00eancio escutou, de hist\u00f3rias interrompidas que ainda doem como se tivessem acontecido ontem.<\/p>\n<p data-start=\"2242\" data-end=\"2465\">Por isso escrevemos.<br data-start=\"2262\" data-end=\"2265\" \/>Para que o que n\u00e3o coube na vida encontre lugar no papel.<br data-start=\"2322\" data-end=\"2325\" \/>Para que as emo\u00e7\u00f5es sem endere\u00e7o possam repousar em cada palavra.<br data-start=\"2390\" data-end=\"2393\" \/>Para que o mundo saiba que havia mais em n\u00f3s do que conseguimos mostrar.<\/p>\n<p data-start=\"2467\" data-end=\"2620\">E se voc\u00ea sentir vontade de chorar, n\u00e3o se envergonhe.<br data-start=\"2521\" data-end=\"2524\" \/>\u00c0s vezes, o pranto \u00e9 apenas o corpo dizendo:<br data-start=\"2568\" data-end=\"2571\" \/>ainda carrego tudo o que n\u00e3o coube na vida.<\/p>\n","protected":false},"excerpt":{"rendered":"<p>\u00a0 \u00a0Por Fl\u00e1vio Chaves \u2013 Jornalista, poeta, escritor e membro da Academia Pernambucana de Letras. Foi Delegado Federal\/Minc\u00a0 \u2013\u00a0Tem coisas que a vida n\u00e3o soube segurar. Momentos que escorregaram pelos dedos do tempo, palavras que ficaram no ar esperando uma coragem que nunca chegou, gestos que foram adiados at\u00e9 sumirem no calend\u00e1rio. \u00c0s vezes, o [&hellip;]<\/p>\n","protected":false},"author":1,"featured_media":1017,"comment_status":"open","ping_status":"open","sticky":false,"template":"","format":"standard","meta":{"footnotes":"","jetpack_publicize_message":"","jetpack_publicize_feature_enabled":true,"jetpack_social_post_already_shared":false,"jetpack_social_options":{"image_generator_settings":{"template":"highway","default_image_id":0,"font":"","enabled":false},"version":2}},"categories":[1,35,46,76],"tags":[],"class_list":["post-1266","post","type-post","status-publish","format-standard","has-post-thumbnail","hentry","category-https-gazetapernambucana-com-page_id225","category-https-gazetapernambucana-com-page_id218","category-literatura","category-opiniao"],"yoast_head":"<!-- This site is optimized with the Yoast SEO plugin v24.5 - https:\/\/yoast.com\/wordpress\/plugins\/seo\/ -->\n<title>Tudo que n\u00e3o coube na vida. Por Fl\u00e1vio Chaves -<\/title>\n<meta name=\"robots\" content=\"index, follow, max-snippet:-1, max-image-preview:large, max-video-preview:-1\" \/>\n<link rel=\"canonical\" href=\"https:\/\/gazetapernambucana.com\/?p=1266\" \/>\n<meta property=\"og:locale\" content=\"pt_BR\" \/>\n<meta property=\"og:type\" content=\"article\" \/>\n<meta property=\"og:title\" content=\"Tudo que n\u00e3o coube na vida. Por Fl\u00e1vio Chaves -\" \/>\n<meta property=\"og:description\" content=\"\u00a0 \u00a0Por Fl\u00e1vio Chaves \u2013 Jornalista, poeta, escritor e membro da Academia Pernambucana de Letras. Foi Delegado Federal\/Minc\u00a0 \u2013\u00a0Tem coisas que a vida n\u00e3o soube segurar. Momentos que escorregaram pelos dedos do tempo, palavras que ficaram no ar esperando uma coragem que nunca chegou, gestos que foram adiados at\u00e9 sumirem no calend\u00e1rio. \u00c0s vezes, o [&hellip;]\" \/>\n<meta property=\"og:url\" content=\"https:\/\/gazetapernambucana.com\/?p=1266\" \/>\n<meta property=\"article:published_time\" content=\"2025-07-10T01:55:04+00:00\" \/>\n<meta property=\"og:image\" content=\"https:\/\/gazetapernambucana.com\/wp-content\/uploads\/2025\/06\/462562856_2457397397798111_6719032111439857149_n-1-1.jpg\" \/>\n\t<meta property=\"og:image:width\" content=\"212\" \/>\n\t<meta property=\"og:image:height\" content=\"208\" \/>\n\t<meta property=\"og:image:type\" content=\"image\/jpeg\" \/>\n<meta name=\"author\" content=\"GP\" \/>\n<meta name=\"twitter:card\" content=\"summary_large_image\" \/>\n<meta name=\"twitter:label1\" content=\"Escrito por\" \/>\n\t<meta name=\"twitter:data1\" content=\"GP\" \/>\n\t<meta name=\"twitter:label2\" content=\"Est. tempo de leitura\" \/>\n\t<meta name=\"twitter:data2\" content=\"3 minutos\" \/>\n<script type=\"application\/ld+json\" class=\"yoast-schema-graph\">{\"@context\":\"https:\/\/schema.org\",\"@graph\":[{\"@type\":\"WebPage\",\"@id\":\"https:\/\/gazetapernambucana.com\/?p=1266\",\"url\":\"https:\/\/gazetapernambucana.com\/?p=1266\",\"name\":\"Tudo que n\u00e3o coube na vida. Por Fl\u00e1vio Chaves -\",\"isPartOf\":{\"@id\":\"https:\/\/gazetapernambucana.com\/#website\"},\"primaryImageOfPage\":{\"@id\":\"https:\/\/gazetapernambucana.com\/?p=1266#primaryimage\"},\"image\":{\"@id\":\"https:\/\/gazetapernambucana.com\/?p=1266#primaryimage\"},\"thumbnailUrl\":\"https:\/\/gazetapernambucana.com\/wp-content\/uploads\/2025\/06\/462562856_2457397397798111_6719032111439857149_n-1-1.jpg\",\"datePublished\":\"2025-07-10T01:55:04+00:00\",\"author\":{\"@id\":\"https:\/\/gazetapernambucana.com\/#\/schema\/person\/188dc283325181ac2de4db1e9e987427\"},\"breadcrumb\":{\"@id\":\"https:\/\/gazetapernambucana.com\/?p=1266#breadcrumb\"},\"inLanguage\":\"pt-BR\",\"potentialAction\":[{\"@type\":\"ReadAction\",\"target\":[\"https:\/\/gazetapernambucana.com\/?p=1266\"]}]},{\"@type\":\"ImageObject\",\"inLanguage\":\"pt-BR\",\"@id\":\"https:\/\/gazetapernambucana.com\/?p=1266#primaryimage\",\"url\":\"https:\/\/gazetapernambucana.com\/wp-content\/uploads\/2025\/06\/462562856_2457397397798111_6719032111439857149_n-1-1.jpg\",\"contentUrl\":\"https:\/\/gazetapernambucana.com\/wp-content\/uploads\/2025\/06\/462562856_2457397397798111_6719032111439857149_n-1-1.jpg\",\"width\":212,\"height\":208},{\"@type\":\"BreadcrumbList\",\"@id\":\"https:\/\/gazetapernambucana.com\/?p=1266#breadcrumb\",\"itemListElement\":[{\"@type\":\"ListItem\",\"position\":1,\"name\":\"In\u00edcio\",\"item\":\"https:\/\/gazetapernambucana.com\/\"},{\"@type\":\"ListItem\",\"position\":2,\"name\":\"Tudo que n\u00e3o coube na vida. Por Fl\u00e1vio Chaves\"}]},{\"@type\":\"WebSite\",\"@id\":\"https:\/\/gazetapernambucana.com\/#website\",\"url\":\"https:\/\/gazetapernambucana.com\/\",\"name\":\"\",\"description\":\"\",\"potentialAction\":[{\"@type\":\"SearchAction\",\"target\":{\"@type\":\"EntryPoint\",\"urlTemplate\":\"https:\/\/gazetapernambucana.com\/?s={search_term_string}\"},\"query-input\":{\"@type\":\"PropertyValueSpecification\",\"valueRequired\":true,\"valueName\":\"search_term_string\"}}],\"inLanguage\":\"pt-BR\"},{\"@type\":\"Person\",\"@id\":\"https:\/\/gazetapernambucana.com\/#\/schema\/person\/188dc283325181ac2de4db1e9e987427\",\"name\":\"GP\",\"image\":{\"@type\":\"ImageObject\",\"inLanguage\":\"pt-BR\",\"@id\":\"https:\/\/gazetapernambucana.com\/#\/schema\/person\/image\/\",\"url\":\"https:\/\/secure.gravatar.com\/avatar\/9dad78ff9a2d8b5742d11779f8a3f53b052320c550b2e1907882353c067bb111?s=96&d=mm&r=g\",\"contentUrl\":\"https:\/\/secure.gravatar.com\/avatar\/9dad78ff9a2d8b5742d11779f8a3f53b052320c550b2e1907882353c067bb111?s=96&d=mm&r=g\",\"caption\":\"GP\"},\"sameAs\":[\"http:\/\/gazetapernambucana.com\"],\"url\":\"https:\/\/gazetapernambucana.com\/?author=1\"}]}<\/script>\n<!-- \/ Yoast SEO plugin. -->","yoast_head_json":{"title":"Tudo que n\u00e3o coube na vida. Por Fl\u00e1vio Chaves -","robots":{"index":"index","follow":"follow","max-snippet":"max-snippet:-1","max-image-preview":"max-image-preview:large","max-video-preview":"max-video-preview:-1"},"canonical":"https:\/\/gazetapernambucana.com\/?p=1266","og_locale":"pt_BR","og_type":"article","og_title":"Tudo que n\u00e3o coube na vida. Por Fl\u00e1vio Chaves -","og_description":"\u00a0 \u00a0Por Fl\u00e1vio Chaves \u2013 Jornalista, poeta, escritor e membro da Academia Pernambucana de Letras. Foi Delegado Federal\/Minc\u00a0 \u2013\u00a0Tem coisas que a vida n\u00e3o soube segurar. Momentos que escorregaram pelos dedos do tempo, palavras que ficaram no ar esperando uma coragem que nunca chegou, gestos que foram adiados at\u00e9 sumirem no calend\u00e1rio. \u00c0s vezes, o [&hellip;]","og_url":"https:\/\/gazetapernambucana.com\/?p=1266","article_published_time":"2025-07-10T01:55:04+00:00","og_image":[{"width":212,"height":208,"url":"https:\/\/gazetapernambucana.com\/wp-content\/uploads\/2025\/06\/462562856_2457397397798111_6719032111439857149_n-1-1.jpg","type":"image\/jpeg"}],"author":"GP","twitter_card":"summary_large_image","twitter_misc":{"Escrito por":"GP","Est. tempo de leitura":"3 minutos"},"schema":{"@context":"https:\/\/schema.org","@graph":[{"@type":"WebPage","@id":"https:\/\/gazetapernambucana.com\/?p=1266","url":"https:\/\/gazetapernambucana.com\/?p=1266","name":"Tudo que n\u00e3o coube na vida. Por Fl\u00e1vio Chaves -","isPartOf":{"@id":"https:\/\/gazetapernambucana.com\/#website"},"primaryImageOfPage":{"@id":"https:\/\/gazetapernambucana.com\/?p=1266#primaryimage"},"image":{"@id":"https:\/\/gazetapernambucana.com\/?p=1266#primaryimage"},"thumbnailUrl":"https:\/\/gazetapernambucana.com\/wp-content\/uploads\/2025\/06\/462562856_2457397397798111_6719032111439857149_n-1-1.jpg","datePublished":"2025-07-10T01:55:04+00:00","author":{"@id":"https:\/\/gazetapernambucana.com\/#\/schema\/person\/188dc283325181ac2de4db1e9e987427"},"breadcrumb":{"@id":"https:\/\/gazetapernambucana.com\/?p=1266#breadcrumb"},"inLanguage":"pt-BR","potentialAction":[{"@type":"ReadAction","target":["https:\/\/gazetapernambucana.com\/?p=1266"]}]},{"@type":"ImageObject","inLanguage":"pt-BR","@id":"https:\/\/gazetapernambucana.com\/?p=1266#primaryimage","url":"https:\/\/gazetapernambucana.com\/wp-content\/uploads\/2025\/06\/462562856_2457397397798111_6719032111439857149_n-1-1.jpg","contentUrl":"https:\/\/gazetapernambucana.com\/wp-content\/uploads\/2025\/06\/462562856_2457397397798111_6719032111439857149_n-1-1.jpg","width":212,"height":208},{"@type":"BreadcrumbList","@id":"https:\/\/gazetapernambucana.com\/?p=1266#breadcrumb","itemListElement":[{"@type":"ListItem","position":1,"name":"In\u00edcio","item":"https:\/\/gazetapernambucana.com\/"},{"@type":"ListItem","position":2,"name":"Tudo que n\u00e3o coube na vida. Por Fl\u00e1vio Chaves"}]},{"@type":"WebSite","@id":"https:\/\/gazetapernambucana.com\/#website","url":"https:\/\/gazetapernambucana.com\/","name":"","description":"","potentialAction":[{"@type":"SearchAction","target":{"@type":"EntryPoint","urlTemplate":"https:\/\/gazetapernambucana.com\/?s={search_term_string}"},"query-input":{"@type":"PropertyValueSpecification","valueRequired":true,"valueName":"search_term_string"}}],"inLanguage":"pt-BR"},{"@type":"Person","@id":"https:\/\/gazetapernambucana.com\/#\/schema\/person\/188dc283325181ac2de4db1e9e987427","name":"GP","image":{"@type":"ImageObject","inLanguage":"pt-BR","@id":"https:\/\/gazetapernambucana.com\/#\/schema\/person\/image\/","url":"https:\/\/secure.gravatar.com\/avatar\/9dad78ff9a2d8b5742d11779f8a3f53b052320c550b2e1907882353c067bb111?s=96&d=mm&r=g","contentUrl":"https:\/\/secure.gravatar.com\/avatar\/9dad78ff9a2d8b5742d11779f8a3f53b052320c550b2e1907882353c067bb111?s=96&d=mm&r=g","caption":"GP"},"sameAs":["http:\/\/gazetapernambucana.com"],"url":"https:\/\/gazetapernambucana.com\/?author=1"}]}},"jetpack_publicize_connections":[],"_links":{"self":[{"href":"https:\/\/gazetapernambucana.com\/index.php?rest_route=\/wp\/v2\/posts\/1266","targetHints":{"allow":["GET"]}}],"collection":[{"href":"https:\/\/gazetapernambucana.com\/index.php?rest_route=\/wp\/v2\/posts"}],"about":[{"href":"https:\/\/gazetapernambucana.com\/index.php?rest_route=\/wp\/v2\/types\/post"}],"author":[{"embeddable":true,"href":"https:\/\/gazetapernambucana.com\/index.php?rest_route=\/wp\/v2\/users\/1"}],"replies":[{"embeddable":true,"href":"https:\/\/gazetapernambucana.com\/index.php?rest_route=%2Fwp%2Fv2%2Fcomments&post=1266"}],"version-history":[{"count":1,"href":"https:\/\/gazetapernambucana.com\/index.php?rest_route=\/wp\/v2\/posts\/1266\/revisions"}],"predecessor-version":[{"id":1267,"href":"https:\/\/gazetapernambucana.com\/index.php?rest_route=\/wp\/v2\/posts\/1266\/revisions\/1267"}],"wp:featuredmedia":[{"embeddable":true,"href":"https:\/\/gazetapernambucana.com\/index.php?rest_route=\/wp\/v2\/media\/1017"}],"wp:attachment":[{"href":"https:\/\/gazetapernambucana.com\/index.php?rest_route=%2Fwp%2Fv2%2Fmedia&parent=1266"}],"wp:term":[{"taxonomy":"category","embeddable":true,"href":"https:\/\/gazetapernambucana.com\/index.php?rest_route=%2Fwp%2Fv2%2Fcategories&post=1266"},{"taxonomy":"post_tag","embeddable":true,"href":"https:\/\/gazetapernambucana.com\/index.php?rest_route=%2Fwp%2Fv2%2Ftags&post=1266"}],"curies":[{"name":"wp","href":"https:\/\/api.w.org\/{rel}","templated":true}]}}