{"id":1263,"date":"2025-07-08T01:08:52","date_gmt":"2025-07-08T04:08:52","guid":{"rendered":"https:\/\/gazetapernambucana.com\/?p=1263"},"modified":"2025-07-08T01:08:52","modified_gmt":"2025-07-08T04:08:52","slug":"veja-video-ja-conhece-o-aeroporco-presente-de-leila-pereira-para-o-palmeiras-esta-avaliado-em-mais-de-r350-milhoes","status":"publish","type":"post","link":"https:\/\/gazetapernambucana.com\/?p=1263","title":{"rendered":"[VEJA V\u00cdDEO] J\u00e1 conhece o \u2018aeroporco\u201d? Presente de Leila Pereira para o Palmeiras est\u00e1 avaliado em mais de R$350 milh\u00f5es"},"content":{"rendered":"<div class=\"entry-content\">\n<figure class=\"img-lead\"><img decoding=\"async\" src=\"https:\/\/www.bnewsnatal.com.br\/media\/_versions\/2025\/07\/captura-de-tela-2025-07-07-075633_lh075820397_widemd.jpg\" alt=\"A aquisi\u00e7\u00e3o do 'Aeroporco' representa um passo significativo para o Palmeiras, que busca se tornar um exemplo de administra\u00e7\u00e3o no futebol. - Divulga\u00e7\u00e3o\" \/><figcaption>Com capacidade para 98 pessoas, o E190-E2 permitir\u00e1 ao Palmeiras voar sem escalas por toda a Am\u00e9rica do Sul, aguardando autoriza\u00e7\u00e3o da ANAC\u00a0\u00a0|\u00a0\u00a0\u00a0<img loading=\"lazy\" decoding=\"async\" src=\"https:\/\/www.bnewsnatal.com.br\/static\/img\/camera_icon.svg\" alt=\"BNews Natal - Divulga\u00e7\u00e3o\" width=\"17\" height=\"17\" \/> A aquisi\u00e7\u00e3o do \u2018Aeroporco\u2019 representa um passo significativo para o Palmeiras, que busca se tornar um exemplo de administra\u00e7\u00e3o no futebol. \u2013 Divulga\u00e7\u00e3o<\/figcaption><\/figure>\n<div class=\"artigo_texto mb-3\">\n<p>O Palmeiras est\u00e1 voando. O time agora tem um avi\u00e3o para chamar de seu. E j\u00e1 foi apelidado de \u201cAeroporco\u201d. A presidente do clube, Leila Pereira, concluiu o processo de compra e recebeu, nesta ter\u00e7a (27), uma aeronave que ser\u00e1 utilizada para as viagens do alviverde.<\/p>\n<p>\u201cN\u00e3o tenho d\u00favidas que celebraremos muitas conquistas com nossa aeronave, porque essa aeronave foi adquirida para beneficiar o nosso clube, para dar mais conforto e versatilidade para as viagens do Palmeiras e tudo foi pensado por causa do clube\u201d, disse em cerim\u00f4nia de entrega em S\u00e3o Jos\u00e9 dos Campos.<\/p>\n<p>O valor da compra, atualizado e estimado, foi de 74 milh\u00f5es d\u00f3lares, o equivalente a mais de R$ 352 milh\u00f5es. O ve\u00edculo foi comprado pela empresa da presidente do clube, a Placar.<\/p>\n<p><img loading=\"lazy\" decoding=\"async\" src=\"https:\/\/www.bnewsnatal.com.br\/media\/uploads\/2025\/07\/captura-de-tela-2025-07-07-074850.jpg\" alt=\"\" width=\"800\" height=\"470\" \/>O avi\u00e3o tem capacidade para 98 pessoas. O modelo E190-E2 tem autonomia para voos em toda Am\u00e9rica do Sul, sem escalas. Ainda falta uma autoriza\u00e7\u00e3o da ANAC para a aeronave come\u00e7ar operar. Atualmente, o Palmeiras freta voos para deslocar o time nas competi\u00e7\u00f5es fora de S\u00e3o Paulo.<\/p>\n<p>Leila explicou que o uso preferencial ser\u00e1 do alviverde, mas o avi\u00e3o poder\u00e1 ser alugado para outros clubes. \u201cQuando o avi\u00e3o n\u00e3o tiver voos do nosso clube, vamos utilizar para futebol brasileiro. Outros clubes que queiram fret\u00e1-lo, a aeronave estar\u00e1 \u00e0 disposi\u00e7\u00e3o. Al\u00e9m de querer o Palmeiras mais gigante, mais campe\u00e3o, n\u00f3s com o exemplo de administra\u00e7\u00e3o que n\u00f3s temos em nosso querido clube, n\u00f3s queremos servir de exemplo para o futebol brasileiro, que \u00e9 um grande produto o nosso futebol\u201d.<\/p>\n<p><img loading=\"lazy\" decoding=\"async\" src=\"https:\/\/www.bnewsnatal.com.br\/media\/uploads\/2025\/07\/captura-de-tela-2025-07-07-074829.jpg\" alt=\"\" width=\"666\" height=\"733\" \/>\u201cO Palmeiras \u00e9 sempre inovador. Elegeu a primeira mulher presidente desse clube centen\u00e1rio e, tamb\u00e9m, \u00e9 o primeiro clube que tem um avi\u00e3o \u00e0 sua disposi\u00e7\u00e3o para o deslocamento para onde quer que seja\u201d, completou a presidente.<\/p>\n<\/div>\n<p>VEJA O V\u00cdDEO:<\/p>\n<div style=\"width: 640px;\" class=\"wp-video\"><video class=\"wp-video-shortcode\" id=\"video-1263-1\" width=\"640\" height=\"360\" preload=\"metadata\" controls=\"controls\"><source type=\"video\/mp4\" src=\"https:\/\/www.bnewsnatal.com.br\/media\/uploads\/2025\/07\/whatsapp-video-2025-07-07-at-075706.mp4?_=1\" \/><a href=\"https:\/\/www.bnewsnatal.com.br\/media\/uploads\/2025\/07\/whatsapp-video-2025-07-07-at-075706.mp4\">https:\/\/www.bnewsnatal.com.br\/media\/uploads\/2025\/07\/whatsapp-video-2025-07-07-at-075706.mp4<\/a><\/video><\/div>\n<div class=\"wp-video\">\n<div id=\"mep_0\" class=\"mejs-container mejs-container-keyboard-inactive wp-video-shortcode mejs-video\" tabindex=\"0\" role=\"application\" aria-label=\"Tocador de v\u00eddeo\">\n<div class=\"mejs-inner\">\n<div class=\"mejs-layers\">\n<div class=\"mejs-overlay mejs-layer mejs-overlay-play\">\n<div class=\"mejs-overlay-button\" tabindex=\"0\" role=\"button\" aria-label=\"Reproduzir\" aria-pressed=\"false\"><\/div>\n<\/div>\n<\/div>\n<\/div>\n<\/div>\n<\/div>\n<\/div>\n","protected":false},"excerpt":{"rendered":"<p>Com capacidade para 98 pessoas, o E190-E2 permitir\u00e1 ao Palmeiras voar sem escalas por toda a Am\u00e9rica do Sul, aguardando autoriza\u00e7\u00e3o da ANAC\u00a0\u00a0|\u00a0\u00a0\u00a0 A aquisi\u00e7\u00e3o do \u2018Aeroporco\u2019 representa um passo significativo para o Palmeiras, que busca se tornar um exemplo de administra\u00e7\u00e3o no futebol. \u2013 Divulga\u00e7\u00e3o O Palmeiras est\u00e1 voando. O time agora tem um [&hellip;]<\/p>\n","protected":false},"author":1,"featured_media":1264,"comment_status":"open","ping_status":"open","sticky":false,"template":"","format":"standard","meta":{"footnotes":"","jetpack_publicize_message":"","jetpack_publicize_feature_enabled":true,"jetpack_social_post_already_shared":false,"jetpack_social_options":{"image_generator_settings":{"template":"highway","default_image_id":0,"font":"","enabled":false},"version":2}},"categories":[1,39],"tags":[],"class_list":["post-1263","post","type-post","status-publish","format-standard","has-post-thumbnail","hentry","category-https-gazetapernambucana-com-page_id225","category-https-gazetapernambucana-com-page_id221"],"yoast_head":"<!-- This site is optimized with the Yoast SEO plugin v24.5 - https:\/\/yoast.com\/wordpress\/plugins\/seo\/ -->\n<title>[VEJA V\u00cdDEO] J\u00e1 conhece o \u2018aeroporco\u201d? Presente de Leila Pereira para o Palmeiras est\u00e1 avaliado em mais de R$350 milh\u00f5es -<\/title>\n<meta name=\"robots\" content=\"index, follow, max-snippet:-1, max-image-preview:large, max-video-preview:-1\" \/>\n<link rel=\"canonical\" href=\"https:\/\/gazetapernambucana.com\/?p=1263\" \/>\n<meta property=\"og:locale\" content=\"pt_BR\" \/>\n<meta property=\"og:type\" content=\"article\" \/>\n<meta property=\"og:title\" content=\"[VEJA V\u00cdDEO] J\u00e1 conhece o \u2018aeroporco\u201d? Presente de Leila Pereira para o Palmeiras est\u00e1 avaliado em mais de R$350 milh\u00f5es -\" \/>\n<meta property=\"og:description\" content=\"Com capacidade para 98 pessoas, o E190-E2 permitir\u00e1 ao Palmeiras voar sem escalas por toda a Am\u00e9rica do Sul, aguardando autoriza\u00e7\u00e3o da ANAC\u00a0\u00a0|\u00a0\u00a0\u00a0 A aquisi\u00e7\u00e3o do \u2018Aeroporco\u2019 representa um passo significativo para o Palmeiras, que busca se tornar um exemplo de administra\u00e7\u00e3o no futebol. \u2013 Divulga\u00e7\u00e3o O Palmeiras est\u00e1 voando. O time agora tem um [&hellip;]\" \/>\n<meta property=\"og:url\" content=\"https:\/\/gazetapernambucana.com\/?p=1263\" \/>\n<meta property=\"article:published_time\" content=\"2025-07-08T04:08:52+00:00\" \/>\n<meta property=\"og:image\" content=\"https:\/\/gazetapernambucana.com\/wp-content\/uploads\/2025\/07\/captura-de-tela-2025-07-07-075633_lh075820397_widemd.jpg\" \/>\n\t<meta property=\"og:image:width\" content=\"551\" \/>\n\t<meta property=\"og:image:height\" content=\"309\" \/>\n\t<meta property=\"og:image:type\" content=\"image\/jpeg\" \/>\n<meta name=\"author\" content=\"GP\" \/>\n<meta name=\"twitter:card\" content=\"summary_large_image\" \/>\n<meta name=\"twitter:label1\" content=\"Escrito por\" \/>\n\t<meta name=\"twitter:data1\" content=\"GP\" \/>\n\t<meta name=\"twitter:label2\" content=\"Est. tempo de leitura\" \/>\n\t<meta name=\"twitter:data2\" content=\"3 minutos\" \/>\n<script type=\"application\/ld+json\" class=\"yoast-schema-graph\">{\"@context\":\"https:\/\/schema.org\",\"@graph\":[{\"@type\":\"WebPage\",\"@id\":\"https:\/\/gazetapernambucana.com\/?p=1263\",\"url\":\"https:\/\/gazetapernambucana.com\/?p=1263\",\"name\":\"[VEJA V\u00cdDEO] J\u00e1 conhece o \u2018aeroporco\u201d? Presente de Leila Pereira para o Palmeiras est\u00e1 avaliado em mais de R$350 milh\u00f5es -\",\"isPartOf\":{\"@id\":\"https:\/\/gazetapernambucana.com\/#website\"},\"primaryImageOfPage\":{\"@id\":\"https:\/\/gazetapernambucana.com\/?p=1263#primaryimage\"},\"image\":{\"@id\":\"https:\/\/gazetapernambucana.com\/?p=1263#primaryimage\"},\"thumbnailUrl\":\"https:\/\/gazetapernambucana.com\/wp-content\/uploads\/2025\/07\/captura-de-tela-2025-07-07-075633_lh075820397_widemd.jpg\",\"datePublished\":\"2025-07-08T04:08:52+00:00\",\"author\":{\"@id\":\"https:\/\/gazetapernambucana.com\/#\/schema\/person\/188dc283325181ac2de4db1e9e987427\"},\"breadcrumb\":{\"@id\":\"https:\/\/gazetapernambucana.com\/?p=1263#breadcrumb\"},\"inLanguage\":\"pt-BR\",\"potentialAction\":[{\"@type\":\"ReadAction\",\"target\":[\"https:\/\/gazetapernambucana.com\/?p=1263\"]}]},{\"@type\":\"ImageObject\",\"inLanguage\":\"pt-BR\",\"@id\":\"https:\/\/gazetapernambucana.com\/?p=1263#primaryimage\",\"url\":\"https:\/\/gazetapernambucana.com\/wp-content\/uploads\/2025\/07\/captura-de-tela-2025-07-07-075633_lh075820397_widemd.jpg\",\"contentUrl\":\"https:\/\/gazetapernambucana.com\/wp-content\/uploads\/2025\/07\/captura-de-tela-2025-07-07-075633_lh075820397_widemd.jpg\",\"width\":551,\"height\":309},{\"@type\":\"BreadcrumbList\",\"@id\":\"https:\/\/gazetapernambucana.com\/?p=1263#breadcrumb\",\"itemListElement\":[{\"@type\":\"ListItem\",\"position\":1,\"name\":\"In\u00edcio\",\"item\":\"https:\/\/gazetapernambucana.com\/\"},{\"@type\":\"ListItem\",\"position\":2,\"name\":\"[VEJA V\u00cdDEO] J\u00e1 conhece o \u2018aeroporco\u201d? Presente de Leila Pereira para o Palmeiras est\u00e1 avaliado em mais de R$350 milh\u00f5es\"}]},{\"@type\":\"WebSite\",\"@id\":\"https:\/\/gazetapernambucana.com\/#website\",\"url\":\"https:\/\/gazetapernambucana.com\/\",\"name\":\"\",\"description\":\"\",\"potentialAction\":[{\"@type\":\"SearchAction\",\"target\":{\"@type\":\"EntryPoint\",\"urlTemplate\":\"https:\/\/gazetapernambucana.com\/?s={search_term_string}\"},\"query-input\":{\"@type\":\"PropertyValueSpecification\",\"valueRequired\":true,\"valueName\":\"search_term_string\"}}],\"inLanguage\":\"pt-BR\"},{\"@type\":\"Person\",\"@id\":\"https:\/\/gazetapernambucana.com\/#\/schema\/person\/188dc283325181ac2de4db1e9e987427\",\"name\":\"GP\",\"image\":{\"@type\":\"ImageObject\",\"inLanguage\":\"pt-BR\",\"@id\":\"https:\/\/gazetapernambucana.com\/#\/schema\/person\/image\/\",\"url\":\"https:\/\/secure.gravatar.com\/avatar\/9dad78ff9a2d8b5742d11779f8a3f53b052320c550b2e1907882353c067bb111?s=96&d=mm&r=g\",\"contentUrl\":\"https:\/\/secure.gravatar.com\/avatar\/9dad78ff9a2d8b5742d11779f8a3f53b052320c550b2e1907882353c067bb111?s=96&d=mm&r=g\",\"caption\":\"GP\"},\"sameAs\":[\"http:\/\/gazetapernambucana.com\"],\"url\":\"https:\/\/gazetapernambucana.com\/?author=1\"}]}<\/script>\n<!-- \/ Yoast SEO plugin. -->","yoast_head_json":{"title":"[VEJA V\u00cdDEO] J\u00e1 conhece o \u2018aeroporco\u201d? Presente de Leila Pereira para o Palmeiras est\u00e1 avaliado em mais de R$350 milh\u00f5es -","robots":{"index":"index","follow":"follow","max-snippet":"max-snippet:-1","max-image-preview":"max-image-preview:large","max-video-preview":"max-video-preview:-1"},"canonical":"https:\/\/gazetapernambucana.com\/?p=1263","og_locale":"pt_BR","og_type":"article","og_title":"[VEJA V\u00cdDEO] J\u00e1 conhece o \u2018aeroporco\u201d? Presente de Leila Pereira para o Palmeiras est\u00e1 avaliado em mais de R$350 milh\u00f5es -","og_description":"Com capacidade para 98 pessoas, o E190-E2 permitir\u00e1 ao Palmeiras voar sem escalas por toda a Am\u00e9rica do Sul, aguardando autoriza\u00e7\u00e3o da ANAC\u00a0\u00a0|\u00a0\u00a0\u00a0 A aquisi\u00e7\u00e3o do \u2018Aeroporco\u2019 representa um passo significativo para o Palmeiras, que busca se tornar um exemplo de administra\u00e7\u00e3o no futebol. \u2013 Divulga\u00e7\u00e3o O Palmeiras est\u00e1 voando. O time agora tem um [&hellip;]","og_url":"https:\/\/gazetapernambucana.com\/?p=1263","article_published_time":"2025-07-08T04:08:52+00:00","og_image":[{"width":551,"height":309,"url":"https:\/\/gazetapernambucana.com\/wp-content\/uploads\/2025\/07\/captura-de-tela-2025-07-07-075633_lh075820397_widemd.jpg","type":"image\/jpeg"}],"author":"GP","twitter_card":"summary_large_image","twitter_misc":{"Escrito por":"GP","Est. tempo de leitura":"3 minutos"},"schema":{"@context":"https:\/\/schema.org","@graph":[{"@type":"WebPage","@id":"https:\/\/gazetapernambucana.com\/?p=1263","url":"https:\/\/gazetapernambucana.com\/?p=1263","name":"[VEJA V\u00cdDEO] J\u00e1 conhece o \u2018aeroporco\u201d? Presente de Leila Pereira para o Palmeiras est\u00e1 avaliado em mais de R$350 milh\u00f5es -","isPartOf":{"@id":"https:\/\/gazetapernambucana.com\/#website"},"primaryImageOfPage":{"@id":"https:\/\/gazetapernambucana.com\/?p=1263#primaryimage"},"image":{"@id":"https:\/\/gazetapernambucana.com\/?p=1263#primaryimage"},"thumbnailUrl":"https:\/\/gazetapernambucana.com\/wp-content\/uploads\/2025\/07\/captura-de-tela-2025-07-07-075633_lh075820397_widemd.jpg","datePublished":"2025-07-08T04:08:52+00:00","author":{"@id":"https:\/\/gazetapernambucana.com\/#\/schema\/person\/188dc283325181ac2de4db1e9e987427"},"breadcrumb":{"@id":"https:\/\/gazetapernambucana.com\/?p=1263#breadcrumb"},"inLanguage":"pt-BR","potentialAction":[{"@type":"ReadAction","target":["https:\/\/gazetapernambucana.com\/?p=1263"]}]},{"@type":"ImageObject","inLanguage":"pt-BR","@id":"https:\/\/gazetapernambucana.com\/?p=1263#primaryimage","url":"https:\/\/gazetapernambucana.com\/wp-content\/uploads\/2025\/07\/captura-de-tela-2025-07-07-075633_lh075820397_widemd.jpg","contentUrl":"https:\/\/gazetapernambucana.com\/wp-content\/uploads\/2025\/07\/captura-de-tela-2025-07-07-075633_lh075820397_widemd.jpg","width":551,"height":309},{"@type":"BreadcrumbList","@id":"https:\/\/gazetapernambucana.com\/?p=1263#breadcrumb","itemListElement":[{"@type":"ListItem","position":1,"name":"In\u00edcio","item":"https:\/\/gazetapernambucana.com\/"},{"@type":"ListItem","position":2,"name":"[VEJA V\u00cdDEO] J\u00e1 conhece o \u2018aeroporco\u201d? Presente de Leila Pereira para o Palmeiras est\u00e1 avaliado em mais de R$350 milh\u00f5es"}]},{"@type":"WebSite","@id":"https:\/\/gazetapernambucana.com\/#website","url":"https:\/\/gazetapernambucana.com\/","name":"","description":"","potentialAction":[{"@type":"SearchAction","target":{"@type":"EntryPoint","urlTemplate":"https:\/\/gazetapernambucana.com\/?s={search_term_string}"},"query-input":{"@type":"PropertyValueSpecification","valueRequired":true,"valueName":"search_term_string"}}],"inLanguage":"pt-BR"},{"@type":"Person","@id":"https:\/\/gazetapernambucana.com\/#\/schema\/person\/188dc283325181ac2de4db1e9e987427","name":"GP","image":{"@type":"ImageObject","inLanguage":"pt-BR","@id":"https:\/\/gazetapernambucana.com\/#\/schema\/person\/image\/","url":"https:\/\/secure.gravatar.com\/avatar\/9dad78ff9a2d8b5742d11779f8a3f53b052320c550b2e1907882353c067bb111?s=96&d=mm&r=g","contentUrl":"https:\/\/secure.gravatar.com\/avatar\/9dad78ff9a2d8b5742d11779f8a3f53b052320c550b2e1907882353c067bb111?s=96&d=mm&r=g","caption":"GP"},"sameAs":["http:\/\/gazetapernambucana.com"],"url":"https:\/\/gazetapernambucana.com\/?author=1"}]}},"jetpack_publicize_connections":[],"_links":{"self":[{"href":"https:\/\/gazetapernambucana.com\/index.php?rest_route=\/wp\/v2\/posts\/1263","targetHints":{"allow":["GET"]}}],"collection":[{"href":"https:\/\/gazetapernambucana.com\/index.php?rest_route=\/wp\/v2\/posts"}],"about":[{"href":"https:\/\/gazetapernambucana.com\/index.php?rest_route=\/wp\/v2\/types\/post"}],"author":[{"embeddable":true,"href":"https:\/\/gazetapernambucana.com\/index.php?rest_route=\/wp\/v2\/users\/1"}],"replies":[{"embeddable":true,"href":"https:\/\/gazetapernambucana.com\/index.php?rest_route=%2Fwp%2Fv2%2Fcomments&post=1263"}],"version-history":[{"count":1,"href":"https:\/\/gazetapernambucana.com\/index.php?rest_route=\/wp\/v2\/posts\/1263\/revisions"}],"predecessor-version":[{"id":1265,"href":"https:\/\/gazetapernambucana.com\/index.php?rest_route=\/wp\/v2\/posts\/1263\/revisions\/1265"}],"wp:featuredmedia":[{"embeddable":true,"href":"https:\/\/gazetapernambucana.com\/index.php?rest_route=\/wp\/v2\/media\/1264"}],"wp:attachment":[{"href":"https:\/\/gazetapernambucana.com\/index.php?rest_route=%2Fwp%2Fv2%2Fmedia&parent=1263"}],"wp:term":[{"taxonomy":"category","embeddable":true,"href":"https:\/\/gazetapernambucana.com\/index.php?rest_route=%2Fwp%2Fv2%2Fcategories&post=1263"},{"taxonomy":"post_tag","embeddable":true,"href":"https:\/\/gazetapernambucana.com\/index.php?rest_route=%2Fwp%2Fv2%2Ftags&post=1263"}],"curies":[{"name":"wp","href":"https:\/\/api.w.org\/{rel}","templated":true}]}}