{"id":1260,"date":"2025-07-08T00:55:21","date_gmt":"2025-07-08T03:55:21","guid":{"rendered":"https:\/\/gazetapernambucana.com\/?p=1260"},"modified":"2025-07-08T00:55:21","modified_gmt":"2025-07-08T03:55:21","slug":"posto-blindado-reconhecimento-facial-e-drones-com-cameras-termais-reforcam-seguranca-em-presidio-no-rn","status":"publish","type":"post","link":"https:\/\/gazetapernambucana.com\/?p=1260","title":{"rendered":"Posto blindado, reconhecimento facial e drones com c\u00e2meras termais refor\u00e7am seguran\u00e7a em pres\u00eddio no RN"},"content":{"rendered":"<p data-mrf-recirculation=\"Article links\" data-track-category=\"Link no Texto\" data-track-links=\"\"><img loading=\"lazy\" decoding=\"async\" class=\"alignnone size-medium wp-image-174310\" src=\"https:\/\/flaviochaves.com.br\/wp-content\/uploads\/2025\/07\/transferir-3-1-300x150.jpeg\" sizes=\"auto, (max-width: 300px) 100vw, 300px\" srcset=\"https:\/\/flaviochaves.com.br\/wp-content\/uploads\/2025\/07\/transferir-3-1-300x150.jpeg 300w, https:\/\/flaviochaves.com.br\/wp-content\/uploads\/2025\/07\/transferir-3-1-650x325.jpeg 650w, https:\/\/flaviochaves.com.br\/wp-content\/uploads\/2025\/07\/transferir-3-1.jpeg 715w\" alt=\"\" width=\"300\" height=\"150\" \/>\u00a0Ao todo, s\u00e3o mais de 200 itens que ir\u00e3o refor\u00e7ar o novo sistema de seguran\u00e7a do Pres\u00eddio Federal de Mossor\u00f3, no Oeste potiguar\u00a0\u00a0|\u00a0\u00a0\u00a0<img loading=\"lazy\" decoding=\"async\" src=\"https:\/\/www.bnewsnatal.com.br\/static\/img\/camera_icon.svg\" alt=\"BNews Natal - Divulga\u00e7\u00e3o\" width=\"17\" height=\"17\" \/>\u00a0Pres\u00eddio Federal de Mossor\u00f3<\/p>\n<p class=\"content-text__container theme-color-primary-first-letter\" data-mrf-recirculation=\"Article links\" data-track-category=\"Link no Texto\" data-track-links=\"\">Um posto de inspe\u00e7\u00e3o blindado, catracas com reconhecimento facial, drones com c\u00e2meras termais e equipamentos de alta defini\u00e7\u00e3o para monitoramento. Ao todo, s\u00e3o mais de 200 itens que ir\u00e3o refor\u00e7ar o novo sistema de seguran\u00e7a do Pres\u00eddio Federal de Mossor\u00f3, no Oeste potiguar.<\/p>\n<p class=\"content-text__container theme-color-primary-first-letter\" data-mrf-recirculation=\"Article links\" data-track-category=\"Link no Texto\" data-track-links=\"\">E tem mais: at\u00e9 o m\u00eas que vem, a\u00a0Secretaria Nacional de Pol\u00edticas Penais\u00a0do Minist\u00e9rio da Justi\u00e7a e Seguran\u00e7a P\u00fablica dever\u00e1 concluir e entregar o aprimoramento da infraestrutura el\u00e9trica do pres\u00eddio, que h\u00e1 quase um ano e meio sofreu a primeira fuga de presos do sistema penitenci\u00e1rio federal do pa\u00eds.<\/p>\n<p class=\"content-text__container theme-color-primary-first-letter\" data-mrf-recirculation=\"Article links\" data-track-category=\"Link no Texto\" data-track-links=\"\"><strong>Muralha em 2026<\/strong><\/p>\n<p class=\"content-text__container theme-color-primary-first-letter\" data-mrf-recirculation=\"Article links\" data-track-category=\"Link no Texto\" data-track-links=\"\">Uma muralha tamb\u00e9m ser\u00e1 erguida no entorno da unidade, cercando todo o per\u00edmetro.Para isso, ser\u00e3o empregados mais de R$ 28 milh\u00f5es. A estrutura, que est\u00e1 na fase de funda\u00e7\u00e3o, s\u00f3 dever\u00e1 ficar pronta em julho do pr\u00f3ximo ano.<\/p>\n<figure class=\"image\"><img loading=\"lazy\" decoding=\"async\" src=\"https:\/\/www.bnewsnatal.com.br\/media\/uploads\/2025\/07\/tatu-e-martelo_el152721530.jpg\" alt=\"Rog\u00e9rio da Silva Mendon\u00e7a, de 35 anos, e Deibson Cabral Nascimento, 33 anos, mais conhecidos como &quot;Tatu&quot; e &quot;Martelo&quot;\" width=\"554\" height=\"312\" \/><figcaption>Rog\u00e9rio da Silva Mendon\u00e7a, de 35 anos, e Deibson Cabral Nascimento, 33 anos, mais<br \/>\nconhecidos como \u201cTatu\u201d e \u201cMartelo\u201d<\/figcaption><\/figure>\n<p class=\"content-text__container theme-color-primary-first-letter\" data-mrf-recirculation=\"Article links\" data-track-category=\"Link no Texto\" data-track-links=\"\"><strong>A fuga de Tatu e Martelo<\/strong><\/p>\n<p class=\"content-text__container theme-color-primary-first-letter\" data-mrf-recirculation=\"Article links\" data-track-category=\"Link no Texto\" data-track-links=\"\">Rog\u00e9rio da Silva Mendon\u00e7a, de 35 anos, e Deibson Cabral Nascimento, 33 anos, mais conhecidos como \u201cTatu\u201d e \u201cMartelo\u201d, s\u00e3o integrantes do Comando Vermelho no Acre. Os dois fugiram do Pres\u00eddio Federal de Mossor\u00f3 no dia 14 de fevereiro de 2024, em pleno carnaval. Foi a primeira fuga de um pres\u00eddio federal do Brasil. Ambos foram recapturados dia 4 de abril, ap\u00f3s permanecerem foragidos por 50 dias.<\/p>\n<p class=\"content-text__container theme-color-primary-first-letter\" data-mrf-recirculation=\"Article links\" data-track-category=\"Link no Texto\" data-track-links=\"\">Eles foram encontrados e presos na ponte que atravessa o Rio Tocantins, no munic\u00edpio de Marab\u00e1, Sudeste do Par\u00e1, 1.600 quil\u00f4metros de dist\u00e2ncia de Mossor\u00f3. A opera\u00e7\u00e3o envolveu o monitoramento de tr\u00eas ve\u00edculos que, segundo as investiga\u00e7\u00f5es, davam cobertura \u00e0 fuga. Ao todo, seis pessoas foram presas nos tr\u00eas carros. Um dos foragidos foi capturado pela PF, e outro, pela PRF.<\/p>\n","protected":false},"excerpt":{"rendered":"<p>\u00a0Ao todo, s\u00e3o mais de 200 itens que ir\u00e3o refor\u00e7ar o novo sistema de seguran\u00e7a do Pres\u00eddio Federal de Mossor\u00f3, no Oeste potiguar\u00a0\u00a0|\u00a0\u00a0\u00a0\u00a0Pres\u00eddio Federal de Mossor\u00f3 Um posto de inspe\u00e7\u00e3o blindado, catracas com reconhecimento facial, drones com c\u00e2meras termais e equipamentos de alta defini\u00e7\u00e3o para monitoramento. Ao todo, s\u00e3o mais de 200 itens que ir\u00e3o [&hellip;]<\/p>\n","protected":false},"author":1,"featured_media":1261,"comment_status":"open","ping_status":"open","sticky":false,"template":"","format":"standard","meta":{"footnotes":"","jetpack_publicize_message":"","jetpack_publicize_feature_enabled":true,"jetpack_social_post_already_shared":false,"jetpack_social_options":{"image_generator_settings":{"template":"highway","default_image_id":0,"font":"","enabled":false},"version":2}},"categories":[37,66,1],"tags":[],"class_list":["post-1260","post","type-post","status-publish","format-standard","has-post-thumbnail","hentry","category-https-gazetapernambucana-com-page_id212","category-cidades","category-https-gazetapernambucana-com-page_id225"],"yoast_head":"<!-- This site is optimized with the Yoast SEO plugin v24.5 - https:\/\/yoast.com\/wordpress\/plugins\/seo\/ -->\n<title>Posto blindado, reconhecimento facial e drones com c\u00e2meras termais refor\u00e7am seguran\u00e7a em pres\u00eddio no RN -<\/title>\n<meta name=\"robots\" content=\"index, follow, max-snippet:-1, max-image-preview:large, max-video-preview:-1\" \/>\n<link rel=\"canonical\" href=\"https:\/\/gazetapernambucana.com\/?p=1260\" \/>\n<meta property=\"og:locale\" content=\"pt_BR\" \/>\n<meta property=\"og:type\" content=\"article\" \/>\n<meta property=\"og:title\" content=\"Posto blindado, reconhecimento facial e drones com c\u00e2meras termais refor\u00e7am seguran\u00e7a em pres\u00eddio no RN -\" \/>\n<meta property=\"og:description\" content=\"\u00a0Ao todo, s\u00e3o mais de 200 itens que ir\u00e3o refor\u00e7ar o novo sistema de seguran\u00e7a do Pres\u00eddio Federal de Mossor\u00f3, no Oeste potiguar\u00a0\u00a0|\u00a0\u00a0\u00a0\u00a0Pres\u00eddio Federal de Mossor\u00f3 Um posto de inspe\u00e7\u00e3o blindado, catracas com reconhecimento facial, drones com c\u00e2meras termais e equipamentos de alta defini\u00e7\u00e3o para monitoramento. Ao todo, s\u00e3o mais de 200 itens que ir\u00e3o [&hellip;]\" \/>\n<meta property=\"og:url\" content=\"https:\/\/gazetapernambucana.com\/?p=1260\" \/>\n<meta property=\"article:published_time\" content=\"2025-07-08T03:55:21+00:00\" \/>\n<meta property=\"og:image\" content=\"https:\/\/gazetapernambucana.com\/wp-content\/uploads\/2025\/07\/transferir-3-1.jpeg\" \/>\n\t<meta property=\"og:image:width\" content=\"715\" \/>\n\t<meta property=\"og:image:height\" content=\"357\" \/>\n\t<meta property=\"og:image:type\" content=\"image\/jpeg\" \/>\n<meta name=\"author\" content=\"GP\" \/>\n<meta name=\"twitter:card\" content=\"summary_large_image\" \/>\n<meta name=\"twitter:label1\" content=\"Escrito por\" \/>\n\t<meta name=\"twitter:data1\" content=\"GP\" \/>\n\t<meta name=\"twitter:label2\" content=\"Est. tempo de leitura\" \/>\n\t<meta name=\"twitter:data2\" content=\"3 minutos\" \/>\n<script type=\"application\/ld+json\" class=\"yoast-schema-graph\">{\"@context\":\"https:\/\/schema.org\",\"@graph\":[{\"@type\":\"WebPage\",\"@id\":\"https:\/\/gazetapernambucana.com\/?p=1260\",\"url\":\"https:\/\/gazetapernambucana.com\/?p=1260\",\"name\":\"Posto blindado, reconhecimento facial e drones com c\u00e2meras termais refor\u00e7am seguran\u00e7a em pres\u00eddio no RN -\",\"isPartOf\":{\"@id\":\"https:\/\/gazetapernambucana.com\/#website\"},\"primaryImageOfPage\":{\"@id\":\"https:\/\/gazetapernambucana.com\/?p=1260#primaryimage\"},\"image\":{\"@id\":\"https:\/\/gazetapernambucana.com\/?p=1260#primaryimage\"},\"thumbnailUrl\":\"https:\/\/gazetapernambucana.com\/wp-content\/uploads\/2025\/07\/transferir-3-1.jpeg\",\"datePublished\":\"2025-07-08T03:55:21+00:00\",\"author\":{\"@id\":\"https:\/\/gazetapernambucana.com\/#\/schema\/person\/188dc283325181ac2de4db1e9e987427\"},\"breadcrumb\":{\"@id\":\"https:\/\/gazetapernambucana.com\/?p=1260#breadcrumb\"},\"inLanguage\":\"pt-BR\",\"potentialAction\":[{\"@type\":\"ReadAction\",\"target\":[\"https:\/\/gazetapernambucana.com\/?p=1260\"]}]},{\"@type\":\"ImageObject\",\"inLanguage\":\"pt-BR\",\"@id\":\"https:\/\/gazetapernambucana.com\/?p=1260#primaryimage\",\"url\":\"https:\/\/gazetapernambucana.com\/wp-content\/uploads\/2025\/07\/transferir-3-1.jpeg\",\"contentUrl\":\"https:\/\/gazetapernambucana.com\/wp-content\/uploads\/2025\/07\/transferir-3-1.jpeg\",\"width\":715,\"height\":357},{\"@type\":\"BreadcrumbList\",\"@id\":\"https:\/\/gazetapernambucana.com\/?p=1260#breadcrumb\",\"itemListElement\":[{\"@type\":\"ListItem\",\"position\":1,\"name\":\"In\u00edcio\",\"item\":\"https:\/\/gazetapernambucana.com\/\"},{\"@type\":\"ListItem\",\"position\":2,\"name\":\"Posto blindado, reconhecimento facial e drones com c\u00e2meras termais refor\u00e7am seguran\u00e7a em pres\u00eddio no RN\"}]},{\"@type\":\"WebSite\",\"@id\":\"https:\/\/gazetapernambucana.com\/#website\",\"url\":\"https:\/\/gazetapernambucana.com\/\",\"name\":\"\",\"description\":\"\",\"potentialAction\":[{\"@type\":\"SearchAction\",\"target\":{\"@type\":\"EntryPoint\",\"urlTemplate\":\"https:\/\/gazetapernambucana.com\/?s={search_term_string}\"},\"query-input\":{\"@type\":\"PropertyValueSpecification\",\"valueRequired\":true,\"valueName\":\"search_term_string\"}}],\"inLanguage\":\"pt-BR\"},{\"@type\":\"Person\",\"@id\":\"https:\/\/gazetapernambucana.com\/#\/schema\/person\/188dc283325181ac2de4db1e9e987427\",\"name\":\"GP\",\"image\":{\"@type\":\"ImageObject\",\"inLanguage\":\"pt-BR\",\"@id\":\"https:\/\/gazetapernambucana.com\/#\/schema\/person\/image\/\",\"url\":\"https:\/\/secure.gravatar.com\/avatar\/9dad78ff9a2d8b5742d11779f8a3f53b052320c550b2e1907882353c067bb111?s=96&d=mm&r=g\",\"contentUrl\":\"https:\/\/secure.gravatar.com\/avatar\/9dad78ff9a2d8b5742d11779f8a3f53b052320c550b2e1907882353c067bb111?s=96&d=mm&r=g\",\"caption\":\"GP\"},\"sameAs\":[\"http:\/\/gazetapernambucana.com\"],\"url\":\"https:\/\/gazetapernambucana.com\/?author=1\"}]}<\/script>\n<!-- \/ Yoast SEO plugin. -->","yoast_head_json":{"title":"Posto blindado, reconhecimento facial e drones com c\u00e2meras termais refor\u00e7am seguran\u00e7a em pres\u00eddio no RN -","robots":{"index":"index","follow":"follow","max-snippet":"max-snippet:-1","max-image-preview":"max-image-preview:large","max-video-preview":"max-video-preview:-1"},"canonical":"https:\/\/gazetapernambucana.com\/?p=1260","og_locale":"pt_BR","og_type":"article","og_title":"Posto blindado, reconhecimento facial e drones com c\u00e2meras termais refor\u00e7am seguran\u00e7a em pres\u00eddio no RN -","og_description":"\u00a0Ao todo, s\u00e3o mais de 200 itens que ir\u00e3o refor\u00e7ar o novo sistema de seguran\u00e7a do Pres\u00eddio Federal de Mossor\u00f3, no Oeste potiguar\u00a0\u00a0|\u00a0\u00a0\u00a0\u00a0Pres\u00eddio Federal de Mossor\u00f3 Um posto de inspe\u00e7\u00e3o blindado, catracas com reconhecimento facial, drones com c\u00e2meras termais e equipamentos de alta defini\u00e7\u00e3o para monitoramento. Ao todo, s\u00e3o mais de 200 itens que ir\u00e3o [&hellip;]","og_url":"https:\/\/gazetapernambucana.com\/?p=1260","article_published_time":"2025-07-08T03:55:21+00:00","og_image":[{"width":715,"height":357,"url":"https:\/\/gazetapernambucana.com\/wp-content\/uploads\/2025\/07\/transferir-3-1.jpeg","type":"image\/jpeg"}],"author":"GP","twitter_card":"summary_large_image","twitter_misc":{"Escrito por":"GP","Est. tempo de leitura":"3 minutos"},"schema":{"@context":"https:\/\/schema.org","@graph":[{"@type":"WebPage","@id":"https:\/\/gazetapernambucana.com\/?p=1260","url":"https:\/\/gazetapernambucana.com\/?p=1260","name":"Posto blindado, reconhecimento facial e drones com c\u00e2meras termais refor\u00e7am seguran\u00e7a em pres\u00eddio no RN -","isPartOf":{"@id":"https:\/\/gazetapernambucana.com\/#website"},"primaryImageOfPage":{"@id":"https:\/\/gazetapernambucana.com\/?p=1260#primaryimage"},"image":{"@id":"https:\/\/gazetapernambucana.com\/?p=1260#primaryimage"},"thumbnailUrl":"https:\/\/gazetapernambucana.com\/wp-content\/uploads\/2025\/07\/transferir-3-1.jpeg","datePublished":"2025-07-08T03:55:21+00:00","author":{"@id":"https:\/\/gazetapernambucana.com\/#\/schema\/person\/188dc283325181ac2de4db1e9e987427"},"breadcrumb":{"@id":"https:\/\/gazetapernambucana.com\/?p=1260#breadcrumb"},"inLanguage":"pt-BR","potentialAction":[{"@type":"ReadAction","target":["https:\/\/gazetapernambucana.com\/?p=1260"]}]},{"@type":"ImageObject","inLanguage":"pt-BR","@id":"https:\/\/gazetapernambucana.com\/?p=1260#primaryimage","url":"https:\/\/gazetapernambucana.com\/wp-content\/uploads\/2025\/07\/transferir-3-1.jpeg","contentUrl":"https:\/\/gazetapernambucana.com\/wp-content\/uploads\/2025\/07\/transferir-3-1.jpeg","width":715,"height":357},{"@type":"BreadcrumbList","@id":"https:\/\/gazetapernambucana.com\/?p=1260#breadcrumb","itemListElement":[{"@type":"ListItem","position":1,"name":"In\u00edcio","item":"https:\/\/gazetapernambucana.com\/"},{"@type":"ListItem","position":2,"name":"Posto blindado, reconhecimento facial e drones com c\u00e2meras termais refor\u00e7am seguran\u00e7a em pres\u00eddio no RN"}]},{"@type":"WebSite","@id":"https:\/\/gazetapernambucana.com\/#website","url":"https:\/\/gazetapernambucana.com\/","name":"","description":"","potentialAction":[{"@type":"SearchAction","target":{"@type":"EntryPoint","urlTemplate":"https:\/\/gazetapernambucana.com\/?s={search_term_string}"},"query-input":{"@type":"PropertyValueSpecification","valueRequired":true,"valueName":"search_term_string"}}],"inLanguage":"pt-BR"},{"@type":"Person","@id":"https:\/\/gazetapernambucana.com\/#\/schema\/person\/188dc283325181ac2de4db1e9e987427","name":"GP","image":{"@type":"ImageObject","inLanguage":"pt-BR","@id":"https:\/\/gazetapernambucana.com\/#\/schema\/person\/image\/","url":"https:\/\/secure.gravatar.com\/avatar\/9dad78ff9a2d8b5742d11779f8a3f53b052320c550b2e1907882353c067bb111?s=96&d=mm&r=g","contentUrl":"https:\/\/secure.gravatar.com\/avatar\/9dad78ff9a2d8b5742d11779f8a3f53b052320c550b2e1907882353c067bb111?s=96&d=mm&r=g","caption":"GP"},"sameAs":["http:\/\/gazetapernambucana.com"],"url":"https:\/\/gazetapernambucana.com\/?author=1"}]}},"jetpack_publicize_connections":[],"_links":{"self":[{"href":"https:\/\/gazetapernambucana.com\/index.php?rest_route=\/wp\/v2\/posts\/1260","targetHints":{"allow":["GET"]}}],"collection":[{"href":"https:\/\/gazetapernambucana.com\/index.php?rest_route=\/wp\/v2\/posts"}],"about":[{"href":"https:\/\/gazetapernambucana.com\/index.php?rest_route=\/wp\/v2\/types\/post"}],"author":[{"embeddable":true,"href":"https:\/\/gazetapernambucana.com\/index.php?rest_route=\/wp\/v2\/users\/1"}],"replies":[{"embeddable":true,"href":"https:\/\/gazetapernambucana.com\/index.php?rest_route=%2Fwp%2Fv2%2Fcomments&post=1260"}],"version-history":[{"count":1,"href":"https:\/\/gazetapernambucana.com\/index.php?rest_route=\/wp\/v2\/posts\/1260\/revisions"}],"predecessor-version":[{"id":1262,"href":"https:\/\/gazetapernambucana.com\/index.php?rest_route=\/wp\/v2\/posts\/1260\/revisions\/1262"}],"wp:featuredmedia":[{"embeddable":true,"href":"https:\/\/gazetapernambucana.com\/index.php?rest_route=\/wp\/v2\/media\/1261"}],"wp:attachment":[{"href":"https:\/\/gazetapernambucana.com\/index.php?rest_route=%2Fwp%2Fv2%2Fmedia&parent=1260"}],"wp:term":[{"taxonomy":"category","embeddable":true,"href":"https:\/\/gazetapernambucana.com\/index.php?rest_route=%2Fwp%2Fv2%2Fcategories&post=1260"},{"taxonomy":"post_tag","embeddable":true,"href":"https:\/\/gazetapernambucana.com\/index.php?rest_route=%2Fwp%2Fv2%2Ftags&post=1260"}],"curies":[{"name":"wp","href":"https:\/\/api.w.org\/{rel}","templated":true}]}}