{"id":1246,"date":"2025-07-04T23:41:38","date_gmt":"2025-07-05T02:41:38","guid":{"rendered":"https:\/\/gazetapernambucana.com\/?p=1246"},"modified":"2025-07-04T23:41:38","modified_gmt":"2025-07-05T02:41:38","slug":"putin-parabeniza-trump-por-4-de-julho-e-aprovacao-de-plano-fiscal","status":"publish","type":"post","link":"https:\/\/gazetapernambucana.com\/?p=1246","title":{"rendered":"Putin parabeniza Trump por 4 de Julho e aprova\u00e7\u00e3o de plano fiscal"},"content":{"rendered":"<header class=\"title-block\">\n<h3>Assessor de Putin observou que a rela\u00e7\u00e3o entre R\u00fassia e EUA \u201ctem ra\u00edzes profundas\u201d<\/h3>\n<\/header>\n<div class=\"columns\">\n<section class=\"content\">\n<figure class=\"image-block\">\n<div class=\"\"><img decoding=\"async\" class=\"size-large wp-image-740442\" src=\"https:\/\/static.cdn.pleno.news\/2021\/06\/636459929491669765w-e1623460719630-1024x600.jpeg\" sizes=\"(max-width: 600px) 100vw, 600px\" srcset=\"https:\/\/static.cdn.pleno.news\/2021\/06\/636459929491669765w-e1623460719630-1024x600.jpeg 1024w, https:\/\/static.cdn.pleno.news\/2021\/06\/636459929491669765w-e1623460719630-300x176.jpeg 300w, https:\/\/static.cdn.pleno.news\/2021\/06\/636459929491669765w-e1623460719630-768x450.jpeg 768w, https:\/\/static.cdn.pleno.news\/2021\/06\/636459929491669765w-e1623460719630-256x150.jpeg 256w, https:\/\/static.cdn.pleno.news\/2021\/06\/636459929491669765w-e1623460719630-250x147.jpeg 250w, https:\/\/static.cdn.pleno.news\/2021\/06\/636459929491669765w-e1623460719630-27x15.jpeg 27w, https:\/\/static.cdn.pleno.news\/2021\/06\/636459929491669765w-e1623460719630.jpeg 1131w\" alt=\"\" \/><\/div><figcaption>Donald Trump e o presidente russo Vladimir Putin\u00a0<span class=\"name\">Foto: Kremlin\/Sputnik\/Mikhail Kimentyev<\/span><\/figcaption><\/figure>\n<p>O presidente da R\u00fassia, Vladimir Putin, parabenizou nesta quinta-feira (3), em conversa por telefone, seu hom\u00f3logo americano, Donald Trump, pelo Dia da Independ\u00eancia dos Estados Unidos, a ser comemorado nesta sexta-feira (4), e pela aprova\u00e7\u00e3o de seu ousado plano fiscal pelo Senado, segundo informou o Kremlin.<\/p>\n<p>Vladimir Putin desejou a Donald Trump sucesso nas mudan\u00e7as a que se prop\u00f5e depois que o mandat\u00e1rio americano o informou da \u201caprova\u00e7\u00e3o bem-sucedida\u201d no Senado dos EUA do projeto de plano fiscal e or\u00e7ament\u00e1rio, disse Yuri Ushakov, assessor de pol\u00edtica internacional da Presid\u00eancia russa, em entrevista coletiva.<\/p>\n<div id=\"r89-video-outstream-wrapper\">\n<div id=\"r89-video-outstream\" data-google-query-id=\"CPiCwYXYpI4DFZc8uQYdP3QqMQ\"><\/div>\n<\/div>\n<p>O representante do Kremlin lembrou que Trump batizou essa norma, que busca ampliar os cortes or\u00e7ament\u00e1rios de seu primeiro mandato, como \u201co grande e belo projeto de lei\u201d.<\/p>\n<p>Al\u00e9m disso, destacou que durante a conversa, que durou apenas uma hora \u2013 a mais curta das realizadas este ano -, Putin parabenizou Trump pelo Dia da Independ\u00eancia, que ser\u00e1 comemorado nesta sexta.<\/p>\n<p>\u2013 Da nossa parte, destacamos que a R\u00fassia teve um papel importante na cria\u00e7\u00e3o dos EUA, tanto durante a Guerra da Independ\u00eancia, h\u00e1 250 anos, quanto durante a Guerra Civil, que terminou h\u00e1 160 anos \u2013 disse Ushakov.<\/p>\n<p>O assessor lembrou que R\u00fassia e EUA n\u00e3o foram apenas aliados na Primeira e na Segunda Guerras Mundiais, mas que suas rela\u00e7\u00f5es \u201ct\u00eam ra\u00edzes profundas\u201d.<\/p>\n<p>O Senado americano aprovou na \u00faltima ter\u00e7a-feira (1\u00ba), por um voto, o plano de Trump, que agora foi devolvido \u00e0 C\u00e2mara dos Representantes para revis\u00e3o e vota\u00e7\u00e3o final, com a press\u00e3o de envi\u00e1-lo ao presidente para assinatura antes de 4 de julho.<\/p>\n<p>*EFE<\/p>\n<\/section>\n<\/div>\n","protected":false},"excerpt":{"rendered":"<p>Assessor de Putin observou que a rela\u00e7\u00e3o entre R\u00fassia e EUA \u201ctem ra\u00edzes profundas\u201d Donald Trump e o presidente russo Vladimir Putin\u00a0Foto: Kremlin\/Sputnik\/Mikhail Kimentyev O presidente da R\u00fassia, Vladimir Putin, parabenizou nesta quinta-feira (3), em conversa por telefone, seu hom\u00f3logo americano, Donald Trump, pelo Dia da Independ\u00eancia dos Estados Unidos, a ser comemorado nesta sexta-feira [&hellip;]<\/p>\n","protected":false},"author":1,"featured_media":1247,"comment_status":"open","ping_status":"open","sticky":false,"template":"","format":"standard","meta":{"footnotes":"","jetpack_publicize_message":"","jetpack_publicize_feature_enabled":true,"jetpack_social_post_already_shared":false,"jetpack_social_options":{"image_generator_settings":{"template":"highway","default_image_id":0,"font":"","enabled":false},"version":2}},"categories":[1,36],"tags":[],"class_list":["post-1246","post","type-post","status-publish","format-standard","has-post-thumbnail","hentry","category-https-gazetapernambucana-com-page_id225","category-https-gazetapernambucana-com-page_id209"],"yoast_head":"<!-- This site is optimized with the Yoast SEO plugin v24.5 - https:\/\/yoast.com\/wordpress\/plugins\/seo\/ -->\n<title>Putin parabeniza Trump por 4 de Julho e aprova\u00e7\u00e3o de plano fiscal -<\/title>\n<meta name=\"robots\" content=\"index, follow, max-snippet:-1, max-image-preview:large, max-video-preview:-1\" \/>\n<link rel=\"canonical\" href=\"https:\/\/gazetapernambucana.com\/?p=1246\" \/>\n<meta property=\"og:locale\" content=\"pt_BR\" \/>\n<meta property=\"og:type\" content=\"article\" \/>\n<meta property=\"og:title\" content=\"Putin parabeniza Trump por 4 de Julho e aprova\u00e7\u00e3o de plano fiscal -\" \/>\n<meta property=\"og:description\" content=\"Assessor de Putin observou que a rela\u00e7\u00e3o entre R\u00fassia e EUA \u201ctem ra\u00edzes profundas\u201d Donald Trump e o presidente russo Vladimir Putin\u00a0Foto: Kremlin\/Sputnik\/Mikhail Kimentyev O presidente da R\u00fassia, Vladimir Putin, parabenizou nesta quinta-feira (3), em conversa por telefone, seu hom\u00f3logo americano, Donald Trump, pelo Dia da Independ\u00eancia dos Estados Unidos, a ser comemorado nesta sexta-feira [&hellip;]\" \/>\n<meta property=\"og:url\" content=\"https:\/\/gazetapernambucana.com\/?p=1246\" \/>\n<meta property=\"article:published_time\" content=\"2025-07-05T02:41:38+00:00\" \/>\n<meta property=\"og:image\" content=\"https:\/\/gazetapernambucana.com\/wp-content\/uploads\/2025\/07\/636459929491669765w-e1623460719630-1024x600-1.webp\" \/>\n\t<meta property=\"og:image:width\" content=\"1024\" \/>\n\t<meta property=\"og:image:height\" content=\"600\" \/>\n\t<meta property=\"og:image:type\" content=\"image\/webp\" \/>\n<meta name=\"author\" content=\"GP\" \/>\n<meta name=\"twitter:card\" content=\"summary_large_image\" \/>\n<meta name=\"twitter:label1\" content=\"Escrito por\" \/>\n\t<meta name=\"twitter:data1\" content=\"GP\" \/>\n\t<meta name=\"twitter:label2\" content=\"Est. tempo de leitura\" \/>\n\t<meta name=\"twitter:data2\" content=\"2 minutos\" \/>\n<script type=\"application\/ld+json\" class=\"yoast-schema-graph\">{\"@context\":\"https:\/\/schema.org\",\"@graph\":[{\"@type\":\"WebPage\",\"@id\":\"https:\/\/gazetapernambucana.com\/?p=1246\",\"url\":\"https:\/\/gazetapernambucana.com\/?p=1246\",\"name\":\"Putin parabeniza Trump por 4 de Julho e aprova\u00e7\u00e3o de plano fiscal -\",\"isPartOf\":{\"@id\":\"https:\/\/gazetapernambucana.com\/#website\"},\"primaryImageOfPage\":{\"@id\":\"https:\/\/gazetapernambucana.com\/?p=1246#primaryimage\"},\"image\":{\"@id\":\"https:\/\/gazetapernambucana.com\/?p=1246#primaryimage\"},\"thumbnailUrl\":\"https:\/\/gazetapernambucana.com\/wp-content\/uploads\/2025\/07\/636459929491669765w-e1623460719630-1024x600-1.webp\",\"datePublished\":\"2025-07-05T02:41:38+00:00\",\"author\":{\"@id\":\"https:\/\/gazetapernambucana.com\/#\/schema\/person\/188dc283325181ac2de4db1e9e987427\"},\"breadcrumb\":{\"@id\":\"https:\/\/gazetapernambucana.com\/?p=1246#breadcrumb\"},\"inLanguage\":\"pt-BR\",\"potentialAction\":[{\"@type\":\"ReadAction\",\"target\":[\"https:\/\/gazetapernambucana.com\/?p=1246\"]}]},{\"@type\":\"ImageObject\",\"inLanguage\":\"pt-BR\",\"@id\":\"https:\/\/gazetapernambucana.com\/?p=1246#primaryimage\",\"url\":\"https:\/\/gazetapernambucana.com\/wp-content\/uploads\/2025\/07\/636459929491669765w-e1623460719630-1024x600-1.webp\",\"contentUrl\":\"https:\/\/gazetapernambucana.com\/wp-content\/uploads\/2025\/07\/636459929491669765w-e1623460719630-1024x600-1.webp\",\"width\":1024,\"height\":600},{\"@type\":\"BreadcrumbList\",\"@id\":\"https:\/\/gazetapernambucana.com\/?p=1246#breadcrumb\",\"itemListElement\":[{\"@type\":\"ListItem\",\"position\":1,\"name\":\"In\u00edcio\",\"item\":\"https:\/\/gazetapernambucana.com\/\"},{\"@type\":\"ListItem\",\"position\":2,\"name\":\"Putin parabeniza Trump por 4 de Julho e aprova\u00e7\u00e3o de plano fiscal\"}]},{\"@type\":\"WebSite\",\"@id\":\"https:\/\/gazetapernambucana.com\/#website\",\"url\":\"https:\/\/gazetapernambucana.com\/\",\"name\":\"\",\"description\":\"\",\"potentialAction\":[{\"@type\":\"SearchAction\",\"target\":{\"@type\":\"EntryPoint\",\"urlTemplate\":\"https:\/\/gazetapernambucana.com\/?s={search_term_string}\"},\"query-input\":{\"@type\":\"PropertyValueSpecification\",\"valueRequired\":true,\"valueName\":\"search_term_string\"}}],\"inLanguage\":\"pt-BR\"},{\"@type\":\"Person\",\"@id\":\"https:\/\/gazetapernambucana.com\/#\/schema\/person\/188dc283325181ac2de4db1e9e987427\",\"name\":\"GP\",\"image\":{\"@type\":\"ImageObject\",\"inLanguage\":\"pt-BR\",\"@id\":\"https:\/\/gazetapernambucana.com\/#\/schema\/person\/image\/\",\"url\":\"https:\/\/secure.gravatar.com\/avatar\/9dad78ff9a2d8b5742d11779f8a3f53b052320c550b2e1907882353c067bb111?s=96&d=mm&r=g\",\"contentUrl\":\"https:\/\/secure.gravatar.com\/avatar\/9dad78ff9a2d8b5742d11779f8a3f53b052320c550b2e1907882353c067bb111?s=96&d=mm&r=g\",\"caption\":\"GP\"},\"sameAs\":[\"http:\/\/gazetapernambucana.com\"],\"url\":\"https:\/\/gazetapernambucana.com\/?author=1\"}]}<\/script>\n<!-- \/ Yoast SEO plugin. -->","yoast_head_json":{"title":"Putin parabeniza Trump por 4 de Julho e aprova\u00e7\u00e3o de plano fiscal -","robots":{"index":"index","follow":"follow","max-snippet":"max-snippet:-1","max-image-preview":"max-image-preview:large","max-video-preview":"max-video-preview:-1"},"canonical":"https:\/\/gazetapernambucana.com\/?p=1246","og_locale":"pt_BR","og_type":"article","og_title":"Putin parabeniza Trump por 4 de Julho e aprova\u00e7\u00e3o de plano fiscal -","og_description":"Assessor de Putin observou que a rela\u00e7\u00e3o entre R\u00fassia e EUA \u201ctem ra\u00edzes profundas\u201d Donald Trump e o presidente russo Vladimir Putin\u00a0Foto: Kremlin\/Sputnik\/Mikhail Kimentyev O presidente da R\u00fassia, Vladimir Putin, parabenizou nesta quinta-feira (3), em conversa por telefone, seu hom\u00f3logo americano, Donald Trump, pelo Dia da Independ\u00eancia dos Estados Unidos, a ser comemorado nesta sexta-feira [&hellip;]","og_url":"https:\/\/gazetapernambucana.com\/?p=1246","article_published_time":"2025-07-05T02:41:38+00:00","og_image":[{"width":1024,"height":600,"url":"https:\/\/gazetapernambucana.com\/wp-content\/uploads\/2025\/07\/636459929491669765w-e1623460719630-1024x600-1.webp","type":"image\/webp"}],"author":"GP","twitter_card":"summary_large_image","twitter_misc":{"Escrito por":"GP","Est. tempo de leitura":"2 minutos"},"schema":{"@context":"https:\/\/schema.org","@graph":[{"@type":"WebPage","@id":"https:\/\/gazetapernambucana.com\/?p=1246","url":"https:\/\/gazetapernambucana.com\/?p=1246","name":"Putin parabeniza Trump por 4 de Julho e aprova\u00e7\u00e3o de plano fiscal -","isPartOf":{"@id":"https:\/\/gazetapernambucana.com\/#website"},"primaryImageOfPage":{"@id":"https:\/\/gazetapernambucana.com\/?p=1246#primaryimage"},"image":{"@id":"https:\/\/gazetapernambucana.com\/?p=1246#primaryimage"},"thumbnailUrl":"https:\/\/gazetapernambucana.com\/wp-content\/uploads\/2025\/07\/636459929491669765w-e1623460719630-1024x600-1.webp","datePublished":"2025-07-05T02:41:38+00:00","author":{"@id":"https:\/\/gazetapernambucana.com\/#\/schema\/person\/188dc283325181ac2de4db1e9e987427"},"breadcrumb":{"@id":"https:\/\/gazetapernambucana.com\/?p=1246#breadcrumb"},"inLanguage":"pt-BR","potentialAction":[{"@type":"ReadAction","target":["https:\/\/gazetapernambucana.com\/?p=1246"]}]},{"@type":"ImageObject","inLanguage":"pt-BR","@id":"https:\/\/gazetapernambucana.com\/?p=1246#primaryimage","url":"https:\/\/gazetapernambucana.com\/wp-content\/uploads\/2025\/07\/636459929491669765w-e1623460719630-1024x600-1.webp","contentUrl":"https:\/\/gazetapernambucana.com\/wp-content\/uploads\/2025\/07\/636459929491669765w-e1623460719630-1024x600-1.webp","width":1024,"height":600},{"@type":"BreadcrumbList","@id":"https:\/\/gazetapernambucana.com\/?p=1246#breadcrumb","itemListElement":[{"@type":"ListItem","position":1,"name":"In\u00edcio","item":"https:\/\/gazetapernambucana.com\/"},{"@type":"ListItem","position":2,"name":"Putin parabeniza Trump por 4 de Julho e aprova\u00e7\u00e3o de plano fiscal"}]},{"@type":"WebSite","@id":"https:\/\/gazetapernambucana.com\/#website","url":"https:\/\/gazetapernambucana.com\/","name":"","description":"","potentialAction":[{"@type":"SearchAction","target":{"@type":"EntryPoint","urlTemplate":"https:\/\/gazetapernambucana.com\/?s={search_term_string}"},"query-input":{"@type":"PropertyValueSpecification","valueRequired":true,"valueName":"search_term_string"}}],"inLanguage":"pt-BR"},{"@type":"Person","@id":"https:\/\/gazetapernambucana.com\/#\/schema\/person\/188dc283325181ac2de4db1e9e987427","name":"GP","image":{"@type":"ImageObject","inLanguage":"pt-BR","@id":"https:\/\/gazetapernambucana.com\/#\/schema\/person\/image\/","url":"https:\/\/secure.gravatar.com\/avatar\/9dad78ff9a2d8b5742d11779f8a3f53b052320c550b2e1907882353c067bb111?s=96&d=mm&r=g","contentUrl":"https:\/\/secure.gravatar.com\/avatar\/9dad78ff9a2d8b5742d11779f8a3f53b052320c550b2e1907882353c067bb111?s=96&d=mm&r=g","caption":"GP"},"sameAs":["http:\/\/gazetapernambucana.com"],"url":"https:\/\/gazetapernambucana.com\/?author=1"}]}},"jetpack_publicize_connections":[],"_links":{"self":[{"href":"https:\/\/gazetapernambucana.com\/index.php?rest_route=\/wp\/v2\/posts\/1246","targetHints":{"allow":["GET"]}}],"collection":[{"href":"https:\/\/gazetapernambucana.com\/index.php?rest_route=\/wp\/v2\/posts"}],"about":[{"href":"https:\/\/gazetapernambucana.com\/index.php?rest_route=\/wp\/v2\/types\/post"}],"author":[{"embeddable":true,"href":"https:\/\/gazetapernambucana.com\/index.php?rest_route=\/wp\/v2\/users\/1"}],"replies":[{"embeddable":true,"href":"https:\/\/gazetapernambucana.com\/index.php?rest_route=%2Fwp%2Fv2%2Fcomments&post=1246"}],"version-history":[{"count":1,"href":"https:\/\/gazetapernambucana.com\/index.php?rest_route=\/wp\/v2\/posts\/1246\/revisions"}],"predecessor-version":[{"id":1248,"href":"https:\/\/gazetapernambucana.com\/index.php?rest_route=\/wp\/v2\/posts\/1246\/revisions\/1248"}],"wp:featuredmedia":[{"embeddable":true,"href":"https:\/\/gazetapernambucana.com\/index.php?rest_route=\/wp\/v2\/media\/1247"}],"wp:attachment":[{"href":"https:\/\/gazetapernambucana.com\/index.php?rest_route=%2Fwp%2Fv2%2Fmedia&parent=1246"}],"wp:term":[{"taxonomy":"category","embeddable":true,"href":"https:\/\/gazetapernambucana.com\/index.php?rest_route=%2Fwp%2Fv2%2Fcategories&post=1246"},{"taxonomy":"post_tag","embeddable":true,"href":"https:\/\/gazetapernambucana.com\/index.php?rest_route=%2Fwp%2Fv2%2Ftags&post=1246"}],"curies":[{"name":"wp","href":"https:\/\/api.w.org\/{rel}","templated":true}]}}