{"id":1242,"date":"2025-07-04T23:14:14","date_gmt":"2025-07-05T02:14:14","guid":{"rendered":"https:\/\/gazetapernambucana.com\/?p=1242"},"modified":"2025-07-04T23:14:14","modified_gmt":"2025-07-05T02:14:14","slug":"moraes-deixa-roberto-jefferson-trocar-de-tornozeleira-eletronica","status":"publish","type":"post","link":"https:\/\/gazetapernambucana.com\/?p=1242","title":{"rendered":"Moraes deixa Roberto Jefferson trocar de tornozeleira eletr\u00f4nica"},"content":{"rendered":"<header class=\"title-block\">\n<h3>Defesa do ex-pol\u00edtico declarou que o aparelho estava apertado e poderia prejudicar sua sa\u00fade<\/h3>\n<\/header>\n<div class=\"columns\">\n<section class=\"content\">\n<figure class=\"image-block\">\n<div class=\"\"><img loading=\"lazy\" decoding=\"async\" class=\"alignnone size-medium wp-image-1243\" src=\"http:\/\/gazetapernambucana.com\/wp-content\/uploads\/2025\/07\/20210901170924_a20bf89cac198d60c32a1b964410aa3335d838951fa6a474076081945d5b3013-300x141.webp\" alt=\"\" width=\"300\" height=\"141\" srcset=\"https:\/\/gazetapernambucana.com\/wp-content\/uploads\/2025\/07\/20210901170924_a20bf89cac198d60c32a1b964410aa3335d838951fa6a474076081945d5b3013-300x141.webp 300w, https:\/\/gazetapernambucana.com\/wp-content\/uploads\/2025\/07\/20210901170924_a20bf89cac198d60c32a1b964410aa3335d838951fa6a474076081945d5b3013-1024x480.webp 1024w, https:\/\/gazetapernambucana.com\/wp-content\/uploads\/2025\/07\/20210901170924_a20bf89cac198d60c32a1b964410aa3335d838951fa6a474076081945d5b3013-768x360.webp 768w, https:\/\/gazetapernambucana.com\/wp-content\/uploads\/2025\/07\/20210901170924_a20bf89cac198d60c32a1b964410aa3335d838951fa6a474076081945d5b3013.webp 1280w\" sizes=\"auto, (max-width: 300px) 100vw, 300px\" \/><\/div><figcaption>Roberto Jefferson e Alexandre de Moraes Foto: Google<\/figcaption><\/figure>\n<p>A defesa do ex-deputado federal Roberto Jefferson, ex-dirigente do PTB, pediu que a equipe da Penitenci\u00e1ria do Rio de Janeiro fosse at\u00e9 sua casa trocar tornozeleira eletr\u00f4nica que estava \u201capertando seu p\u00e9\u201d. Em resposta, o ministro Alexandre de Moraes, do Supremo Tribunal Federal (STF) permitiu, nesta quarta-feira (2), que Jefferson deixasse a pris\u00e3o domiciliar e fosse at\u00e9 a sede da Secretaria de Estado de Administra\u00e7\u00e3o Penitenci\u00e1ria trocar o dispositivo.<\/p>\n<p>\u2013 O equipamento se encontra apertando o p\u00e9 do Sr. Roberto Jefferson Monteiro Francisco, o que pode gerar preju\u00edzos insan\u00e1veis em seu quadro de sa\u00fade, que j\u00e1 se encontra extremamente debilitado \u2013 afirmou a defesa. De fato, o ex-deputado passou dois anos internado e sob cust\u00f3dia, enquanto processos contra ele corriam.<\/p>\n<div>\n<div>\n<div class=\"trv-player-container\">\n<div class=\"trv-wrapper\">\n<div id=\"br_video_player_05c3d107f137ca42b24cbaebac060fb424f65b41\" class=\"trvd_video_player trvdinstream\">\n<div class=\"media-player\">\n<div class=\"trv-video\">\n<div id=\"truvid_ima_container29899\" class=\"truvid_ima_container trv-ima-container-hidden\"><\/div>\n<\/div>\n<\/div>\n<\/div>\n<\/div>\n<\/div>\n<\/div>\n<\/div>\n<p>Em 2022, Jefferson foi preso no \u00e2mbito do inqu\u00e9rito das mil\u00edcias digitais. Na ocasi\u00e3o, o ex-deputado resistiu \u00e0 opera\u00e7\u00e3o da Pol\u00edcia Federal jogando granadas nos agentes e realizando disparos de fuzil. Jefferson era parte da \u201ctropa de choque\u201d do ent\u00e3o presidente Jair Bolsonaro (PL), que concorria \u00e0 reelei\u00e7\u00e3o<\/p>\n<p>Na cadeia, a sa\u00fade do pol\u00edtico se debilitou. Em junho de 2023, ele foi internado em hospital particular no Rio de Janeiro. L\u00e1, continuou em pris\u00e3o preventiva, at\u00e9 receber alta. A pris\u00e3o domiciliar s\u00f3 foi concedida em maio deste ano \u201cpor raz\u00f5es humanit\u00e1rias\u201d, de acordo com Moraes.<\/p>\n<p>Jefferson foi condenado pela Suprema Corte em dezembro de 2024. O pol\u00edtico, que exerceu seis mandatos como deputado, cumpre a pena de nove anos, um m\u00eas e cinco dias de pris\u00e3o pelos crimes de cal\u00fania, homofobia, incita\u00e7\u00e3o ao crime e aboli\u00e7\u00e3o violenta do Estado Democr\u00e1tico de Direito.<\/p>\n<p>De acordo com Moraes, relator do processo, Roberto Jefferson utilizou recursos do PTB para compartilhar publica\u00e7\u00f5es falsas que visavam prejudicar a \u201cindepend\u00eancia do Poder Legislativo e Judici\u00e1rio e a manuten\u00e7\u00e3o do Estado Democr\u00e1tico de Direito\u201d.<\/p>\n<p>*AE<\/p>\n<\/section>\n<\/div>\n","protected":false},"excerpt":{"rendered":"<p>Defesa do ex-pol\u00edtico declarou que o aparelho estava apertado e poderia prejudicar sua sa\u00fade Roberto Jefferson e Alexandre de Moraes Foto: Google A defesa do ex-deputado federal Roberto Jefferson, ex-dirigente do PTB, pediu que a equipe da Penitenci\u00e1ria do Rio de Janeiro fosse at\u00e9 sua casa trocar tornozeleira eletr\u00f4nica que estava \u201capertando seu p\u00e9\u201d. Em [&hellip;]<\/p>\n","protected":false},"author":1,"featured_media":1243,"comment_status":"open","ping_status":"open","sticky":false,"template":"","format":"standard","meta":{"footnotes":"","jetpack_publicize_message":"","jetpack_publicize_feature_enabled":true,"jetpack_social_post_already_shared":false,"jetpack_social_options":{"image_generator_settings":{"template":"highway","default_image_id":0,"font":"","enabled":false},"version":2}},"categories":[37,1,65],"tags":[],"class_list":["post-1242","post","type-post","status-publish","format-standard","has-post-thumbnail","hentry","category-https-gazetapernambucana-com-page_id212","category-https-gazetapernambucana-com-page_id225","category-politica"],"yoast_head":"<!-- This site is optimized with the Yoast SEO plugin v24.5 - https:\/\/yoast.com\/wordpress\/plugins\/seo\/ -->\n<title>Moraes deixa Roberto Jefferson trocar de tornozeleira eletr\u00f4nica -<\/title>\n<meta name=\"robots\" content=\"index, follow, max-snippet:-1, max-image-preview:large, max-video-preview:-1\" \/>\n<link rel=\"canonical\" href=\"https:\/\/gazetapernambucana.com\/?p=1242\" \/>\n<meta property=\"og:locale\" content=\"pt_BR\" \/>\n<meta property=\"og:type\" content=\"article\" \/>\n<meta property=\"og:title\" content=\"Moraes deixa Roberto Jefferson trocar de tornozeleira eletr\u00f4nica -\" \/>\n<meta property=\"og:description\" content=\"Defesa do ex-pol\u00edtico declarou que o aparelho estava apertado e poderia prejudicar sua sa\u00fade Roberto Jefferson e Alexandre de Moraes Foto: Google A defesa do ex-deputado federal Roberto Jefferson, ex-dirigente do PTB, pediu que a equipe da Penitenci\u00e1ria do Rio de Janeiro fosse at\u00e9 sua casa trocar tornozeleira eletr\u00f4nica que estava \u201capertando seu p\u00e9\u201d. Em [&hellip;]\" \/>\n<meta property=\"og:url\" content=\"https:\/\/gazetapernambucana.com\/?p=1242\" \/>\n<meta property=\"article:published_time\" content=\"2025-07-05T02:14:14+00:00\" \/>\n<meta property=\"og:image\" content=\"https:\/\/gazetapernambucana.com\/wp-content\/uploads\/2025\/07\/20210901170924_a20bf89cac198d60c32a1b964410aa3335d838951fa6a474076081945d5b3013.webp\" \/>\n\t<meta property=\"og:image:width\" content=\"1280\" \/>\n\t<meta property=\"og:image:height\" content=\"600\" \/>\n\t<meta property=\"og:image:type\" content=\"image\/webp\" \/>\n<meta name=\"author\" content=\"GP\" \/>\n<meta name=\"twitter:card\" content=\"summary_large_image\" \/>\n<meta name=\"twitter:label1\" content=\"Escrito por\" \/>\n\t<meta name=\"twitter:data1\" content=\"GP\" \/>\n\t<meta name=\"twitter:label2\" content=\"Est. tempo de leitura\" \/>\n\t<meta name=\"twitter:data2\" content=\"3 minutos\" \/>\n<script type=\"application\/ld+json\" class=\"yoast-schema-graph\">{\"@context\":\"https:\/\/schema.org\",\"@graph\":[{\"@type\":\"WebPage\",\"@id\":\"https:\/\/gazetapernambucana.com\/?p=1242\",\"url\":\"https:\/\/gazetapernambucana.com\/?p=1242\",\"name\":\"Moraes deixa Roberto Jefferson trocar de tornozeleira eletr\u00f4nica -\",\"isPartOf\":{\"@id\":\"https:\/\/gazetapernambucana.com\/#website\"},\"primaryImageOfPage\":{\"@id\":\"https:\/\/gazetapernambucana.com\/?p=1242#primaryimage\"},\"image\":{\"@id\":\"https:\/\/gazetapernambucana.com\/?p=1242#primaryimage\"},\"thumbnailUrl\":\"https:\/\/gazetapernambucana.com\/wp-content\/uploads\/2025\/07\/20210901170924_a20bf89cac198d60c32a1b964410aa3335d838951fa6a474076081945d5b3013.webp\",\"datePublished\":\"2025-07-05T02:14:14+00:00\",\"author\":{\"@id\":\"https:\/\/gazetapernambucana.com\/#\/schema\/person\/188dc283325181ac2de4db1e9e987427\"},\"breadcrumb\":{\"@id\":\"https:\/\/gazetapernambucana.com\/?p=1242#breadcrumb\"},\"inLanguage\":\"pt-BR\",\"potentialAction\":[{\"@type\":\"ReadAction\",\"target\":[\"https:\/\/gazetapernambucana.com\/?p=1242\"]}]},{\"@type\":\"ImageObject\",\"inLanguage\":\"pt-BR\",\"@id\":\"https:\/\/gazetapernambucana.com\/?p=1242#primaryimage\",\"url\":\"https:\/\/gazetapernambucana.com\/wp-content\/uploads\/2025\/07\/20210901170924_a20bf89cac198d60c32a1b964410aa3335d838951fa6a474076081945d5b3013.webp\",\"contentUrl\":\"https:\/\/gazetapernambucana.com\/wp-content\/uploads\/2025\/07\/20210901170924_a20bf89cac198d60c32a1b964410aa3335d838951fa6a474076081945d5b3013.webp\",\"width\":1280,\"height\":600},{\"@type\":\"BreadcrumbList\",\"@id\":\"https:\/\/gazetapernambucana.com\/?p=1242#breadcrumb\",\"itemListElement\":[{\"@type\":\"ListItem\",\"position\":1,\"name\":\"In\u00edcio\",\"item\":\"https:\/\/gazetapernambucana.com\/\"},{\"@type\":\"ListItem\",\"position\":2,\"name\":\"Moraes deixa Roberto Jefferson trocar de tornozeleira eletr\u00f4nica\"}]},{\"@type\":\"WebSite\",\"@id\":\"https:\/\/gazetapernambucana.com\/#website\",\"url\":\"https:\/\/gazetapernambucana.com\/\",\"name\":\"\",\"description\":\"\",\"potentialAction\":[{\"@type\":\"SearchAction\",\"target\":{\"@type\":\"EntryPoint\",\"urlTemplate\":\"https:\/\/gazetapernambucana.com\/?s={search_term_string}\"},\"query-input\":{\"@type\":\"PropertyValueSpecification\",\"valueRequired\":true,\"valueName\":\"search_term_string\"}}],\"inLanguage\":\"pt-BR\"},{\"@type\":\"Person\",\"@id\":\"https:\/\/gazetapernambucana.com\/#\/schema\/person\/188dc283325181ac2de4db1e9e987427\",\"name\":\"GP\",\"image\":{\"@type\":\"ImageObject\",\"inLanguage\":\"pt-BR\",\"@id\":\"https:\/\/gazetapernambucana.com\/#\/schema\/person\/image\/\",\"url\":\"https:\/\/secure.gravatar.com\/avatar\/9dad78ff9a2d8b5742d11779f8a3f53b052320c550b2e1907882353c067bb111?s=96&d=mm&r=g\",\"contentUrl\":\"https:\/\/secure.gravatar.com\/avatar\/9dad78ff9a2d8b5742d11779f8a3f53b052320c550b2e1907882353c067bb111?s=96&d=mm&r=g\",\"caption\":\"GP\"},\"sameAs\":[\"http:\/\/gazetapernambucana.com\"],\"url\":\"https:\/\/gazetapernambucana.com\/?author=1\"}]}<\/script>\n<!-- \/ Yoast SEO plugin. -->","yoast_head_json":{"title":"Moraes deixa Roberto Jefferson trocar de tornozeleira eletr\u00f4nica -","robots":{"index":"index","follow":"follow","max-snippet":"max-snippet:-1","max-image-preview":"max-image-preview:large","max-video-preview":"max-video-preview:-1"},"canonical":"https:\/\/gazetapernambucana.com\/?p=1242","og_locale":"pt_BR","og_type":"article","og_title":"Moraes deixa Roberto Jefferson trocar de tornozeleira eletr\u00f4nica -","og_description":"Defesa do ex-pol\u00edtico declarou que o aparelho estava apertado e poderia prejudicar sua sa\u00fade Roberto Jefferson e Alexandre de Moraes Foto: Google A defesa do ex-deputado federal Roberto Jefferson, ex-dirigente do PTB, pediu que a equipe da Penitenci\u00e1ria do Rio de Janeiro fosse at\u00e9 sua casa trocar tornozeleira eletr\u00f4nica que estava \u201capertando seu p\u00e9\u201d. Em [&hellip;]","og_url":"https:\/\/gazetapernambucana.com\/?p=1242","article_published_time":"2025-07-05T02:14:14+00:00","og_image":[{"width":1280,"height":600,"url":"https:\/\/gazetapernambucana.com\/wp-content\/uploads\/2025\/07\/20210901170924_a20bf89cac198d60c32a1b964410aa3335d838951fa6a474076081945d5b3013.webp","type":"image\/webp"}],"author":"GP","twitter_card":"summary_large_image","twitter_misc":{"Escrito por":"GP","Est. tempo de leitura":"3 minutos"},"schema":{"@context":"https:\/\/schema.org","@graph":[{"@type":"WebPage","@id":"https:\/\/gazetapernambucana.com\/?p=1242","url":"https:\/\/gazetapernambucana.com\/?p=1242","name":"Moraes deixa Roberto Jefferson trocar de tornozeleira eletr\u00f4nica -","isPartOf":{"@id":"https:\/\/gazetapernambucana.com\/#website"},"primaryImageOfPage":{"@id":"https:\/\/gazetapernambucana.com\/?p=1242#primaryimage"},"image":{"@id":"https:\/\/gazetapernambucana.com\/?p=1242#primaryimage"},"thumbnailUrl":"https:\/\/gazetapernambucana.com\/wp-content\/uploads\/2025\/07\/20210901170924_a20bf89cac198d60c32a1b964410aa3335d838951fa6a474076081945d5b3013.webp","datePublished":"2025-07-05T02:14:14+00:00","author":{"@id":"https:\/\/gazetapernambucana.com\/#\/schema\/person\/188dc283325181ac2de4db1e9e987427"},"breadcrumb":{"@id":"https:\/\/gazetapernambucana.com\/?p=1242#breadcrumb"},"inLanguage":"pt-BR","potentialAction":[{"@type":"ReadAction","target":["https:\/\/gazetapernambucana.com\/?p=1242"]}]},{"@type":"ImageObject","inLanguage":"pt-BR","@id":"https:\/\/gazetapernambucana.com\/?p=1242#primaryimage","url":"https:\/\/gazetapernambucana.com\/wp-content\/uploads\/2025\/07\/20210901170924_a20bf89cac198d60c32a1b964410aa3335d838951fa6a474076081945d5b3013.webp","contentUrl":"https:\/\/gazetapernambucana.com\/wp-content\/uploads\/2025\/07\/20210901170924_a20bf89cac198d60c32a1b964410aa3335d838951fa6a474076081945d5b3013.webp","width":1280,"height":600},{"@type":"BreadcrumbList","@id":"https:\/\/gazetapernambucana.com\/?p=1242#breadcrumb","itemListElement":[{"@type":"ListItem","position":1,"name":"In\u00edcio","item":"https:\/\/gazetapernambucana.com\/"},{"@type":"ListItem","position":2,"name":"Moraes deixa Roberto Jefferson trocar de tornozeleira eletr\u00f4nica"}]},{"@type":"WebSite","@id":"https:\/\/gazetapernambucana.com\/#website","url":"https:\/\/gazetapernambucana.com\/","name":"","description":"","potentialAction":[{"@type":"SearchAction","target":{"@type":"EntryPoint","urlTemplate":"https:\/\/gazetapernambucana.com\/?s={search_term_string}"},"query-input":{"@type":"PropertyValueSpecification","valueRequired":true,"valueName":"search_term_string"}}],"inLanguage":"pt-BR"},{"@type":"Person","@id":"https:\/\/gazetapernambucana.com\/#\/schema\/person\/188dc283325181ac2de4db1e9e987427","name":"GP","image":{"@type":"ImageObject","inLanguage":"pt-BR","@id":"https:\/\/gazetapernambucana.com\/#\/schema\/person\/image\/","url":"https:\/\/secure.gravatar.com\/avatar\/9dad78ff9a2d8b5742d11779f8a3f53b052320c550b2e1907882353c067bb111?s=96&d=mm&r=g","contentUrl":"https:\/\/secure.gravatar.com\/avatar\/9dad78ff9a2d8b5742d11779f8a3f53b052320c550b2e1907882353c067bb111?s=96&d=mm&r=g","caption":"GP"},"sameAs":["http:\/\/gazetapernambucana.com"],"url":"https:\/\/gazetapernambucana.com\/?author=1"}]}},"jetpack_publicize_connections":[],"_links":{"self":[{"href":"https:\/\/gazetapernambucana.com\/index.php?rest_route=\/wp\/v2\/posts\/1242","targetHints":{"allow":["GET"]}}],"collection":[{"href":"https:\/\/gazetapernambucana.com\/index.php?rest_route=\/wp\/v2\/posts"}],"about":[{"href":"https:\/\/gazetapernambucana.com\/index.php?rest_route=\/wp\/v2\/types\/post"}],"author":[{"embeddable":true,"href":"https:\/\/gazetapernambucana.com\/index.php?rest_route=\/wp\/v2\/users\/1"}],"replies":[{"embeddable":true,"href":"https:\/\/gazetapernambucana.com\/index.php?rest_route=%2Fwp%2Fv2%2Fcomments&post=1242"}],"version-history":[{"count":2,"href":"https:\/\/gazetapernambucana.com\/index.php?rest_route=\/wp\/v2\/posts\/1242\/revisions"}],"predecessor-version":[{"id":1245,"href":"https:\/\/gazetapernambucana.com\/index.php?rest_route=\/wp\/v2\/posts\/1242\/revisions\/1245"}],"wp:featuredmedia":[{"embeddable":true,"href":"https:\/\/gazetapernambucana.com\/index.php?rest_route=\/wp\/v2\/media\/1243"}],"wp:attachment":[{"href":"https:\/\/gazetapernambucana.com\/index.php?rest_route=%2Fwp%2Fv2%2Fmedia&parent=1242"}],"wp:term":[{"taxonomy":"category","embeddable":true,"href":"https:\/\/gazetapernambucana.com\/index.php?rest_route=%2Fwp%2Fv2%2Fcategories&post=1242"},{"taxonomy":"post_tag","embeddable":true,"href":"https:\/\/gazetapernambucana.com\/index.php?rest_route=%2Fwp%2Fv2%2Ftags&post=1242"}],"curies":[{"name":"wp","href":"https:\/\/api.w.org\/{rel}","templated":true}]}}