{"id":1235,"date":"2025-07-03T01:31:24","date_gmt":"2025-07-03T04:31:24","guid":{"rendered":"https:\/\/gazetapernambucana.com\/?p=1235"},"modified":"2025-07-03T01:31:50","modified_gmt":"2025-07-03T04:31:50","slug":"1235","status":"publish","type":"post","link":"https:\/\/gazetapernambucana.com\/?p=1235","title":{"rendered":"Os milh\u00f5es do forr\u00f3: Os 10 munic\u00edpios que mais gastaram com cach\u00eas nos festejos juninos de 2025 em Pernambuco"},"content":{"rendered":"<h3 data-start=\"288\" data-end=\"607\"><em data-start=\"3379\" data-end=\"3595\">Cidades pernambucanas investiram milh\u00f5es em cach\u00eas art\u00edsticos durante os festejos juninos de 2025, mas a realidade das escolas, hospitais, sal\u00e1rios e transporte escolar ainda dan\u00e7a fora do alcance da transpar\u00eancia<\/em><\/h3>\n<p data-start=\"288\" data-end=\"607\"><img loading=\"lazy\" decoding=\"async\" class=\"alignnone size-medium wp-image-174281\" src=\"https:\/\/flaviochaves.com.br\/wp-content\/uploads\/2025\/07\/db0321f7-a880-4468-8207-b953762bcbc4-300x200.png\" alt=\"\" width=\"300\" height=\"200\" \/>\u00a0 Enquanto o forr\u00f3 ecoava pelos arraiais e as fogueiras iluminavam o m\u00eas de junho, milh\u00f5es em dinheiro p\u00fablico foram empenhados por prefeituras de Pernambuco apenas para o pagamento de cach\u00eas art\u00edsticos. O dado \u00e9 oficial e vem do Painel de Transpar\u00eancia dos Festejos Juninos, uma iniciativa conjunta do Minist\u00e9rio P\u00fablico de Pernambuco, do Minist\u00e9rio P\u00fablico de Contas, do Tribunal de Contas do Estado e da Amupe, criada para ampliar o controle social e dar visibilidade aos gastos com eventos financiados por recursos p\u00fablicos.<\/p>\n<p data-start=\"609\" data-end=\"878\">A soma impressiona: <strong data-start=\"629\" data-end=\"655\">mais de R$ 120 milh\u00f5es<\/strong> foram destinados exclusivamente \u00e0 contrata\u00e7\u00e3o de atra\u00e7\u00f5es musicais. O ranking mostra quem s\u00e3o os <strong data-start=\"753\" data-end=\"803\">10 munic\u00edpios que mais investiram com artistas<\/strong>, deixando no ar a pergunta: <strong data-start=\"832\" data-end=\"878\">e o resto da estrutura p\u00fablica, como anda?<\/strong><\/p>\n<h3 data-start=\"885\" data-end=\"973\"><strong data-start=\"892\" data-end=\"973\">Os 10 maiores gastos com cach\u00eas art\u00edsticos no S\u00e3o Jo\u00e3o 2025 (segundo o MPPE):<\/strong><\/h3>\n<div class=\"_tableContainer_80l1q_1\">\n<div class=\"_tableWrapper_80l1q_14 group flex w-fit flex-col-reverse\" tabindex=\"-1\">\n<table class=\"w-fit min-w-(--thread-content-width)\" data-start=\"975\" data-end=\"1624\">\n<thead data-start=\"975\" data-end=\"1028\">\n<tr data-start=\"975\" data-end=\"1028\">\n<th data-start=\"975\" data-end=\"980\" data-col-size=\"sm\">N\u00ba<\/th>\n<th data-start=\"980\" data-end=\"1009\" data-col-size=\"sm\">Munic\u00edpio<\/th>\n<th data-start=\"1009\" data-end=\"1028\" data-col-size=\"sm\">Valor investido<\/th>\n<\/tr>\n<\/thead>\n<tbody data-start=\"1084\" data-end=\"1624\">\n<tr data-start=\"1084\" data-end=\"1137\">\n<td data-start=\"1084\" data-end=\"1089\" data-col-size=\"sm\">1<\/td>\n<td data-col-size=\"sm\" data-start=\"1089\" data-end=\"1117\">Caruaru<\/td>\n<td data-col-size=\"sm\" data-start=\"1117\" data-end=\"1137\">R$ 23,13 milh\u00f5es<\/td>\n<\/tr>\n<tr data-start=\"1138\" data-end=\"1191\">\n<td data-start=\"1138\" data-end=\"1143\" data-col-size=\"sm\">2<\/td>\n<td data-col-size=\"sm\" data-start=\"1143\" data-end=\"1171\">Petrolina<\/td>\n<td data-col-size=\"sm\" data-start=\"1171\" data-end=\"1191\">R$ 20,66 milh\u00f5es<\/td>\n<\/tr>\n<tr data-start=\"1192\" data-end=\"1245\">\n<td data-start=\"1192\" data-end=\"1197\" data-col-size=\"sm\">3<\/td>\n<td data-col-size=\"sm\" data-start=\"1197\" data-end=\"1225\">Goiana<\/td>\n<td data-col-size=\"sm\" data-start=\"1225\" data-end=\"1245\">R$ 17,79 milh\u00f5es<\/td>\n<\/tr>\n<tr data-start=\"1246\" data-end=\"1299\">\n<td data-start=\"1246\" data-end=\"1251\" data-col-size=\"sm\">4<\/td>\n<td data-col-size=\"sm\" data-start=\"1251\" data-end=\"1279\">Recife<\/td>\n<td data-col-size=\"sm\" data-start=\"1279\" data-end=\"1299\">R$ 8,70 milh\u00f5es<\/td>\n<\/tr>\n<tr data-start=\"1300\" data-end=\"1353\">\n<td data-start=\"1300\" data-end=\"1305\" data-col-size=\"sm\">5<\/td>\n<td data-col-size=\"sm\" data-start=\"1305\" data-end=\"1333\">Araripina<\/td>\n<td data-col-size=\"sm\" data-start=\"1333\" data-end=\"1353\">R$ 8,63 milh\u00f5es<\/td>\n<\/tr>\n<tr data-start=\"1354\" data-end=\"1406\">\n<td data-start=\"1354\" data-end=\"1359\" data-col-size=\"sm\">6<\/td>\n<td data-col-size=\"sm\" data-start=\"1359\" data-end=\"1386\">Santa Cruz do Capibaribe<\/td>\n<td data-col-size=\"sm\" data-start=\"1386\" data-end=\"1406\">R$ 8,54 milh\u00f5es<\/td>\n<\/tr>\n<tr data-start=\"1407\" data-end=\"1460\">\n<td data-start=\"1407\" data-end=\"1412\" data-col-size=\"sm\">7<\/td>\n<td data-col-size=\"sm\" data-start=\"1412\" data-end=\"1440\">Gravat\u00e1<\/td>\n<td data-col-size=\"sm\" data-start=\"1440\" data-end=\"1460\">R$ 7,84 milh\u00f5es<\/td>\n<\/tr>\n<tr data-start=\"1461\" data-end=\"1517\">\n<td data-start=\"1461\" data-end=\"1466\" data-col-size=\"sm\">8<\/td>\n<td data-col-size=\"sm\" data-start=\"1466\" data-end=\"1494\">Carpina<\/td>\n<td data-col-size=\"sm\" data-start=\"1494\" data-end=\"1517\">R$ 7,82 milh\u00f5es<\/td>\n<\/tr>\n<tr data-start=\"1518\" data-end=\"1570\">\n<td data-start=\"1518\" data-end=\"1523\" data-col-size=\"sm\">9<\/td>\n<td data-col-size=\"sm\" data-start=\"1523\" data-end=\"1550\">Vit\u00f3ria de Santo Ant\u00e3o<\/td>\n<td data-col-size=\"sm\" data-start=\"1550\" data-end=\"1570\">R$ 7,51 milh\u00f5es<\/td>\n<\/tr>\n<tr data-start=\"1571\" data-end=\"1624\">\n<td data-start=\"1571\" data-end=\"1576\" data-col-size=\"sm\">10<\/td>\n<td data-col-size=\"sm\" data-start=\"1576\" data-end=\"1604\">Paulista<\/td>\n<td data-col-size=\"sm\" data-start=\"1604\" data-end=\"1624\">R$ 4,75 milh\u00f5es<\/td>\n<\/tr>\n<\/tbody>\n<\/table>\n<div class=\"sticky end-(--thread-content-margin) h-0 self-end select-none\">\n<div class=\"absolute end-0 flex items-end\"><\/div>\n<\/div>\n<\/div>\n<\/div>\n<h2 data-start=\"1631\" data-end=\"1673\"><strong data-start=\"1637\" data-end=\"1673\">Festa, cultura e cifras p\u00fablicas<\/strong><\/h2>\n<p data-start=\"1675\" data-end=\"2000\">\u00c9 verdade que o S\u00e3o Jo\u00e3o \u00e9 parte da alma nordestina. Gera turismo, aquece o com\u00e9rcio e movimenta empregos tempor\u00e1rios. Mas o alerta permanece: <strong data-start=\"1818\" data-end=\"1869\">esses valores s\u00e3o apenas os cach\u00eas dos artistas<\/strong>. A estrutura f\u00edsica, palco, som, ilumina\u00e7\u00e3o, seguran\u00e7a, hospedagem, transporte e decora\u00e7\u00e3o \u2014 <strong data-start=\"1964\" data-end=\"1999\">n\u00e3o est\u00e1 inclu\u00edda nesse c\u00e1lculo<\/strong>.<\/p>\n<p data-start=\"2002\" data-end=\"2120\">Com isso, o custo real das festas permanece sob neblina. E nesse cen\u00e1rio surge o questionamento leg\u00edtimo da sociedade:<\/p>\n<ol data-start=\"2122\" data-end=\"2779\">\n<li data-start=\"2122\" data-end=\"2232\">\n<p data-start=\"2125\" data-end=\"2232\">Como andam as estruturas das escolas municipais, enquanto milh\u00f5es s\u00e3o investidos em artistas nacionais?<\/p>\n<\/li>\n<li data-start=\"2234\" data-end=\"2297\">\n<p data-start=\"2237\" data-end=\"2297\">Os postos de sa\u00fade t\u00eam medicamentos b\u00e1sicos dispon\u00edveis?<\/p>\n<\/li>\n<li data-start=\"2299\" data-end=\"2362\">\n<p data-start=\"2302\" data-end=\"2362\">Os hospitais est\u00e3o abastecidos e com leitos suficientes<strong data-start=\"2305\" data-end=\"2362\">?<\/strong><\/p>\n<\/li>\n<li data-start=\"2364\" data-end=\"2445\">\n<p data-start=\"2367\" data-end=\"2445\">H\u00e1 transporte escolar regular e seguro em todos dias para os bairros, zonas rurais eoutras cidades?<\/p>\n<\/li>\n<li data-start=\"2447\" data-end=\"2514\">\n<p data-start=\"2450\" data-end=\"2514\">Os professores est\u00e3o recebendo o piso nacional da categoria<strong data-start=\"2453\" data-end=\"2514\">?<\/strong><\/p>\n<\/li>\n<li data-start=\"2516\" data-end=\"2648\">\n<p data-start=\"2519\" data-end=\"2648\">Os enfermeiros, t\u00e9cnicos e servidores da sa\u00fade est\u00e3o valorizados, ou sofrem com descontos abusivos e cortes de direitos?<\/p>\n<\/li>\n<li data-start=\"2650\" data-end=\"2779\">\n<p data-start=\"2653\" data-end=\"2779\">Quanto se investiu em habita\u00e7\u00e3o popular, acolhimento de moradores em situa\u00e7\u00e3o de rua ou assist\u00eancia social b\u00e1sica?<\/p>\n<\/li>\n<\/ol>\n<h2 data-start=\"2786\" data-end=\"2828\"><strong data-start=\"2792\" data-end=\"2828\">A conta que n\u00e3o aparece no palco<\/strong><\/h2>\n<p data-start=\"2830\" data-end=\"3072\">A cultura \u00e9 um direito e deve ser celebrada. Mas quando os gastos com shows ultrapassam os limites da razoabilidade, sem que a popula\u00e7\u00e3o tenha acesso aos n\u00fameros totais dos eventos, o que era motivo de festa se transforma em debate p\u00fablico.<\/p>\n<p data-start=\"3074\" data-end=\"3220\">Quem fiscaliza esses contratos?<br data-start=\"3109\" data-end=\"3112\" \/>Onde est\u00e3o os relat\u00f3rios de impacto?<br data-start=\"3152\" data-end=\"3155\" \/>O que est\u00e1 sendo feito com o restante do or\u00e7amento municipal?<\/p>\n<p data-start=\"3222\" data-end=\"3323\">\u00c9 nesse ponto que o forr\u00f3 vira cobran\u00e7a. E que os refletores se voltam para o que est\u00e1 fora do palco.<\/p>\n","protected":false},"excerpt":{"rendered":"<p>Cidades pernambucanas investiram milh\u00f5es em cach\u00eas art\u00edsticos durante os festejos juninos de 2025, mas a realidade das escolas, hospitais, sal\u00e1rios e transporte escolar ainda dan\u00e7a fora do alcance da transpar\u00eancia \u00a0 Enquanto o forr\u00f3 ecoava pelos arraiais e as fogueiras iluminavam o m\u00eas de junho, milh\u00f5es em dinheiro p\u00fablico foram empenhados por prefeituras de Pernambuco [&hellip;]<\/p>\n","protected":false},"author":1,"featured_media":1236,"comment_status":"open","ping_status":"open","sticky":false,"template":"","format":"standard","meta":{"footnotes":"","jetpack_publicize_message":"","jetpack_publicize_feature_enabled":true,"jetpack_social_post_already_shared":false,"jetpack_social_options":{"image_generator_settings":{"template":"highway","default_image_id":0,"font":"","enabled":false},"version":2}},"categories":[66,1,65],"tags":[],"class_list":["post-1235","post","type-post","status-publish","format-standard","has-post-thumbnail","hentry","category-cidades","category-https-gazetapernambucana-com-page_id225","category-politica"],"yoast_head":"<!-- This site is optimized with the Yoast SEO plugin v24.5 - https:\/\/yoast.com\/wordpress\/plugins\/seo\/ -->\n<title>Os milh\u00f5es do forr\u00f3: Os 10 munic\u00edpios que mais gastaram com cach\u00eas nos festejos juninos de 2025 em Pernambuco -<\/title>\n<meta name=\"robots\" content=\"index, follow, max-snippet:-1, max-image-preview:large, max-video-preview:-1\" \/>\n<link rel=\"canonical\" href=\"https:\/\/gazetapernambucana.com\/?p=1235\" \/>\n<meta property=\"og:locale\" content=\"pt_BR\" \/>\n<meta property=\"og:type\" content=\"article\" \/>\n<meta property=\"og:title\" content=\"Os milh\u00f5es do forr\u00f3: Os 10 munic\u00edpios que mais gastaram com cach\u00eas nos festejos juninos de 2025 em Pernambuco -\" \/>\n<meta property=\"og:description\" content=\"Cidades pernambucanas investiram milh\u00f5es em cach\u00eas art\u00edsticos durante os festejos juninos de 2025, mas a realidade das escolas, hospitais, sal\u00e1rios e transporte escolar ainda dan\u00e7a fora do alcance da transpar\u00eancia \u00a0 Enquanto o forr\u00f3 ecoava pelos arraiais e as fogueiras iluminavam o m\u00eas de junho, milh\u00f5es em dinheiro p\u00fablico foram empenhados por prefeituras de Pernambuco [&hellip;]\" \/>\n<meta property=\"og:url\" content=\"https:\/\/gazetapernambucana.com\/?p=1235\" \/>\n<meta property=\"article:published_time\" content=\"2025-07-03T04:31:24+00:00\" \/>\n<meta property=\"article:modified_time\" content=\"2025-07-03T04:31:50+00:00\" \/>\n<meta property=\"og:image\" content=\"https:\/\/gazetapernambucana.com\/wp-content\/uploads\/2025\/07\/db0321f7-a880-4468-8207-b953762bcbc4-1024x683.png\" \/>\n\t<meta property=\"og:image:width\" content=\"1024\" \/>\n\t<meta property=\"og:image:height\" content=\"683\" \/>\n\t<meta property=\"og:image:type\" content=\"image\/png\" \/>\n<meta name=\"author\" content=\"GP\" \/>\n<meta name=\"twitter:card\" content=\"summary_large_image\" \/>\n<meta name=\"twitter:label1\" content=\"Escrito por\" \/>\n\t<meta name=\"twitter:data1\" content=\"GP\" \/>\n\t<meta name=\"twitter:label2\" content=\"Est. tempo de leitura\" \/>\n\t<meta name=\"twitter:data2\" content=\"4 minutos\" \/>\n<script type=\"application\/ld+json\" class=\"yoast-schema-graph\">{\"@context\":\"https:\/\/schema.org\",\"@graph\":[{\"@type\":\"WebPage\",\"@id\":\"https:\/\/gazetapernambucana.com\/?p=1235\",\"url\":\"https:\/\/gazetapernambucana.com\/?p=1235\",\"name\":\"Os milh\u00f5es do forr\u00f3: Os 10 munic\u00edpios que mais gastaram com cach\u00eas nos festejos juninos de 2025 em Pernambuco -\",\"isPartOf\":{\"@id\":\"https:\/\/gazetapernambucana.com\/#website\"},\"primaryImageOfPage\":{\"@id\":\"https:\/\/gazetapernambucana.com\/?p=1235#primaryimage\"},\"image\":{\"@id\":\"https:\/\/gazetapernambucana.com\/?p=1235#primaryimage\"},\"thumbnailUrl\":\"https:\/\/gazetapernambucana.com\/wp-content\/uploads\/2025\/07\/db0321f7-a880-4468-8207-b953762bcbc4.png\",\"datePublished\":\"2025-07-03T04:31:24+00:00\",\"dateModified\":\"2025-07-03T04:31:50+00:00\",\"author\":{\"@id\":\"https:\/\/gazetapernambucana.com\/#\/schema\/person\/188dc283325181ac2de4db1e9e987427\"},\"breadcrumb\":{\"@id\":\"https:\/\/gazetapernambucana.com\/?p=1235#breadcrumb\"},\"inLanguage\":\"pt-BR\",\"potentialAction\":[{\"@type\":\"ReadAction\",\"target\":[\"https:\/\/gazetapernambucana.com\/?p=1235\"]}]},{\"@type\":\"ImageObject\",\"inLanguage\":\"pt-BR\",\"@id\":\"https:\/\/gazetapernambucana.com\/?p=1235#primaryimage\",\"url\":\"https:\/\/gazetapernambucana.com\/wp-content\/uploads\/2025\/07\/db0321f7-a880-4468-8207-b953762bcbc4.png\",\"contentUrl\":\"https:\/\/gazetapernambucana.com\/wp-content\/uploads\/2025\/07\/db0321f7-a880-4468-8207-b953762bcbc4.png\",\"width\":1536,\"height\":1024},{\"@type\":\"BreadcrumbList\",\"@id\":\"https:\/\/gazetapernambucana.com\/?p=1235#breadcrumb\",\"itemListElement\":[{\"@type\":\"ListItem\",\"position\":1,\"name\":\"In\u00edcio\",\"item\":\"https:\/\/gazetapernambucana.com\/\"},{\"@type\":\"ListItem\",\"position\":2,\"name\":\"Os milh\u00f5es do forr\u00f3: Os 10 munic\u00edpios que mais gastaram com cach\u00eas nos festejos juninos de 2025 em Pernambuco\"}]},{\"@type\":\"WebSite\",\"@id\":\"https:\/\/gazetapernambucana.com\/#website\",\"url\":\"https:\/\/gazetapernambucana.com\/\",\"name\":\"\",\"description\":\"\",\"potentialAction\":[{\"@type\":\"SearchAction\",\"target\":{\"@type\":\"EntryPoint\",\"urlTemplate\":\"https:\/\/gazetapernambucana.com\/?s={search_term_string}\"},\"query-input\":{\"@type\":\"PropertyValueSpecification\",\"valueRequired\":true,\"valueName\":\"search_term_string\"}}],\"inLanguage\":\"pt-BR\"},{\"@type\":\"Person\",\"@id\":\"https:\/\/gazetapernambucana.com\/#\/schema\/person\/188dc283325181ac2de4db1e9e987427\",\"name\":\"GP\",\"image\":{\"@type\":\"ImageObject\",\"inLanguage\":\"pt-BR\",\"@id\":\"https:\/\/gazetapernambucana.com\/#\/schema\/person\/image\/\",\"url\":\"https:\/\/secure.gravatar.com\/avatar\/9dad78ff9a2d8b5742d11779f8a3f53b052320c550b2e1907882353c067bb111?s=96&d=mm&r=g\",\"contentUrl\":\"https:\/\/secure.gravatar.com\/avatar\/9dad78ff9a2d8b5742d11779f8a3f53b052320c550b2e1907882353c067bb111?s=96&d=mm&r=g\",\"caption\":\"GP\"},\"sameAs\":[\"http:\/\/gazetapernambucana.com\"],\"url\":\"https:\/\/gazetapernambucana.com\/?author=1\"}]}<\/script>\n<!-- \/ Yoast SEO plugin. -->","yoast_head_json":{"title":"Os milh\u00f5es do forr\u00f3: Os 10 munic\u00edpios que mais gastaram com cach\u00eas nos festejos juninos de 2025 em Pernambuco -","robots":{"index":"index","follow":"follow","max-snippet":"max-snippet:-1","max-image-preview":"max-image-preview:large","max-video-preview":"max-video-preview:-1"},"canonical":"https:\/\/gazetapernambucana.com\/?p=1235","og_locale":"pt_BR","og_type":"article","og_title":"Os milh\u00f5es do forr\u00f3: Os 10 munic\u00edpios que mais gastaram com cach\u00eas nos festejos juninos de 2025 em Pernambuco -","og_description":"Cidades pernambucanas investiram milh\u00f5es em cach\u00eas art\u00edsticos durante os festejos juninos de 2025, mas a realidade das escolas, hospitais, sal\u00e1rios e transporte escolar ainda dan\u00e7a fora do alcance da transpar\u00eancia \u00a0 Enquanto o forr\u00f3 ecoava pelos arraiais e as fogueiras iluminavam o m\u00eas de junho, milh\u00f5es em dinheiro p\u00fablico foram empenhados por prefeituras de Pernambuco [&hellip;]","og_url":"https:\/\/gazetapernambucana.com\/?p=1235","article_published_time":"2025-07-03T04:31:24+00:00","article_modified_time":"2025-07-03T04:31:50+00:00","og_image":[{"width":1024,"height":683,"url":"https:\/\/gazetapernambucana.com\/wp-content\/uploads\/2025\/07\/db0321f7-a880-4468-8207-b953762bcbc4-1024x683.png","type":"image\/png"}],"author":"GP","twitter_card":"summary_large_image","twitter_misc":{"Escrito por":"GP","Est. tempo de leitura":"4 minutos"},"schema":{"@context":"https:\/\/schema.org","@graph":[{"@type":"WebPage","@id":"https:\/\/gazetapernambucana.com\/?p=1235","url":"https:\/\/gazetapernambucana.com\/?p=1235","name":"Os milh\u00f5es do forr\u00f3: Os 10 munic\u00edpios que mais gastaram com cach\u00eas nos festejos juninos de 2025 em Pernambuco -","isPartOf":{"@id":"https:\/\/gazetapernambucana.com\/#website"},"primaryImageOfPage":{"@id":"https:\/\/gazetapernambucana.com\/?p=1235#primaryimage"},"image":{"@id":"https:\/\/gazetapernambucana.com\/?p=1235#primaryimage"},"thumbnailUrl":"https:\/\/gazetapernambucana.com\/wp-content\/uploads\/2025\/07\/db0321f7-a880-4468-8207-b953762bcbc4.png","datePublished":"2025-07-03T04:31:24+00:00","dateModified":"2025-07-03T04:31:50+00:00","author":{"@id":"https:\/\/gazetapernambucana.com\/#\/schema\/person\/188dc283325181ac2de4db1e9e987427"},"breadcrumb":{"@id":"https:\/\/gazetapernambucana.com\/?p=1235#breadcrumb"},"inLanguage":"pt-BR","potentialAction":[{"@type":"ReadAction","target":["https:\/\/gazetapernambucana.com\/?p=1235"]}]},{"@type":"ImageObject","inLanguage":"pt-BR","@id":"https:\/\/gazetapernambucana.com\/?p=1235#primaryimage","url":"https:\/\/gazetapernambucana.com\/wp-content\/uploads\/2025\/07\/db0321f7-a880-4468-8207-b953762bcbc4.png","contentUrl":"https:\/\/gazetapernambucana.com\/wp-content\/uploads\/2025\/07\/db0321f7-a880-4468-8207-b953762bcbc4.png","width":1536,"height":1024},{"@type":"BreadcrumbList","@id":"https:\/\/gazetapernambucana.com\/?p=1235#breadcrumb","itemListElement":[{"@type":"ListItem","position":1,"name":"In\u00edcio","item":"https:\/\/gazetapernambucana.com\/"},{"@type":"ListItem","position":2,"name":"Os milh\u00f5es do forr\u00f3: Os 10 munic\u00edpios que mais gastaram com cach\u00eas nos festejos juninos de 2025 em Pernambuco"}]},{"@type":"WebSite","@id":"https:\/\/gazetapernambucana.com\/#website","url":"https:\/\/gazetapernambucana.com\/","name":"","description":"","potentialAction":[{"@type":"SearchAction","target":{"@type":"EntryPoint","urlTemplate":"https:\/\/gazetapernambucana.com\/?s={search_term_string}"},"query-input":{"@type":"PropertyValueSpecification","valueRequired":true,"valueName":"search_term_string"}}],"inLanguage":"pt-BR"},{"@type":"Person","@id":"https:\/\/gazetapernambucana.com\/#\/schema\/person\/188dc283325181ac2de4db1e9e987427","name":"GP","image":{"@type":"ImageObject","inLanguage":"pt-BR","@id":"https:\/\/gazetapernambucana.com\/#\/schema\/person\/image\/","url":"https:\/\/secure.gravatar.com\/avatar\/9dad78ff9a2d8b5742d11779f8a3f53b052320c550b2e1907882353c067bb111?s=96&d=mm&r=g","contentUrl":"https:\/\/secure.gravatar.com\/avatar\/9dad78ff9a2d8b5742d11779f8a3f53b052320c550b2e1907882353c067bb111?s=96&d=mm&r=g","caption":"GP"},"sameAs":["http:\/\/gazetapernambucana.com"],"url":"https:\/\/gazetapernambucana.com\/?author=1"}]}},"jetpack_publicize_connections":[],"_links":{"self":[{"href":"https:\/\/gazetapernambucana.com\/index.php?rest_route=\/wp\/v2\/posts\/1235","targetHints":{"allow":["GET"]}}],"collection":[{"href":"https:\/\/gazetapernambucana.com\/index.php?rest_route=\/wp\/v2\/posts"}],"about":[{"href":"https:\/\/gazetapernambucana.com\/index.php?rest_route=\/wp\/v2\/types\/post"}],"author":[{"embeddable":true,"href":"https:\/\/gazetapernambucana.com\/index.php?rest_route=\/wp\/v2\/users\/1"}],"replies":[{"embeddable":true,"href":"https:\/\/gazetapernambucana.com\/index.php?rest_route=%2Fwp%2Fv2%2Fcomments&post=1235"}],"version-history":[{"count":2,"href":"https:\/\/gazetapernambucana.com\/index.php?rest_route=\/wp\/v2\/posts\/1235\/revisions"}],"predecessor-version":[{"id":1238,"href":"https:\/\/gazetapernambucana.com\/index.php?rest_route=\/wp\/v2\/posts\/1235\/revisions\/1238"}],"wp:featuredmedia":[{"embeddable":true,"href":"https:\/\/gazetapernambucana.com\/index.php?rest_route=\/wp\/v2\/media\/1236"}],"wp:attachment":[{"href":"https:\/\/gazetapernambucana.com\/index.php?rest_route=%2Fwp%2Fv2%2Fmedia&parent=1235"}],"wp:term":[{"taxonomy":"category","embeddable":true,"href":"https:\/\/gazetapernambucana.com\/index.php?rest_route=%2Fwp%2Fv2%2Fcategories&post=1235"},{"taxonomy":"post_tag","embeddable":true,"href":"https:\/\/gazetapernambucana.com\/index.php?rest_route=%2Fwp%2Fv2%2Ftags&post=1235"}],"curies":[{"name":"wp","href":"https:\/\/api.w.org\/{rel}","templated":true}]}}