{"id":1229,"date":"2025-07-03T00:24:54","date_gmt":"2025-07-03T03:24:54","guid":{"rendered":"https:\/\/gazetapernambucana.com\/?p=1229"},"modified":"2025-07-03T00:25:20","modified_gmt":"2025-07-03T03:25:20","slug":"1229","status":"publish","type":"post","link":"https:\/\/gazetapernambucana.com\/?p=1229","title":{"rendered":"MAC de Olinda: Resgate pol\u00edtico-cultural e repara\u00e7\u00e3o hist\u00f3rica"},"content":{"rendered":"<h2 data-start=\"386\" data-end=\"771\">O compromisso foi firmado. Falta saber quando o Museu abrir\u00e1 suas portas novamente, e se a cultura sair\u00e1, enfim, do papel.<\/h2>\n<p data-start=\"386\" data-end=\"771\"><img loading=\"lazy\" decoding=\"async\" class=\"alignnone size-medium wp-image-1181\" src=\"http:\/\/gazetapernambucana.com\/wp-content\/uploads\/2025\/07\/download-2-300x120.jpg\" alt=\"\" width=\"300\" height=\"120\" srcset=\"https:\/\/gazetapernambucana.com\/wp-content\/uploads\/2025\/07\/download-2-300x120.jpg 300w, https:\/\/gazetapernambucana.com\/wp-content\/uploads\/2025\/07\/download-2-1024x410.jpg 1024w, https:\/\/gazetapernambucana.com\/wp-content\/uploads\/2025\/07\/download-2-768x307.jpg 768w, https:\/\/gazetapernambucana.com\/wp-content\/uploads\/2025\/07\/download-2-1536x614.jpg 1536w, https:\/\/gazetapernambucana.com\/wp-content\/uploads\/2025\/07\/download-2.jpg 2048w\" sizes=\"auto, (max-width: 300px) 100vw, 300px\" \/>\u00a0 \u00a0A assinatura da ordem de servi\u00e7o para o restauro do Museu de Arte Contempor\u00e2nea de Pernambuco (MAC), ocorrida nesta quarta-feira (2), marca um ponto importante na agenda pol\u00edtica e cultural do Estado. O ato, realizado pela governadora Raquel Lyra (PSD) e pela prefeita de Olinda, Mirella Almeida (PSD), tem um valor simb\u00f3lico que extrapola os R$ 4 milh\u00f5es que ser\u00e3o investidos na obra.<\/p>\n<p data-start=\"773\" data-end=\"1202\">Antes de mais nada, \u00e9 necess\u00e1rio contextualizar o hist\u00f3rico de abandono. Desde 2017, o MAC, um dos mais importantes equipamentos de arte contempor\u00e2nea do Nordeste, estava fechado, \u00e0 m\u00edngua, sob o sil\u00eancio da ent\u00e3o gest\u00e3o estadual do PSB. Foram anos de indiferen\u00e7a com um espa\u00e7o que abriga parte fundamental da mem\u00f3ria art\u00edstica de Pernambuco. O descaso n\u00e3o foi apenas administrativo, foi tamb\u00e9m cultural, patrimonial e pol\u00edtico.<\/p>\n<p data-start=\"1204\" data-end=\"1434\">Abordamos esse tema com firmeza tanto aqui\u00a0no <strong data-start=\"1293\" data-end=\"1301\">Blog<\/strong> e tamb\u00e9m no <strong data-start=\"1307\" data-end=\"1337\">jornal Gazeta Pernambucana<\/strong>, cobrando publicamente a reabertura e denunciando a omiss\u00e3o que condenava o MAC ao esquecimento.<\/p>\n<p data-start=\"1436\" data-end=\"1726\">Agora, com o an\u00fancio da requalifica\u00e7\u00e3o, \u00e9 preciso dizer que n\u00e3o se trata de um novo recurso: o valor j\u00e1 estava previsto e vinculado anteriormente, mas s\u00f3 agora foi efetivado com o peso pol\u00edtico de um gesto p\u00fablico. O que muda \u00e9 a visibilidade e o momento. E a\u00ed entra o componente pol\u00edtico.<\/p>\n<p data-start=\"1728\" data-end=\"2335\">A presen\u00e7a da prefeita Mirella Almeida ao lado da governadora Raquel Lyra d\u00e1 o tom de coopera\u00e7\u00e3o institucional. Mirella tem apenas seis meses de mandato e n\u00e3o disputa as pr\u00f3ximas elei\u00e7\u00f5es, mas a cidade \u00e9 Olinda, e o equipamento \u00e9 estadual. Ainda assim, \u00e9 natural e politicamente inteligente que a gestora municipal esteja presente num ato que se realiza no cora\u00e7\u00e3o do S\u00edtio Hist\u00f3rico de sua cidade. \u00c9 uma forma de refor\u00e7ar o compromisso com a cultura local, sem que isso signifique qualquer tipo de opera\u00e7\u00e3o de resgate de imagem, at\u00e9 porque o desgaste pol\u00edtico n\u00e3o se aplica ao seu curto per\u00edodo de gest\u00e3o.<\/p>\n<p data-start=\"2337\" data-end=\"2668\">Para Raquel Lyra, o gesto \u00e9 duplamente simb\u00f3lico: representa a ruptura com o abandono herdado da gest\u00e3o anterior e reposiciona o Estado como parceiro das cidades no resgate cultural. \u00c9 tamb\u00e9m uma maneira de marcar presen\u00e7a em Olinda, cidade de grande valor hist\u00f3rico, tur\u00edstico e estrat\u00e9gico para qualquer governante de Pernambuco.<\/p>\n<p data-start=\"2670\" data-end=\"3072\">O MAC n\u00e3o \u00e9 apenas um museu. \u00c9 um s\u00edmbolo. Fica em um pr\u00e9dio do s\u00e9culo XVIII, que j\u00e1 foi convento e sede do bispado, e que carrega em suas paredes a respira\u00e7\u00e3o de s\u00e9culos de hist\u00f3ria. Est\u00e1 situado num dos s\u00edtios hist\u00f3ricos mais visitados do Brasil. Sua reabertura tem impacto direto na economia local, porque a cultura e o turismo, essa ind\u00fastria sem chamin\u00e9s, movimentam emprego, renda e autoestima.<\/p>\n<p data-start=\"3074\" data-end=\"3363\">Portanto, o restauro do MAC \u00e9, sim, um avan\u00e7o. Mas \u00e9 tamb\u00e9m uma repara\u00e7\u00e3o. Que sirva como ponto de virada. Que esse investimento seja apenas o in\u00edcio de uma pol\u00edtica cultural estruturada, duradoura, e que n\u00e3o trate o patrim\u00f4nio como palco para um evento, mas como pilar de desenvolvimento.<\/p>\n<p data-start=\"3074\" data-end=\"3363\">#MACdeOlinda #RaquelLyra #MirellaAlmeida\u00a0 #Patrim\u00f4nioCultural #GazetaPernambucana #BlogFl\u00e1vioChaves #MuseuFechado<\/p>\n","protected":false},"excerpt":{"rendered":"<p>O compromisso foi firmado. Falta saber quando o Museu abrir\u00e1 suas portas novamente, e se a cultura sair\u00e1, enfim, do papel. \u00a0 \u00a0A assinatura da ordem de servi\u00e7o para o restauro do Museu de Arte Contempor\u00e2nea de Pernambuco (MAC), ocorrida nesta quarta-feira (2), marca um ponto importante na agenda pol\u00edtica e cultural do Estado. O [&hellip;]<\/p>\n","protected":false},"author":1,"featured_media":1181,"comment_status":"open","ping_status":"open","sticky":false,"template":"","format":"standard","meta":{"footnotes":"","jetpack_publicize_message":"","jetpack_publicize_feature_enabled":true,"jetpack_social_post_already_shared":false,"jetpack_social_options":{"image_generator_settings":{"template":"highway","default_image_id":0,"font":"","enabled":false},"version":2}},"categories":[1,76,65],"tags":[],"class_list":["post-1229","post","type-post","status-publish","format-standard","has-post-thumbnail","hentry","category-https-gazetapernambucana-com-page_id225","category-opiniao","category-politica"],"yoast_head":"<!-- This site is optimized with the Yoast SEO plugin v24.5 - https:\/\/yoast.com\/wordpress\/plugins\/seo\/ -->\n<title>MAC de Olinda: Resgate pol\u00edtico-cultural e repara\u00e7\u00e3o hist\u00f3rica -<\/title>\n<meta name=\"robots\" content=\"index, follow, max-snippet:-1, max-image-preview:large, max-video-preview:-1\" \/>\n<link rel=\"canonical\" href=\"https:\/\/gazetapernambucana.com\/?p=1229\" \/>\n<meta property=\"og:locale\" content=\"pt_BR\" \/>\n<meta property=\"og:type\" content=\"article\" \/>\n<meta property=\"og:title\" content=\"MAC de Olinda: Resgate pol\u00edtico-cultural e repara\u00e7\u00e3o hist\u00f3rica -\" \/>\n<meta property=\"og:description\" content=\"O compromisso foi firmado. Falta saber quando o Museu abrir\u00e1 suas portas novamente, e se a cultura sair\u00e1, enfim, do papel. \u00a0 \u00a0A assinatura da ordem de servi\u00e7o para o restauro do Museu de Arte Contempor\u00e2nea de Pernambuco (MAC), ocorrida nesta quarta-feira (2), marca um ponto importante na agenda pol\u00edtica e cultural do Estado. O [&hellip;]\" \/>\n<meta property=\"og:url\" content=\"https:\/\/gazetapernambucana.com\/?p=1229\" \/>\n<meta property=\"article:published_time\" content=\"2025-07-03T03:24:54+00:00\" \/>\n<meta property=\"article:modified_time\" content=\"2025-07-03T03:25:20+00:00\" \/>\n<meta property=\"og:image\" content=\"https:\/\/gazetapernambucana.com\/wp-content\/uploads\/2025\/07\/download-2.jpg\" \/>\n\t<meta property=\"og:image:width\" content=\"2048\" \/>\n\t<meta property=\"og:image:height\" content=\"819\" \/>\n\t<meta property=\"og:image:type\" content=\"image\/jpeg\" \/>\n<meta name=\"author\" content=\"GP\" \/>\n<meta name=\"twitter:card\" content=\"summary_large_image\" \/>\n<meta name=\"twitter:label1\" content=\"Escrito por\" \/>\n\t<meta name=\"twitter:data1\" content=\"GP\" \/>\n\t<meta name=\"twitter:label2\" content=\"Est. tempo de leitura\" \/>\n\t<meta name=\"twitter:data2\" content=\"4 minutos\" \/>\n<script type=\"application\/ld+json\" class=\"yoast-schema-graph\">{\"@context\":\"https:\/\/schema.org\",\"@graph\":[{\"@type\":\"WebPage\",\"@id\":\"https:\/\/gazetapernambucana.com\/?p=1229\",\"url\":\"https:\/\/gazetapernambucana.com\/?p=1229\",\"name\":\"MAC de Olinda: Resgate pol\u00edtico-cultural e repara\u00e7\u00e3o hist\u00f3rica -\",\"isPartOf\":{\"@id\":\"https:\/\/gazetapernambucana.com\/#website\"},\"primaryImageOfPage\":{\"@id\":\"https:\/\/gazetapernambucana.com\/?p=1229#primaryimage\"},\"image\":{\"@id\":\"https:\/\/gazetapernambucana.com\/?p=1229#primaryimage\"},\"thumbnailUrl\":\"https:\/\/gazetapernambucana.com\/wp-content\/uploads\/2025\/07\/download-2.jpg\",\"datePublished\":\"2025-07-03T03:24:54+00:00\",\"dateModified\":\"2025-07-03T03:25:20+00:00\",\"author\":{\"@id\":\"https:\/\/gazetapernambucana.com\/#\/schema\/person\/188dc283325181ac2de4db1e9e987427\"},\"breadcrumb\":{\"@id\":\"https:\/\/gazetapernambucana.com\/?p=1229#breadcrumb\"},\"inLanguage\":\"pt-BR\",\"potentialAction\":[{\"@type\":\"ReadAction\",\"target\":[\"https:\/\/gazetapernambucana.com\/?p=1229\"]}]},{\"@type\":\"ImageObject\",\"inLanguage\":\"pt-BR\",\"@id\":\"https:\/\/gazetapernambucana.com\/?p=1229#primaryimage\",\"url\":\"https:\/\/gazetapernambucana.com\/wp-content\/uploads\/2025\/07\/download-2.jpg\",\"contentUrl\":\"https:\/\/gazetapernambucana.com\/wp-content\/uploads\/2025\/07\/download-2.jpg\",\"width\":2048,\"height\":819},{\"@type\":\"BreadcrumbList\",\"@id\":\"https:\/\/gazetapernambucana.com\/?p=1229#breadcrumb\",\"itemListElement\":[{\"@type\":\"ListItem\",\"position\":1,\"name\":\"In\u00edcio\",\"item\":\"https:\/\/gazetapernambucana.com\/\"},{\"@type\":\"ListItem\",\"position\":2,\"name\":\"MAC de Olinda: Resgate pol\u00edtico-cultural e repara\u00e7\u00e3o hist\u00f3rica\"}]},{\"@type\":\"WebSite\",\"@id\":\"https:\/\/gazetapernambucana.com\/#website\",\"url\":\"https:\/\/gazetapernambucana.com\/\",\"name\":\"\",\"description\":\"\",\"potentialAction\":[{\"@type\":\"SearchAction\",\"target\":{\"@type\":\"EntryPoint\",\"urlTemplate\":\"https:\/\/gazetapernambucana.com\/?s={search_term_string}\"},\"query-input\":{\"@type\":\"PropertyValueSpecification\",\"valueRequired\":true,\"valueName\":\"search_term_string\"}}],\"inLanguage\":\"pt-BR\"},{\"@type\":\"Person\",\"@id\":\"https:\/\/gazetapernambucana.com\/#\/schema\/person\/188dc283325181ac2de4db1e9e987427\",\"name\":\"GP\",\"image\":{\"@type\":\"ImageObject\",\"inLanguage\":\"pt-BR\",\"@id\":\"https:\/\/gazetapernambucana.com\/#\/schema\/person\/image\/\",\"url\":\"https:\/\/secure.gravatar.com\/avatar\/9dad78ff9a2d8b5742d11779f8a3f53b052320c550b2e1907882353c067bb111?s=96&d=mm&r=g\",\"contentUrl\":\"https:\/\/secure.gravatar.com\/avatar\/9dad78ff9a2d8b5742d11779f8a3f53b052320c550b2e1907882353c067bb111?s=96&d=mm&r=g\",\"caption\":\"GP\"},\"sameAs\":[\"http:\/\/gazetapernambucana.com\"],\"url\":\"https:\/\/gazetapernambucana.com\/?author=1\"}]}<\/script>\n<!-- \/ Yoast SEO plugin. -->","yoast_head_json":{"title":"MAC de Olinda: Resgate pol\u00edtico-cultural e repara\u00e7\u00e3o hist\u00f3rica -","robots":{"index":"index","follow":"follow","max-snippet":"max-snippet:-1","max-image-preview":"max-image-preview:large","max-video-preview":"max-video-preview:-1"},"canonical":"https:\/\/gazetapernambucana.com\/?p=1229","og_locale":"pt_BR","og_type":"article","og_title":"MAC de Olinda: Resgate pol\u00edtico-cultural e repara\u00e7\u00e3o hist\u00f3rica -","og_description":"O compromisso foi firmado. Falta saber quando o Museu abrir\u00e1 suas portas novamente, e se a cultura sair\u00e1, enfim, do papel. \u00a0 \u00a0A assinatura da ordem de servi\u00e7o para o restauro do Museu de Arte Contempor\u00e2nea de Pernambuco (MAC), ocorrida nesta quarta-feira (2), marca um ponto importante na agenda pol\u00edtica e cultural do Estado. O [&hellip;]","og_url":"https:\/\/gazetapernambucana.com\/?p=1229","article_published_time":"2025-07-03T03:24:54+00:00","article_modified_time":"2025-07-03T03:25:20+00:00","og_image":[{"width":2048,"height":819,"url":"https:\/\/gazetapernambucana.com\/wp-content\/uploads\/2025\/07\/download-2.jpg","type":"image\/jpeg"}],"author":"GP","twitter_card":"summary_large_image","twitter_misc":{"Escrito por":"GP","Est. tempo de leitura":"4 minutos"},"schema":{"@context":"https:\/\/schema.org","@graph":[{"@type":"WebPage","@id":"https:\/\/gazetapernambucana.com\/?p=1229","url":"https:\/\/gazetapernambucana.com\/?p=1229","name":"MAC de Olinda: Resgate pol\u00edtico-cultural e repara\u00e7\u00e3o hist\u00f3rica -","isPartOf":{"@id":"https:\/\/gazetapernambucana.com\/#website"},"primaryImageOfPage":{"@id":"https:\/\/gazetapernambucana.com\/?p=1229#primaryimage"},"image":{"@id":"https:\/\/gazetapernambucana.com\/?p=1229#primaryimage"},"thumbnailUrl":"https:\/\/gazetapernambucana.com\/wp-content\/uploads\/2025\/07\/download-2.jpg","datePublished":"2025-07-03T03:24:54+00:00","dateModified":"2025-07-03T03:25:20+00:00","author":{"@id":"https:\/\/gazetapernambucana.com\/#\/schema\/person\/188dc283325181ac2de4db1e9e987427"},"breadcrumb":{"@id":"https:\/\/gazetapernambucana.com\/?p=1229#breadcrumb"},"inLanguage":"pt-BR","potentialAction":[{"@type":"ReadAction","target":["https:\/\/gazetapernambucana.com\/?p=1229"]}]},{"@type":"ImageObject","inLanguage":"pt-BR","@id":"https:\/\/gazetapernambucana.com\/?p=1229#primaryimage","url":"https:\/\/gazetapernambucana.com\/wp-content\/uploads\/2025\/07\/download-2.jpg","contentUrl":"https:\/\/gazetapernambucana.com\/wp-content\/uploads\/2025\/07\/download-2.jpg","width":2048,"height":819},{"@type":"BreadcrumbList","@id":"https:\/\/gazetapernambucana.com\/?p=1229#breadcrumb","itemListElement":[{"@type":"ListItem","position":1,"name":"In\u00edcio","item":"https:\/\/gazetapernambucana.com\/"},{"@type":"ListItem","position":2,"name":"MAC de Olinda: Resgate pol\u00edtico-cultural e repara\u00e7\u00e3o hist\u00f3rica"}]},{"@type":"WebSite","@id":"https:\/\/gazetapernambucana.com\/#website","url":"https:\/\/gazetapernambucana.com\/","name":"","description":"","potentialAction":[{"@type":"SearchAction","target":{"@type":"EntryPoint","urlTemplate":"https:\/\/gazetapernambucana.com\/?s={search_term_string}"},"query-input":{"@type":"PropertyValueSpecification","valueRequired":true,"valueName":"search_term_string"}}],"inLanguage":"pt-BR"},{"@type":"Person","@id":"https:\/\/gazetapernambucana.com\/#\/schema\/person\/188dc283325181ac2de4db1e9e987427","name":"GP","image":{"@type":"ImageObject","inLanguage":"pt-BR","@id":"https:\/\/gazetapernambucana.com\/#\/schema\/person\/image\/","url":"https:\/\/secure.gravatar.com\/avatar\/9dad78ff9a2d8b5742d11779f8a3f53b052320c550b2e1907882353c067bb111?s=96&d=mm&r=g","contentUrl":"https:\/\/secure.gravatar.com\/avatar\/9dad78ff9a2d8b5742d11779f8a3f53b052320c550b2e1907882353c067bb111?s=96&d=mm&r=g","caption":"GP"},"sameAs":["http:\/\/gazetapernambucana.com"],"url":"https:\/\/gazetapernambucana.com\/?author=1"}]}},"jetpack_publicize_connections":[],"_links":{"self":[{"href":"https:\/\/gazetapernambucana.com\/index.php?rest_route=\/wp\/v2\/posts\/1229","targetHints":{"allow":["GET"]}}],"collection":[{"href":"https:\/\/gazetapernambucana.com\/index.php?rest_route=\/wp\/v2\/posts"}],"about":[{"href":"https:\/\/gazetapernambucana.com\/index.php?rest_route=\/wp\/v2\/types\/post"}],"author":[{"embeddable":true,"href":"https:\/\/gazetapernambucana.com\/index.php?rest_route=\/wp\/v2\/users\/1"}],"replies":[{"embeddable":true,"href":"https:\/\/gazetapernambucana.com\/index.php?rest_route=%2Fwp%2Fv2%2Fcomments&post=1229"}],"version-history":[{"count":2,"href":"https:\/\/gazetapernambucana.com\/index.php?rest_route=\/wp\/v2\/posts\/1229\/revisions"}],"predecessor-version":[{"id":1234,"href":"https:\/\/gazetapernambucana.com\/index.php?rest_route=\/wp\/v2\/posts\/1229\/revisions\/1234"}],"wp:featuredmedia":[{"embeddable":true,"href":"https:\/\/gazetapernambucana.com\/index.php?rest_route=\/wp\/v2\/media\/1181"}],"wp:attachment":[{"href":"https:\/\/gazetapernambucana.com\/index.php?rest_route=%2Fwp%2Fv2%2Fmedia&parent=1229"}],"wp:term":[{"taxonomy":"category","embeddable":true,"href":"https:\/\/gazetapernambucana.com\/index.php?rest_route=%2Fwp%2Fv2%2Fcategories&post=1229"},{"taxonomy":"post_tag","embeddable":true,"href":"https:\/\/gazetapernambucana.com\/index.php?rest_route=%2Fwp%2Fv2%2Ftags&post=1229"}],"curies":[{"name":"wp","href":"https:\/\/api.w.org\/{rel}","templated":true}]}}