{"id":1222,"date":"2025-07-02T02:27:19","date_gmt":"2025-07-02T05:27:19","guid":{"rendered":"https:\/\/gazetapernambucana.com\/?p=1222"},"modified":"2025-07-02T02:27:19","modified_gmt":"2025-07-02T05:27:19","slug":"raimundo-carrero-lanca-novo-livro-no-recife-nesta-quinta-feira","status":"publish","type":"post","link":"https:\/\/gazetapernambucana.com\/?p=1222","title":{"rendered":"Raimundo Carrero lan\u00e7a novo livro no Recife nesta quinta-feira"},"content":{"rendered":"<p data-start=\"134\" data-end=\"200\"><img loading=\"lazy\" decoding=\"async\" class=\"alignnone size-medium wp-image-1223\" src=\"http:\/\/gazetapernambucana.com\/wp-content\/uploads\/2025\/07\/1_img_20250627_wa0309-669826-300x200.jpg\" alt=\"\" width=\"300\" height=\"200\" srcset=\"https:\/\/gazetapernambucana.com\/wp-content\/uploads\/2025\/07\/1_img_20250627_wa0309-669826-300x200.jpg 300w, https:\/\/gazetapernambucana.com\/wp-content\/uploads\/2025\/07\/1_img_20250627_wa0309-669826.jpg 600w\" sizes=\"auto, (max-width: 300px) 100vw, 300px\" \/>\u00a0 \u00a0 O escritor pernambucano Raimundo Carrero lan\u00e7a, nesta quinta-feira (3), seu novo livro intitulado <em data-start=\"300\" data-end=\"318\">A Vida \u00e9 Trai\u00e7\u00e3o<\/em>. O evento ocorre \u00e0s 17h, na Livraria Jaqueira, localizada no Pa\u00e7o Alf\u00e2ndega, Bairro do Recife.<\/p>\n<p data-start=\"415\" data-end=\"670\">A obra, publicada pela Editora Record, tem 80 p\u00e1ginas e foi escrita ao longo de nove meses. Trata-se de uma novela que narra a hist\u00f3ria de Solano, um jovem pressionado a confessar o assassinato da m\u00e3e. A narrativa apresenta elementos de trag\u00e9dia e ironia.<\/p>\n<p data-start=\"672\" data-end=\"892\">Carrero \u00e9 autor de diversos livros e j\u00e1 recebeu pr\u00eamios nacionais, como o Jabuti. Atualmente, est\u00e1 afastado do jornalismo e se dedica \u00e0 produ\u00e7\u00e3o liter\u00e1ria e \u00e0 forma\u00e7\u00e3o de novos escritores por meio de oficinas de escrita.<\/p>\n<p data-start=\"894\" data-end=\"933\">O livro estar\u00e1 dispon\u00edvel por R$ 54,90.<\/p>\n<p data-start=\"935\" data-end=\"1171\"><strong data-start=\"935\" data-end=\"947\">Servi\u00e7o:<\/strong><br data-start=\"947\" data-end=\"950\" \/><strong data-start=\"950\" data-end=\"974\">Lan\u00e7amento do livro:<\/strong> <em data-start=\"975\" data-end=\"993\">A Vida \u00e9 Trai\u00e7\u00e3o<\/em>, de Raimundo Carrero<br data-start=\"1014\" data-end=\"1017\" \/><strong data-start=\"1017\" data-end=\"1026\">Data:<\/strong> 3 de julho (quinta-feira)<br data-start=\"1052\" data-end=\"1055\" \/><strong data-start=\"1055\" data-end=\"1067\">Hor\u00e1rio:<\/strong> 17h<br data-start=\"1071\" data-end=\"1074\" \/><strong data-start=\"1074\" data-end=\"1084\">Local:<\/strong> Livraria Jaqueira \u2013 Pa\u00e7o Alf\u00e2ndega, Recife<br data-start=\"1127\" data-end=\"1130\" \/><strong data-start=\"1130\" data-end=\"1142\">Editora:<\/strong> Record<br data-start=\"1149\" data-end=\"1152\" \/><strong data-start=\"1152\" data-end=\"1162\">Pre\u00e7o:<\/strong> R$ 54,90<\/p>\n","protected":false},"excerpt":{"rendered":"<p>\u00a0 \u00a0 O escritor pernambucano Raimundo Carrero lan\u00e7a, nesta quinta-feira (3), seu novo livro intitulado A Vida \u00e9 Trai\u00e7\u00e3o. O evento ocorre \u00e0s 17h, na Livraria Jaqueira, localizada no Pa\u00e7o Alf\u00e2ndega, Bairro do Recife. A obra, publicada pela Editora Record, tem 80 p\u00e1ginas e foi escrita ao longo de nove meses. Trata-se de uma novela [&hellip;]<\/p>\n","protected":false},"author":1,"featured_media":1223,"comment_status":"open","ping_status":"open","sticky":false,"template":"","format":"standard","meta":{"footnotes":"","jetpack_publicize_message":"","jetpack_publicize_feature_enabled":true,"jetpack_social_post_already_shared":false,"jetpack_social_options":{"image_generator_settings":{"template":"highway","default_image_id":0,"font":"","enabled":false},"version":2}},"categories":[1,35,46],"tags":[],"class_list":["post-1222","post","type-post","status-publish","format-standard","has-post-thumbnail","hentry","category-https-gazetapernambucana-com-page_id225","category-https-gazetapernambucana-com-page_id218","category-literatura"],"yoast_head":"<!-- This site is optimized with the Yoast SEO plugin v24.5 - https:\/\/yoast.com\/wordpress\/plugins\/seo\/ -->\n<title>Raimundo Carrero lan\u00e7a novo livro no Recife nesta quinta-feira -<\/title>\n<meta name=\"robots\" content=\"index, follow, max-snippet:-1, max-image-preview:large, max-video-preview:-1\" \/>\n<link rel=\"canonical\" href=\"https:\/\/gazetapernambucana.com\/?p=1222\" \/>\n<meta property=\"og:locale\" content=\"pt_BR\" \/>\n<meta property=\"og:type\" content=\"article\" \/>\n<meta property=\"og:title\" content=\"Raimundo Carrero lan\u00e7a novo livro no Recife nesta quinta-feira -\" \/>\n<meta property=\"og:description\" content=\"\u00a0 \u00a0 O escritor pernambucano Raimundo Carrero lan\u00e7a, nesta quinta-feira (3), seu novo livro intitulado A Vida \u00e9 Trai\u00e7\u00e3o. O evento ocorre \u00e0s 17h, na Livraria Jaqueira, localizada no Pa\u00e7o Alf\u00e2ndega, Bairro do Recife. A obra, publicada pela Editora Record, tem 80 p\u00e1ginas e foi escrita ao longo de nove meses. Trata-se de uma novela [&hellip;]\" \/>\n<meta property=\"og:url\" content=\"https:\/\/gazetapernambucana.com\/?p=1222\" \/>\n<meta property=\"article:published_time\" content=\"2025-07-02T05:27:19+00:00\" \/>\n<meta property=\"og:image\" content=\"https:\/\/gazetapernambucana.com\/wp-content\/uploads\/2025\/07\/1_img_20250627_wa0309-669826.jpg\" \/>\n\t<meta property=\"og:image:width\" content=\"600\" \/>\n\t<meta property=\"og:image:height\" content=\"400\" \/>\n\t<meta property=\"og:image:type\" content=\"image\/jpeg\" \/>\n<meta name=\"author\" content=\"GP\" \/>\n<meta name=\"twitter:card\" content=\"summary_large_image\" \/>\n<meta name=\"twitter:label1\" content=\"Escrito por\" \/>\n\t<meta name=\"twitter:data1\" content=\"GP\" \/>\n\t<meta name=\"twitter:label2\" content=\"Est. tempo de leitura\" \/>\n\t<meta name=\"twitter:data2\" content=\"2 minutos\" \/>\n<script type=\"application\/ld+json\" class=\"yoast-schema-graph\">{\"@context\":\"https:\/\/schema.org\",\"@graph\":[{\"@type\":\"WebPage\",\"@id\":\"https:\/\/gazetapernambucana.com\/?p=1222\",\"url\":\"https:\/\/gazetapernambucana.com\/?p=1222\",\"name\":\"Raimundo Carrero lan\u00e7a novo livro no Recife nesta quinta-feira -\",\"isPartOf\":{\"@id\":\"https:\/\/gazetapernambucana.com\/#website\"},\"primaryImageOfPage\":{\"@id\":\"https:\/\/gazetapernambucana.com\/?p=1222#primaryimage\"},\"image\":{\"@id\":\"https:\/\/gazetapernambucana.com\/?p=1222#primaryimage\"},\"thumbnailUrl\":\"https:\/\/gazetapernambucana.com\/wp-content\/uploads\/2025\/07\/1_img_20250627_wa0309-669826.jpg\",\"datePublished\":\"2025-07-02T05:27:19+00:00\",\"author\":{\"@id\":\"https:\/\/gazetapernambucana.com\/#\/schema\/person\/188dc283325181ac2de4db1e9e987427\"},\"breadcrumb\":{\"@id\":\"https:\/\/gazetapernambucana.com\/?p=1222#breadcrumb\"},\"inLanguage\":\"pt-BR\",\"potentialAction\":[{\"@type\":\"ReadAction\",\"target\":[\"https:\/\/gazetapernambucana.com\/?p=1222\"]}]},{\"@type\":\"ImageObject\",\"inLanguage\":\"pt-BR\",\"@id\":\"https:\/\/gazetapernambucana.com\/?p=1222#primaryimage\",\"url\":\"https:\/\/gazetapernambucana.com\/wp-content\/uploads\/2025\/07\/1_img_20250627_wa0309-669826.jpg\",\"contentUrl\":\"https:\/\/gazetapernambucana.com\/wp-content\/uploads\/2025\/07\/1_img_20250627_wa0309-669826.jpg\",\"width\":600,\"height\":400},{\"@type\":\"BreadcrumbList\",\"@id\":\"https:\/\/gazetapernambucana.com\/?p=1222#breadcrumb\",\"itemListElement\":[{\"@type\":\"ListItem\",\"position\":1,\"name\":\"In\u00edcio\",\"item\":\"https:\/\/gazetapernambucana.com\/\"},{\"@type\":\"ListItem\",\"position\":2,\"name\":\"Raimundo Carrero lan\u00e7a novo livro no Recife nesta quinta-feira\"}]},{\"@type\":\"WebSite\",\"@id\":\"https:\/\/gazetapernambucana.com\/#website\",\"url\":\"https:\/\/gazetapernambucana.com\/\",\"name\":\"\",\"description\":\"\",\"potentialAction\":[{\"@type\":\"SearchAction\",\"target\":{\"@type\":\"EntryPoint\",\"urlTemplate\":\"https:\/\/gazetapernambucana.com\/?s={search_term_string}\"},\"query-input\":{\"@type\":\"PropertyValueSpecification\",\"valueRequired\":true,\"valueName\":\"search_term_string\"}}],\"inLanguage\":\"pt-BR\"},{\"@type\":\"Person\",\"@id\":\"https:\/\/gazetapernambucana.com\/#\/schema\/person\/188dc283325181ac2de4db1e9e987427\",\"name\":\"GP\",\"image\":{\"@type\":\"ImageObject\",\"inLanguage\":\"pt-BR\",\"@id\":\"https:\/\/gazetapernambucana.com\/#\/schema\/person\/image\/\",\"url\":\"https:\/\/secure.gravatar.com\/avatar\/9dad78ff9a2d8b5742d11779f8a3f53b052320c550b2e1907882353c067bb111?s=96&d=mm&r=g\",\"contentUrl\":\"https:\/\/secure.gravatar.com\/avatar\/9dad78ff9a2d8b5742d11779f8a3f53b052320c550b2e1907882353c067bb111?s=96&d=mm&r=g\",\"caption\":\"GP\"},\"sameAs\":[\"http:\/\/gazetapernambucana.com\"],\"url\":\"https:\/\/gazetapernambucana.com\/?author=1\"}]}<\/script>\n<!-- \/ Yoast SEO plugin. -->","yoast_head_json":{"title":"Raimundo Carrero lan\u00e7a novo livro no Recife nesta quinta-feira -","robots":{"index":"index","follow":"follow","max-snippet":"max-snippet:-1","max-image-preview":"max-image-preview:large","max-video-preview":"max-video-preview:-1"},"canonical":"https:\/\/gazetapernambucana.com\/?p=1222","og_locale":"pt_BR","og_type":"article","og_title":"Raimundo Carrero lan\u00e7a novo livro no Recife nesta quinta-feira -","og_description":"\u00a0 \u00a0 O escritor pernambucano Raimundo Carrero lan\u00e7a, nesta quinta-feira (3), seu novo livro intitulado A Vida \u00e9 Trai\u00e7\u00e3o. O evento ocorre \u00e0s 17h, na Livraria Jaqueira, localizada no Pa\u00e7o Alf\u00e2ndega, Bairro do Recife. A obra, publicada pela Editora Record, tem 80 p\u00e1ginas e foi escrita ao longo de nove meses. Trata-se de uma novela [&hellip;]","og_url":"https:\/\/gazetapernambucana.com\/?p=1222","article_published_time":"2025-07-02T05:27:19+00:00","og_image":[{"width":600,"height":400,"url":"https:\/\/gazetapernambucana.com\/wp-content\/uploads\/2025\/07\/1_img_20250627_wa0309-669826.jpg","type":"image\/jpeg"}],"author":"GP","twitter_card":"summary_large_image","twitter_misc":{"Escrito por":"GP","Est. tempo de leitura":"2 minutos"},"schema":{"@context":"https:\/\/schema.org","@graph":[{"@type":"WebPage","@id":"https:\/\/gazetapernambucana.com\/?p=1222","url":"https:\/\/gazetapernambucana.com\/?p=1222","name":"Raimundo Carrero lan\u00e7a novo livro no Recife nesta quinta-feira -","isPartOf":{"@id":"https:\/\/gazetapernambucana.com\/#website"},"primaryImageOfPage":{"@id":"https:\/\/gazetapernambucana.com\/?p=1222#primaryimage"},"image":{"@id":"https:\/\/gazetapernambucana.com\/?p=1222#primaryimage"},"thumbnailUrl":"https:\/\/gazetapernambucana.com\/wp-content\/uploads\/2025\/07\/1_img_20250627_wa0309-669826.jpg","datePublished":"2025-07-02T05:27:19+00:00","author":{"@id":"https:\/\/gazetapernambucana.com\/#\/schema\/person\/188dc283325181ac2de4db1e9e987427"},"breadcrumb":{"@id":"https:\/\/gazetapernambucana.com\/?p=1222#breadcrumb"},"inLanguage":"pt-BR","potentialAction":[{"@type":"ReadAction","target":["https:\/\/gazetapernambucana.com\/?p=1222"]}]},{"@type":"ImageObject","inLanguage":"pt-BR","@id":"https:\/\/gazetapernambucana.com\/?p=1222#primaryimage","url":"https:\/\/gazetapernambucana.com\/wp-content\/uploads\/2025\/07\/1_img_20250627_wa0309-669826.jpg","contentUrl":"https:\/\/gazetapernambucana.com\/wp-content\/uploads\/2025\/07\/1_img_20250627_wa0309-669826.jpg","width":600,"height":400},{"@type":"BreadcrumbList","@id":"https:\/\/gazetapernambucana.com\/?p=1222#breadcrumb","itemListElement":[{"@type":"ListItem","position":1,"name":"In\u00edcio","item":"https:\/\/gazetapernambucana.com\/"},{"@type":"ListItem","position":2,"name":"Raimundo Carrero lan\u00e7a novo livro no Recife nesta quinta-feira"}]},{"@type":"WebSite","@id":"https:\/\/gazetapernambucana.com\/#website","url":"https:\/\/gazetapernambucana.com\/","name":"","description":"","potentialAction":[{"@type":"SearchAction","target":{"@type":"EntryPoint","urlTemplate":"https:\/\/gazetapernambucana.com\/?s={search_term_string}"},"query-input":{"@type":"PropertyValueSpecification","valueRequired":true,"valueName":"search_term_string"}}],"inLanguage":"pt-BR"},{"@type":"Person","@id":"https:\/\/gazetapernambucana.com\/#\/schema\/person\/188dc283325181ac2de4db1e9e987427","name":"GP","image":{"@type":"ImageObject","inLanguage":"pt-BR","@id":"https:\/\/gazetapernambucana.com\/#\/schema\/person\/image\/","url":"https:\/\/secure.gravatar.com\/avatar\/9dad78ff9a2d8b5742d11779f8a3f53b052320c550b2e1907882353c067bb111?s=96&d=mm&r=g","contentUrl":"https:\/\/secure.gravatar.com\/avatar\/9dad78ff9a2d8b5742d11779f8a3f53b052320c550b2e1907882353c067bb111?s=96&d=mm&r=g","caption":"GP"},"sameAs":["http:\/\/gazetapernambucana.com"],"url":"https:\/\/gazetapernambucana.com\/?author=1"}]}},"jetpack_publicize_connections":[],"_links":{"self":[{"href":"https:\/\/gazetapernambucana.com\/index.php?rest_route=\/wp\/v2\/posts\/1222","targetHints":{"allow":["GET"]}}],"collection":[{"href":"https:\/\/gazetapernambucana.com\/index.php?rest_route=\/wp\/v2\/posts"}],"about":[{"href":"https:\/\/gazetapernambucana.com\/index.php?rest_route=\/wp\/v2\/types\/post"}],"author":[{"embeddable":true,"href":"https:\/\/gazetapernambucana.com\/index.php?rest_route=\/wp\/v2\/users\/1"}],"replies":[{"embeddable":true,"href":"https:\/\/gazetapernambucana.com\/index.php?rest_route=%2Fwp%2Fv2%2Fcomments&post=1222"}],"version-history":[{"count":1,"href":"https:\/\/gazetapernambucana.com\/index.php?rest_route=\/wp\/v2\/posts\/1222\/revisions"}],"predecessor-version":[{"id":1224,"href":"https:\/\/gazetapernambucana.com\/index.php?rest_route=\/wp\/v2\/posts\/1222\/revisions\/1224"}],"wp:featuredmedia":[{"embeddable":true,"href":"https:\/\/gazetapernambucana.com\/index.php?rest_route=\/wp\/v2\/media\/1223"}],"wp:attachment":[{"href":"https:\/\/gazetapernambucana.com\/index.php?rest_route=%2Fwp%2Fv2%2Fmedia&parent=1222"}],"wp:term":[{"taxonomy":"category","embeddable":true,"href":"https:\/\/gazetapernambucana.com\/index.php?rest_route=%2Fwp%2Fv2%2Fcategories&post=1222"},{"taxonomy":"post_tag","embeddable":true,"href":"https:\/\/gazetapernambucana.com\/index.php?rest_route=%2Fwp%2Fv2%2Ftags&post=1222"}],"curies":[{"name":"wp","href":"https:\/\/api.w.org\/{rel}","templated":true}]}}