{"id":1216,"date":"2025-07-02T01:25:28","date_gmt":"2025-07-02T04:25:28","guid":{"rendered":"https:\/\/gazetapernambucana.com\/?p=1216"},"modified":"2025-07-02T01:25:28","modified_gmt":"2025-07-02T04:25:28","slug":"procura-se-um-culpado-pelos-juros-mas-ele-esta-escondido-no-planalto","status":"publish","type":"post","link":"https:\/\/gazetapernambucana.com\/?p=1216","title":{"rendered":"Procura-se um culpado pelos juros, mas ele est\u00e1 escondido no Planalto"},"content":{"rendered":"<div class=\"wp-caption aligncenter\">\n<p><img loading=\"lazy\" decoding=\"async\" src=\"https:\/\/sobralemrevista.com.br\/wp-content\/uploads\/2025\/06\/as7-4.png\" alt=\"\" width=\"341\" height=\"299\" \/><\/p>\n<p class=\"wp-caption-text\"><strong>Charge do Orlando (Sobral em Revista)<\/strong><\/p>\n<\/div>\n<p><strong>Guilherme Fiuza<br \/>\n<\/strong><em>Gazeta do Povo<\/em><\/p>\n<p>A taxa b\u00e1sica de juros do Banco Central chegou a 15%, a maior em duas d\u00e9cadas. E os representantes do governo \u2013 os oficiais e os oficiosos \u2013 continuam procurando algu\u00e9m em quem colocar a culpa. Afinal de contas, n\u00e3o fica nem bem para um governo que se apresenta como popular e sempre criticou os juros altos assumir essa mancha na fotografia \u201cprogressista\u201d.<\/p>\n<p>A op\u00e7\u00e3o preferencial \u00e9 atirar contra o fantasma de Roberto Campos Neto. At\u00e9 outro dia, a tarefa era mais f\u00e1cil. Com Campos Neto na presid\u00eancia do BC, bastava aos porta-vozes do governo petista gritar aos quatro ventos que ali estava um homem mau, socialmente insens\u00edvel etc. O pr\u00f3prio presidente da Rep\u00fablica chegou a insinuar que Campos era uma esp\u00e9cie de inimigo da p\u00e1tria. Bons tempos. Com a passagem de bast\u00e3o para Gabriel Gal\u00edpolo, indicado por Lula, a coisa deu uma complicada.<\/p>\n<p><strong>FALSA CREN\u00c7A<\/strong>\u00a0\u2013 As mentes fisiol\u00f3gicas realmente acreditam que a suc\u00e7\u00e3o n\u00e3o deixa rastros e que d\u00e1 para segurar as pontas no gog\u00f3. A discurseira haveria de criar um clima favor\u00e1vel \u00e0 redu\u00e7\u00e3o dos juros, sem aquela tecnicidade que sempre atrapalha a boa lenda.<\/p>\n<p>A\u00ed bastaria faturar mais um indicador positivo e correr para o abra\u00e7o \u2013 porque as bombas deixadas pelo populismo sempre t\u00eam efeito retardado, e o amanh\u00e3 n\u00e3o \u00e9 de ningu\u00e9m.<\/p>\n<p>Diferentemente do que ocorreu nos estertores da administra\u00e7\u00e3o Dilma, por\u00e9m, a pol\u00edtica monet\u00e1ria (ainda) n\u00e3o passou a dan\u00e7ar conforme a m\u00fasica populista. E os juros continuaram subindo.<\/p>\n<p><strong>HERAN\u00c7A MALDITA<\/strong>\u00a0\u2013 Como n\u00e3o d\u00e1 para ficar atirando no Gal\u00edpolo, os porta-vozes governamentais passaram, inicialmente, a duelar com o fantasma de Campos Neto. A insist\u00eancia nos juros altos seria uma esp\u00e9cie de heran\u00e7a maldita. Um pol\u00edtico petista chegou a afirmar que o ex-presidente do BC prefixou a eleva\u00e7\u00e3o da taxa\u2026 Se colar, colou. Mas n\u00e3o colou.<\/p>\n<p>E os ataques passaram a ser difusos contra a institui\u00e7\u00e3o do Banco Central. Parte da imprensa desistiu de embarcar na propaganda governista, talvez percebendo que, nessa \u00e1rea de pol\u00edtica macroecon\u00f4mica, a licen\u00e7a po\u00e9tica j\u00e1 foi longe demais.<\/p>\n<p>Restaram algumas vozes do jornalismo oficial insistindo que o BC est\u00e1 errando. A sustenta\u00e7\u00e3o desse ponto de vista \u00e9 perfeitamente poss\u00edvel \u2013 desde que n\u00e3o se leia a ata do Copom.<\/p>\n<p><strong>H\u00c1 FUNDAMENTOS<\/strong>\u00a0\u2013 Ali est\u00e1 tudo explicadinho, tecnicamente, sobre os fundamentos para a decis\u00e3o sobre a alta dos juros. E, obviamente, a culpa que o governo procura at\u00e9 no al\u00e9m est\u00e1 no espelho.<\/p>\n<p>A expans\u00e3o dos gastos p\u00fablicos segue sendo o principal fator inflacion\u00e1rio \u2013 e n\u00e3o se trata mais de uma curva de pre\u00e7os oscilando dentro da meta.<\/p>\n<p>J\u00e1 teve at\u00e9 executivo de grande banco declarando que, se n\u00e3o for restabelecido o teto de gastos, n\u00e3o haver\u00e1 como retomar o equil\u00edbrio da pol\u00edtica fiscal e o controle saud\u00e1vel da infla\u00e7\u00e3o.<\/p>\n<p><strong>TAPAR OS BURACOS<\/strong>\u00a0\u2013 Mas a ret\u00f3rica continua sendo a de que est\u00e1 tudo bem no arcabou\u00e7o e que o pacote tribut\u00e1rio vai tapar os buracos. Mas a pol\u00edtica do remendo nunca deu e nunca dar\u00e1 certo. O bin\u00f4mio gastar &amp; taxar mata, mais cedo ou mais tarde, a galinha dos ovos de ouro.<\/p>\n<p>E os economistas que mais sabem disso s\u00e3o aqueles que pregaram o voto no PT, confiando que o amanh\u00e3 n\u00e3o \u00e9 de ningu\u00e9m.<\/p>\n<p>Mas o amanh\u00e3 chegou, o Brasil est\u00e1 descendo a ladeira, e a responsabilidade deles est\u00e1 na legenda da foto.<\/p>\n","protected":false},"excerpt":{"rendered":"<p>Charge do Orlando (Sobral em Revista) Guilherme Fiuza Gazeta do Povo A taxa b\u00e1sica de juros do Banco Central chegou a 15%, a maior em duas d\u00e9cadas. E os representantes do governo \u2013 os oficiais e os oficiosos \u2013 continuam procurando algu\u00e9m em quem colocar a culpa. Afinal de contas, n\u00e3o fica nem bem para [&hellip;]<\/p>\n","protected":false},"author":1,"featured_media":1217,"comment_status":"open","ping_status":"open","sticky":false,"template":"","format":"standard","meta":{"footnotes":"","jetpack_publicize_message":"","jetpack_publicize_feature_enabled":true,"jetpack_social_post_already_shared":false,"jetpack_social_options":{"image_generator_settings":{"template":"highway","default_image_id":0,"font":"","enabled":false},"version":2}},"categories":[1,38,65],"tags":[],"class_list":["post-1216","post","type-post","status-publish","format-standard","has-post-thumbnail","hentry","category-https-gazetapernambucana-com-page_id225","category-https-gazetapernambucana-com-page_id215","category-politica"],"yoast_head":"<!-- This site is optimized with the Yoast SEO plugin v24.5 - https:\/\/yoast.com\/wordpress\/plugins\/seo\/ -->\n<title>Procura-se um culpado pelos juros, mas ele est\u00e1 escondido no Planalto -<\/title>\n<meta name=\"robots\" content=\"index, follow, max-snippet:-1, max-image-preview:large, max-video-preview:-1\" \/>\n<link rel=\"canonical\" href=\"https:\/\/gazetapernambucana.com\/?p=1216\" \/>\n<meta property=\"og:locale\" content=\"pt_BR\" \/>\n<meta property=\"og:type\" content=\"article\" \/>\n<meta property=\"og:title\" content=\"Procura-se um culpado pelos juros, mas ele est\u00e1 escondido no Planalto -\" \/>\n<meta property=\"og:description\" content=\"Charge do Orlando (Sobral em Revista) Guilherme Fiuza Gazeta do Povo A taxa b\u00e1sica de juros do Banco Central chegou a 15%, a maior em duas d\u00e9cadas. E os representantes do governo \u2013 os oficiais e os oficiosos \u2013 continuam procurando algu\u00e9m em quem colocar a culpa. Afinal de contas, n\u00e3o fica nem bem para [&hellip;]\" \/>\n<meta property=\"og:url\" content=\"https:\/\/gazetapernambucana.com\/?p=1216\" \/>\n<meta property=\"article:published_time\" content=\"2025-07-02T04:25:28+00:00\" \/>\n<meta property=\"og:image\" content=\"https:\/\/gazetapernambucana.com\/wp-content\/uploads\/2025\/07\/as7-4.png\" \/>\n\t<meta property=\"og:image:width\" content=\"950\" \/>\n\t<meta property=\"og:image:height\" content=\"834\" \/>\n\t<meta property=\"og:image:type\" content=\"image\/png\" \/>\n<meta name=\"author\" content=\"GP\" \/>\n<meta name=\"twitter:card\" content=\"summary_large_image\" \/>\n<meta name=\"twitter:label1\" content=\"Escrito por\" \/>\n\t<meta name=\"twitter:data1\" content=\"GP\" \/>\n\t<meta name=\"twitter:label2\" content=\"Est. tempo de leitura\" \/>\n\t<meta name=\"twitter:data2\" content=\"4 minutos\" \/>\n<script type=\"application\/ld+json\" class=\"yoast-schema-graph\">{\"@context\":\"https:\/\/schema.org\",\"@graph\":[{\"@type\":\"WebPage\",\"@id\":\"https:\/\/gazetapernambucana.com\/?p=1216\",\"url\":\"https:\/\/gazetapernambucana.com\/?p=1216\",\"name\":\"Procura-se um culpado pelos juros, mas ele est\u00e1 escondido no Planalto -\",\"isPartOf\":{\"@id\":\"https:\/\/gazetapernambucana.com\/#website\"},\"primaryImageOfPage\":{\"@id\":\"https:\/\/gazetapernambucana.com\/?p=1216#primaryimage\"},\"image\":{\"@id\":\"https:\/\/gazetapernambucana.com\/?p=1216#primaryimage\"},\"thumbnailUrl\":\"https:\/\/gazetapernambucana.com\/wp-content\/uploads\/2025\/07\/as7-4.png\",\"datePublished\":\"2025-07-02T04:25:28+00:00\",\"author\":{\"@id\":\"https:\/\/gazetapernambucana.com\/#\/schema\/person\/188dc283325181ac2de4db1e9e987427\"},\"breadcrumb\":{\"@id\":\"https:\/\/gazetapernambucana.com\/?p=1216#breadcrumb\"},\"inLanguage\":\"pt-BR\",\"potentialAction\":[{\"@type\":\"ReadAction\",\"target\":[\"https:\/\/gazetapernambucana.com\/?p=1216\"]}]},{\"@type\":\"ImageObject\",\"inLanguage\":\"pt-BR\",\"@id\":\"https:\/\/gazetapernambucana.com\/?p=1216#primaryimage\",\"url\":\"https:\/\/gazetapernambucana.com\/wp-content\/uploads\/2025\/07\/as7-4.png\",\"contentUrl\":\"https:\/\/gazetapernambucana.com\/wp-content\/uploads\/2025\/07\/as7-4.png\",\"width\":950,\"height\":834},{\"@type\":\"BreadcrumbList\",\"@id\":\"https:\/\/gazetapernambucana.com\/?p=1216#breadcrumb\",\"itemListElement\":[{\"@type\":\"ListItem\",\"position\":1,\"name\":\"In\u00edcio\",\"item\":\"https:\/\/gazetapernambucana.com\/\"},{\"@type\":\"ListItem\",\"position\":2,\"name\":\"Procura-se um culpado pelos juros, mas ele est\u00e1 escondido no Planalto\"}]},{\"@type\":\"WebSite\",\"@id\":\"https:\/\/gazetapernambucana.com\/#website\",\"url\":\"https:\/\/gazetapernambucana.com\/\",\"name\":\"\",\"description\":\"\",\"potentialAction\":[{\"@type\":\"SearchAction\",\"target\":{\"@type\":\"EntryPoint\",\"urlTemplate\":\"https:\/\/gazetapernambucana.com\/?s={search_term_string}\"},\"query-input\":{\"@type\":\"PropertyValueSpecification\",\"valueRequired\":true,\"valueName\":\"search_term_string\"}}],\"inLanguage\":\"pt-BR\"},{\"@type\":\"Person\",\"@id\":\"https:\/\/gazetapernambucana.com\/#\/schema\/person\/188dc283325181ac2de4db1e9e987427\",\"name\":\"GP\",\"image\":{\"@type\":\"ImageObject\",\"inLanguage\":\"pt-BR\",\"@id\":\"https:\/\/gazetapernambucana.com\/#\/schema\/person\/image\/\",\"url\":\"https:\/\/secure.gravatar.com\/avatar\/9dad78ff9a2d8b5742d11779f8a3f53b052320c550b2e1907882353c067bb111?s=96&d=mm&r=g\",\"contentUrl\":\"https:\/\/secure.gravatar.com\/avatar\/9dad78ff9a2d8b5742d11779f8a3f53b052320c550b2e1907882353c067bb111?s=96&d=mm&r=g\",\"caption\":\"GP\"},\"sameAs\":[\"http:\/\/gazetapernambucana.com\"],\"url\":\"https:\/\/gazetapernambucana.com\/?author=1\"}]}<\/script>\n<!-- \/ Yoast SEO plugin. -->","yoast_head_json":{"title":"Procura-se um culpado pelos juros, mas ele est\u00e1 escondido no Planalto -","robots":{"index":"index","follow":"follow","max-snippet":"max-snippet:-1","max-image-preview":"max-image-preview:large","max-video-preview":"max-video-preview:-1"},"canonical":"https:\/\/gazetapernambucana.com\/?p=1216","og_locale":"pt_BR","og_type":"article","og_title":"Procura-se um culpado pelos juros, mas ele est\u00e1 escondido no Planalto -","og_description":"Charge do Orlando (Sobral em Revista) Guilherme Fiuza Gazeta do Povo A taxa b\u00e1sica de juros do Banco Central chegou a 15%, a maior em duas d\u00e9cadas. E os representantes do governo \u2013 os oficiais e os oficiosos \u2013 continuam procurando algu\u00e9m em quem colocar a culpa. Afinal de contas, n\u00e3o fica nem bem para [&hellip;]","og_url":"https:\/\/gazetapernambucana.com\/?p=1216","article_published_time":"2025-07-02T04:25:28+00:00","og_image":[{"width":950,"height":834,"url":"https:\/\/gazetapernambucana.com\/wp-content\/uploads\/2025\/07\/as7-4.png","type":"image\/png"}],"author":"GP","twitter_card":"summary_large_image","twitter_misc":{"Escrito por":"GP","Est. tempo de leitura":"4 minutos"},"schema":{"@context":"https:\/\/schema.org","@graph":[{"@type":"WebPage","@id":"https:\/\/gazetapernambucana.com\/?p=1216","url":"https:\/\/gazetapernambucana.com\/?p=1216","name":"Procura-se um culpado pelos juros, mas ele est\u00e1 escondido no Planalto -","isPartOf":{"@id":"https:\/\/gazetapernambucana.com\/#website"},"primaryImageOfPage":{"@id":"https:\/\/gazetapernambucana.com\/?p=1216#primaryimage"},"image":{"@id":"https:\/\/gazetapernambucana.com\/?p=1216#primaryimage"},"thumbnailUrl":"https:\/\/gazetapernambucana.com\/wp-content\/uploads\/2025\/07\/as7-4.png","datePublished":"2025-07-02T04:25:28+00:00","author":{"@id":"https:\/\/gazetapernambucana.com\/#\/schema\/person\/188dc283325181ac2de4db1e9e987427"},"breadcrumb":{"@id":"https:\/\/gazetapernambucana.com\/?p=1216#breadcrumb"},"inLanguage":"pt-BR","potentialAction":[{"@type":"ReadAction","target":["https:\/\/gazetapernambucana.com\/?p=1216"]}]},{"@type":"ImageObject","inLanguage":"pt-BR","@id":"https:\/\/gazetapernambucana.com\/?p=1216#primaryimage","url":"https:\/\/gazetapernambucana.com\/wp-content\/uploads\/2025\/07\/as7-4.png","contentUrl":"https:\/\/gazetapernambucana.com\/wp-content\/uploads\/2025\/07\/as7-4.png","width":950,"height":834},{"@type":"BreadcrumbList","@id":"https:\/\/gazetapernambucana.com\/?p=1216#breadcrumb","itemListElement":[{"@type":"ListItem","position":1,"name":"In\u00edcio","item":"https:\/\/gazetapernambucana.com\/"},{"@type":"ListItem","position":2,"name":"Procura-se um culpado pelos juros, mas ele est\u00e1 escondido no Planalto"}]},{"@type":"WebSite","@id":"https:\/\/gazetapernambucana.com\/#website","url":"https:\/\/gazetapernambucana.com\/","name":"","description":"","potentialAction":[{"@type":"SearchAction","target":{"@type":"EntryPoint","urlTemplate":"https:\/\/gazetapernambucana.com\/?s={search_term_string}"},"query-input":{"@type":"PropertyValueSpecification","valueRequired":true,"valueName":"search_term_string"}}],"inLanguage":"pt-BR"},{"@type":"Person","@id":"https:\/\/gazetapernambucana.com\/#\/schema\/person\/188dc283325181ac2de4db1e9e987427","name":"GP","image":{"@type":"ImageObject","inLanguage":"pt-BR","@id":"https:\/\/gazetapernambucana.com\/#\/schema\/person\/image\/","url":"https:\/\/secure.gravatar.com\/avatar\/9dad78ff9a2d8b5742d11779f8a3f53b052320c550b2e1907882353c067bb111?s=96&d=mm&r=g","contentUrl":"https:\/\/secure.gravatar.com\/avatar\/9dad78ff9a2d8b5742d11779f8a3f53b052320c550b2e1907882353c067bb111?s=96&d=mm&r=g","caption":"GP"},"sameAs":["http:\/\/gazetapernambucana.com"],"url":"https:\/\/gazetapernambucana.com\/?author=1"}]}},"jetpack_publicize_connections":[],"_links":{"self":[{"href":"https:\/\/gazetapernambucana.com\/index.php?rest_route=\/wp\/v2\/posts\/1216","targetHints":{"allow":["GET"]}}],"collection":[{"href":"https:\/\/gazetapernambucana.com\/index.php?rest_route=\/wp\/v2\/posts"}],"about":[{"href":"https:\/\/gazetapernambucana.com\/index.php?rest_route=\/wp\/v2\/types\/post"}],"author":[{"embeddable":true,"href":"https:\/\/gazetapernambucana.com\/index.php?rest_route=\/wp\/v2\/users\/1"}],"replies":[{"embeddable":true,"href":"https:\/\/gazetapernambucana.com\/index.php?rest_route=%2Fwp%2Fv2%2Fcomments&post=1216"}],"version-history":[{"count":1,"href":"https:\/\/gazetapernambucana.com\/index.php?rest_route=\/wp\/v2\/posts\/1216\/revisions"}],"predecessor-version":[{"id":1218,"href":"https:\/\/gazetapernambucana.com\/index.php?rest_route=\/wp\/v2\/posts\/1216\/revisions\/1218"}],"wp:featuredmedia":[{"embeddable":true,"href":"https:\/\/gazetapernambucana.com\/index.php?rest_route=\/wp\/v2\/media\/1217"}],"wp:attachment":[{"href":"https:\/\/gazetapernambucana.com\/index.php?rest_route=%2Fwp%2Fv2%2Fmedia&parent=1216"}],"wp:term":[{"taxonomy":"category","embeddable":true,"href":"https:\/\/gazetapernambucana.com\/index.php?rest_route=%2Fwp%2Fv2%2Fcategories&post=1216"},{"taxonomy":"post_tag","embeddable":true,"href":"https:\/\/gazetapernambucana.com\/index.php?rest_route=%2Fwp%2Fv2%2Ftags&post=1216"}],"curies":[{"name":"wp","href":"https:\/\/api.w.org\/{rel}","templated":true}]}}