{"id":1202,"date":"2025-07-02T00:38:22","date_gmt":"2025-07-02T03:38:22","guid":{"rendered":"https:\/\/gazetapernambucana.com\/?p=1202"},"modified":"2025-07-02T00:39:49","modified_gmt":"2025-07-02T03:39:49","slug":"1202","status":"publish","type":"post","link":"https:\/\/gazetapernambucana.com\/?p=1202","title":{"rendered":"STF responsabiliza redes sociais, mas n\u00e3o sabe como conseguir\u00e1 \u201cpuni-las\u201d"},"content":{"rendered":"<div class=\"addtoany_share_save_container addtoany_content addtoany_content_top\">\n<div class=\"a2a_kit a2a_kit_size_20 addtoany_list\" data-a2a-url=\"https:\/\/tribunadainternet.com.br\/2025\/07\/01\/stf-responsabiliza-redes-sociais-mas-nao-sabe-como-conseguira-puni-las\/\" data-a2a-title=\"STF responsabiliza redes sociais, mas n\u00e3o sabe como conseguir\u00e1 \u201cpuni-las\u201d\"><\/div>\n<\/div>\n<div class=\"wp-caption aligncenter\">\n<p><strong><img loading=\"lazy\" decoding=\"async\" src=\"https:\/\/www.conjur.com.br\/wp-content\/uploads\/2025\/05\/charge-trump-stf-ataque-300x300.jpeg\" alt=\"Magistrados defendem ministros do STF e soberania nacional\" width=\"312\" height=\"312\" \/><\/strong><\/p>\n<p class=\"wp-caption-text\"><strong>Charge do Spacca (Arquivo Google)<\/strong><\/p>\n<\/div>\n<p><strong>Deu no Correio Braziliense<\/strong><\/p>\n<p>A decis\u00e3o do Supremo Tribunal Federal (STF) de responsabilizar as redes sociais por conte\u00fados ofensivos publicados por seus usu\u00e1rios, sem a necessidade de uma decis\u00e3o judicial, segue gerando forte rea\u00e7\u00e3o entre as big techs. As plataformas manifestaram preocupa\u00e7\u00e3o sobre as mudan\u00e7as do Judici\u00e1rio por risco de cerceamento da liberdade de express\u00e3o.<\/p>\n<p>Em comunicado oficial, o Google afirmou que as regras definidas pela Corte\u201d podem impactar a liberdade de express\u00e3o e a economia digital\u201d.<\/p>\n<p><strong>PREOCUPA\u00c7\u00d5ES \u2013<\/strong>Ao longo dos \u00faltimos meses, o Google vem manifestando suas preocupa\u00e7\u00f5es sobre mudan\u00e7as que podem impactar a liberdade de express\u00e3o e a economia digital\u201d, afirmou a empresa norte-americana.<\/p>\n<p>Embora o STF tenha estabelecido a responsabiliza\u00e7\u00e3o das redes sociais em rela\u00e7\u00e3o aos conte\u00fados il\u00edcitos, ficou mantida a necessidade de decis\u00e3o judicial em casos de crime contra a honra, como difama\u00e7\u00e3o. Ou seja, vale a regra anterior e as redes n\u00e3o ser\u00e3o punidas se n\u00e3o exclu\u00edrem o conte\u00fado apenas com a notifica\u00e7\u00e3o extrajudicial.<\/p>\n<p>A Meta \u2014 que controla Facebook, Instagram e WhatsApp \u2014 argumentou que a altera\u00e7\u00e3o do Marco Civil da Internet pode trazer preju\u00edzos \u00e0 liberdade de express\u00e3o.<\/p>\n<p><strong>AMEA\u00c7AS CONCRETAS<\/strong>\u00a0\u2013 Enfraquecer o Artigo 19 do Marco Civil da Internet traz incertezas jur\u00eddicas e ter\u00e1 consequ\u00eancias para a liberdade de express\u00e3o, inova\u00e7\u00e3o e desenvolvimento econ\u00f4mico digital, aumentando significativamente o risco de fazer neg\u00f3cios no Brasil\u201d, disse por meio de nota.<\/p>\n<p>Por outro lado, o advogado-geral da Uni\u00e3o, Jorge Messias, comemorou a decis\u00e3o do Supremo \u2014 que ele classificou como \u201chist\u00f3rica\u201d e um \u201cverdadeiro marco civilizat\u00f3rio\u201d. \u201cN\u00e3o \u00e9 poss\u00edvel admitir que provedores se eximam de qualquer responsabilidade por conte\u00fados il\u00edcitos que, embora n\u00e3o sejam por eles criados, geram lucros com seu impulsionamento e viola\u00e7\u00f5es de direitos fundamentais\u201d, defendeu o AGU.<\/p>\n<p><strong>JULGAMENTO\u00a0<\/strong>\u00a0\u2013 Por 8 votos a 3, os ministros do STF entenderam que o artigo 19 do Marco Civil da Internet \u00e9 parcialmente inconstitucional, pois h\u00e1 omiss\u00e3o na prote\u00e7\u00e3o de direitos fundamentais da pessoa humana. Uma das principais mudan\u00e7as \u00e9 que as redes dever\u00e3o levar em conta a notifica\u00e7\u00e3o extrajudicial para remover um conte\u00fado irregular. Isso deve valer enquanto n\u00e3o houver uma nova lei sancionada para tratar do assunto.<\/p>\n<p>As empresas tamb\u00e9m devem responder civilmente por danos morais causados por conte\u00fados ofensivos ou ilegais, como racismo, discurso de \u00f3dio, incita\u00e7\u00e3o \u00e0 viol\u00eancia e fake news. Para a maioria do Supremo, as regras vigentes atualmente \u2014 que prev\u00ea a remo\u00e7\u00e3o somente com decis\u00e3o judicial \u2014 n\u00e3o s\u00e3o suficientes para preservar a dignidade humana.<\/p>\n<p><strong>###<br \/>\nNOTA DA REDA\u00c7\u00c3O DO BLOG<\/strong>\u00a0\u2013\u00a0<em>Como diz o velho ditado, o cemit\u00e9rio est\u00e1 cheio de pessoas bem intencionadas. N\u00e3o h\u00e1 d\u00favida de que os ministros do Supremo estavam possu\u00eddos de boas inten\u00e7\u00f5es, mas o resultado \u00e9 horroroso. Eles definiram regras, mas n\u00e3o sabem como aplic\u00e1-las. V\u00e3o passar vexame e cair no rid\u00edculo, justamente porque o xis da quest\u00e3o \u00e9 esse \u2013 como aplicar regras brasileiras empresas que funcionam no exterior? Comprem pipocas, a novela vai demorar<\/em>.\u00a0<strong>(C.N.)<\/strong><\/p>\n","protected":false},"excerpt":{"rendered":"<p>Charge do Spacca (Arquivo Google) Deu no Correio Braziliense A decis\u00e3o do Supremo Tribunal Federal (STF) de responsabilizar as redes sociais por conte\u00fados ofensivos publicados por seus usu\u00e1rios, sem a necessidade de uma decis\u00e3o judicial, segue gerando forte rea\u00e7\u00e3o entre as big techs. As plataformas manifestaram preocupa\u00e7\u00e3o sobre as mudan\u00e7as do Judici\u00e1rio por risco de [&hellip;]<\/p>\n","protected":false},"author":1,"featured_media":1203,"comment_status":"open","ping_status":"open","sticky":false,"template":"","format":"standard","meta":{"footnotes":"","jetpack_publicize_message":"","jetpack_publicize_feature_enabled":true,"jetpack_social_post_already_shared":false,"jetpack_social_options":{"image_generator_settings":{"template":"highway","default_image_id":0,"font":"","enabled":false},"version":2}},"categories":[1,65],"tags":[],"class_list":["post-1202","post","type-post","status-publish","format-standard","has-post-thumbnail","hentry","category-https-gazetapernambucana-com-page_id225","category-politica"],"yoast_head":"<!-- This site is optimized with the Yoast SEO plugin v24.5 - https:\/\/yoast.com\/wordpress\/plugins\/seo\/ -->\n<title>STF responsabiliza redes sociais, mas n\u00e3o sabe como conseguir\u00e1 \u201cpuni-las\u201d -<\/title>\n<meta name=\"robots\" content=\"index, follow, max-snippet:-1, max-image-preview:large, max-video-preview:-1\" \/>\n<link rel=\"canonical\" href=\"https:\/\/gazetapernambucana.com\/?p=1202\" \/>\n<meta property=\"og:locale\" content=\"pt_BR\" \/>\n<meta property=\"og:type\" content=\"article\" \/>\n<meta property=\"og:title\" content=\"STF responsabiliza redes sociais, mas n\u00e3o sabe como conseguir\u00e1 \u201cpuni-las\u201d -\" \/>\n<meta property=\"og:description\" content=\"Charge do Spacca (Arquivo Google) Deu no Correio Braziliense A decis\u00e3o do Supremo Tribunal Federal (STF) de responsabilizar as redes sociais por conte\u00fados ofensivos publicados por seus usu\u00e1rios, sem a necessidade de uma decis\u00e3o judicial, segue gerando forte rea\u00e7\u00e3o entre as big techs. As plataformas manifestaram preocupa\u00e7\u00e3o sobre as mudan\u00e7as do Judici\u00e1rio por risco de [&hellip;]\" \/>\n<meta property=\"og:url\" content=\"https:\/\/gazetapernambucana.com\/?p=1202\" \/>\n<meta property=\"article:published_time\" content=\"2025-07-02T03:38:22+00:00\" \/>\n<meta property=\"article:modified_time\" content=\"2025-07-02T03:39:49+00:00\" \/>\n<meta property=\"og:image\" content=\"https:\/\/gazetapernambucana.com\/wp-content\/uploads\/2025\/07\/charge-trump-stf-ataque-300x300-1.jpeg\" \/>\n\t<meta property=\"og:image:width\" content=\"300\" \/>\n\t<meta property=\"og:image:height\" content=\"300\" \/>\n\t<meta property=\"og:image:type\" content=\"image\/jpeg\" \/>\n<meta name=\"author\" content=\"GP\" \/>\n<meta name=\"twitter:card\" content=\"summary_large_image\" \/>\n<meta name=\"twitter:label1\" content=\"Escrito por\" \/>\n\t<meta name=\"twitter:data1\" content=\"GP\" \/>\n\t<meta name=\"twitter:label2\" content=\"Est. tempo de leitura\" \/>\n\t<meta name=\"twitter:data2\" content=\"4 minutos\" \/>\n<script type=\"application\/ld+json\" class=\"yoast-schema-graph\">{\"@context\":\"https:\/\/schema.org\",\"@graph\":[{\"@type\":\"WebPage\",\"@id\":\"https:\/\/gazetapernambucana.com\/?p=1202\",\"url\":\"https:\/\/gazetapernambucana.com\/?p=1202\",\"name\":\"STF responsabiliza redes sociais, mas n\u00e3o sabe como conseguir\u00e1 \u201cpuni-las\u201d -\",\"isPartOf\":{\"@id\":\"https:\/\/gazetapernambucana.com\/#website\"},\"primaryImageOfPage\":{\"@id\":\"https:\/\/gazetapernambucana.com\/?p=1202#primaryimage\"},\"image\":{\"@id\":\"https:\/\/gazetapernambucana.com\/?p=1202#primaryimage\"},\"thumbnailUrl\":\"https:\/\/gazetapernambucana.com\/wp-content\/uploads\/2025\/07\/charge-trump-stf-ataque-300x300-1.jpeg\",\"datePublished\":\"2025-07-02T03:38:22+00:00\",\"dateModified\":\"2025-07-02T03:39:49+00:00\",\"author\":{\"@id\":\"https:\/\/gazetapernambucana.com\/#\/schema\/person\/188dc283325181ac2de4db1e9e987427\"},\"breadcrumb\":{\"@id\":\"https:\/\/gazetapernambucana.com\/?p=1202#breadcrumb\"},\"inLanguage\":\"pt-BR\",\"potentialAction\":[{\"@type\":\"ReadAction\",\"target\":[\"https:\/\/gazetapernambucana.com\/?p=1202\"]}]},{\"@type\":\"ImageObject\",\"inLanguage\":\"pt-BR\",\"@id\":\"https:\/\/gazetapernambucana.com\/?p=1202#primaryimage\",\"url\":\"https:\/\/gazetapernambucana.com\/wp-content\/uploads\/2025\/07\/charge-trump-stf-ataque-300x300-1.jpeg\",\"contentUrl\":\"https:\/\/gazetapernambucana.com\/wp-content\/uploads\/2025\/07\/charge-trump-stf-ataque-300x300-1.jpeg\",\"width\":300,\"height\":300},{\"@type\":\"BreadcrumbList\",\"@id\":\"https:\/\/gazetapernambucana.com\/?p=1202#breadcrumb\",\"itemListElement\":[{\"@type\":\"ListItem\",\"position\":1,\"name\":\"In\u00edcio\",\"item\":\"https:\/\/gazetapernambucana.com\/\"},{\"@type\":\"ListItem\",\"position\":2,\"name\":\"STF responsabiliza redes sociais, mas n\u00e3o sabe como conseguir\u00e1 \u201cpuni-las\u201d\"}]},{\"@type\":\"WebSite\",\"@id\":\"https:\/\/gazetapernambucana.com\/#website\",\"url\":\"https:\/\/gazetapernambucana.com\/\",\"name\":\"\",\"description\":\"\",\"potentialAction\":[{\"@type\":\"SearchAction\",\"target\":{\"@type\":\"EntryPoint\",\"urlTemplate\":\"https:\/\/gazetapernambucana.com\/?s={search_term_string}\"},\"query-input\":{\"@type\":\"PropertyValueSpecification\",\"valueRequired\":true,\"valueName\":\"search_term_string\"}}],\"inLanguage\":\"pt-BR\"},{\"@type\":\"Person\",\"@id\":\"https:\/\/gazetapernambucana.com\/#\/schema\/person\/188dc283325181ac2de4db1e9e987427\",\"name\":\"GP\",\"image\":{\"@type\":\"ImageObject\",\"inLanguage\":\"pt-BR\",\"@id\":\"https:\/\/gazetapernambucana.com\/#\/schema\/person\/image\/\",\"url\":\"https:\/\/secure.gravatar.com\/avatar\/9dad78ff9a2d8b5742d11779f8a3f53b052320c550b2e1907882353c067bb111?s=96&d=mm&r=g\",\"contentUrl\":\"https:\/\/secure.gravatar.com\/avatar\/9dad78ff9a2d8b5742d11779f8a3f53b052320c550b2e1907882353c067bb111?s=96&d=mm&r=g\",\"caption\":\"GP\"},\"sameAs\":[\"http:\/\/gazetapernambucana.com\"],\"url\":\"https:\/\/gazetapernambucana.com\/?author=1\"}]}<\/script>\n<!-- \/ Yoast SEO plugin. -->","yoast_head_json":{"title":"STF responsabiliza redes sociais, mas n\u00e3o sabe como conseguir\u00e1 \u201cpuni-las\u201d -","robots":{"index":"index","follow":"follow","max-snippet":"max-snippet:-1","max-image-preview":"max-image-preview:large","max-video-preview":"max-video-preview:-1"},"canonical":"https:\/\/gazetapernambucana.com\/?p=1202","og_locale":"pt_BR","og_type":"article","og_title":"STF responsabiliza redes sociais, mas n\u00e3o sabe como conseguir\u00e1 \u201cpuni-las\u201d -","og_description":"Charge do Spacca (Arquivo Google) Deu no Correio Braziliense A decis\u00e3o do Supremo Tribunal Federal (STF) de responsabilizar as redes sociais por conte\u00fados ofensivos publicados por seus usu\u00e1rios, sem a necessidade de uma decis\u00e3o judicial, segue gerando forte rea\u00e7\u00e3o entre as big techs. As plataformas manifestaram preocupa\u00e7\u00e3o sobre as mudan\u00e7as do Judici\u00e1rio por risco de [&hellip;]","og_url":"https:\/\/gazetapernambucana.com\/?p=1202","article_published_time":"2025-07-02T03:38:22+00:00","article_modified_time":"2025-07-02T03:39:49+00:00","og_image":[{"width":300,"height":300,"url":"https:\/\/gazetapernambucana.com\/wp-content\/uploads\/2025\/07\/charge-trump-stf-ataque-300x300-1.jpeg","type":"image\/jpeg"}],"author":"GP","twitter_card":"summary_large_image","twitter_misc":{"Escrito por":"GP","Est. tempo de leitura":"4 minutos"},"schema":{"@context":"https:\/\/schema.org","@graph":[{"@type":"WebPage","@id":"https:\/\/gazetapernambucana.com\/?p=1202","url":"https:\/\/gazetapernambucana.com\/?p=1202","name":"STF responsabiliza redes sociais, mas n\u00e3o sabe como conseguir\u00e1 \u201cpuni-las\u201d -","isPartOf":{"@id":"https:\/\/gazetapernambucana.com\/#website"},"primaryImageOfPage":{"@id":"https:\/\/gazetapernambucana.com\/?p=1202#primaryimage"},"image":{"@id":"https:\/\/gazetapernambucana.com\/?p=1202#primaryimage"},"thumbnailUrl":"https:\/\/gazetapernambucana.com\/wp-content\/uploads\/2025\/07\/charge-trump-stf-ataque-300x300-1.jpeg","datePublished":"2025-07-02T03:38:22+00:00","dateModified":"2025-07-02T03:39:49+00:00","author":{"@id":"https:\/\/gazetapernambucana.com\/#\/schema\/person\/188dc283325181ac2de4db1e9e987427"},"breadcrumb":{"@id":"https:\/\/gazetapernambucana.com\/?p=1202#breadcrumb"},"inLanguage":"pt-BR","potentialAction":[{"@type":"ReadAction","target":["https:\/\/gazetapernambucana.com\/?p=1202"]}]},{"@type":"ImageObject","inLanguage":"pt-BR","@id":"https:\/\/gazetapernambucana.com\/?p=1202#primaryimage","url":"https:\/\/gazetapernambucana.com\/wp-content\/uploads\/2025\/07\/charge-trump-stf-ataque-300x300-1.jpeg","contentUrl":"https:\/\/gazetapernambucana.com\/wp-content\/uploads\/2025\/07\/charge-trump-stf-ataque-300x300-1.jpeg","width":300,"height":300},{"@type":"BreadcrumbList","@id":"https:\/\/gazetapernambucana.com\/?p=1202#breadcrumb","itemListElement":[{"@type":"ListItem","position":1,"name":"In\u00edcio","item":"https:\/\/gazetapernambucana.com\/"},{"@type":"ListItem","position":2,"name":"STF responsabiliza redes sociais, mas n\u00e3o sabe como conseguir\u00e1 \u201cpuni-las\u201d"}]},{"@type":"WebSite","@id":"https:\/\/gazetapernambucana.com\/#website","url":"https:\/\/gazetapernambucana.com\/","name":"","description":"","potentialAction":[{"@type":"SearchAction","target":{"@type":"EntryPoint","urlTemplate":"https:\/\/gazetapernambucana.com\/?s={search_term_string}"},"query-input":{"@type":"PropertyValueSpecification","valueRequired":true,"valueName":"search_term_string"}}],"inLanguage":"pt-BR"},{"@type":"Person","@id":"https:\/\/gazetapernambucana.com\/#\/schema\/person\/188dc283325181ac2de4db1e9e987427","name":"GP","image":{"@type":"ImageObject","inLanguage":"pt-BR","@id":"https:\/\/gazetapernambucana.com\/#\/schema\/person\/image\/","url":"https:\/\/secure.gravatar.com\/avatar\/9dad78ff9a2d8b5742d11779f8a3f53b052320c550b2e1907882353c067bb111?s=96&d=mm&r=g","contentUrl":"https:\/\/secure.gravatar.com\/avatar\/9dad78ff9a2d8b5742d11779f8a3f53b052320c550b2e1907882353c067bb111?s=96&d=mm&r=g","caption":"GP"},"sameAs":["http:\/\/gazetapernambucana.com"],"url":"https:\/\/gazetapernambucana.com\/?author=1"}]}},"jetpack_publicize_connections":[],"_links":{"self":[{"href":"https:\/\/gazetapernambucana.com\/index.php?rest_route=\/wp\/v2\/posts\/1202","targetHints":{"allow":["GET"]}}],"collection":[{"href":"https:\/\/gazetapernambucana.com\/index.php?rest_route=\/wp\/v2\/posts"}],"about":[{"href":"https:\/\/gazetapernambucana.com\/index.php?rest_route=\/wp\/v2\/types\/post"}],"author":[{"embeddable":true,"href":"https:\/\/gazetapernambucana.com\/index.php?rest_route=\/wp\/v2\/users\/1"}],"replies":[{"embeddable":true,"href":"https:\/\/gazetapernambucana.com\/index.php?rest_route=%2Fwp%2Fv2%2Fcomments&post=1202"}],"version-history":[{"count":2,"href":"https:\/\/gazetapernambucana.com\/index.php?rest_route=\/wp\/v2\/posts\/1202\/revisions"}],"predecessor-version":[{"id":1205,"href":"https:\/\/gazetapernambucana.com\/index.php?rest_route=\/wp\/v2\/posts\/1202\/revisions\/1205"}],"wp:featuredmedia":[{"embeddable":true,"href":"https:\/\/gazetapernambucana.com\/index.php?rest_route=\/wp\/v2\/media\/1203"}],"wp:attachment":[{"href":"https:\/\/gazetapernambucana.com\/index.php?rest_route=%2Fwp%2Fv2%2Fmedia&parent=1202"}],"wp:term":[{"taxonomy":"category","embeddable":true,"href":"https:\/\/gazetapernambucana.com\/index.php?rest_route=%2Fwp%2Fv2%2Fcategories&post=1202"},{"taxonomy":"post_tag","embeddable":true,"href":"https:\/\/gazetapernambucana.com\/index.php?rest_route=%2Fwp%2Fv2%2Ftags&post=1202"}],"curies":[{"name":"wp","href":"https:\/\/api.w.org\/{rel}","templated":true}]}}