{"id":1194,"date":"2025-07-02T00:24:56","date_gmt":"2025-07-02T03:24:56","guid":{"rendered":"https:\/\/gazetapernambucana.com\/?p=1194"},"modified":"2025-07-02T00:29:45","modified_gmt":"2025-07-02T03:29:45","slug":"1194","status":"publish","type":"post","link":"https:\/\/gazetapernambucana.com\/?p=1194","title":{"rendered":"The Economist: \u201cImpopular no Brasil, Lula finge ter import\u00e2ncia no exterior\u201d"},"content":{"rendered":"<div class=\"wp-caption aligncenter\">\n<p><strong><img loading=\"lazy\" decoding=\"async\" src=\"https:\/\/ichef.bbci.co.uk\/ace\/standard\/raw\/cpsprodpb\/a1d2\/live\/1c4c5f10-55a4-11f0-9074-8989d8c97d87.png\" alt=\"Mat\u00e9ria da Economist no site da revista\" width=\"326\" height=\"266\" \/><\/strong><\/p>\n<p class=\"wp-caption-text\"><strong>The Economist prev\u00ea que Lula vai perder essa reelei\u00e7\u00e3o<\/strong><\/p>\n<\/div>\n<p>A revista brit\u00e2nica The Economist classificou o presidente Luiz In\u00e1cio Lula da Silva como \u201cincoerente no exterior\u201d e \u201cimpopular em casa\u201d, em reportagem publicada no final de semana. Logo no in\u00edcio, o texto menciona que, em 22 de junho, o Itamaraty condenou os ataques de Israel e dos Estados Unidos ao territ\u00f3rio iraniano e declarou que a ofensiva representou uma \u201cviola\u00e7\u00e3o da soberania\u201d do Ir\u00e3 e \u201cdo direito internacional\u201d.<\/p>\n<p>A publica\u00e7\u00e3o diz que esse posicionamento do Brasil sobre a guerra entre Israel e Ir\u00e3 foi de encontro \u00e0 postura de outras democracias ocidentais, que apoiaram o ataque dos Estados Unidos ou apenas expressaram preocupa\u00e7\u00e3o.<\/p>\n<p><strong>APOIO AO IR\u00c3<\/strong>\u00a0\u2013 Para a The Economist, \u201ca simpatia do Brasil com o Ir\u00e3\u201d ter\u00e1 continuidade com a participa\u00e7\u00e3o de ambos os pa\u00edses nos Brics, que se reunir\u00e3o em uma c\u00fapula de l\u00edderes em 6 e 7 de julho no Rio de Janeiro.<\/p>\n<p>O governo iraniano se juntou ao grupo de economias emergentes em 2024, quando outros novos membros tamb\u00e9m passaram a integrar o bloco oficialmente.<\/p>\n<p>Segundo a revista brit\u00e2nica, a participa\u00e7\u00e3o do Brasil em um Brics dominado pelas agendas de China e R\u00fassia faz o pa\u00eds \u201cparecer cada vez mais hostil ao Ocidente\u201d. \u201cO papel do Brasil no centro de um Brics expandido e dominado por um regime mais autorit\u00e1rio faz parte da pol\u00edtica externa cada vez mais incoerente de Lula\u201d, diz a The Economist.<\/p>\n<p><strong>LONGE DE TRUMP<\/strong>\u00a0\u2013 O texto tamb\u00e9m destaca o afastamento entre o governo brasileiro atual e os Estados Unidos comandados por Donald Trump.<\/p>\n<p>\u201cN\u00e3o h\u00e1 registro de que os dois tenham se encontrado pessoalmente, o que torna o Brasil a maior economia cujo l\u00edder n\u00e3o apertou a m\u00e3o do presidente dos Estados Unidos\u201d, afirma a publica\u00e7\u00e3o. \u201cEm vez disso, Lula corteja a China. Ele se encontrou com Xi Jinping, o presidente da China, duas vezes no ano passado.\u201d<\/p>\n<p>A revista ainda cita a viagem de Lula \u00e0 R\u00fassia em maio para as celebra\u00e7\u00f5es do anivers\u00e1rio de 80 anos da vit\u00f3ria sovi\u00e9tica sobre a Alemanha nazista na 2\u00aa Guerra Mundial. \u201cEle aproveitou a viagem para tentar convencer Vladimir Putin de que o Brasil deveria mediar o fim da guerra na Ucr\u00e2nia. Nem Putin nem ningu\u00e9m lhe deu ouvidos.\u201d<\/p>\n<p><b>1<\/b>\u00a0O afastamento da Argentina desde a elei\u00e7\u00e3o de Javier Milei em 2023 e as demonstra\u00e7\u00f5es de apoio \u00e0 Venezuela no in\u00edcio do seu governo tamb\u00e9m s\u00e3o apontadas como parte da \u201cincoer\u00eancia\u201d em pol\u00edtica externa de Lula.<\/p>\n<p><strong>SEM POPULARIDADE<\/strong>\u00a0\u2013 A The Economist afirma que a fraqueza de Lula no cen\u00e1rio mundial \u201c\u00e9 agravada pela queda da popularidade em casa\u201d.<\/p>\n<p>Uma pesquisa Genial\/Quaest apontou que a desaprova\u00e7\u00e3o ao governo chegou a 57% no in\u00edcio de junho, o maior \u00edndice do seu terceiro mandato.<\/p>\n<p>O jornal brit\u00e2nico ainda chama aten\u00e7\u00e3o para a derrubada do decreto que elevava o IOF (Imposto sobre Opera\u00e7\u00f5es Financeiras) por parte do Congresso Nacional, movimento in\u00e9dito nos \u00faltimos 30 anos e que sinaliza a fraqueza do mandat\u00e1rio perante o Legislativo.<\/p>\n<p><strong>PT E CORRUP\u00c7\u00c3O<\/strong>\u00a0\u2013 \u201cO pa\u00eds se inclinou para a direita. Muitos brasileiros associam seu Partido dos Trabalhadores \u00e0 corrup\u00e7\u00e3o, devido a um esc\u00e2ndalo que o levou \u00e0 pris\u00e3o por mais de um ano (sua condena\u00e7\u00e3o foi posteriormente anulada)\u201d, diz a reportagem.<\/p>\n<p>\u201cEle construiu o partido com o apoio de sindicatos, cat\u00f3licos com consci\u00eancia social e pobres benefici\u00e1rios de esmolas do governo. Mas hoje o Brasil \u00e9 um pa\u00eds onde o cristianismo evang\u00e9lico est\u00e1 em expans\u00e3o, onde o emprego na agricultura e na economia informal est\u00e1 crescendo rapidamente, e onde a direita tamb\u00e9m oferece esmolas.\u201d<\/p>\n<p>Segundo a publica\u00e7\u00e3o, o ex-presidente Jair Bolsonaro (PL) \u201cprovavelmente ser\u00e1 preso em breve por supostamente planejar um golpe para permanecer no poder ap\u00f3s perder uma elei\u00e7\u00e3o em 2022\u201d, mas ainda tem for\u00e7a entre a popula\u00e7\u00e3o.<\/p>\n<p><strong>ELEI\u00c7\u00c3O PERDIDA<\/strong>\u00a0\u2013 \u201cEle [Bolsonaro] ainda n\u00e3o escolheu um sucessor para liderar a direita. Mas se o fizer e a direita se unir a essa pessoa antes das elei\u00e7\u00f5es de 2026, a presid\u00eancia ser\u00e1 deles\u201d, diz a revista.<\/p>\n<p>A reportagem termina dizendo que Donald Trump raramente se refere ao Brasil em suas cr\u00edticas constantes ao resto do globo. Em parte, diz a The Economist, isso pode ser explicado pelo enorme d\u00e9ficit comercial com os Estados Unidos, \u201calgo que nenhuma outra grande economia emergente possui\u201d atualmente<\/p>\n<p>\u201cMas seu sil\u00eancio tamb\u00e9m pode se dever ao fato de o Brasil, relativamente distante e geopoliticamente inerte, simplesmente n\u00e3o ter tanta import\u00e2ncia quando se trata de quest\u00f5es de guerra na Ucr\u00e2nia ou no Oriente M\u00e9dio. Lula deveria parar de fingir que tem e se concentrar em quest\u00f5es mais pr\u00f3ximas\u201d, conclui a publica\u00e7\u00e3o.<\/p>\n","protected":false},"excerpt":{"rendered":"<p>The Economist prev\u00ea que Lula vai perder essa reelei\u00e7\u00e3o A revista brit\u00e2nica The Economist classificou o presidente Luiz In\u00e1cio Lula da Silva como \u201cincoerente no exterior\u201d e \u201cimpopular em casa\u201d, em reportagem publicada no final de semana. Logo no in\u00edcio, o texto menciona que, em 22 de junho, o Itamaraty condenou os ataques de Israel [&hellip;]<\/p>\n","protected":false},"author":1,"featured_media":1195,"comment_status":"open","ping_status":"open","sticky":false,"template":"","format":"standard","meta":{"footnotes":"","jetpack_publicize_message":"","jetpack_publicize_feature_enabled":true,"jetpack_social_post_already_shared":false,"jetpack_social_options":{"image_generator_settings":{"template":"highway","default_image_id":0,"font":"","enabled":false},"version":2}},"categories":[37,1,65],"tags":[],"class_list":["post-1194","post","type-post","status-publish","format-standard","has-post-thumbnail","hentry","category-https-gazetapernambucana-com-page_id212","category-https-gazetapernambucana-com-page_id225","category-politica"],"yoast_head":"<!-- This site is optimized with the Yoast SEO plugin v24.5 - https:\/\/yoast.com\/wordpress\/plugins\/seo\/ -->\n<title>The Economist: \u201cImpopular no Brasil, Lula finge ter import\u00e2ncia no exterior\u201d -<\/title>\n<meta name=\"robots\" content=\"index, follow, max-snippet:-1, max-image-preview:large, max-video-preview:-1\" \/>\n<link rel=\"canonical\" href=\"https:\/\/gazetapernambucana.com\/?p=1194\" \/>\n<meta property=\"og:locale\" content=\"pt_BR\" \/>\n<meta property=\"og:type\" content=\"article\" \/>\n<meta property=\"og:title\" content=\"The Economist: \u201cImpopular no Brasil, Lula finge ter import\u00e2ncia no exterior\u201d -\" \/>\n<meta property=\"og:description\" content=\"The Economist prev\u00ea que Lula vai perder essa reelei\u00e7\u00e3o A revista brit\u00e2nica The Economist classificou o presidente Luiz In\u00e1cio Lula da Silva como \u201cincoerente no exterior\u201d e \u201cimpopular em casa\u201d, em reportagem publicada no final de semana. Logo no in\u00edcio, o texto menciona que, em 22 de junho, o Itamaraty condenou os ataques de Israel [&hellip;]\" \/>\n<meta property=\"og:url\" content=\"https:\/\/gazetapernambucana.com\/?p=1194\" \/>\n<meta property=\"article:published_time\" content=\"2025-07-02T03:24:56+00:00\" \/>\n<meta property=\"article:modified_time\" content=\"2025-07-02T03:29:45+00:00\" \/>\n<meta property=\"og:image\" content=\"https:\/\/gazetapernambucana.com\/wp-content\/uploads\/2025\/07\/1c4c5f10-55a4-11f0-9074-8989d8c97d87.png\" \/>\n\t<meta property=\"og:image:width\" content=\"889\" \/>\n\t<meta property=\"og:image:height\" content=\"727\" \/>\n\t<meta property=\"og:image:type\" content=\"image\/png\" \/>\n<meta name=\"author\" content=\"GP\" \/>\n<meta name=\"twitter:card\" content=\"summary_large_image\" \/>\n<meta name=\"twitter:label1\" content=\"Escrito por\" \/>\n\t<meta name=\"twitter:data1\" content=\"GP\" \/>\n\t<meta name=\"twitter:label2\" content=\"Est. tempo de leitura\" \/>\n\t<meta name=\"twitter:data2\" content=\"5 minutos\" \/>\n<script type=\"application\/ld+json\" class=\"yoast-schema-graph\">{\"@context\":\"https:\/\/schema.org\",\"@graph\":[{\"@type\":\"WebPage\",\"@id\":\"https:\/\/gazetapernambucana.com\/?p=1194\",\"url\":\"https:\/\/gazetapernambucana.com\/?p=1194\",\"name\":\"The Economist: \u201cImpopular no Brasil, Lula finge ter import\u00e2ncia no exterior\u201d -\",\"isPartOf\":{\"@id\":\"https:\/\/gazetapernambucana.com\/#website\"},\"primaryImageOfPage\":{\"@id\":\"https:\/\/gazetapernambucana.com\/?p=1194#primaryimage\"},\"image\":{\"@id\":\"https:\/\/gazetapernambucana.com\/?p=1194#primaryimage\"},\"thumbnailUrl\":\"https:\/\/gazetapernambucana.com\/wp-content\/uploads\/2025\/07\/1c4c5f10-55a4-11f0-9074-8989d8c97d87.png\",\"datePublished\":\"2025-07-02T03:24:56+00:00\",\"dateModified\":\"2025-07-02T03:29:45+00:00\",\"author\":{\"@id\":\"https:\/\/gazetapernambucana.com\/#\/schema\/person\/188dc283325181ac2de4db1e9e987427\"},\"breadcrumb\":{\"@id\":\"https:\/\/gazetapernambucana.com\/?p=1194#breadcrumb\"},\"inLanguage\":\"pt-BR\",\"potentialAction\":[{\"@type\":\"ReadAction\",\"target\":[\"https:\/\/gazetapernambucana.com\/?p=1194\"]}]},{\"@type\":\"ImageObject\",\"inLanguage\":\"pt-BR\",\"@id\":\"https:\/\/gazetapernambucana.com\/?p=1194#primaryimage\",\"url\":\"https:\/\/gazetapernambucana.com\/wp-content\/uploads\/2025\/07\/1c4c5f10-55a4-11f0-9074-8989d8c97d87.png\",\"contentUrl\":\"https:\/\/gazetapernambucana.com\/wp-content\/uploads\/2025\/07\/1c4c5f10-55a4-11f0-9074-8989d8c97d87.png\",\"width\":889,\"height\":727},{\"@type\":\"BreadcrumbList\",\"@id\":\"https:\/\/gazetapernambucana.com\/?p=1194#breadcrumb\",\"itemListElement\":[{\"@type\":\"ListItem\",\"position\":1,\"name\":\"In\u00edcio\",\"item\":\"https:\/\/gazetapernambucana.com\/\"},{\"@type\":\"ListItem\",\"position\":2,\"name\":\"The Economist: \u201cImpopular no Brasil, Lula finge ter import\u00e2ncia no exterior\u201d\"}]},{\"@type\":\"WebSite\",\"@id\":\"https:\/\/gazetapernambucana.com\/#website\",\"url\":\"https:\/\/gazetapernambucana.com\/\",\"name\":\"\",\"description\":\"\",\"potentialAction\":[{\"@type\":\"SearchAction\",\"target\":{\"@type\":\"EntryPoint\",\"urlTemplate\":\"https:\/\/gazetapernambucana.com\/?s={search_term_string}\"},\"query-input\":{\"@type\":\"PropertyValueSpecification\",\"valueRequired\":true,\"valueName\":\"search_term_string\"}}],\"inLanguage\":\"pt-BR\"},{\"@type\":\"Person\",\"@id\":\"https:\/\/gazetapernambucana.com\/#\/schema\/person\/188dc283325181ac2de4db1e9e987427\",\"name\":\"GP\",\"image\":{\"@type\":\"ImageObject\",\"inLanguage\":\"pt-BR\",\"@id\":\"https:\/\/gazetapernambucana.com\/#\/schema\/person\/image\/\",\"url\":\"https:\/\/secure.gravatar.com\/avatar\/9dad78ff9a2d8b5742d11779f8a3f53b052320c550b2e1907882353c067bb111?s=96&d=mm&r=g\",\"contentUrl\":\"https:\/\/secure.gravatar.com\/avatar\/9dad78ff9a2d8b5742d11779f8a3f53b052320c550b2e1907882353c067bb111?s=96&d=mm&r=g\",\"caption\":\"GP\"},\"sameAs\":[\"http:\/\/gazetapernambucana.com\"],\"url\":\"https:\/\/gazetapernambucana.com\/?author=1\"}]}<\/script>\n<!-- \/ Yoast SEO plugin. -->","yoast_head_json":{"title":"The Economist: \u201cImpopular no Brasil, Lula finge ter import\u00e2ncia no exterior\u201d -","robots":{"index":"index","follow":"follow","max-snippet":"max-snippet:-1","max-image-preview":"max-image-preview:large","max-video-preview":"max-video-preview:-1"},"canonical":"https:\/\/gazetapernambucana.com\/?p=1194","og_locale":"pt_BR","og_type":"article","og_title":"The Economist: \u201cImpopular no Brasil, Lula finge ter import\u00e2ncia no exterior\u201d -","og_description":"The Economist prev\u00ea que Lula vai perder essa reelei\u00e7\u00e3o A revista brit\u00e2nica The Economist classificou o presidente Luiz In\u00e1cio Lula da Silva como \u201cincoerente no exterior\u201d e \u201cimpopular em casa\u201d, em reportagem publicada no final de semana. Logo no in\u00edcio, o texto menciona que, em 22 de junho, o Itamaraty condenou os ataques de Israel [&hellip;]","og_url":"https:\/\/gazetapernambucana.com\/?p=1194","article_published_time":"2025-07-02T03:24:56+00:00","article_modified_time":"2025-07-02T03:29:45+00:00","og_image":[{"width":889,"height":727,"url":"https:\/\/gazetapernambucana.com\/wp-content\/uploads\/2025\/07\/1c4c5f10-55a4-11f0-9074-8989d8c97d87.png","type":"image\/png"}],"author":"GP","twitter_card":"summary_large_image","twitter_misc":{"Escrito por":"GP","Est. tempo de leitura":"5 minutos"},"schema":{"@context":"https:\/\/schema.org","@graph":[{"@type":"WebPage","@id":"https:\/\/gazetapernambucana.com\/?p=1194","url":"https:\/\/gazetapernambucana.com\/?p=1194","name":"The Economist: \u201cImpopular no Brasil, Lula finge ter import\u00e2ncia no exterior\u201d -","isPartOf":{"@id":"https:\/\/gazetapernambucana.com\/#website"},"primaryImageOfPage":{"@id":"https:\/\/gazetapernambucana.com\/?p=1194#primaryimage"},"image":{"@id":"https:\/\/gazetapernambucana.com\/?p=1194#primaryimage"},"thumbnailUrl":"https:\/\/gazetapernambucana.com\/wp-content\/uploads\/2025\/07\/1c4c5f10-55a4-11f0-9074-8989d8c97d87.png","datePublished":"2025-07-02T03:24:56+00:00","dateModified":"2025-07-02T03:29:45+00:00","author":{"@id":"https:\/\/gazetapernambucana.com\/#\/schema\/person\/188dc283325181ac2de4db1e9e987427"},"breadcrumb":{"@id":"https:\/\/gazetapernambucana.com\/?p=1194#breadcrumb"},"inLanguage":"pt-BR","potentialAction":[{"@type":"ReadAction","target":["https:\/\/gazetapernambucana.com\/?p=1194"]}]},{"@type":"ImageObject","inLanguage":"pt-BR","@id":"https:\/\/gazetapernambucana.com\/?p=1194#primaryimage","url":"https:\/\/gazetapernambucana.com\/wp-content\/uploads\/2025\/07\/1c4c5f10-55a4-11f0-9074-8989d8c97d87.png","contentUrl":"https:\/\/gazetapernambucana.com\/wp-content\/uploads\/2025\/07\/1c4c5f10-55a4-11f0-9074-8989d8c97d87.png","width":889,"height":727},{"@type":"BreadcrumbList","@id":"https:\/\/gazetapernambucana.com\/?p=1194#breadcrumb","itemListElement":[{"@type":"ListItem","position":1,"name":"In\u00edcio","item":"https:\/\/gazetapernambucana.com\/"},{"@type":"ListItem","position":2,"name":"The Economist: \u201cImpopular no Brasil, Lula finge ter import\u00e2ncia no exterior\u201d"}]},{"@type":"WebSite","@id":"https:\/\/gazetapernambucana.com\/#website","url":"https:\/\/gazetapernambucana.com\/","name":"","description":"","potentialAction":[{"@type":"SearchAction","target":{"@type":"EntryPoint","urlTemplate":"https:\/\/gazetapernambucana.com\/?s={search_term_string}"},"query-input":{"@type":"PropertyValueSpecification","valueRequired":true,"valueName":"search_term_string"}}],"inLanguage":"pt-BR"},{"@type":"Person","@id":"https:\/\/gazetapernambucana.com\/#\/schema\/person\/188dc283325181ac2de4db1e9e987427","name":"GP","image":{"@type":"ImageObject","inLanguage":"pt-BR","@id":"https:\/\/gazetapernambucana.com\/#\/schema\/person\/image\/","url":"https:\/\/secure.gravatar.com\/avatar\/9dad78ff9a2d8b5742d11779f8a3f53b052320c550b2e1907882353c067bb111?s=96&d=mm&r=g","contentUrl":"https:\/\/secure.gravatar.com\/avatar\/9dad78ff9a2d8b5742d11779f8a3f53b052320c550b2e1907882353c067bb111?s=96&d=mm&r=g","caption":"GP"},"sameAs":["http:\/\/gazetapernambucana.com"],"url":"https:\/\/gazetapernambucana.com\/?author=1"}]}},"jetpack_publicize_connections":[],"_links":{"self":[{"href":"https:\/\/gazetapernambucana.com\/index.php?rest_route=\/wp\/v2\/posts\/1194","targetHints":{"allow":["GET"]}}],"collection":[{"href":"https:\/\/gazetapernambucana.com\/index.php?rest_route=\/wp\/v2\/posts"}],"about":[{"href":"https:\/\/gazetapernambucana.com\/index.php?rest_route=\/wp\/v2\/types\/post"}],"author":[{"embeddable":true,"href":"https:\/\/gazetapernambucana.com\/index.php?rest_route=\/wp\/v2\/users\/1"}],"replies":[{"embeddable":true,"href":"https:\/\/gazetapernambucana.com\/index.php?rest_route=%2Fwp%2Fv2%2Fcomments&post=1194"}],"version-history":[{"count":3,"href":"https:\/\/gazetapernambucana.com\/index.php?rest_route=\/wp\/v2\/posts\/1194\/revisions"}],"predecessor-version":[{"id":1198,"href":"https:\/\/gazetapernambucana.com\/index.php?rest_route=\/wp\/v2\/posts\/1194\/revisions\/1198"}],"wp:featuredmedia":[{"embeddable":true,"href":"https:\/\/gazetapernambucana.com\/index.php?rest_route=\/wp\/v2\/media\/1195"}],"wp:attachment":[{"href":"https:\/\/gazetapernambucana.com\/index.php?rest_route=%2Fwp%2Fv2%2Fmedia&parent=1194"}],"wp:term":[{"taxonomy":"category","embeddable":true,"href":"https:\/\/gazetapernambucana.com\/index.php?rest_route=%2Fwp%2Fv2%2Fcategories&post=1194"},{"taxonomy":"post_tag","embeddable":true,"href":"https:\/\/gazetapernambucana.com\/index.php?rest_route=%2Fwp%2Fv2%2Ftags&post=1194"}],"curies":[{"name":"wp","href":"https:\/\/api.w.org\/{rel}","templated":true}]}}