{"id":1191,"date":"2025-07-02T00:18:45","date_gmt":"2025-07-02T03:18:45","guid":{"rendered":"https:\/\/gazetapernambucana.com\/?p=1191"},"modified":"2025-07-02T00:19:45","modified_gmt":"2025-07-02T03:19:45","slug":"por-que-o-discurso-de-tarcisio-irritou-bolsonaristas-e-ate-membros-da-familia","status":"publish","type":"post","link":"https:\/\/gazetapernambucana.com\/?p=1191","title":{"rendered":"Por que o discurso de Tarc\u00edsio irritou bolsonaristas e at\u00e9 membros da fam\u00edlia"},"content":{"rendered":"<div class=\"wp-caption aligncenter\">\n<p><strong><img loading=\"lazy\" decoding=\"async\" src=\"https:\/\/p2.trrsf.com\/image\/fget\/cf\/774\/0\/images.terra.com\/2025\/06\/30\/2078876566-ve3tvayggndubefykew7wc6i24.jpg\" alt=\" em ato pr\u00f3-Bolsonaro\" width=\"344\" height=\"229\" \/><\/strong><\/p>\n<p class=\"wp-caption-text\"><strong>A gente est\u00e1 aqui para pedir anistia e pacifica\u00e7\u00e3o\u2019, diz Tarc\u00edsio<\/strong><\/p>\n<\/div>\n<p><strong>Bela Megale<br \/>\n<\/strong><em>O Globo<\/em><\/p>\n<p>O discurso de Tarc\u00edsio de Freitas no ato pr\u00f3-Jair Bolsonaro na Avenida Paulista, no domingo (29), desagradou aliados pr\u00f3ximos e at\u00e9 integrantes da fam\u00edlia do ex-presidente.<\/p>\n<p>A fala do governador de S\u00e3o Paulo, centrada nos ataques ao PT e ao governo Lula, foi vista como um discurso de candidato \u00e0 Presid\u00eancia, mas sem encampar as bandeiras do bolsonarismo.<\/p>\n<p><strong>POSICIONAMENTO<\/strong>\u00a0\u2013 O fato de Tarc\u00edsio, mais uma vez, ter poupado o ministro Alexandre de Moraes e o Supremo Tribunal Federal (STF) foi o principal ponto de queixa entre bolsonaristas, j\u00e1 que havia a expectativa de que alguma cr\u00edtica fosse dirigida ao Judici\u00e1rio.<\/p>\n<p>Eles avaliam que, com sua fala, o governador atrai a base do ex-presidente e evita carregar o \u00f4nus de se indispor com o Supremo.<\/p>\n<p>\u2014 O Brasil n\u00e3o aguenta mais a desfa\u00e7atez, o gasto desenfreado, a corrup\u00e7\u00e3o. O Brasil n\u00e3o aguenta mais o governo gastador. Quem paga essa conta dos juros altos s\u00e3o voc\u00eas. O Brasil n\u00e3o aguenta mais aumento de imposto, n\u00e3o aguenta mais o PT \u2014 disse o governador.<\/p>\n<p><strong>\u201cVOLTA, BOLSONARO\u201d<\/strong>\u00a0\u2013 As manifesta\u00e7\u00f5es de Tarc\u00edsio para exaltar o capit\u00e3o reformado e o coro \u201cvolta, Bolsonaro\u201d, puxado pelo governador em S\u00e3o Paulo, s\u00e3o vistos nesse grupo de aliados do ex-presidente como uma estrat\u00e9gia de se mostrar fiel. Para eles, por\u00e9m, Tarc\u00edsio j\u00e1 est\u00e1 focado em ser o sucessor de Bolsonaro em 2026, o que ele nega.<\/p>\n<p>Na verdade, o governador de S\u00e3o Paulo ganha cada ganha vez mais apoio no campo da direita como nome para concorrer \u00e0 Presid\u00eancia contra Lula, mas ainda enfrenta resist\u00eancia forte dos filhos de Jair Bolsonaro e de aliados muito pr\u00f3ximos do ex-presidente.<\/p>\n<p>A irrita\u00e7\u00e3o de Eduardo Bolsonaro com Tarc\u00edsio seria por causa do crescimento do apoio do Centr\u00e3o \u00e0 candidatura de Tarcisio, em detrimento dos nomes do pr\u00f3prio Eduardo e da mulher Michelle.<\/p>\n","protected":false},"excerpt":{"rendered":"<p>A gente est\u00e1 aqui para pedir anistia e pacifica\u00e7\u00e3o\u2019, diz Tarc\u00edsio Bela Megale O Globo O discurso de Tarc\u00edsio de Freitas no ato pr\u00f3-Jair Bolsonaro na Avenida Paulista, no domingo (29), desagradou aliados pr\u00f3ximos e at\u00e9 integrantes da fam\u00edlia do ex-presidente. A fala do governador de S\u00e3o Paulo, centrada nos ataques ao PT e ao [&hellip;]<\/p>\n","protected":false},"author":1,"featured_media":1192,"comment_status":"open","ping_status":"open","sticky":false,"template":"","format":"standard","meta":{"footnotes":"","jetpack_publicize_message":"","jetpack_publicize_feature_enabled":true,"jetpack_social_post_already_shared":false,"jetpack_social_options":{"image_generator_settings":{"template":"highway","default_image_id":0,"font":"","enabled":false},"version":2}},"categories":[37,1,65],"tags":[],"class_list":["post-1191","post","type-post","status-publish","format-standard","has-post-thumbnail","hentry","category-https-gazetapernambucana-com-page_id212","category-https-gazetapernambucana-com-page_id225","category-politica"],"yoast_head":"<!-- This site is optimized with the Yoast SEO plugin v24.5 - https:\/\/yoast.com\/wordpress\/plugins\/seo\/ -->\n<title>Por que o discurso de Tarc\u00edsio irritou bolsonaristas e at\u00e9 membros da fam\u00edlia -<\/title>\n<meta name=\"robots\" content=\"index, follow, max-snippet:-1, max-image-preview:large, max-video-preview:-1\" \/>\n<link rel=\"canonical\" href=\"https:\/\/gazetapernambucana.com\/?p=1191\" \/>\n<meta property=\"og:locale\" content=\"pt_BR\" \/>\n<meta property=\"og:type\" content=\"article\" \/>\n<meta property=\"og:title\" content=\"Por que o discurso de Tarc\u00edsio irritou bolsonaristas e at\u00e9 membros da fam\u00edlia -\" \/>\n<meta property=\"og:description\" content=\"A gente est\u00e1 aqui para pedir anistia e pacifica\u00e7\u00e3o\u2019, diz Tarc\u00edsio Bela Megale O Globo O discurso de Tarc\u00edsio de Freitas no ato pr\u00f3-Jair Bolsonaro na Avenida Paulista, no domingo (29), desagradou aliados pr\u00f3ximos e at\u00e9 integrantes da fam\u00edlia do ex-presidente. A fala do governador de S\u00e3o Paulo, centrada nos ataques ao PT e ao [&hellip;]\" \/>\n<meta property=\"og:url\" content=\"https:\/\/gazetapernambucana.com\/?p=1191\" \/>\n<meta property=\"article:published_time\" content=\"2025-07-02T03:18:45+00:00\" \/>\n<meta property=\"article:modified_time\" content=\"2025-07-02T03:19:45+00:00\" \/>\n<meta property=\"og:image\" content=\"https:\/\/gazetapernambucana.com\/wp-content\/uploads\/2025\/07\/2078876566-ve3tvayggndubefykew7wc6i24.webp\" \/>\n\t<meta property=\"og:image:width\" content=\"774\" \/>\n\t<meta property=\"og:image:height\" content=\"516\" \/>\n\t<meta property=\"og:image:type\" content=\"image\/webp\" \/>\n<meta name=\"author\" content=\"GP\" \/>\n<meta name=\"twitter:card\" content=\"summary_large_image\" \/>\n<meta name=\"twitter:label1\" content=\"Escrito por\" \/>\n\t<meta name=\"twitter:data1\" content=\"GP\" \/>\n\t<meta name=\"twitter:label2\" content=\"Est. tempo de leitura\" \/>\n\t<meta name=\"twitter:data2\" content=\"3 minutos\" \/>\n<script type=\"application\/ld+json\" class=\"yoast-schema-graph\">{\"@context\":\"https:\/\/schema.org\",\"@graph\":[{\"@type\":\"WebPage\",\"@id\":\"https:\/\/gazetapernambucana.com\/?p=1191\",\"url\":\"https:\/\/gazetapernambucana.com\/?p=1191\",\"name\":\"Por que o discurso de Tarc\u00edsio irritou bolsonaristas e at\u00e9 membros da fam\u00edlia -\",\"isPartOf\":{\"@id\":\"https:\/\/gazetapernambucana.com\/#website\"},\"primaryImageOfPage\":{\"@id\":\"https:\/\/gazetapernambucana.com\/?p=1191#primaryimage\"},\"image\":{\"@id\":\"https:\/\/gazetapernambucana.com\/?p=1191#primaryimage\"},\"thumbnailUrl\":\"https:\/\/gazetapernambucana.com\/wp-content\/uploads\/2025\/07\/2078876566-ve3tvayggndubefykew7wc6i24.webp\",\"datePublished\":\"2025-07-02T03:18:45+00:00\",\"dateModified\":\"2025-07-02T03:19:45+00:00\",\"author\":{\"@id\":\"https:\/\/gazetapernambucana.com\/#\/schema\/person\/188dc283325181ac2de4db1e9e987427\"},\"breadcrumb\":{\"@id\":\"https:\/\/gazetapernambucana.com\/?p=1191#breadcrumb\"},\"inLanguage\":\"pt-BR\",\"potentialAction\":[{\"@type\":\"ReadAction\",\"target\":[\"https:\/\/gazetapernambucana.com\/?p=1191\"]}]},{\"@type\":\"ImageObject\",\"inLanguage\":\"pt-BR\",\"@id\":\"https:\/\/gazetapernambucana.com\/?p=1191#primaryimage\",\"url\":\"https:\/\/gazetapernambucana.com\/wp-content\/uploads\/2025\/07\/2078876566-ve3tvayggndubefykew7wc6i24.webp\",\"contentUrl\":\"https:\/\/gazetapernambucana.com\/wp-content\/uploads\/2025\/07\/2078876566-ve3tvayggndubefykew7wc6i24.webp\",\"width\":774,\"height\":516},{\"@type\":\"BreadcrumbList\",\"@id\":\"https:\/\/gazetapernambucana.com\/?p=1191#breadcrumb\",\"itemListElement\":[{\"@type\":\"ListItem\",\"position\":1,\"name\":\"In\u00edcio\",\"item\":\"https:\/\/gazetapernambucana.com\/\"},{\"@type\":\"ListItem\",\"position\":2,\"name\":\"Por que o discurso de Tarc\u00edsio irritou bolsonaristas e at\u00e9 membros da fam\u00edlia\"}]},{\"@type\":\"WebSite\",\"@id\":\"https:\/\/gazetapernambucana.com\/#website\",\"url\":\"https:\/\/gazetapernambucana.com\/\",\"name\":\"\",\"description\":\"\",\"potentialAction\":[{\"@type\":\"SearchAction\",\"target\":{\"@type\":\"EntryPoint\",\"urlTemplate\":\"https:\/\/gazetapernambucana.com\/?s={search_term_string}\"},\"query-input\":{\"@type\":\"PropertyValueSpecification\",\"valueRequired\":true,\"valueName\":\"search_term_string\"}}],\"inLanguage\":\"pt-BR\"},{\"@type\":\"Person\",\"@id\":\"https:\/\/gazetapernambucana.com\/#\/schema\/person\/188dc283325181ac2de4db1e9e987427\",\"name\":\"GP\",\"image\":{\"@type\":\"ImageObject\",\"inLanguage\":\"pt-BR\",\"@id\":\"https:\/\/gazetapernambucana.com\/#\/schema\/person\/image\/\",\"url\":\"https:\/\/secure.gravatar.com\/avatar\/9dad78ff9a2d8b5742d11779f8a3f53b052320c550b2e1907882353c067bb111?s=96&d=mm&r=g\",\"contentUrl\":\"https:\/\/secure.gravatar.com\/avatar\/9dad78ff9a2d8b5742d11779f8a3f53b052320c550b2e1907882353c067bb111?s=96&d=mm&r=g\",\"caption\":\"GP\"},\"sameAs\":[\"http:\/\/gazetapernambucana.com\"],\"url\":\"https:\/\/gazetapernambucana.com\/?author=1\"}]}<\/script>\n<!-- \/ Yoast SEO plugin. -->","yoast_head_json":{"title":"Por que o discurso de Tarc\u00edsio irritou bolsonaristas e at\u00e9 membros da fam\u00edlia -","robots":{"index":"index","follow":"follow","max-snippet":"max-snippet:-1","max-image-preview":"max-image-preview:large","max-video-preview":"max-video-preview:-1"},"canonical":"https:\/\/gazetapernambucana.com\/?p=1191","og_locale":"pt_BR","og_type":"article","og_title":"Por que o discurso de Tarc\u00edsio irritou bolsonaristas e at\u00e9 membros da fam\u00edlia -","og_description":"A gente est\u00e1 aqui para pedir anistia e pacifica\u00e7\u00e3o\u2019, diz Tarc\u00edsio Bela Megale O Globo O discurso de Tarc\u00edsio de Freitas no ato pr\u00f3-Jair Bolsonaro na Avenida Paulista, no domingo (29), desagradou aliados pr\u00f3ximos e at\u00e9 integrantes da fam\u00edlia do ex-presidente. A fala do governador de S\u00e3o Paulo, centrada nos ataques ao PT e ao [&hellip;]","og_url":"https:\/\/gazetapernambucana.com\/?p=1191","article_published_time":"2025-07-02T03:18:45+00:00","article_modified_time":"2025-07-02T03:19:45+00:00","og_image":[{"width":774,"height":516,"url":"https:\/\/gazetapernambucana.com\/wp-content\/uploads\/2025\/07\/2078876566-ve3tvayggndubefykew7wc6i24.webp","type":"image\/webp"}],"author":"GP","twitter_card":"summary_large_image","twitter_misc":{"Escrito por":"GP","Est. tempo de leitura":"3 minutos"},"schema":{"@context":"https:\/\/schema.org","@graph":[{"@type":"WebPage","@id":"https:\/\/gazetapernambucana.com\/?p=1191","url":"https:\/\/gazetapernambucana.com\/?p=1191","name":"Por que o discurso de Tarc\u00edsio irritou bolsonaristas e at\u00e9 membros da fam\u00edlia -","isPartOf":{"@id":"https:\/\/gazetapernambucana.com\/#website"},"primaryImageOfPage":{"@id":"https:\/\/gazetapernambucana.com\/?p=1191#primaryimage"},"image":{"@id":"https:\/\/gazetapernambucana.com\/?p=1191#primaryimage"},"thumbnailUrl":"https:\/\/gazetapernambucana.com\/wp-content\/uploads\/2025\/07\/2078876566-ve3tvayggndubefykew7wc6i24.webp","datePublished":"2025-07-02T03:18:45+00:00","dateModified":"2025-07-02T03:19:45+00:00","author":{"@id":"https:\/\/gazetapernambucana.com\/#\/schema\/person\/188dc283325181ac2de4db1e9e987427"},"breadcrumb":{"@id":"https:\/\/gazetapernambucana.com\/?p=1191#breadcrumb"},"inLanguage":"pt-BR","potentialAction":[{"@type":"ReadAction","target":["https:\/\/gazetapernambucana.com\/?p=1191"]}]},{"@type":"ImageObject","inLanguage":"pt-BR","@id":"https:\/\/gazetapernambucana.com\/?p=1191#primaryimage","url":"https:\/\/gazetapernambucana.com\/wp-content\/uploads\/2025\/07\/2078876566-ve3tvayggndubefykew7wc6i24.webp","contentUrl":"https:\/\/gazetapernambucana.com\/wp-content\/uploads\/2025\/07\/2078876566-ve3tvayggndubefykew7wc6i24.webp","width":774,"height":516},{"@type":"BreadcrumbList","@id":"https:\/\/gazetapernambucana.com\/?p=1191#breadcrumb","itemListElement":[{"@type":"ListItem","position":1,"name":"In\u00edcio","item":"https:\/\/gazetapernambucana.com\/"},{"@type":"ListItem","position":2,"name":"Por que o discurso de Tarc\u00edsio irritou bolsonaristas e at\u00e9 membros da fam\u00edlia"}]},{"@type":"WebSite","@id":"https:\/\/gazetapernambucana.com\/#website","url":"https:\/\/gazetapernambucana.com\/","name":"","description":"","potentialAction":[{"@type":"SearchAction","target":{"@type":"EntryPoint","urlTemplate":"https:\/\/gazetapernambucana.com\/?s={search_term_string}"},"query-input":{"@type":"PropertyValueSpecification","valueRequired":true,"valueName":"search_term_string"}}],"inLanguage":"pt-BR"},{"@type":"Person","@id":"https:\/\/gazetapernambucana.com\/#\/schema\/person\/188dc283325181ac2de4db1e9e987427","name":"GP","image":{"@type":"ImageObject","inLanguage":"pt-BR","@id":"https:\/\/gazetapernambucana.com\/#\/schema\/person\/image\/","url":"https:\/\/secure.gravatar.com\/avatar\/9dad78ff9a2d8b5742d11779f8a3f53b052320c550b2e1907882353c067bb111?s=96&d=mm&r=g","contentUrl":"https:\/\/secure.gravatar.com\/avatar\/9dad78ff9a2d8b5742d11779f8a3f53b052320c550b2e1907882353c067bb111?s=96&d=mm&r=g","caption":"GP"},"sameAs":["http:\/\/gazetapernambucana.com"],"url":"https:\/\/gazetapernambucana.com\/?author=1"}]}},"jetpack_publicize_connections":[],"_links":{"self":[{"href":"https:\/\/gazetapernambucana.com\/index.php?rest_route=\/wp\/v2\/posts\/1191","targetHints":{"allow":["GET"]}}],"collection":[{"href":"https:\/\/gazetapernambucana.com\/index.php?rest_route=\/wp\/v2\/posts"}],"about":[{"href":"https:\/\/gazetapernambucana.com\/index.php?rest_route=\/wp\/v2\/types\/post"}],"author":[{"embeddable":true,"href":"https:\/\/gazetapernambucana.com\/index.php?rest_route=\/wp\/v2\/users\/1"}],"replies":[{"embeddable":true,"href":"https:\/\/gazetapernambucana.com\/index.php?rest_route=%2Fwp%2Fv2%2Fcomments&post=1191"}],"version-history":[{"count":1,"href":"https:\/\/gazetapernambucana.com\/index.php?rest_route=\/wp\/v2\/posts\/1191\/revisions"}],"predecessor-version":[{"id":1193,"href":"https:\/\/gazetapernambucana.com\/index.php?rest_route=\/wp\/v2\/posts\/1191\/revisions\/1193"}],"wp:featuredmedia":[{"embeddable":true,"href":"https:\/\/gazetapernambucana.com\/index.php?rest_route=\/wp\/v2\/media\/1192"}],"wp:attachment":[{"href":"https:\/\/gazetapernambucana.com\/index.php?rest_route=%2Fwp%2Fv2%2Fmedia&parent=1191"}],"wp:term":[{"taxonomy":"category","embeddable":true,"href":"https:\/\/gazetapernambucana.com\/index.php?rest_route=%2Fwp%2Fv2%2Fcategories&post=1191"},{"taxonomy":"post_tag","embeddable":true,"href":"https:\/\/gazetapernambucana.com\/index.php?rest_route=%2Fwp%2Fv2%2Ftags&post=1191"}],"curies":[{"name":"wp","href":"https:\/\/api.w.org\/{rel}","templated":true}]}}