{"id":1184,"date":"2025-07-02T00:09:48","date_gmt":"2025-07-02T03:09:48","guid":{"rendered":"https:\/\/gazetapernambucana.com\/?p=1184"},"modified":"2025-07-02T00:09:48","modified_gmt":"2025-07-02T03:09:48","slug":"itamaraty-responde-a-the-economist-apos-reportagem-que-arrasa-com-lula","status":"publish","type":"post","link":"https:\/\/gazetapernambucana.com\/?p=1184","title":{"rendered":"Itamaraty responde a \u201cThe Economist\u201d ap\u00f3s reportagem que arrasa com Lula"},"content":{"rendered":"<p><strong><img loading=\"lazy\" decoding=\"async\" class=\"aligncenter\" src=\"https:\/\/s2-g1.glbimg.com\/lIQCwoh6IuQFxqfxGSfPhHBdVGY=\/1280x0\/filters:format(jpeg)\/https:\/\/s01.video.glbimg.com\/x720\/13719680.jpg\" alt=\"'The Economist': Lula perdeu influ\u00eancia no exterior e \u00e9 cada vez menos popular no Brasil\" width=\"316\" height=\"561\" \/>Ricardo Della Coletta<br \/>\n<\/strong><em>Folha<\/em><\/p>\n<p>O governo Lula (PT) enviou uma carta \u00e0 revista The Economist ap\u00f3s a publica\u00e7\u00e3o brit\u00e2nica, em uma reportagem publicada no final de semana, ter classificado o presidente brasileiro como \u201cincoerente no exterior\u201d e \u201cimpopular em casa\u201d.<\/p>\n<p>De acordo com relatos de tr\u00eas pessoas que acompanham as conversas, a necessidade de uma manifesta\u00e7\u00e3o do governo foi discutida em reuni\u00f5es no Pal\u00e1cio do Planalto na segunda-feira (30).<\/p>\n<p><strong>VIA DIPLOM\u00c1TICA<\/strong>\u00a0\u2013 O primeiro compromisso de Lula no dia foi uma audi\u00eancia com o chanceler Mauro Vieira, segundo agenda oficial. Nas conversas no Planalto, foi definido que o Itamaraty conduziria o processo. Na carta, assinada por Vieira, o ministro rebate argumentos da publica\u00e7\u00e3o brit\u00e2nica.<\/p>\n<p>\u201cPoucos l\u00edderes mundiais, como o presidente Lula, podem dizer que sustentam com a mesma coer\u00eancia os quatro pilares essenciais \u00e0 humanidade e ao planeta: democracia, sustentabilidade, paz e multilateralismo\u201d, diz Vieira, na resposta.<\/p>\n<p>\u201cComo presidente do G20, Lula construiu um dif\u00edcil consenso entre os membros, no ano passado, e ao longo do processo logrou criar uma ampla alian\u00e7a global contra a fome e a pobreza. Tamb\u00e9m apresentou uma ousada proposta de taxa\u00e7\u00e3o de bilion\u00e1rios que ter\u00e1 incomodado muitos oligarcas.\u201d<\/p>\n<p><strong>MUNDO MULTIPOLAR<\/strong>\u00a0\u2013 O chanceler tamb\u00e9m diz que o Brasil v\u00ea o Brics \u2014bloco que a The Economist afirmou ter objetivos antiocidentais\u2014 como um ator incontorn\u00e1vel na luta por um mundo multipolar, menos assim\u00e9trico e mais pac\u00edfico.<\/p>\n<p>\u201cA posi\u00e7\u00e3o do Brasil quanto aos ataques ao Ir\u00e3 e, sobretudo, \u00e0s instala\u00e7\u00f5es nucleares \u00e9 coerente com esses princ\u00edpios. Nossa condena\u00e7\u00e3o responde ao fato elementar de que essas a\u00e7\u00f5es constituem uma flagrante transgress\u00e3o da Carta da ONU\u201d, afirma Vieira.<\/p>\n<p>\u201cPara humanistas de todo o mundo, incluindo pol\u00edticos, l\u00edderes empresariais, acad\u00eamicos e defensores dos direitos humanos, o respeito \u00e0 autoridade moral do presidente Lula \u00e9 indiscut\u00edvel\u201d.<\/p>\n<p><strong>VIROU MUNI\u00c7\u00c3O<\/strong>\u00a0\u2013 A reportagem da prestigiosa revista brit\u00e2nica com cr\u00edticas a Lula virou muni\u00e7\u00e3o para advers\u00e1rios pol\u00edticos atacarem o petista.<\/p>\n<p>Em publica\u00e7\u00e3o nas redes sociais, o senador Fl\u00e1vio Bolsonaro (PL-RJ), filho mais velho do ex-presidente Jair Bolsonaro (PL), disse que a revista \u201chumilha Lula\u201d e que est\u00e1 na hora de o presidente \u201cir embora\u201d. \u201cN\u00e3o d\u00e1 mais para esse senhor ocupar o cargo mais importante do pa\u00eds. Chega\u201d, escreveu.<\/p>\n<p>O senador Sergio Moro (Uni\u00e3o Brasil-PR), declarado um juiz parcial pelo STF enquanto julgou o petista na Lava Jato, compartilhou a reportagem nas redes sociais e escreveu que a revista est\u00e1 \u201cdando a real sobre o Lula\u201d.<\/p>\n<p><strong>NA CONTRAM\u00c3O<\/strong>\u00a0\u2013 Na reportagem, a revista diz que o posicionamento do Itamaraty que condenou os ataques dos Estados Unidos contra instala\u00e7\u00f5es nucleares do Ir\u00e3 foi na contram\u00e3o do que outras democracias ocidentais disseram sobre o tema.<\/p>\n<p>A Economist afirma ainda que o Brasil de Lula, ao engajar-se num bloco dos Brics fortemente influenciado pelas agendas da China e da R\u00fassia, adota posturas que parecem cada vez mais \u201chostis ao Ocidente\u201d.<\/p>\n<p>\u201cO papel do Brasil no centro de um Brics expandido e dominado por um regime mais autorit\u00e1rio faz parte da pol\u00edtica externa cada vez mais incoerente de Lula\u201d, diz a revista.<\/p>\n<p>H\u00e1 ainda cr\u00edticas no campo interno. A Economist menciona a queda de popularidade de Lula. Tamb\u00e9m destaca a vota\u00e7\u00e3o no Congresso que derrubou um decreto presidencial que previa um aumento no IOF, fato que mostrou fragilidade na rela\u00e7\u00e3o com Executivo com o Congresso.<\/p>\n","protected":false},"excerpt":{"rendered":"<p>Ricardo Della Coletta Folha O governo Lula (PT) enviou uma carta \u00e0 revista The Economist ap\u00f3s a publica\u00e7\u00e3o brit\u00e2nica, em uma reportagem publicada no final de semana, ter classificado o presidente brasileiro como \u201cincoerente no exterior\u201d e \u201cimpopular em casa\u201d. De acordo com relatos de tr\u00eas pessoas que acompanham as conversas, a necessidade de uma [&hellip;]<\/p>\n","protected":false},"author":1,"featured_media":1185,"comment_status":"open","ping_status":"open","sticky":false,"template":"","format":"standard","meta":{"footnotes":"","jetpack_publicize_message":"","jetpack_publicize_feature_enabled":true,"jetpack_social_post_already_shared":false,"jetpack_social_options":{"image_generator_settings":{"template":"highway","default_image_id":0,"font":"","enabled":false},"version":2}},"categories":[37,65],"tags":[],"class_list":["post-1184","post","type-post","status-publish","format-standard","has-post-thumbnail","hentry","category-https-gazetapernambucana-com-page_id212","category-politica"],"yoast_head":"<!-- This site is optimized with the Yoast SEO plugin v24.5 - https:\/\/yoast.com\/wordpress\/plugins\/seo\/ -->\n<title>Itamaraty responde a \u201cThe Economist\u201d ap\u00f3s reportagem que arrasa com Lula -<\/title>\n<meta name=\"robots\" content=\"index, follow, max-snippet:-1, max-image-preview:large, max-video-preview:-1\" \/>\n<link rel=\"canonical\" href=\"https:\/\/gazetapernambucana.com\/?p=1184\" \/>\n<meta property=\"og:locale\" content=\"pt_BR\" \/>\n<meta property=\"og:type\" content=\"article\" \/>\n<meta property=\"og:title\" content=\"Itamaraty responde a \u201cThe Economist\u201d ap\u00f3s reportagem que arrasa com Lula -\" \/>\n<meta property=\"og:description\" content=\"Ricardo Della Coletta Folha O governo Lula (PT) enviou uma carta \u00e0 revista The Economist ap\u00f3s a publica\u00e7\u00e3o brit\u00e2nica, em uma reportagem publicada no final de semana, ter classificado o presidente brasileiro como \u201cincoerente no exterior\u201d e \u201cimpopular em casa\u201d. De acordo com relatos de tr\u00eas pessoas que acompanham as conversas, a necessidade de uma [&hellip;]\" \/>\n<meta property=\"og:url\" content=\"https:\/\/gazetapernambucana.com\/?p=1184\" \/>\n<meta property=\"article:published_time\" content=\"2025-07-02T03:09:48+00:00\" \/>\n<meta property=\"og:image\" content=\"https:\/\/gazetapernambucana.com\/wp-content\/uploads\/2025\/07\/13719680.jpg\" \/>\n\t<meta property=\"og:image:width\" content=\"1280\" \/>\n\t<meta property=\"og:image:height\" content=\"2276\" \/>\n\t<meta property=\"og:image:type\" content=\"image\/jpeg\" \/>\n<meta name=\"author\" content=\"GP\" \/>\n<meta name=\"twitter:card\" content=\"summary_large_image\" \/>\n<meta name=\"twitter:label1\" content=\"Escrito por\" \/>\n\t<meta name=\"twitter:data1\" content=\"GP\" \/>\n\t<meta name=\"twitter:label2\" content=\"Est. tempo de leitura\" \/>\n\t<meta name=\"twitter:data2\" content=\"4 minutos\" \/>\n<script type=\"application\/ld+json\" class=\"yoast-schema-graph\">{\"@context\":\"https:\/\/schema.org\",\"@graph\":[{\"@type\":\"WebPage\",\"@id\":\"https:\/\/gazetapernambucana.com\/?p=1184\",\"url\":\"https:\/\/gazetapernambucana.com\/?p=1184\",\"name\":\"Itamaraty responde a \u201cThe Economist\u201d ap\u00f3s reportagem que arrasa com Lula -\",\"isPartOf\":{\"@id\":\"https:\/\/gazetapernambucana.com\/#website\"},\"primaryImageOfPage\":{\"@id\":\"https:\/\/gazetapernambucana.com\/?p=1184#primaryimage\"},\"image\":{\"@id\":\"https:\/\/gazetapernambucana.com\/?p=1184#primaryimage\"},\"thumbnailUrl\":\"https:\/\/gazetapernambucana.com\/wp-content\/uploads\/2025\/07\/13719680.jpg\",\"datePublished\":\"2025-07-02T03:09:48+00:00\",\"author\":{\"@id\":\"https:\/\/gazetapernambucana.com\/#\/schema\/person\/188dc283325181ac2de4db1e9e987427\"},\"breadcrumb\":{\"@id\":\"https:\/\/gazetapernambucana.com\/?p=1184#breadcrumb\"},\"inLanguage\":\"pt-BR\",\"potentialAction\":[{\"@type\":\"ReadAction\",\"target\":[\"https:\/\/gazetapernambucana.com\/?p=1184\"]}]},{\"@type\":\"ImageObject\",\"inLanguage\":\"pt-BR\",\"@id\":\"https:\/\/gazetapernambucana.com\/?p=1184#primaryimage\",\"url\":\"https:\/\/gazetapernambucana.com\/wp-content\/uploads\/2025\/07\/13719680.jpg\",\"contentUrl\":\"https:\/\/gazetapernambucana.com\/wp-content\/uploads\/2025\/07\/13719680.jpg\",\"width\":1280,\"height\":2276},{\"@type\":\"BreadcrumbList\",\"@id\":\"https:\/\/gazetapernambucana.com\/?p=1184#breadcrumb\",\"itemListElement\":[{\"@type\":\"ListItem\",\"position\":1,\"name\":\"In\u00edcio\",\"item\":\"https:\/\/gazetapernambucana.com\/\"},{\"@type\":\"ListItem\",\"position\":2,\"name\":\"Itamaraty responde a \u201cThe Economist\u201d ap\u00f3s reportagem que arrasa com Lula\"}]},{\"@type\":\"WebSite\",\"@id\":\"https:\/\/gazetapernambucana.com\/#website\",\"url\":\"https:\/\/gazetapernambucana.com\/\",\"name\":\"\",\"description\":\"\",\"potentialAction\":[{\"@type\":\"SearchAction\",\"target\":{\"@type\":\"EntryPoint\",\"urlTemplate\":\"https:\/\/gazetapernambucana.com\/?s={search_term_string}\"},\"query-input\":{\"@type\":\"PropertyValueSpecification\",\"valueRequired\":true,\"valueName\":\"search_term_string\"}}],\"inLanguage\":\"pt-BR\"},{\"@type\":\"Person\",\"@id\":\"https:\/\/gazetapernambucana.com\/#\/schema\/person\/188dc283325181ac2de4db1e9e987427\",\"name\":\"GP\",\"image\":{\"@type\":\"ImageObject\",\"inLanguage\":\"pt-BR\",\"@id\":\"https:\/\/gazetapernambucana.com\/#\/schema\/person\/image\/\",\"url\":\"https:\/\/secure.gravatar.com\/avatar\/9dad78ff9a2d8b5742d11779f8a3f53b052320c550b2e1907882353c067bb111?s=96&d=mm&r=g\",\"contentUrl\":\"https:\/\/secure.gravatar.com\/avatar\/9dad78ff9a2d8b5742d11779f8a3f53b052320c550b2e1907882353c067bb111?s=96&d=mm&r=g\",\"caption\":\"GP\"},\"sameAs\":[\"http:\/\/gazetapernambucana.com\"],\"url\":\"https:\/\/gazetapernambucana.com\/?author=1\"}]}<\/script>\n<!-- \/ Yoast SEO plugin. -->","yoast_head_json":{"title":"Itamaraty responde a \u201cThe Economist\u201d ap\u00f3s reportagem que arrasa com Lula -","robots":{"index":"index","follow":"follow","max-snippet":"max-snippet:-1","max-image-preview":"max-image-preview:large","max-video-preview":"max-video-preview:-1"},"canonical":"https:\/\/gazetapernambucana.com\/?p=1184","og_locale":"pt_BR","og_type":"article","og_title":"Itamaraty responde a \u201cThe Economist\u201d ap\u00f3s reportagem que arrasa com Lula -","og_description":"Ricardo Della Coletta Folha O governo Lula (PT) enviou uma carta \u00e0 revista The Economist ap\u00f3s a publica\u00e7\u00e3o brit\u00e2nica, em uma reportagem publicada no final de semana, ter classificado o presidente brasileiro como \u201cincoerente no exterior\u201d e \u201cimpopular em casa\u201d. De acordo com relatos de tr\u00eas pessoas que acompanham as conversas, a necessidade de uma [&hellip;]","og_url":"https:\/\/gazetapernambucana.com\/?p=1184","article_published_time":"2025-07-02T03:09:48+00:00","og_image":[{"width":1280,"height":2276,"url":"https:\/\/gazetapernambucana.com\/wp-content\/uploads\/2025\/07\/13719680.jpg","type":"image\/jpeg"}],"author":"GP","twitter_card":"summary_large_image","twitter_misc":{"Escrito por":"GP","Est. tempo de leitura":"4 minutos"},"schema":{"@context":"https:\/\/schema.org","@graph":[{"@type":"WebPage","@id":"https:\/\/gazetapernambucana.com\/?p=1184","url":"https:\/\/gazetapernambucana.com\/?p=1184","name":"Itamaraty responde a \u201cThe Economist\u201d ap\u00f3s reportagem que arrasa com Lula -","isPartOf":{"@id":"https:\/\/gazetapernambucana.com\/#website"},"primaryImageOfPage":{"@id":"https:\/\/gazetapernambucana.com\/?p=1184#primaryimage"},"image":{"@id":"https:\/\/gazetapernambucana.com\/?p=1184#primaryimage"},"thumbnailUrl":"https:\/\/gazetapernambucana.com\/wp-content\/uploads\/2025\/07\/13719680.jpg","datePublished":"2025-07-02T03:09:48+00:00","author":{"@id":"https:\/\/gazetapernambucana.com\/#\/schema\/person\/188dc283325181ac2de4db1e9e987427"},"breadcrumb":{"@id":"https:\/\/gazetapernambucana.com\/?p=1184#breadcrumb"},"inLanguage":"pt-BR","potentialAction":[{"@type":"ReadAction","target":["https:\/\/gazetapernambucana.com\/?p=1184"]}]},{"@type":"ImageObject","inLanguage":"pt-BR","@id":"https:\/\/gazetapernambucana.com\/?p=1184#primaryimage","url":"https:\/\/gazetapernambucana.com\/wp-content\/uploads\/2025\/07\/13719680.jpg","contentUrl":"https:\/\/gazetapernambucana.com\/wp-content\/uploads\/2025\/07\/13719680.jpg","width":1280,"height":2276},{"@type":"BreadcrumbList","@id":"https:\/\/gazetapernambucana.com\/?p=1184#breadcrumb","itemListElement":[{"@type":"ListItem","position":1,"name":"In\u00edcio","item":"https:\/\/gazetapernambucana.com\/"},{"@type":"ListItem","position":2,"name":"Itamaraty responde a \u201cThe Economist\u201d ap\u00f3s reportagem que arrasa com Lula"}]},{"@type":"WebSite","@id":"https:\/\/gazetapernambucana.com\/#website","url":"https:\/\/gazetapernambucana.com\/","name":"","description":"","potentialAction":[{"@type":"SearchAction","target":{"@type":"EntryPoint","urlTemplate":"https:\/\/gazetapernambucana.com\/?s={search_term_string}"},"query-input":{"@type":"PropertyValueSpecification","valueRequired":true,"valueName":"search_term_string"}}],"inLanguage":"pt-BR"},{"@type":"Person","@id":"https:\/\/gazetapernambucana.com\/#\/schema\/person\/188dc283325181ac2de4db1e9e987427","name":"GP","image":{"@type":"ImageObject","inLanguage":"pt-BR","@id":"https:\/\/gazetapernambucana.com\/#\/schema\/person\/image\/","url":"https:\/\/secure.gravatar.com\/avatar\/9dad78ff9a2d8b5742d11779f8a3f53b052320c550b2e1907882353c067bb111?s=96&d=mm&r=g","contentUrl":"https:\/\/secure.gravatar.com\/avatar\/9dad78ff9a2d8b5742d11779f8a3f53b052320c550b2e1907882353c067bb111?s=96&d=mm&r=g","caption":"GP"},"sameAs":["http:\/\/gazetapernambucana.com"],"url":"https:\/\/gazetapernambucana.com\/?author=1"}]}},"jetpack_publicize_connections":[],"_links":{"self":[{"href":"https:\/\/gazetapernambucana.com\/index.php?rest_route=\/wp\/v2\/posts\/1184","targetHints":{"allow":["GET"]}}],"collection":[{"href":"https:\/\/gazetapernambucana.com\/index.php?rest_route=\/wp\/v2\/posts"}],"about":[{"href":"https:\/\/gazetapernambucana.com\/index.php?rest_route=\/wp\/v2\/types\/post"}],"author":[{"embeddable":true,"href":"https:\/\/gazetapernambucana.com\/index.php?rest_route=\/wp\/v2\/users\/1"}],"replies":[{"embeddable":true,"href":"https:\/\/gazetapernambucana.com\/index.php?rest_route=%2Fwp%2Fv2%2Fcomments&post=1184"}],"version-history":[{"count":1,"href":"https:\/\/gazetapernambucana.com\/index.php?rest_route=\/wp\/v2\/posts\/1184\/revisions"}],"predecessor-version":[{"id":1186,"href":"https:\/\/gazetapernambucana.com\/index.php?rest_route=\/wp\/v2\/posts\/1184\/revisions\/1186"}],"wp:featuredmedia":[{"embeddable":true,"href":"https:\/\/gazetapernambucana.com\/index.php?rest_route=\/wp\/v2\/media\/1185"}],"wp:attachment":[{"href":"https:\/\/gazetapernambucana.com\/index.php?rest_route=%2Fwp%2Fv2%2Fmedia&parent=1184"}],"wp:term":[{"taxonomy":"category","embeddable":true,"href":"https:\/\/gazetapernambucana.com\/index.php?rest_route=%2Fwp%2Fv2%2Fcategories&post=1184"},{"taxonomy":"post_tag","embeddable":true,"href":"https:\/\/gazetapernambucana.com\/index.php?rest_route=%2Fwp%2Fv2%2Ftags&post=1184"}],"curies":[{"name":"wp","href":"https:\/\/api.w.org\/{rel}","templated":true}]}}