{"id":1180,"date":"2025-07-02T00:01:01","date_gmt":"2025-07-02T03:01:01","guid":{"rendered":"https:\/\/gazetapernambucana.com\/?p=1180"},"modified":"2025-07-02T00:01:43","modified_gmt":"2025-07-02T03:01:43","slug":"1180","status":"publish","type":"post","link":"https:\/\/gazetapernambucana.com\/?p=1180","title":{"rendered":"Raquel Lyra reativa Daniel Coelho e movimenta o xadrez de 2026"},"content":{"rendered":"<p data-start=\"341\" data-end=\"843\"><strong> <img loading=\"lazy\" decoding=\"async\" class=\"alignnone size-medium wp-image-1181\" src=\"http:\/\/gazetapernambucana.com\/wp-content\/uploads\/2025\/07\/download-2-300x120.jpg\" alt=\"\" width=\"300\" height=\"120\" srcset=\"https:\/\/gazetapernambucana.com\/wp-content\/uploads\/2025\/07\/download-2-300x120.jpg 300w, https:\/\/gazetapernambucana.com\/wp-content\/uploads\/2025\/07\/download-2-1024x410.jpg 1024w, https:\/\/gazetapernambucana.com\/wp-content\/uploads\/2025\/07\/download-2-768x307.jpg 768w, https:\/\/gazetapernambucana.com\/wp-content\/uploads\/2025\/07\/download-2-1536x614.jpg 1536w, https:\/\/gazetapernambucana.com\/wp-content\/uploads\/2025\/07\/download-2.jpg 2048w\" sizes=\"auto, (max-width: 300px) 100vw, 300px\" \/>\u00a0 Raquel Lyra reativa Daniel Coelho e movimenta o xadrez de 2026 &#8211; <\/strong>Num gesto que surpreende os que ainda pensam a pol\u00edtica apenas pelo que ela parece e n\u00e3o pelo que ela projeta, a governadora Raquel Lyra decidiu trazer de volta ao centro do governo estadual o ex-deputado federal Daniel Coelho, nomeando-o secret\u00e1rio de Meio Ambiente, Sustentabilidade e Fernando de Noronha. A escolha pode parecer, \u00e0 primeira vista, uma simples reposi\u00e7\u00e3o t\u00e9cnica em uma pasta estrat\u00e9gica. Mas, na verdade, trata-se de uma movimenta\u00e7\u00e3o com clara leitura pol\u00edtica de m\u00e9dio e longo prazo.<\/p>\n<p data-start=\"845\" data-end=\"1296\">Raquel Lyra sabe que 2026 come\u00e7ou muito antes do previsto. O mapa eleitoral j\u00e1 est\u00e1 em redesenho, as for\u00e7as tradicionais est\u00e3o em reorganiza\u00e7\u00e3o, e o desgaste precoce de figuras outrora intoc\u00e1veis abre espa\u00e7o para reabilita\u00e7\u00f5es pol\u00edticas que possam somar, dividir ou desestabilizar. O retorno de Daniel, que andava em sil\u00eancio ap\u00f3s derrotas eleitorais seguidas, pode parecer um aceno de reconcilia\u00e7\u00e3o. Mas \u00e9, sobretudo, um c\u00e1lculo frio de oportunidade.<\/p>\n<p data-start=\"1298\" data-end=\"1732\">Daniel Coelho, que teve em Noronha e nas pautas ambientais uma de suas primeiras vitrines pol\u00edticas, volta a ocupar a cena num cargo que oferece n\u00e3o apenas visibilidade, mas conex\u00e3o direta com temas caros ao eleitorado jovem, urbano e progressista \u2014 setores que podem pesar em disputas futuras. A pasta ambiental deixou de ser apenas simb\u00f3lica: ela \u00e9 hoje term\u00f4metro de modernidade, consci\u00eancia global e pacto com a sustentabilidade.<\/p>\n<p data-start=\"1734\" data-end=\"2166\">Mas a nomea\u00e7\u00e3o tamb\u00e9m revela que Raquel Lyra tenta montar um governo que transcenda sua bolha partid\u00e1ria, absorvendo for\u00e7as fragmentadas da direita liberal para se contrapor aos grupos lulistas e \u00e0 velha guarda da pol\u00edtica local. Daniel pode ser \u00fatil nesse projeto. Mesmo desgastado, ainda tem recall, presen\u00e7a em debates p\u00fablicos e sabe construir narrativas. Mais do que um cargo, Raquel lhe oferece uma trincheira de reconstru\u00e7\u00e3o.<\/p>\n<p data-start=\"2168\" data-end=\"2489\">\u00c9 preciso entender tamb\u00e9m que essa convoca\u00e7\u00e3o \u00e9 uma forma da governadora deixar recados: um, para sua pr\u00f3pria base, mostrando que \u00e9 ela quem controla a porta de entrada e sa\u00edda do poder; dois, para seus advers\u00e1rios, sinalizando que est\u00e1 disposta a recompor alian\u00e7as com antigos desafetos se isso lhe der f\u00f4lego para 2026.<\/p>\n<p data-start=\"2491\" data-end=\"2819\">Se Daniel vai conseguir reerguer sua imagem e se tornar, novamente, um nome competitivo, s\u00f3 o tempo dir\u00e1. Mas ao aceitar o desafio, ele volta ao jogo com uma carta na manga e, talvez, um novo discurso. A pol\u00edtica \u00e9 feita de sobreviventes \u2014 e Raquel Lyra acaba de oferecer a Daniel Coelho uma boia no mar revolto da irrelev\u00e2ncia.<\/p>\n<p data-start=\"2821\" data-end=\"2974\">Se o gesto \u00e9 estrat\u00e9gico ou arriscado, o futuro revelar\u00e1. Mas que foi um lance de quem est\u00e1 enxergando mais adiante no tabuleiro, disso n\u00e3o resta d\u00favida.<\/p>\n","protected":false},"excerpt":{"rendered":"<p>\u00a0 Raquel Lyra reativa Daniel Coelho e movimenta o xadrez de 2026 &#8211; Num gesto que surpreende os que ainda pensam a pol\u00edtica apenas pelo que ela parece e n\u00e3o pelo que ela projeta, a governadora Raquel Lyra decidiu trazer de volta ao centro do governo estadual o ex-deputado federal Daniel Coelho, nomeando-o secret\u00e1rio de [&hellip;]<\/p>\n","protected":false},"author":1,"featured_media":1181,"comment_status":"open","ping_status":"open","sticky":false,"template":"","format":"standard","meta":{"footnotes":"","jetpack_publicize_message":"","jetpack_publicize_feature_enabled":true,"jetpack_social_post_already_shared":false,"jetpack_social_options":{"image_generator_settings":{"template":"highway","default_image_id":0,"font":"","enabled":false},"version":2}},"categories":[76,65],"tags":[],"class_list":["post-1180","post","type-post","status-publish","format-standard","has-post-thumbnail","hentry","category-opiniao","category-politica"],"yoast_head":"<!-- This site is optimized with the Yoast SEO plugin v24.5 - https:\/\/yoast.com\/wordpress\/plugins\/seo\/ -->\n<title>Raquel Lyra reativa Daniel Coelho e movimenta o xadrez de 2026 -<\/title>\n<meta name=\"robots\" content=\"index, follow, max-snippet:-1, max-image-preview:large, max-video-preview:-1\" \/>\n<link rel=\"canonical\" href=\"https:\/\/gazetapernambucana.com\/?p=1180\" \/>\n<meta property=\"og:locale\" content=\"pt_BR\" \/>\n<meta property=\"og:type\" content=\"article\" \/>\n<meta property=\"og:title\" content=\"Raquel Lyra reativa Daniel Coelho e movimenta o xadrez de 2026 -\" \/>\n<meta property=\"og:description\" content=\"\u00a0 Raquel Lyra reativa Daniel Coelho e movimenta o xadrez de 2026 &#8211; Num gesto que surpreende os que ainda pensam a pol\u00edtica apenas pelo que ela parece e n\u00e3o pelo que ela projeta, a governadora Raquel Lyra decidiu trazer de volta ao centro do governo estadual o ex-deputado federal Daniel Coelho, nomeando-o secret\u00e1rio de [&hellip;]\" \/>\n<meta property=\"og:url\" content=\"https:\/\/gazetapernambucana.com\/?p=1180\" \/>\n<meta property=\"article:published_time\" content=\"2025-07-02T03:01:01+00:00\" \/>\n<meta property=\"article:modified_time\" content=\"2025-07-02T03:01:43+00:00\" \/>\n<meta property=\"og:image\" content=\"https:\/\/gazetapernambucana.com\/wp-content\/uploads\/2025\/07\/download-2.jpg\" \/>\n\t<meta property=\"og:image:width\" content=\"2048\" \/>\n\t<meta property=\"og:image:height\" content=\"819\" \/>\n\t<meta property=\"og:image:type\" content=\"image\/jpeg\" \/>\n<meta name=\"author\" content=\"GP\" \/>\n<meta name=\"twitter:card\" content=\"summary_large_image\" \/>\n<meta name=\"twitter:label1\" content=\"Escrito por\" \/>\n\t<meta name=\"twitter:data1\" content=\"GP\" \/>\n\t<meta name=\"twitter:label2\" content=\"Est. tempo de leitura\" \/>\n\t<meta name=\"twitter:data2\" content=\"3 minutos\" \/>\n<script type=\"application\/ld+json\" class=\"yoast-schema-graph\">{\"@context\":\"https:\/\/schema.org\",\"@graph\":[{\"@type\":\"WebPage\",\"@id\":\"https:\/\/gazetapernambucana.com\/?p=1180\",\"url\":\"https:\/\/gazetapernambucana.com\/?p=1180\",\"name\":\"Raquel Lyra reativa Daniel Coelho e movimenta o xadrez de 2026 -\",\"isPartOf\":{\"@id\":\"https:\/\/gazetapernambucana.com\/#website\"},\"primaryImageOfPage\":{\"@id\":\"https:\/\/gazetapernambucana.com\/?p=1180#primaryimage\"},\"image\":{\"@id\":\"https:\/\/gazetapernambucana.com\/?p=1180#primaryimage\"},\"thumbnailUrl\":\"https:\/\/gazetapernambucana.com\/wp-content\/uploads\/2025\/07\/download-2.jpg\",\"datePublished\":\"2025-07-02T03:01:01+00:00\",\"dateModified\":\"2025-07-02T03:01:43+00:00\",\"author\":{\"@id\":\"https:\/\/gazetapernambucana.com\/#\/schema\/person\/188dc283325181ac2de4db1e9e987427\"},\"breadcrumb\":{\"@id\":\"https:\/\/gazetapernambucana.com\/?p=1180#breadcrumb\"},\"inLanguage\":\"pt-BR\",\"potentialAction\":[{\"@type\":\"ReadAction\",\"target\":[\"https:\/\/gazetapernambucana.com\/?p=1180\"]}]},{\"@type\":\"ImageObject\",\"inLanguage\":\"pt-BR\",\"@id\":\"https:\/\/gazetapernambucana.com\/?p=1180#primaryimage\",\"url\":\"https:\/\/gazetapernambucana.com\/wp-content\/uploads\/2025\/07\/download-2.jpg\",\"contentUrl\":\"https:\/\/gazetapernambucana.com\/wp-content\/uploads\/2025\/07\/download-2.jpg\",\"width\":2048,\"height\":819},{\"@type\":\"BreadcrumbList\",\"@id\":\"https:\/\/gazetapernambucana.com\/?p=1180#breadcrumb\",\"itemListElement\":[{\"@type\":\"ListItem\",\"position\":1,\"name\":\"In\u00edcio\",\"item\":\"https:\/\/gazetapernambucana.com\/\"},{\"@type\":\"ListItem\",\"position\":2,\"name\":\"Raquel Lyra reativa Daniel Coelho e movimenta o xadrez de 2026\"}]},{\"@type\":\"WebSite\",\"@id\":\"https:\/\/gazetapernambucana.com\/#website\",\"url\":\"https:\/\/gazetapernambucana.com\/\",\"name\":\"\",\"description\":\"\",\"potentialAction\":[{\"@type\":\"SearchAction\",\"target\":{\"@type\":\"EntryPoint\",\"urlTemplate\":\"https:\/\/gazetapernambucana.com\/?s={search_term_string}\"},\"query-input\":{\"@type\":\"PropertyValueSpecification\",\"valueRequired\":true,\"valueName\":\"search_term_string\"}}],\"inLanguage\":\"pt-BR\"},{\"@type\":\"Person\",\"@id\":\"https:\/\/gazetapernambucana.com\/#\/schema\/person\/188dc283325181ac2de4db1e9e987427\",\"name\":\"GP\",\"image\":{\"@type\":\"ImageObject\",\"inLanguage\":\"pt-BR\",\"@id\":\"https:\/\/gazetapernambucana.com\/#\/schema\/person\/image\/\",\"url\":\"https:\/\/secure.gravatar.com\/avatar\/9dad78ff9a2d8b5742d11779f8a3f53b052320c550b2e1907882353c067bb111?s=96&d=mm&r=g\",\"contentUrl\":\"https:\/\/secure.gravatar.com\/avatar\/9dad78ff9a2d8b5742d11779f8a3f53b052320c550b2e1907882353c067bb111?s=96&d=mm&r=g\",\"caption\":\"GP\"},\"sameAs\":[\"http:\/\/gazetapernambucana.com\"],\"url\":\"https:\/\/gazetapernambucana.com\/?author=1\"}]}<\/script>\n<!-- \/ Yoast SEO plugin. -->","yoast_head_json":{"title":"Raquel Lyra reativa Daniel Coelho e movimenta o xadrez de 2026 -","robots":{"index":"index","follow":"follow","max-snippet":"max-snippet:-1","max-image-preview":"max-image-preview:large","max-video-preview":"max-video-preview:-1"},"canonical":"https:\/\/gazetapernambucana.com\/?p=1180","og_locale":"pt_BR","og_type":"article","og_title":"Raquel Lyra reativa Daniel Coelho e movimenta o xadrez de 2026 -","og_description":"\u00a0 Raquel Lyra reativa Daniel Coelho e movimenta o xadrez de 2026 &#8211; Num gesto que surpreende os que ainda pensam a pol\u00edtica apenas pelo que ela parece e n\u00e3o pelo que ela projeta, a governadora Raquel Lyra decidiu trazer de volta ao centro do governo estadual o ex-deputado federal Daniel Coelho, nomeando-o secret\u00e1rio de [&hellip;]","og_url":"https:\/\/gazetapernambucana.com\/?p=1180","article_published_time":"2025-07-02T03:01:01+00:00","article_modified_time":"2025-07-02T03:01:43+00:00","og_image":[{"width":2048,"height":819,"url":"https:\/\/gazetapernambucana.com\/wp-content\/uploads\/2025\/07\/download-2.jpg","type":"image\/jpeg"}],"author":"GP","twitter_card":"summary_large_image","twitter_misc":{"Escrito por":"GP","Est. tempo de leitura":"3 minutos"},"schema":{"@context":"https:\/\/schema.org","@graph":[{"@type":"WebPage","@id":"https:\/\/gazetapernambucana.com\/?p=1180","url":"https:\/\/gazetapernambucana.com\/?p=1180","name":"Raquel Lyra reativa Daniel Coelho e movimenta o xadrez de 2026 -","isPartOf":{"@id":"https:\/\/gazetapernambucana.com\/#website"},"primaryImageOfPage":{"@id":"https:\/\/gazetapernambucana.com\/?p=1180#primaryimage"},"image":{"@id":"https:\/\/gazetapernambucana.com\/?p=1180#primaryimage"},"thumbnailUrl":"https:\/\/gazetapernambucana.com\/wp-content\/uploads\/2025\/07\/download-2.jpg","datePublished":"2025-07-02T03:01:01+00:00","dateModified":"2025-07-02T03:01:43+00:00","author":{"@id":"https:\/\/gazetapernambucana.com\/#\/schema\/person\/188dc283325181ac2de4db1e9e987427"},"breadcrumb":{"@id":"https:\/\/gazetapernambucana.com\/?p=1180#breadcrumb"},"inLanguage":"pt-BR","potentialAction":[{"@type":"ReadAction","target":["https:\/\/gazetapernambucana.com\/?p=1180"]}]},{"@type":"ImageObject","inLanguage":"pt-BR","@id":"https:\/\/gazetapernambucana.com\/?p=1180#primaryimage","url":"https:\/\/gazetapernambucana.com\/wp-content\/uploads\/2025\/07\/download-2.jpg","contentUrl":"https:\/\/gazetapernambucana.com\/wp-content\/uploads\/2025\/07\/download-2.jpg","width":2048,"height":819},{"@type":"BreadcrumbList","@id":"https:\/\/gazetapernambucana.com\/?p=1180#breadcrumb","itemListElement":[{"@type":"ListItem","position":1,"name":"In\u00edcio","item":"https:\/\/gazetapernambucana.com\/"},{"@type":"ListItem","position":2,"name":"Raquel Lyra reativa Daniel Coelho e movimenta o xadrez de 2026"}]},{"@type":"WebSite","@id":"https:\/\/gazetapernambucana.com\/#website","url":"https:\/\/gazetapernambucana.com\/","name":"","description":"","potentialAction":[{"@type":"SearchAction","target":{"@type":"EntryPoint","urlTemplate":"https:\/\/gazetapernambucana.com\/?s={search_term_string}"},"query-input":{"@type":"PropertyValueSpecification","valueRequired":true,"valueName":"search_term_string"}}],"inLanguage":"pt-BR"},{"@type":"Person","@id":"https:\/\/gazetapernambucana.com\/#\/schema\/person\/188dc283325181ac2de4db1e9e987427","name":"GP","image":{"@type":"ImageObject","inLanguage":"pt-BR","@id":"https:\/\/gazetapernambucana.com\/#\/schema\/person\/image\/","url":"https:\/\/secure.gravatar.com\/avatar\/9dad78ff9a2d8b5742d11779f8a3f53b052320c550b2e1907882353c067bb111?s=96&d=mm&r=g","contentUrl":"https:\/\/secure.gravatar.com\/avatar\/9dad78ff9a2d8b5742d11779f8a3f53b052320c550b2e1907882353c067bb111?s=96&d=mm&r=g","caption":"GP"},"sameAs":["http:\/\/gazetapernambucana.com"],"url":"https:\/\/gazetapernambucana.com\/?author=1"}]}},"jetpack_publicize_connections":[],"_links":{"self":[{"href":"https:\/\/gazetapernambucana.com\/index.php?rest_route=\/wp\/v2\/posts\/1180","targetHints":{"allow":["GET"]}}],"collection":[{"href":"https:\/\/gazetapernambucana.com\/index.php?rest_route=\/wp\/v2\/posts"}],"about":[{"href":"https:\/\/gazetapernambucana.com\/index.php?rest_route=\/wp\/v2\/types\/post"}],"author":[{"embeddable":true,"href":"https:\/\/gazetapernambucana.com\/index.php?rest_route=\/wp\/v2\/users\/1"}],"replies":[{"embeddable":true,"href":"https:\/\/gazetapernambucana.com\/index.php?rest_route=%2Fwp%2Fv2%2Fcomments&post=1180"}],"version-history":[{"count":2,"href":"https:\/\/gazetapernambucana.com\/index.php?rest_route=\/wp\/v2\/posts\/1180\/revisions"}],"predecessor-version":[{"id":1183,"href":"https:\/\/gazetapernambucana.com\/index.php?rest_route=\/wp\/v2\/posts\/1180\/revisions\/1183"}],"wp:featuredmedia":[{"embeddable":true,"href":"https:\/\/gazetapernambucana.com\/index.php?rest_route=\/wp\/v2\/media\/1181"}],"wp:attachment":[{"href":"https:\/\/gazetapernambucana.com\/index.php?rest_route=%2Fwp%2Fv2%2Fmedia&parent=1180"}],"wp:term":[{"taxonomy":"category","embeddable":true,"href":"https:\/\/gazetapernambucana.com\/index.php?rest_route=%2Fwp%2Fv2%2Fcategories&post=1180"},{"taxonomy":"post_tag","embeddable":true,"href":"https:\/\/gazetapernambucana.com\/index.php?rest_route=%2Fwp%2Fv2%2Ftags&post=1180"}],"curies":[{"name":"wp","href":"https:\/\/api.w.org\/{rel}","templated":true}]}}