{"id":1177,"date":"2025-07-01T21:08:28","date_gmt":"2025-07-02T00:08:28","guid":{"rendered":"https:\/\/gazetapernambucana.com\/?p=1177"},"modified":"2025-07-01T21:08:28","modified_gmt":"2025-07-02T00:08:28","slug":"sileno-reforca-parceria-com-marcilio-vai-fazer-goiana-avancar","status":"publish","type":"post","link":"https:\/\/gazetapernambucana.com\/?p=1177","title":{"rendered":"Sileno refor\u00e7a parceria com Marcilio: \u201cvai fazer Goiana avan\u00e7ar\u201d"},"content":{"rendered":"<figure class=\"wp-block-image size-large\"><img loading=\"lazy\" decoding=\"async\" class=\"wp-image-150876\" src=\"https:\/\/blogcenario.com.br\/wp-content\/uploads\/2025\/07\/IMG_7485-1024x683.jpeg\" sizes=\"auto, (max-width: 1024px) 100vw, 1024px\" srcset=\"https:\/\/blogcenario.com.br\/wp-content\/uploads\/2025\/07\/IMG_7485-1024x683.jpeg 1024w, https:\/\/blogcenario.com.br\/wp-content\/uploads\/2025\/07\/IMG_7485-300x200.jpeg 300w, https:\/\/blogcenario.com.br\/wp-content\/uploads\/2025\/07\/IMG_7485-768x512.jpeg 768w, https:\/\/blogcenario.com.br\/wp-content\/uploads\/2025\/07\/IMG_7485-1536x1024.jpeg 1536w, https:\/\/blogcenario.com.br\/wp-content\/uploads\/2025\/07\/IMG_7485-2048x1366.jpeg 2048w, https:\/\/blogcenario.com.br\/wp-content\/uploads\/2025\/07\/IMG_7485-220x147.jpeg 220w\" alt=\"\" width=\"1024\" height=\"683\" \/><figcaption class=\"wp-element-caption\">Foto: Wesley D\u2019Almeida<\/figcaption><\/figure>\n<p>O governo do prefeito Marcilio R\u00e9gio (PP) vai ampliar os avan\u00e7os realizados pelo ex-prefeito Eduardo Hon\u00f3rio (UB) e fazer Goiana seguir na trilha do desenvolvimento. A avalia\u00e7\u00e3o \u00e9 do deputado Sileno Guedes (PSB), que prestigiou a cerim\u00f4nia de posse do novo gestor e da vice-prefeita L\u00edcia Maciel (PT), na noite da segunda (30). O ato contou com a participa\u00e7\u00e3o do prefeito do Recife, Jo\u00e3o Campos (PSB), e de um grande conjunto de lideran\u00e7as pol\u00edticas.<\/p>\n<p>\u201c<em>Falo de Marcilio como amigo, com o homem que Goiana conhece nesses mais de 30 anos de vida p\u00fablica que ele tem. Tenho certeza de que Marcilio e L\u00edcia v\u00e3o n\u00e3o apenas continuar, mas aprofundar e ampliar os avan\u00e7os realizados por Hon\u00f3rio. E saiba que pode contar com este amigo, que estar\u00e1 sempre ao seu lado. Goiana tem uma tribuna na Assembleia Legislativa<\/em>\u201d, disse Sileno, que tem parceria pol\u00edtica com Marcilio desde antes de sua elei\u00e7\u00e3o para deputado, em 2022.<\/p>\n<p>Marcilio R\u00e9gio foi o vencedor da elei\u00e7\u00e3o suplementar realizada em Goiana no dia 4 de maio deste ano. J\u00e1 havia sido vice-prefeito, vereador e secret\u00e1rio municipal. Agora \u00e0 frente do Executivo, ter\u00e1 entre suas metas a constru\u00e7\u00e3o de um hospital municipal voltado \u00e0 popula\u00e7\u00e3o do distrito de Tejucupapo e de unidades do Compaz, pol\u00edtica que \u00e9 refer\u00eancia no Recife.<\/p>\n","protected":false},"excerpt":{"rendered":"<p>Foto: Wesley D\u2019Almeida O governo do prefeito Marcilio R\u00e9gio (PP) vai ampliar os avan\u00e7os realizados pelo ex-prefeito Eduardo Hon\u00f3rio (UB) e fazer Goiana seguir na trilha do desenvolvimento. A avalia\u00e7\u00e3o \u00e9 do deputado Sileno Guedes (PSB), que prestigiou a cerim\u00f4nia de posse do novo gestor e da vice-prefeita L\u00edcia Maciel (PT), na noite da segunda [&hellip;]<\/p>\n","protected":false},"author":1,"featured_media":1178,"comment_status":"open","ping_status":"open","sticky":false,"template":"","format":"standard","meta":{"footnotes":"","jetpack_publicize_message":"","jetpack_publicize_feature_enabled":true,"jetpack_social_post_already_shared":false,"jetpack_social_options":{"image_generator_settings":{"template":"highway","default_image_id":0,"font":"","enabled":false},"version":2}},"categories":[65],"tags":[],"class_list":["post-1177","post","type-post","status-publish","format-standard","has-post-thumbnail","hentry","category-politica"],"yoast_head":"<!-- This site is optimized with the Yoast SEO plugin v24.5 - https:\/\/yoast.com\/wordpress\/plugins\/seo\/ -->\n<title>Sileno refor\u00e7a parceria com Marcilio: \u201cvai fazer Goiana avan\u00e7ar\u201d -<\/title>\n<meta name=\"robots\" content=\"index, follow, max-snippet:-1, max-image-preview:large, max-video-preview:-1\" \/>\n<link rel=\"canonical\" href=\"https:\/\/gazetapernambucana.com\/?p=1177\" \/>\n<meta property=\"og:locale\" content=\"pt_BR\" \/>\n<meta property=\"og:type\" content=\"article\" \/>\n<meta property=\"og:title\" content=\"Sileno refor\u00e7a parceria com Marcilio: \u201cvai fazer Goiana avan\u00e7ar\u201d -\" \/>\n<meta property=\"og:description\" content=\"Foto: Wesley D\u2019Almeida O governo do prefeito Marcilio R\u00e9gio (PP) vai ampliar os avan\u00e7os realizados pelo ex-prefeito Eduardo Hon\u00f3rio (UB) e fazer Goiana seguir na trilha do desenvolvimento. A avalia\u00e7\u00e3o \u00e9 do deputado Sileno Guedes (PSB), que prestigiou a cerim\u00f4nia de posse do novo gestor e da vice-prefeita L\u00edcia Maciel (PT), na noite da segunda [&hellip;]\" \/>\n<meta property=\"og:url\" content=\"https:\/\/gazetapernambucana.com\/?p=1177\" \/>\n<meta property=\"article:published_time\" content=\"2025-07-02T00:08:28+00:00\" \/>\n<meta property=\"og:image\" content=\"https:\/\/gazetapernambucana.com\/wp-content\/uploads\/2025\/07\/IMG_7485-1024x683-1.jpeg\" \/>\n\t<meta property=\"og:image:width\" content=\"1024\" \/>\n\t<meta property=\"og:image:height\" content=\"683\" \/>\n\t<meta property=\"og:image:type\" content=\"image\/jpeg\" \/>\n<meta name=\"author\" content=\"GP\" \/>\n<meta name=\"twitter:card\" content=\"summary_large_image\" \/>\n<meta name=\"twitter:label1\" content=\"Escrito por\" \/>\n\t<meta name=\"twitter:data1\" content=\"GP\" \/>\n\t<meta name=\"twitter:label2\" content=\"Est. tempo de leitura\" \/>\n\t<meta name=\"twitter:data2\" content=\"2 minutos\" \/>\n<script type=\"application\/ld+json\" class=\"yoast-schema-graph\">{\"@context\":\"https:\/\/schema.org\",\"@graph\":[{\"@type\":\"WebPage\",\"@id\":\"https:\/\/gazetapernambucana.com\/?p=1177\",\"url\":\"https:\/\/gazetapernambucana.com\/?p=1177\",\"name\":\"Sileno refor\u00e7a parceria com Marcilio: \u201cvai fazer Goiana avan\u00e7ar\u201d -\",\"isPartOf\":{\"@id\":\"https:\/\/gazetapernambucana.com\/#website\"},\"primaryImageOfPage\":{\"@id\":\"https:\/\/gazetapernambucana.com\/?p=1177#primaryimage\"},\"image\":{\"@id\":\"https:\/\/gazetapernambucana.com\/?p=1177#primaryimage\"},\"thumbnailUrl\":\"https:\/\/gazetapernambucana.com\/wp-content\/uploads\/2025\/07\/IMG_7485-1024x683-1.jpeg\",\"datePublished\":\"2025-07-02T00:08:28+00:00\",\"author\":{\"@id\":\"https:\/\/gazetapernambucana.com\/#\/schema\/person\/188dc283325181ac2de4db1e9e987427\"},\"breadcrumb\":{\"@id\":\"https:\/\/gazetapernambucana.com\/?p=1177#breadcrumb\"},\"inLanguage\":\"pt-BR\",\"potentialAction\":[{\"@type\":\"ReadAction\",\"target\":[\"https:\/\/gazetapernambucana.com\/?p=1177\"]}]},{\"@type\":\"ImageObject\",\"inLanguage\":\"pt-BR\",\"@id\":\"https:\/\/gazetapernambucana.com\/?p=1177#primaryimage\",\"url\":\"https:\/\/gazetapernambucana.com\/wp-content\/uploads\/2025\/07\/IMG_7485-1024x683-1.jpeg\",\"contentUrl\":\"https:\/\/gazetapernambucana.com\/wp-content\/uploads\/2025\/07\/IMG_7485-1024x683-1.jpeg\",\"width\":1024,\"height\":683},{\"@type\":\"BreadcrumbList\",\"@id\":\"https:\/\/gazetapernambucana.com\/?p=1177#breadcrumb\",\"itemListElement\":[{\"@type\":\"ListItem\",\"position\":1,\"name\":\"In\u00edcio\",\"item\":\"https:\/\/gazetapernambucana.com\/\"},{\"@type\":\"ListItem\",\"position\":2,\"name\":\"Sileno refor\u00e7a parceria com Marcilio: \u201cvai fazer Goiana avan\u00e7ar\u201d\"}]},{\"@type\":\"WebSite\",\"@id\":\"https:\/\/gazetapernambucana.com\/#website\",\"url\":\"https:\/\/gazetapernambucana.com\/\",\"name\":\"\",\"description\":\"\",\"potentialAction\":[{\"@type\":\"SearchAction\",\"target\":{\"@type\":\"EntryPoint\",\"urlTemplate\":\"https:\/\/gazetapernambucana.com\/?s={search_term_string}\"},\"query-input\":{\"@type\":\"PropertyValueSpecification\",\"valueRequired\":true,\"valueName\":\"search_term_string\"}}],\"inLanguage\":\"pt-BR\"},{\"@type\":\"Person\",\"@id\":\"https:\/\/gazetapernambucana.com\/#\/schema\/person\/188dc283325181ac2de4db1e9e987427\",\"name\":\"GP\",\"image\":{\"@type\":\"ImageObject\",\"inLanguage\":\"pt-BR\",\"@id\":\"https:\/\/gazetapernambucana.com\/#\/schema\/person\/image\/\",\"url\":\"https:\/\/secure.gravatar.com\/avatar\/9dad78ff9a2d8b5742d11779f8a3f53b052320c550b2e1907882353c067bb111?s=96&d=mm&r=g\",\"contentUrl\":\"https:\/\/secure.gravatar.com\/avatar\/9dad78ff9a2d8b5742d11779f8a3f53b052320c550b2e1907882353c067bb111?s=96&d=mm&r=g\",\"caption\":\"GP\"},\"sameAs\":[\"http:\/\/gazetapernambucana.com\"],\"url\":\"https:\/\/gazetapernambucana.com\/?author=1\"}]}<\/script>\n<!-- \/ Yoast SEO plugin. -->","yoast_head_json":{"title":"Sileno refor\u00e7a parceria com Marcilio: \u201cvai fazer Goiana avan\u00e7ar\u201d -","robots":{"index":"index","follow":"follow","max-snippet":"max-snippet:-1","max-image-preview":"max-image-preview:large","max-video-preview":"max-video-preview:-1"},"canonical":"https:\/\/gazetapernambucana.com\/?p=1177","og_locale":"pt_BR","og_type":"article","og_title":"Sileno refor\u00e7a parceria com Marcilio: \u201cvai fazer Goiana avan\u00e7ar\u201d -","og_description":"Foto: Wesley D\u2019Almeida O governo do prefeito Marcilio R\u00e9gio (PP) vai ampliar os avan\u00e7os realizados pelo ex-prefeito Eduardo Hon\u00f3rio (UB) e fazer Goiana seguir na trilha do desenvolvimento. A avalia\u00e7\u00e3o \u00e9 do deputado Sileno Guedes (PSB), que prestigiou a cerim\u00f4nia de posse do novo gestor e da vice-prefeita L\u00edcia Maciel (PT), na noite da segunda [&hellip;]","og_url":"https:\/\/gazetapernambucana.com\/?p=1177","article_published_time":"2025-07-02T00:08:28+00:00","og_image":[{"width":1024,"height":683,"url":"https:\/\/gazetapernambucana.com\/wp-content\/uploads\/2025\/07\/IMG_7485-1024x683-1.jpeg","type":"image\/jpeg"}],"author":"GP","twitter_card":"summary_large_image","twitter_misc":{"Escrito por":"GP","Est. tempo de leitura":"2 minutos"},"schema":{"@context":"https:\/\/schema.org","@graph":[{"@type":"WebPage","@id":"https:\/\/gazetapernambucana.com\/?p=1177","url":"https:\/\/gazetapernambucana.com\/?p=1177","name":"Sileno refor\u00e7a parceria com Marcilio: \u201cvai fazer Goiana avan\u00e7ar\u201d -","isPartOf":{"@id":"https:\/\/gazetapernambucana.com\/#website"},"primaryImageOfPage":{"@id":"https:\/\/gazetapernambucana.com\/?p=1177#primaryimage"},"image":{"@id":"https:\/\/gazetapernambucana.com\/?p=1177#primaryimage"},"thumbnailUrl":"https:\/\/gazetapernambucana.com\/wp-content\/uploads\/2025\/07\/IMG_7485-1024x683-1.jpeg","datePublished":"2025-07-02T00:08:28+00:00","author":{"@id":"https:\/\/gazetapernambucana.com\/#\/schema\/person\/188dc283325181ac2de4db1e9e987427"},"breadcrumb":{"@id":"https:\/\/gazetapernambucana.com\/?p=1177#breadcrumb"},"inLanguage":"pt-BR","potentialAction":[{"@type":"ReadAction","target":["https:\/\/gazetapernambucana.com\/?p=1177"]}]},{"@type":"ImageObject","inLanguage":"pt-BR","@id":"https:\/\/gazetapernambucana.com\/?p=1177#primaryimage","url":"https:\/\/gazetapernambucana.com\/wp-content\/uploads\/2025\/07\/IMG_7485-1024x683-1.jpeg","contentUrl":"https:\/\/gazetapernambucana.com\/wp-content\/uploads\/2025\/07\/IMG_7485-1024x683-1.jpeg","width":1024,"height":683},{"@type":"BreadcrumbList","@id":"https:\/\/gazetapernambucana.com\/?p=1177#breadcrumb","itemListElement":[{"@type":"ListItem","position":1,"name":"In\u00edcio","item":"https:\/\/gazetapernambucana.com\/"},{"@type":"ListItem","position":2,"name":"Sileno refor\u00e7a parceria com Marcilio: \u201cvai fazer Goiana avan\u00e7ar\u201d"}]},{"@type":"WebSite","@id":"https:\/\/gazetapernambucana.com\/#website","url":"https:\/\/gazetapernambucana.com\/","name":"","description":"","potentialAction":[{"@type":"SearchAction","target":{"@type":"EntryPoint","urlTemplate":"https:\/\/gazetapernambucana.com\/?s={search_term_string}"},"query-input":{"@type":"PropertyValueSpecification","valueRequired":true,"valueName":"search_term_string"}}],"inLanguage":"pt-BR"},{"@type":"Person","@id":"https:\/\/gazetapernambucana.com\/#\/schema\/person\/188dc283325181ac2de4db1e9e987427","name":"GP","image":{"@type":"ImageObject","inLanguage":"pt-BR","@id":"https:\/\/gazetapernambucana.com\/#\/schema\/person\/image\/","url":"https:\/\/secure.gravatar.com\/avatar\/9dad78ff9a2d8b5742d11779f8a3f53b052320c550b2e1907882353c067bb111?s=96&d=mm&r=g","contentUrl":"https:\/\/secure.gravatar.com\/avatar\/9dad78ff9a2d8b5742d11779f8a3f53b052320c550b2e1907882353c067bb111?s=96&d=mm&r=g","caption":"GP"},"sameAs":["http:\/\/gazetapernambucana.com"],"url":"https:\/\/gazetapernambucana.com\/?author=1"}]}},"jetpack_publicize_connections":[],"_links":{"self":[{"href":"https:\/\/gazetapernambucana.com\/index.php?rest_route=\/wp\/v2\/posts\/1177","targetHints":{"allow":["GET"]}}],"collection":[{"href":"https:\/\/gazetapernambucana.com\/index.php?rest_route=\/wp\/v2\/posts"}],"about":[{"href":"https:\/\/gazetapernambucana.com\/index.php?rest_route=\/wp\/v2\/types\/post"}],"author":[{"embeddable":true,"href":"https:\/\/gazetapernambucana.com\/index.php?rest_route=\/wp\/v2\/users\/1"}],"replies":[{"embeddable":true,"href":"https:\/\/gazetapernambucana.com\/index.php?rest_route=%2Fwp%2Fv2%2Fcomments&post=1177"}],"version-history":[{"count":1,"href":"https:\/\/gazetapernambucana.com\/index.php?rest_route=\/wp\/v2\/posts\/1177\/revisions"}],"predecessor-version":[{"id":1179,"href":"https:\/\/gazetapernambucana.com\/index.php?rest_route=\/wp\/v2\/posts\/1177\/revisions\/1179"}],"wp:featuredmedia":[{"embeddable":true,"href":"https:\/\/gazetapernambucana.com\/index.php?rest_route=\/wp\/v2\/media\/1178"}],"wp:attachment":[{"href":"https:\/\/gazetapernambucana.com\/index.php?rest_route=%2Fwp%2Fv2%2Fmedia&parent=1177"}],"wp:term":[{"taxonomy":"category","embeddable":true,"href":"https:\/\/gazetapernambucana.com\/index.php?rest_route=%2Fwp%2Fv2%2Fcategories&post=1177"},{"taxonomy":"post_tag","embeddable":true,"href":"https:\/\/gazetapernambucana.com\/index.php?rest_route=%2Fwp%2Fv2%2Ftags&post=1177"}],"curies":[{"name":"wp","href":"https:\/\/api.w.org\/{rel}","templated":true}]}}