{"id":1174,"date":"2025-07-01T20:55:55","date_gmt":"2025-07-01T23:55:55","guid":{"rendered":"https:\/\/gazetapernambucana.com\/?p=1174"},"modified":"2025-07-01T20:55:55","modified_gmt":"2025-07-01T23:55:55","slug":"raquel-lyra-celebra-chegada-da-multinacional-a-pernambuco","status":"publish","type":"post","link":"https:\/\/gazetapernambucana.com\/?p=1174","title":{"rendered":"Raquel Lyra celebra chegada da multinacional a Pernambuco"},"content":{"rendered":"<figure class=\"wp-block-image size-large\"><img loading=\"lazy\" decoding=\"async\" class=\"wp-image-150900\" src=\"https:\/\/blogcenario.com.br\/wp-content\/uploads\/2025\/07\/dcefa0ee-4a9e-4073-9322-c4d5ae44f83f-1024x682.jpeg\" sizes=\"auto, (max-width: 1024px) 100vw, 1024px\" srcset=\"https:\/\/blogcenario.com.br\/wp-content\/uploads\/2025\/07\/dcefa0ee-4a9e-4073-9322-c4d5ae44f83f-1024x682.jpeg 1024w, https:\/\/blogcenario.com.br\/wp-content\/uploads\/2025\/07\/dcefa0ee-4a9e-4073-9322-c4d5ae44f83f-300x200.jpeg 300w, https:\/\/blogcenario.com.br\/wp-content\/uploads\/2025\/07\/dcefa0ee-4a9e-4073-9322-c4d5ae44f83f-768x512.jpeg 768w, https:\/\/blogcenario.com.br\/wp-content\/uploads\/2025\/07\/dcefa0ee-4a9e-4073-9322-c4d5ae44f83f-1536x1023.jpeg 1536w, https:\/\/blogcenario.com.br\/wp-content\/uploads\/2025\/07\/dcefa0ee-4a9e-4073-9322-c4d5ae44f83f-220x147.jpeg 220w, https:\/\/blogcenario.com.br\/wp-content\/uploads\/2025\/07\/dcefa0ee-4a9e-4073-9322-c4d5ae44f83f.jpeg 1600w\" alt=\"\" width=\"1024\" height=\"682\" \/><figcaption class=\"wp-element-caption\">Foto: Yacy Ribeiro<\/figcaption><\/figure>\n<p>A governadora Raquel Lyra (PSD) prestigiou, nesta ter\u00e7a (1\u00ba), a inaugura\u00e7\u00e3o do novo centro tecnol\u00f3gico da EY (Ernst &amp; Young) no Porto Digital, no Recife. A instala\u00e7\u00e3o da multinacional, uma das l\u00edderes globais em consultoria e auditoria, refor\u00e7a o posicionamento de Pernambuco como polo de inova\u00e7\u00e3o, tecnologia e gera\u00e7\u00e3o de postos de trabalho. A expectativa \u00e9 de que mais de 350 empregos diretos e indiretos sejam gerados inicialmente, com possibilidade de dobrar esse n\u00famero nos pr\u00f3ximos dois anos.<\/p>\n<p>Durante o discurso, a chefe do Executivo estadual celebrou a cria\u00e7\u00e3o de 9.754 empregos com carteira assinada no m\u00eas de maio deste ano. \u201c<em>Temos fortalecido a pol\u00edtica p\u00fablica de ci\u00eancia, tecnologia e inova\u00e7\u00e3o do Estado. Recentemente, fizemos o maior contrato de gest\u00e3o do Porto Digital, buscando fortalecer o ecossistema, garantindo sua forte presen\u00e7a no Recife e trabalhando pelo interior de Pernambuco. Precisamos garantir a oportunidade para que os nossos jovens empreendedores possam sonhar, trabalhar nos arranjos produtivos de tecnologia e inova\u00e7\u00e3o. Enquanto poder p\u00fablico, o Governo de Pernambuco \u00e9 um instrumento para que todos possam desenvolver as suas atividades com plenitude<\/em>\u201c, pontuou a governadora Raquel Lyra.<\/p>\n<p>A nova unidade, chamada Service Delivery Center (SDC), oferecer\u00e1 servi\u00e7os em \u00e1reas como SAP, ServiceNow, desenvolvimento de software, automa\u00e7\u00e3o de processos, testes e ciberseguran\u00e7a. A instala\u00e7\u00e3o da EY no Recife refor\u00e7a a confian\u00e7a do setor privado no ambiente de neg\u00f3cios local, consolidando Pernambuco como destino estrat\u00e9gico para empresas que buscam inova\u00e7\u00e3o, talento e infraestrutura.<\/p>\n<p>A secret\u00e1ria de Ci\u00eancia, Tecnologia e Inova\u00e7\u00e3o, Mauric\u00e9lia Montenegro, pontuou que Pernambuco se destaca por ser um estado que atrai empresas inovadoras. \u201c<em>A chegada da Ernst &amp; Young, se soma \u00e0s quase 500 que est\u00e3o no Porto Digital. E elas foram atra\u00eddas para Pernambuco porque temos todo um ecossistema robusto, desde forma\u00e7\u00e3o de pessoas, startups, Gov Techs e universidades, isso d\u00e1 suporte para que essas empresas venham para o nosso Estado. Estamos muito felizes que o sistema est\u00e1 cada dia se fortalecendo<\/em>\u201d, enfatizou a titular da pasta.<\/p>\n<p>O Governo de Pernambuco firmou o contrato de gest\u00e3o com o Porto Digital no valor de R$ 44,5 milh\u00f5es pelo per\u00edodo de quatro anos. O montante representa o maior recurso j\u00e1 firmado com o parque tecnol\u00f3gico. \u201c<em>A chegada da Ernst &amp; Young vem de um processo natural nosso de crescimento. Nossa evolu\u00e7\u00e3o se deu na aposta de duas frentes: no crescimento do capital humano e no empreendedorismo e, agora, com um processo de interioriza\u00e7\u00e3o que vai marcar pontos importantes como a chegada do Porto Digital em Caruaru no final de agosto<\/em>\u201d, enfatizou o presidente do parque tecnol\u00f3gico, Pierre Lucena.<\/p>\n<p>O s\u00f3cio-l\u00edder de Markets e Business Development da EY Brasil, Victor Guelman, pontuou ser um momento simb\u00f3lico para a multinacional. \u201c<em>O Porto Digital foi uma escolha natural para essa expans\u00e3o. Pelo belo trabalho realizado pela iniciativa privada, em conjunto com universidades, Governo do Estado e a prefeitura. Assim, se criou o maior polo de tecnologia do Brasil, um ecossistema vibrante, convidativo, que fomenta a inspira\u00e7\u00e3o e a inova\u00e7\u00e3o<\/em>\u201d, ressaltou.<\/p>\n","protected":false},"excerpt":{"rendered":"<p>Foto: Yacy Ribeiro A governadora Raquel Lyra (PSD) prestigiou, nesta ter\u00e7a (1\u00ba), a inaugura\u00e7\u00e3o do novo centro tecnol\u00f3gico da EY (Ernst &amp; Young) no Porto Digital, no Recife. A instala\u00e7\u00e3o da multinacional, uma das l\u00edderes globais em consultoria e auditoria, refor\u00e7a o posicionamento de Pernambuco como polo de inova\u00e7\u00e3o, tecnologia e gera\u00e7\u00e3o de postos de [&hellip;]<\/p>\n","protected":false},"author":1,"featured_media":1175,"comment_status":"open","ping_status":"open","sticky":false,"template":"","format":"standard","meta":{"footnotes":"","jetpack_publicize_message":"","jetpack_publicize_feature_enabled":true,"jetpack_social_post_already_shared":false,"jetpack_social_options":{"image_generator_settings":{"template":"highway","default_image_id":0,"font":"","enabled":false},"version":2}},"categories":[38,65],"tags":[],"class_list":["post-1174","post","type-post","status-publish","format-standard","has-post-thumbnail","hentry","category-https-gazetapernambucana-com-page_id215","category-politica"],"yoast_head":"<!-- This site is optimized with the Yoast SEO plugin v24.5 - https:\/\/yoast.com\/wordpress\/plugins\/seo\/ -->\n<title>Raquel Lyra celebra chegada da multinacional a Pernambuco -<\/title>\n<meta name=\"robots\" content=\"index, follow, max-snippet:-1, max-image-preview:large, max-video-preview:-1\" \/>\n<link rel=\"canonical\" href=\"https:\/\/gazetapernambucana.com\/?p=1174\" \/>\n<meta property=\"og:locale\" content=\"pt_BR\" \/>\n<meta property=\"og:type\" content=\"article\" \/>\n<meta property=\"og:title\" content=\"Raquel Lyra celebra chegada da multinacional a Pernambuco -\" \/>\n<meta property=\"og:description\" content=\"Foto: Yacy Ribeiro A governadora Raquel Lyra (PSD) prestigiou, nesta ter\u00e7a (1\u00ba), a inaugura\u00e7\u00e3o do novo centro tecnol\u00f3gico da EY (Ernst &amp; Young) no Porto Digital, no Recife. A instala\u00e7\u00e3o da multinacional, uma das l\u00edderes globais em consultoria e auditoria, refor\u00e7a o posicionamento de Pernambuco como polo de inova\u00e7\u00e3o, tecnologia e gera\u00e7\u00e3o de postos de [&hellip;]\" \/>\n<meta property=\"og:url\" content=\"https:\/\/gazetapernambucana.com\/?p=1174\" \/>\n<meta property=\"article:published_time\" content=\"2025-07-01T23:55:55+00:00\" \/>\n<meta property=\"og:image\" content=\"https:\/\/gazetapernambucana.com\/wp-content\/uploads\/2025\/07\/dcefa0ee-4a9e-4073-9322-c4d5ae44f83f-1024x682-1.jpeg\" \/>\n\t<meta property=\"og:image:width\" content=\"1024\" \/>\n\t<meta property=\"og:image:height\" content=\"682\" \/>\n\t<meta property=\"og:image:type\" content=\"image\/jpeg\" \/>\n<meta name=\"author\" content=\"GP\" \/>\n<meta name=\"twitter:card\" content=\"summary_large_image\" \/>\n<meta name=\"twitter:label1\" content=\"Escrito por\" \/>\n\t<meta name=\"twitter:data1\" content=\"GP\" \/>\n\t<meta name=\"twitter:label2\" content=\"Est. tempo de leitura\" \/>\n\t<meta name=\"twitter:data2\" content=\"4 minutos\" \/>\n<script type=\"application\/ld+json\" class=\"yoast-schema-graph\">{\"@context\":\"https:\/\/schema.org\",\"@graph\":[{\"@type\":\"WebPage\",\"@id\":\"https:\/\/gazetapernambucana.com\/?p=1174\",\"url\":\"https:\/\/gazetapernambucana.com\/?p=1174\",\"name\":\"Raquel Lyra celebra chegada da multinacional a Pernambuco -\",\"isPartOf\":{\"@id\":\"https:\/\/gazetapernambucana.com\/#website\"},\"primaryImageOfPage\":{\"@id\":\"https:\/\/gazetapernambucana.com\/?p=1174#primaryimage\"},\"image\":{\"@id\":\"https:\/\/gazetapernambucana.com\/?p=1174#primaryimage\"},\"thumbnailUrl\":\"https:\/\/gazetapernambucana.com\/wp-content\/uploads\/2025\/07\/dcefa0ee-4a9e-4073-9322-c4d5ae44f83f-1024x682-1.jpeg\",\"datePublished\":\"2025-07-01T23:55:55+00:00\",\"author\":{\"@id\":\"https:\/\/gazetapernambucana.com\/#\/schema\/person\/188dc283325181ac2de4db1e9e987427\"},\"breadcrumb\":{\"@id\":\"https:\/\/gazetapernambucana.com\/?p=1174#breadcrumb\"},\"inLanguage\":\"pt-BR\",\"potentialAction\":[{\"@type\":\"ReadAction\",\"target\":[\"https:\/\/gazetapernambucana.com\/?p=1174\"]}]},{\"@type\":\"ImageObject\",\"inLanguage\":\"pt-BR\",\"@id\":\"https:\/\/gazetapernambucana.com\/?p=1174#primaryimage\",\"url\":\"https:\/\/gazetapernambucana.com\/wp-content\/uploads\/2025\/07\/dcefa0ee-4a9e-4073-9322-c4d5ae44f83f-1024x682-1.jpeg\",\"contentUrl\":\"https:\/\/gazetapernambucana.com\/wp-content\/uploads\/2025\/07\/dcefa0ee-4a9e-4073-9322-c4d5ae44f83f-1024x682-1.jpeg\",\"width\":1024,\"height\":682},{\"@type\":\"BreadcrumbList\",\"@id\":\"https:\/\/gazetapernambucana.com\/?p=1174#breadcrumb\",\"itemListElement\":[{\"@type\":\"ListItem\",\"position\":1,\"name\":\"In\u00edcio\",\"item\":\"https:\/\/gazetapernambucana.com\/\"},{\"@type\":\"ListItem\",\"position\":2,\"name\":\"Raquel Lyra celebra chegada da multinacional a Pernambuco\"}]},{\"@type\":\"WebSite\",\"@id\":\"https:\/\/gazetapernambucana.com\/#website\",\"url\":\"https:\/\/gazetapernambucana.com\/\",\"name\":\"\",\"description\":\"\",\"potentialAction\":[{\"@type\":\"SearchAction\",\"target\":{\"@type\":\"EntryPoint\",\"urlTemplate\":\"https:\/\/gazetapernambucana.com\/?s={search_term_string}\"},\"query-input\":{\"@type\":\"PropertyValueSpecification\",\"valueRequired\":true,\"valueName\":\"search_term_string\"}}],\"inLanguage\":\"pt-BR\"},{\"@type\":\"Person\",\"@id\":\"https:\/\/gazetapernambucana.com\/#\/schema\/person\/188dc283325181ac2de4db1e9e987427\",\"name\":\"GP\",\"image\":{\"@type\":\"ImageObject\",\"inLanguage\":\"pt-BR\",\"@id\":\"https:\/\/gazetapernambucana.com\/#\/schema\/person\/image\/\",\"url\":\"https:\/\/secure.gravatar.com\/avatar\/9dad78ff9a2d8b5742d11779f8a3f53b052320c550b2e1907882353c067bb111?s=96&d=mm&r=g\",\"contentUrl\":\"https:\/\/secure.gravatar.com\/avatar\/9dad78ff9a2d8b5742d11779f8a3f53b052320c550b2e1907882353c067bb111?s=96&d=mm&r=g\",\"caption\":\"GP\"},\"sameAs\":[\"http:\/\/gazetapernambucana.com\"],\"url\":\"https:\/\/gazetapernambucana.com\/?author=1\"}]}<\/script>\n<!-- \/ Yoast SEO plugin. -->","yoast_head_json":{"title":"Raquel Lyra celebra chegada da multinacional a Pernambuco -","robots":{"index":"index","follow":"follow","max-snippet":"max-snippet:-1","max-image-preview":"max-image-preview:large","max-video-preview":"max-video-preview:-1"},"canonical":"https:\/\/gazetapernambucana.com\/?p=1174","og_locale":"pt_BR","og_type":"article","og_title":"Raquel Lyra celebra chegada da multinacional a Pernambuco -","og_description":"Foto: Yacy Ribeiro A governadora Raquel Lyra (PSD) prestigiou, nesta ter\u00e7a (1\u00ba), a inaugura\u00e7\u00e3o do novo centro tecnol\u00f3gico da EY (Ernst &amp; Young) no Porto Digital, no Recife. A instala\u00e7\u00e3o da multinacional, uma das l\u00edderes globais em consultoria e auditoria, refor\u00e7a o posicionamento de Pernambuco como polo de inova\u00e7\u00e3o, tecnologia e gera\u00e7\u00e3o de postos de [&hellip;]","og_url":"https:\/\/gazetapernambucana.com\/?p=1174","article_published_time":"2025-07-01T23:55:55+00:00","og_image":[{"width":1024,"height":682,"url":"https:\/\/gazetapernambucana.com\/wp-content\/uploads\/2025\/07\/dcefa0ee-4a9e-4073-9322-c4d5ae44f83f-1024x682-1.jpeg","type":"image\/jpeg"}],"author":"GP","twitter_card":"summary_large_image","twitter_misc":{"Escrito por":"GP","Est. tempo de leitura":"4 minutos"},"schema":{"@context":"https:\/\/schema.org","@graph":[{"@type":"WebPage","@id":"https:\/\/gazetapernambucana.com\/?p=1174","url":"https:\/\/gazetapernambucana.com\/?p=1174","name":"Raquel Lyra celebra chegada da multinacional a Pernambuco -","isPartOf":{"@id":"https:\/\/gazetapernambucana.com\/#website"},"primaryImageOfPage":{"@id":"https:\/\/gazetapernambucana.com\/?p=1174#primaryimage"},"image":{"@id":"https:\/\/gazetapernambucana.com\/?p=1174#primaryimage"},"thumbnailUrl":"https:\/\/gazetapernambucana.com\/wp-content\/uploads\/2025\/07\/dcefa0ee-4a9e-4073-9322-c4d5ae44f83f-1024x682-1.jpeg","datePublished":"2025-07-01T23:55:55+00:00","author":{"@id":"https:\/\/gazetapernambucana.com\/#\/schema\/person\/188dc283325181ac2de4db1e9e987427"},"breadcrumb":{"@id":"https:\/\/gazetapernambucana.com\/?p=1174#breadcrumb"},"inLanguage":"pt-BR","potentialAction":[{"@type":"ReadAction","target":["https:\/\/gazetapernambucana.com\/?p=1174"]}]},{"@type":"ImageObject","inLanguage":"pt-BR","@id":"https:\/\/gazetapernambucana.com\/?p=1174#primaryimage","url":"https:\/\/gazetapernambucana.com\/wp-content\/uploads\/2025\/07\/dcefa0ee-4a9e-4073-9322-c4d5ae44f83f-1024x682-1.jpeg","contentUrl":"https:\/\/gazetapernambucana.com\/wp-content\/uploads\/2025\/07\/dcefa0ee-4a9e-4073-9322-c4d5ae44f83f-1024x682-1.jpeg","width":1024,"height":682},{"@type":"BreadcrumbList","@id":"https:\/\/gazetapernambucana.com\/?p=1174#breadcrumb","itemListElement":[{"@type":"ListItem","position":1,"name":"In\u00edcio","item":"https:\/\/gazetapernambucana.com\/"},{"@type":"ListItem","position":2,"name":"Raquel Lyra celebra chegada da multinacional a Pernambuco"}]},{"@type":"WebSite","@id":"https:\/\/gazetapernambucana.com\/#website","url":"https:\/\/gazetapernambucana.com\/","name":"","description":"","potentialAction":[{"@type":"SearchAction","target":{"@type":"EntryPoint","urlTemplate":"https:\/\/gazetapernambucana.com\/?s={search_term_string}"},"query-input":{"@type":"PropertyValueSpecification","valueRequired":true,"valueName":"search_term_string"}}],"inLanguage":"pt-BR"},{"@type":"Person","@id":"https:\/\/gazetapernambucana.com\/#\/schema\/person\/188dc283325181ac2de4db1e9e987427","name":"GP","image":{"@type":"ImageObject","inLanguage":"pt-BR","@id":"https:\/\/gazetapernambucana.com\/#\/schema\/person\/image\/","url":"https:\/\/secure.gravatar.com\/avatar\/9dad78ff9a2d8b5742d11779f8a3f53b052320c550b2e1907882353c067bb111?s=96&d=mm&r=g","contentUrl":"https:\/\/secure.gravatar.com\/avatar\/9dad78ff9a2d8b5742d11779f8a3f53b052320c550b2e1907882353c067bb111?s=96&d=mm&r=g","caption":"GP"},"sameAs":["http:\/\/gazetapernambucana.com"],"url":"https:\/\/gazetapernambucana.com\/?author=1"}]}},"jetpack_publicize_connections":[],"_links":{"self":[{"href":"https:\/\/gazetapernambucana.com\/index.php?rest_route=\/wp\/v2\/posts\/1174","targetHints":{"allow":["GET"]}}],"collection":[{"href":"https:\/\/gazetapernambucana.com\/index.php?rest_route=\/wp\/v2\/posts"}],"about":[{"href":"https:\/\/gazetapernambucana.com\/index.php?rest_route=\/wp\/v2\/types\/post"}],"author":[{"embeddable":true,"href":"https:\/\/gazetapernambucana.com\/index.php?rest_route=\/wp\/v2\/users\/1"}],"replies":[{"embeddable":true,"href":"https:\/\/gazetapernambucana.com\/index.php?rest_route=%2Fwp%2Fv2%2Fcomments&post=1174"}],"version-history":[{"count":1,"href":"https:\/\/gazetapernambucana.com\/index.php?rest_route=\/wp\/v2\/posts\/1174\/revisions"}],"predecessor-version":[{"id":1176,"href":"https:\/\/gazetapernambucana.com\/index.php?rest_route=\/wp\/v2\/posts\/1174\/revisions\/1176"}],"wp:featuredmedia":[{"embeddable":true,"href":"https:\/\/gazetapernambucana.com\/index.php?rest_route=\/wp\/v2\/media\/1175"}],"wp:attachment":[{"href":"https:\/\/gazetapernambucana.com\/index.php?rest_route=%2Fwp%2Fv2%2Fmedia&parent=1174"}],"wp:term":[{"taxonomy":"category","embeddable":true,"href":"https:\/\/gazetapernambucana.com\/index.php?rest_route=%2Fwp%2Fv2%2Fcategories&post=1174"},{"taxonomy":"post_tag","embeddable":true,"href":"https:\/\/gazetapernambucana.com\/index.php?rest_route=%2Fwp%2Fv2%2Ftags&post=1174"}],"curies":[{"name":"wp","href":"https:\/\/api.w.org\/{rel}","templated":true}]}}