{"id":1171,"date":"2025-07-01T20:41:33","date_gmt":"2025-07-01T23:41:33","guid":{"rendered":"https:\/\/gazetapernambucana.com\/?p=1171"},"modified":"2025-07-01T20:41:33","modified_gmt":"2025-07-01T23:41:33","slug":"cabo-inicia-comemoracoes-dos-148-anos-com-anuncios-de-obras","status":"publish","type":"post","link":"https:\/\/gazetapernambucana.com\/?p=1171","title":{"rendered":"Cabo inicia comemora\u00e7\u00f5es dos 148 anos com an\u00fancios\u00a0de obras"},"content":{"rendered":"<figure class=\"wp-block-image size-large\"><img loading=\"lazy\" decoding=\"async\" class=\"wp-image-150903\" src=\"https:\/\/blogcenario.com.br\/wp-content\/uploads\/2025\/07\/758f370c-3d69-437e-80b4-38426e4962ee-1024x683.jpeg\" sizes=\"auto, (max-width: 1024px) 100vw, 1024px\" srcset=\"https:\/\/blogcenario.com.br\/wp-content\/uploads\/2025\/07\/758f370c-3d69-437e-80b4-38426e4962ee-1024x683.jpeg 1024w, https:\/\/blogcenario.com.br\/wp-content\/uploads\/2025\/07\/758f370c-3d69-437e-80b4-38426e4962ee-300x200.jpeg 300w, https:\/\/blogcenario.com.br\/wp-content\/uploads\/2025\/07\/758f370c-3d69-437e-80b4-38426e4962ee-768x512.jpeg 768w, https:\/\/blogcenario.com.br\/wp-content\/uploads\/2025\/07\/758f370c-3d69-437e-80b4-38426e4962ee-1536x1024.jpeg 1536w, https:\/\/blogcenario.com.br\/wp-content\/uploads\/2025\/07\/758f370c-3d69-437e-80b4-38426e4962ee-2048x1365.jpeg 2048w, https:\/\/blogcenario.com.br\/wp-content\/uploads\/2025\/07\/758f370c-3d69-437e-80b4-38426e4962ee-220x147.jpeg 220w\" alt=\"\" width=\"1024\" height=\"683\" \/><figcaption class=\"wp-element-caption\">Foto: Gleibson Silva<\/figcaption><\/figure>\n<p>O Cabo de Santo Agostinho comemora, no dia 9 de julho, seus 148 anos de emancipa\u00e7\u00e3o pol\u00edtica. Para celebrar a data, a Prefeitura preparou uma programa\u00e7\u00e3o que come\u00e7ou nesta ter\u00e7a (1\u00ba), com o an\u00fancio de melhorias de infraestrutura.<\/p>\n<p>Pela manh\u00e3, o prefeito Lula Cabral (SD) assinou a ordem de servi\u00e7o no bairro de Garapu para a coclus\u00e3o do trecho final da Avenida Jos\u00e9 Duarte Aguiar. Tamb\u00e9m ser\u00e3o executados servi\u00e7os de drenagem e requalifica\u00e7\u00e3o do canal que corta a via.<\/p>\n<p>\u201c<em>Esta \u00e9 apenas uma das melhorias que beneficiar\u00e1 os moradores de Garapu. Em breve, uma s\u00e9rie de interven\u00e7\u00f5es ser\u00e1 realizada, garantindo mais qualidade de vida para a popula\u00e7\u00e3o, com uma gest\u00e3o comprometida com todos<\/em>\u201d, destacou o prefeito Lula Cabral.<\/p>\n<p>No per\u00edodo da tarde, o prefeito tamb\u00e9m autorizou o in\u00edcio dos servi\u00e7os no loteamento Cidade Jardim, em Ponte dos Carvalhos, onde nove ruas receber\u00e3o pavimenta\u00e7\u00e3o e drenagem. S\u00e3o elas: Rua das Rosas, Rua das Violetas, Rua das Hort\u00eansias, Rua do Ip\u00ea, Rua das Papoulas, Rua das Brom\u00e9lias, Rua das Orqu\u00eddeas, Rua 01 e Rua dos Cravos.<\/p>\n<p>Al\u00e9m disso, no bairro Nova Ponte, tamb\u00e9m ser\u00e3o beneficiadas as Ruas 03, 04, 05 e 06,\u00a0\u00a0\u00a0e a Travessa do Caiongo, dentro do programa de pavimenta\u00e7\u00e3o vi\u00e1ria.<\/p>\n<p>A programa\u00e7\u00e3o de anivers\u00e1rio seguir\u00e1 por 12 dias, oferecendo \u00e0 popula\u00e7\u00e3o exposi\u00e7\u00f5es de arte, feira de artesanato, celebra\u00e7\u00f5es religiosas, servi\u00e7os gratuitos, shows, lan\u00e7amento de programas municipais, corte do bolo, missa de a\u00e7\u00e3o de gra\u00e7as e an\u00fancio de novos investimentos em obras para o munic\u00edpio.<\/p>\n","protected":false},"excerpt":{"rendered":"<p>Foto: Gleibson Silva O Cabo de Santo Agostinho comemora, no dia 9 de julho, seus 148 anos de emancipa\u00e7\u00e3o pol\u00edtica. Para celebrar a data, a Prefeitura preparou uma programa\u00e7\u00e3o que come\u00e7ou nesta ter\u00e7a (1\u00ba), com o an\u00fancio de melhorias de infraestrutura. Pela manh\u00e3, o prefeito Lula Cabral (SD) assinou a ordem de servi\u00e7o no bairro [&hellip;]<\/p>\n","protected":false},"author":1,"featured_media":1172,"comment_status":"open","ping_status":"open","sticky":false,"template":"","format":"standard","meta":{"footnotes":"","jetpack_publicize_message":"","jetpack_publicize_feature_enabled":true,"jetpack_social_post_already_shared":false,"jetpack_social_options":{"image_generator_settings":{"template":"highway","default_image_id":0,"font":"","enabled":false},"version":2}},"categories":[65],"tags":[],"class_list":["post-1171","post","type-post","status-publish","format-standard","has-post-thumbnail","hentry","category-politica"],"yoast_head":"<!-- This site is optimized with the Yoast SEO plugin v24.5 - https:\/\/yoast.com\/wordpress\/plugins\/seo\/ -->\n<title>Cabo inicia comemora\u00e7\u00f5es dos 148 anos com an\u00fancios\u00a0de obras -<\/title>\n<meta name=\"robots\" content=\"index, follow, max-snippet:-1, max-image-preview:large, max-video-preview:-1\" \/>\n<link rel=\"canonical\" href=\"https:\/\/gazetapernambucana.com\/?p=1171\" \/>\n<meta property=\"og:locale\" content=\"pt_BR\" \/>\n<meta property=\"og:type\" content=\"article\" \/>\n<meta property=\"og:title\" content=\"Cabo inicia comemora\u00e7\u00f5es dos 148 anos com an\u00fancios\u00a0de obras -\" \/>\n<meta property=\"og:description\" content=\"Foto: Gleibson Silva O Cabo de Santo Agostinho comemora, no dia 9 de julho, seus 148 anos de emancipa\u00e7\u00e3o pol\u00edtica. Para celebrar a data, a Prefeitura preparou uma programa\u00e7\u00e3o que come\u00e7ou nesta ter\u00e7a (1\u00ba), com o an\u00fancio de melhorias de infraestrutura. Pela manh\u00e3, o prefeito Lula Cabral (SD) assinou a ordem de servi\u00e7o no bairro [&hellip;]\" \/>\n<meta property=\"og:url\" content=\"https:\/\/gazetapernambucana.com\/?p=1171\" \/>\n<meta property=\"article:published_time\" content=\"2025-07-01T23:41:33+00:00\" \/>\n<meta property=\"og:image\" content=\"https:\/\/gazetapernambucana.com\/wp-content\/uploads\/2025\/07\/758f370c-3d69-437e-80b4-38426e4962ee-1024x683-1.jpeg\" \/>\n\t<meta property=\"og:image:width\" content=\"1024\" \/>\n\t<meta property=\"og:image:height\" content=\"683\" \/>\n\t<meta property=\"og:image:type\" content=\"image\/jpeg\" \/>\n<meta name=\"author\" content=\"GP\" \/>\n<meta name=\"twitter:card\" content=\"summary_large_image\" \/>\n<meta name=\"twitter:label1\" content=\"Escrito por\" \/>\n\t<meta name=\"twitter:data1\" content=\"GP\" \/>\n\t<meta name=\"twitter:label2\" content=\"Est. tempo de leitura\" \/>\n\t<meta name=\"twitter:data2\" content=\"2 minutos\" \/>\n<script type=\"application\/ld+json\" class=\"yoast-schema-graph\">{\"@context\":\"https:\/\/schema.org\",\"@graph\":[{\"@type\":\"WebPage\",\"@id\":\"https:\/\/gazetapernambucana.com\/?p=1171\",\"url\":\"https:\/\/gazetapernambucana.com\/?p=1171\",\"name\":\"Cabo inicia comemora\u00e7\u00f5es dos 148 anos com an\u00fancios\u00a0de obras -\",\"isPartOf\":{\"@id\":\"https:\/\/gazetapernambucana.com\/#website\"},\"primaryImageOfPage\":{\"@id\":\"https:\/\/gazetapernambucana.com\/?p=1171#primaryimage\"},\"image\":{\"@id\":\"https:\/\/gazetapernambucana.com\/?p=1171#primaryimage\"},\"thumbnailUrl\":\"https:\/\/gazetapernambucana.com\/wp-content\/uploads\/2025\/07\/758f370c-3d69-437e-80b4-38426e4962ee-1024x683-1.jpeg\",\"datePublished\":\"2025-07-01T23:41:33+00:00\",\"author\":{\"@id\":\"https:\/\/gazetapernambucana.com\/#\/schema\/person\/188dc283325181ac2de4db1e9e987427\"},\"breadcrumb\":{\"@id\":\"https:\/\/gazetapernambucana.com\/?p=1171#breadcrumb\"},\"inLanguage\":\"pt-BR\",\"potentialAction\":[{\"@type\":\"ReadAction\",\"target\":[\"https:\/\/gazetapernambucana.com\/?p=1171\"]}]},{\"@type\":\"ImageObject\",\"inLanguage\":\"pt-BR\",\"@id\":\"https:\/\/gazetapernambucana.com\/?p=1171#primaryimage\",\"url\":\"https:\/\/gazetapernambucana.com\/wp-content\/uploads\/2025\/07\/758f370c-3d69-437e-80b4-38426e4962ee-1024x683-1.jpeg\",\"contentUrl\":\"https:\/\/gazetapernambucana.com\/wp-content\/uploads\/2025\/07\/758f370c-3d69-437e-80b4-38426e4962ee-1024x683-1.jpeg\",\"width\":1024,\"height\":683},{\"@type\":\"BreadcrumbList\",\"@id\":\"https:\/\/gazetapernambucana.com\/?p=1171#breadcrumb\",\"itemListElement\":[{\"@type\":\"ListItem\",\"position\":1,\"name\":\"In\u00edcio\",\"item\":\"https:\/\/gazetapernambucana.com\/\"},{\"@type\":\"ListItem\",\"position\":2,\"name\":\"Cabo inicia comemora\u00e7\u00f5es dos 148 anos com an\u00fancios\u00a0de obras\"}]},{\"@type\":\"WebSite\",\"@id\":\"https:\/\/gazetapernambucana.com\/#website\",\"url\":\"https:\/\/gazetapernambucana.com\/\",\"name\":\"\",\"description\":\"\",\"potentialAction\":[{\"@type\":\"SearchAction\",\"target\":{\"@type\":\"EntryPoint\",\"urlTemplate\":\"https:\/\/gazetapernambucana.com\/?s={search_term_string}\"},\"query-input\":{\"@type\":\"PropertyValueSpecification\",\"valueRequired\":true,\"valueName\":\"search_term_string\"}}],\"inLanguage\":\"pt-BR\"},{\"@type\":\"Person\",\"@id\":\"https:\/\/gazetapernambucana.com\/#\/schema\/person\/188dc283325181ac2de4db1e9e987427\",\"name\":\"GP\",\"image\":{\"@type\":\"ImageObject\",\"inLanguage\":\"pt-BR\",\"@id\":\"https:\/\/gazetapernambucana.com\/#\/schema\/person\/image\/\",\"url\":\"https:\/\/secure.gravatar.com\/avatar\/9dad78ff9a2d8b5742d11779f8a3f53b052320c550b2e1907882353c067bb111?s=96&d=mm&r=g\",\"contentUrl\":\"https:\/\/secure.gravatar.com\/avatar\/9dad78ff9a2d8b5742d11779f8a3f53b052320c550b2e1907882353c067bb111?s=96&d=mm&r=g\",\"caption\":\"GP\"},\"sameAs\":[\"http:\/\/gazetapernambucana.com\"],\"url\":\"https:\/\/gazetapernambucana.com\/?author=1\"}]}<\/script>\n<!-- \/ Yoast SEO plugin. -->","yoast_head_json":{"title":"Cabo inicia comemora\u00e7\u00f5es dos 148 anos com an\u00fancios\u00a0de obras -","robots":{"index":"index","follow":"follow","max-snippet":"max-snippet:-1","max-image-preview":"max-image-preview:large","max-video-preview":"max-video-preview:-1"},"canonical":"https:\/\/gazetapernambucana.com\/?p=1171","og_locale":"pt_BR","og_type":"article","og_title":"Cabo inicia comemora\u00e7\u00f5es dos 148 anos com an\u00fancios\u00a0de obras -","og_description":"Foto: Gleibson Silva O Cabo de Santo Agostinho comemora, no dia 9 de julho, seus 148 anos de emancipa\u00e7\u00e3o pol\u00edtica. Para celebrar a data, a Prefeitura preparou uma programa\u00e7\u00e3o que come\u00e7ou nesta ter\u00e7a (1\u00ba), com o an\u00fancio de melhorias de infraestrutura. Pela manh\u00e3, o prefeito Lula Cabral (SD) assinou a ordem de servi\u00e7o no bairro [&hellip;]","og_url":"https:\/\/gazetapernambucana.com\/?p=1171","article_published_time":"2025-07-01T23:41:33+00:00","og_image":[{"width":1024,"height":683,"url":"https:\/\/gazetapernambucana.com\/wp-content\/uploads\/2025\/07\/758f370c-3d69-437e-80b4-38426e4962ee-1024x683-1.jpeg","type":"image\/jpeg"}],"author":"GP","twitter_card":"summary_large_image","twitter_misc":{"Escrito por":"GP","Est. tempo de leitura":"2 minutos"},"schema":{"@context":"https:\/\/schema.org","@graph":[{"@type":"WebPage","@id":"https:\/\/gazetapernambucana.com\/?p=1171","url":"https:\/\/gazetapernambucana.com\/?p=1171","name":"Cabo inicia comemora\u00e7\u00f5es dos 148 anos com an\u00fancios\u00a0de obras -","isPartOf":{"@id":"https:\/\/gazetapernambucana.com\/#website"},"primaryImageOfPage":{"@id":"https:\/\/gazetapernambucana.com\/?p=1171#primaryimage"},"image":{"@id":"https:\/\/gazetapernambucana.com\/?p=1171#primaryimage"},"thumbnailUrl":"https:\/\/gazetapernambucana.com\/wp-content\/uploads\/2025\/07\/758f370c-3d69-437e-80b4-38426e4962ee-1024x683-1.jpeg","datePublished":"2025-07-01T23:41:33+00:00","author":{"@id":"https:\/\/gazetapernambucana.com\/#\/schema\/person\/188dc283325181ac2de4db1e9e987427"},"breadcrumb":{"@id":"https:\/\/gazetapernambucana.com\/?p=1171#breadcrumb"},"inLanguage":"pt-BR","potentialAction":[{"@type":"ReadAction","target":["https:\/\/gazetapernambucana.com\/?p=1171"]}]},{"@type":"ImageObject","inLanguage":"pt-BR","@id":"https:\/\/gazetapernambucana.com\/?p=1171#primaryimage","url":"https:\/\/gazetapernambucana.com\/wp-content\/uploads\/2025\/07\/758f370c-3d69-437e-80b4-38426e4962ee-1024x683-1.jpeg","contentUrl":"https:\/\/gazetapernambucana.com\/wp-content\/uploads\/2025\/07\/758f370c-3d69-437e-80b4-38426e4962ee-1024x683-1.jpeg","width":1024,"height":683},{"@type":"BreadcrumbList","@id":"https:\/\/gazetapernambucana.com\/?p=1171#breadcrumb","itemListElement":[{"@type":"ListItem","position":1,"name":"In\u00edcio","item":"https:\/\/gazetapernambucana.com\/"},{"@type":"ListItem","position":2,"name":"Cabo inicia comemora\u00e7\u00f5es dos 148 anos com an\u00fancios\u00a0de obras"}]},{"@type":"WebSite","@id":"https:\/\/gazetapernambucana.com\/#website","url":"https:\/\/gazetapernambucana.com\/","name":"","description":"","potentialAction":[{"@type":"SearchAction","target":{"@type":"EntryPoint","urlTemplate":"https:\/\/gazetapernambucana.com\/?s={search_term_string}"},"query-input":{"@type":"PropertyValueSpecification","valueRequired":true,"valueName":"search_term_string"}}],"inLanguage":"pt-BR"},{"@type":"Person","@id":"https:\/\/gazetapernambucana.com\/#\/schema\/person\/188dc283325181ac2de4db1e9e987427","name":"GP","image":{"@type":"ImageObject","inLanguage":"pt-BR","@id":"https:\/\/gazetapernambucana.com\/#\/schema\/person\/image\/","url":"https:\/\/secure.gravatar.com\/avatar\/9dad78ff9a2d8b5742d11779f8a3f53b052320c550b2e1907882353c067bb111?s=96&d=mm&r=g","contentUrl":"https:\/\/secure.gravatar.com\/avatar\/9dad78ff9a2d8b5742d11779f8a3f53b052320c550b2e1907882353c067bb111?s=96&d=mm&r=g","caption":"GP"},"sameAs":["http:\/\/gazetapernambucana.com"],"url":"https:\/\/gazetapernambucana.com\/?author=1"}]}},"jetpack_publicize_connections":[],"_links":{"self":[{"href":"https:\/\/gazetapernambucana.com\/index.php?rest_route=\/wp\/v2\/posts\/1171","targetHints":{"allow":["GET"]}}],"collection":[{"href":"https:\/\/gazetapernambucana.com\/index.php?rest_route=\/wp\/v2\/posts"}],"about":[{"href":"https:\/\/gazetapernambucana.com\/index.php?rest_route=\/wp\/v2\/types\/post"}],"author":[{"embeddable":true,"href":"https:\/\/gazetapernambucana.com\/index.php?rest_route=\/wp\/v2\/users\/1"}],"replies":[{"embeddable":true,"href":"https:\/\/gazetapernambucana.com\/index.php?rest_route=%2Fwp%2Fv2%2Fcomments&post=1171"}],"version-history":[{"count":1,"href":"https:\/\/gazetapernambucana.com\/index.php?rest_route=\/wp\/v2\/posts\/1171\/revisions"}],"predecessor-version":[{"id":1173,"href":"https:\/\/gazetapernambucana.com\/index.php?rest_route=\/wp\/v2\/posts\/1171\/revisions\/1173"}],"wp:featuredmedia":[{"embeddable":true,"href":"https:\/\/gazetapernambucana.com\/index.php?rest_route=\/wp\/v2\/media\/1172"}],"wp:attachment":[{"href":"https:\/\/gazetapernambucana.com\/index.php?rest_route=%2Fwp%2Fv2%2Fmedia&parent=1171"}],"wp:term":[{"taxonomy":"category","embeddable":true,"href":"https:\/\/gazetapernambucana.com\/index.php?rest_route=%2Fwp%2Fv2%2Fcategories&post=1171"},{"taxonomy":"post_tag","embeddable":true,"href":"https:\/\/gazetapernambucana.com\/index.php?rest_route=%2Fwp%2Fv2%2Ftags&post=1171"}],"curies":[{"name":"wp","href":"https:\/\/api.w.org\/{rel}","templated":true}]}}