{"id":1168,"date":"2025-07-01T20:36:35","date_gmt":"2025-07-01T23:36:35","guid":{"rendered":"https:\/\/gazetapernambucana.com\/?p=1168"},"modified":"2025-07-01T20:36:35","modified_gmt":"2025-07-01T23:36:35","slug":"andrea-medeiros-com-filiacao-ao-psd-encaminhada","status":"publish","type":"post","link":"https:\/\/gazetapernambucana.com\/?p=1168","title":{"rendered":"\u00a0Andr\u00e9a Medeiros com filia\u00e7\u00e3o ao PSD encaminhada"},"content":{"rendered":"<figure class=\"wp-block-image size-large\"><img loading=\"lazy\" decoding=\"async\" class=\"wp-image-150908\" src=\"https:\/\/blogcenario.com.br\/wp-content\/uploads\/2025\/07\/8115CE65-1AC5-4DFF-9B7D-B8F26981BF84-edited.jpeg\" sizes=\"auto, (max-width: 2560px) 100vw, 2560px\" srcset=\"https:\/\/blogcenario.com.br\/wp-content\/uploads\/2025\/07\/8115CE65-1AC5-4DFF-9B7D-B8F26981BF84-edited.jpeg 2560w, https:\/\/blogcenario.com.br\/wp-content\/uploads\/2025\/07\/8115CE65-1AC5-4DFF-9B7D-B8F26981BF84-edited-300x200.jpeg 300w, https:\/\/blogcenario.com.br\/wp-content\/uploads\/2025\/07\/8115CE65-1AC5-4DFF-9B7D-B8F26981BF84-edited-1024x683.jpeg 1024w, https:\/\/blogcenario.com.br\/wp-content\/uploads\/2025\/07\/8115CE65-1AC5-4DFF-9B7D-B8F26981BF84-edited-768x512.jpeg 768w, https:\/\/blogcenario.com.br\/wp-content\/uploads\/2025\/07\/8115CE65-1AC5-4DFF-9B7D-B8F26981BF84-edited-1536x1024.jpeg 1536w, https:\/\/blogcenario.com.br\/wp-content\/uploads\/2025\/07\/8115CE65-1AC5-4DFF-9B7D-B8F26981BF84-edited-2048x1366.jpeg 2048w, https:\/\/blogcenario.com.br\/wp-content\/uploads\/2025\/07\/8115CE65-1AC5-4DFF-9B7D-B8F26981BF84-edited-220x147.jpeg 220w\" alt=\"\" width=\"2560\" height=\"1707\" \/><figcaption class=\"wp-element-caption\">Foto: Divulga\u00e7\u00e3o<\/figcaption><\/figure>\n<p>A primeira-dama do Jaboat\u00e3o dos Guararapes, Andr\u00e9a Medeiros, vai se filiar ao PSD nos pr\u00f3ximos dias. De acordo com uma fonte, o ato deveria ter acontecido na \u00faltima semana, mas, devido a conflito de agendas, a tend\u00eancia \u00e9 que o ato ocorra na pr\u00f3xima segunda (7), se n\u00e3o houver nenhum novo imprevisto.<\/p>\n<p>Bastante atuante no munic\u00edpio, Andr\u00e9a tomou gosto pela pol\u00edtica e \u00e9 pe\u00e7a fundamental na gest\u00e3o do marido, o prefeito Mano Medeiros (PL). O que se comenta nos bastidores \u00e9 que a professora deve disputar uma vaga na Alepe no pr\u00f3ximo ano, e a filia\u00e7\u00e3o refor\u00e7a as especula\u00e7\u00f5es.<\/p>\n<p>O evento deve contar com a presen\u00e7a da governadora Raquel Lyra (PSD) e de outras lideran\u00e7as da legenda no estado.<\/p>\n","protected":false},"excerpt":{"rendered":"<p>Foto: Divulga\u00e7\u00e3o A primeira-dama do Jaboat\u00e3o dos Guararapes, Andr\u00e9a Medeiros, vai se filiar ao PSD nos pr\u00f3ximos dias. De acordo com uma fonte, o ato deveria ter acontecido na \u00faltima semana, mas, devido a conflito de agendas, a tend\u00eancia \u00e9 que o ato ocorra na pr\u00f3xima segunda (7), se n\u00e3o houver nenhum novo imprevisto. Bastante [&hellip;]<\/p>\n","protected":false},"author":1,"featured_media":1169,"comment_status":"open","ping_status":"open","sticky":false,"template":"","format":"standard","meta":{"footnotes":"","jetpack_publicize_message":"","jetpack_publicize_feature_enabled":true,"jetpack_social_post_already_shared":false,"jetpack_social_options":{"image_generator_settings":{"template":"highway","default_image_id":0,"font":"","enabled":false},"version":2}},"categories":[65],"tags":[],"class_list":["post-1168","post","type-post","status-publish","format-standard","has-post-thumbnail","hentry","category-politica"],"yoast_head":"<!-- This site is optimized with the Yoast SEO plugin v24.5 - https:\/\/yoast.com\/wordpress\/plugins\/seo\/ -->\n<title>\u00a0Andr\u00e9a Medeiros com filia\u00e7\u00e3o ao PSD encaminhada -<\/title>\n<meta name=\"robots\" content=\"index, follow, max-snippet:-1, max-image-preview:large, max-video-preview:-1\" \/>\n<link rel=\"canonical\" href=\"https:\/\/gazetapernambucana.com\/?p=1168\" \/>\n<meta property=\"og:locale\" content=\"pt_BR\" \/>\n<meta property=\"og:type\" content=\"article\" \/>\n<meta property=\"og:title\" content=\"\u00a0Andr\u00e9a Medeiros com filia\u00e7\u00e3o ao PSD encaminhada -\" \/>\n<meta property=\"og:description\" content=\"Foto: Divulga\u00e7\u00e3o A primeira-dama do Jaboat\u00e3o dos Guararapes, Andr\u00e9a Medeiros, vai se filiar ao PSD nos pr\u00f3ximos dias. De acordo com uma fonte, o ato deveria ter acontecido na \u00faltima semana, mas, devido a conflito de agendas, a tend\u00eancia \u00e9 que o ato ocorra na pr\u00f3xima segunda (7), se n\u00e3o houver nenhum novo imprevisto. Bastante [&hellip;]\" \/>\n<meta property=\"og:url\" content=\"https:\/\/gazetapernambucana.com\/?p=1168\" \/>\n<meta property=\"article:published_time\" content=\"2025-07-01T23:36:35+00:00\" \/>\n<meta property=\"og:image\" content=\"https:\/\/gazetapernambucana.com\/wp-content\/uploads\/2025\/07\/8115CE65-1AC5-4DFF-9B7D-B8F26981BF84-edited-1024x683-1.jpeg\" \/>\n\t<meta property=\"og:image:width\" content=\"1024\" \/>\n\t<meta property=\"og:image:height\" content=\"683\" \/>\n\t<meta property=\"og:image:type\" content=\"image\/jpeg\" \/>\n<meta name=\"author\" content=\"GP\" \/>\n<meta name=\"twitter:card\" content=\"summary_large_image\" \/>\n<meta name=\"twitter:label1\" content=\"Escrito por\" \/>\n\t<meta name=\"twitter:data1\" content=\"GP\" \/>\n\t<meta name=\"twitter:label2\" content=\"Est. tempo de leitura\" \/>\n\t<meta name=\"twitter:data2\" content=\"2 minutos\" \/>\n<script type=\"application\/ld+json\" class=\"yoast-schema-graph\">{\"@context\":\"https:\/\/schema.org\",\"@graph\":[{\"@type\":\"WebPage\",\"@id\":\"https:\/\/gazetapernambucana.com\/?p=1168\",\"url\":\"https:\/\/gazetapernambucana.com\/?p=1168\",\"name\":\"\u00a0Andr\u00e9a Medeiros com filia\u00e7\u00e3o ao PSD encaminhada -\",\"isPartOf\":{\"@id\":\"https:\/\/gazetapernambucana.com\/#website\"},\"primaryImageOfPage\":{\"@id\":\"https:\/\/gazetapernambucana.com\/?p=1168#primaryimage\"},\"image\":{\"@id\":\"https:\/\/gazetapernambucana.com\/?p=1168#primaryimage\"},\"thumbnailUrl\":\"https:\/\/gazetapernambucana.com\/wp-content\/uploads\/2025\/07\/8115CE65-1AC5-4DFF-9B7D-B8F26981BF84-edited-1024x683-1.jpeg\",\"datePublished\":\"2025-07-01T23:36:35+00:00\",\"author\":{\"@id\":\"https:\/\/gazetapernambucana.com\/#\/schema\/person\/188dc283325181ac2de4db1e9e987427\"},\"breadcrumb\":{\"@id\":\"https:\/\/gazetapernambucana.com\/?p=1168#breadcrumb\"},\"inLanguage\":\"pt-BR\",\"potentialAction\":[{\"@type\":\"ReadAction\",\"target\":[\"https:\/\/gazetapernambucana.com\/?p=1168\"]}]},{\"@type\":\"ImageObject\",\"inLanguage\":\"pt-BR\",\"@id\":\"https:\/\/gazetapernambucana.com\/?p=1168#primaryimage\",\"url\":\"https:\/\/gazetapernambucana.com\/wp-content\/uploads\/2025\/07\/8115CE65-1AC5-4DFF-9B7D-B8F26981BF84-edited-1024x683-1.jpeg\",\"contentUrl\":\"https:\/\/gazetapernambucana.com\/wp-content\/uploads\/2025\/07\/8115CE65-1AC5-4DFF-9B7D-B8F26981BF84-edited-1024x683-1.jpeg\",\"width\":1024,\"height\":683},{\"@type\":\"BreadcrumbList\",\"@id\":\"https:\/\/gazetapernambucana.com\/?p=1168#breadcrumb\",\"itemListElement\":[{\"@type\":\"ListItem\",\"position\":1,\"name\":\"In\u00edcio\",\"item\":\"https:\/\/gazetapernambucana.com\/\"},{\"@type\":\"ListItem\",\"position\":2,\"name\":\"\u00a0Andr\u00e9a Medeiros com filia\u00e7\u00e3o ao PSD encaminhada\"}]},{\"@type\":\"WebSite\",\"@id\":\"https:\/\/gazetapernambucana.com\/#website\",\"url\":\"https:\/\/gazetapernambucana.com\/\",\"name\":\"\",\"description\":\"\",\"potentialAction\":[{\"@type\":\"SearchAction\",\"target\":{\"@type\":\"EntryPoint\",\"urlTemplate\":\"https:\/\/gazetapernambucana.com\/?s={search_term_string}\"},\"query-input\":{\"@type\":\"PropertyValueSpecification\",\"valueRequired\":true,\"valueName\":\"search_term_string\"}}],\"inLanguage\":\"pt-BR\"},{\"@type\":\"Person\",\"@id\":\"https:\/\/gazetapernambucana.com\/#\/schema\/person\/188dc283325181ac2de4db1e9e987427\",\"name\":\"GP\",\"image\":{\"@type\":\"ImageObject\",\"inLanguage\":\"pt-BR\",\"@id\":\"https:\/\/gazetapernambucana.com\/#\/schema\/person\/image\/\",\"url\":\"https:\/\/secure.gravatar.com\/avatar\/9dad78ff9a2d8b5742d11779f8a3f53b052320c550b2e1907882353c067bb111?s=96&d=mm&r=g\",\"contentUrl\":\"https:\/\/secure.gravatar.com\/avatar\/9dad78ff9a2d8b5742d11779f8a3f53b052320c550b2e1907882353c067bb111?s=96&d=mm&r=g\",\"caption\":\"GP\"},\"sameAs\":[\"http:\/\/gazetapernambucana.com\"],\"url\":\"https:\/\/gazetapernambucana.com\/?author=1\"}]}<\/script>\n<!-- \/ Yoast SEO plugin. -->","yoast_head_json":{"title":"\u00a0Andr\u00e9a Medeiros com filia\u00e7\u00e3o ao PSD encaminhada -","robots":{"index":"index","follow":"follow","max-snippet":"max-snippet:-1","max-image-preview":"max-image-preview:large","max-video-preview":"max-video-preview:-1"},"canonical":"https:\/\/gazetapernambucana.com\/?p=1168","og_locale":"pt_BR","og_type":"article","og_title":"\u00a0Andr\u00e9a Medeiros com filia\u00e7\u00e3o ao PSD encaminhada -","og_description":"Foto: Divulga\u00e7\u00e3o A primeira-dama do Jaboat\u00e3o dos Guararapes, Andr\u00e9a Medeiros, vai se filiar ao PSD nos pr\u00f3ximos dias. De acordo com uma fonte, o ato deveria ter acontecido na \u00faltima semana, mas, devido a conflito de agendas, a tend\u00eancia \u00e9 que o ato ocorra na pr\u00f3xima segunda (7), se n\u00e3o houver nenhum novo imprevisto. Bastante [&hellip;]","og_url":"https:\/\/gazetapernambucana.com\/?p=1168","article_published_time":"2025-07-01T23:36:35+00:00","og_image":[{"width":1024,"height":683,"url":"https:\/\/gazetapernambucana.com\/wp-content\/uploads\/2025\/07\/8115CE65-1AC5-4DFF-9B7D-B8F26981BF84-edited-1024x683-1.jpeg","type":"image\/jpeg"}],"author":"GP","twitter_card":"summary_large_image","twitter_misc":{"Escrito por":"GP","Est. tempo de leitura":"2 minutos"},"schema":{"@context":"https:\/\/schema.org","@graph":[{"@type":"WebPage","@id":"https:\/\/gazetapernambucana.com\/?p=1168","url":"https:\/\/gazetapernambucana.com\/?p=1168","name":"\u00a0Andr\u00e9a Medeiros com filia\u00e7\u00e3o ao PSD encaminhada -","isPartOf":{"@id":"https:\/\/gazetapernambucana.com\/#website"},"primaryImageOfPage":{"@id":"https:\/\/gazetapernambucana.com\/?p=1168#primaryimage"},"image":{"@id":"https:\/\/gazetapernambucana.com\/?p=1168#primaryimage"},"thumbnailUrl":"https:\/\/gazetapernambucana.com\/wp-content\/uploads\/2025\/07\/8115CE65-1AC5-4DFF-9B7D-B8F26981BF84-edited-1024x683-1.jpeg","datePublished":"2025-07-01T23:36:35+00:00","author":{"@id":"https:\/\/gazetapernambucana.com\/#\/schema\/person\/188dc283325181ac2de4db1e9e987427"},"breadcrumb":{"@id":"https:\/\/gazetapernambucana.com\/?p=1168#breadcrumb"},"inLanguage":"pt-BR","potentialAction":[{"@type":"ReadAction","target":["https:\/\/gazetapernambucana.com\/?p=1168"]}]},{"@type":"ImageObject","inLanguage":"pt-BR","@id":"https:\/\/gazetapernambucana.com\/?p=1168#primaryimage","url":"https:\/\/gazetapernambucana.com\/wp-content\/uploads\/2025\/07\/8115CE65-1AC5-4DFF-9B7D-B8F26981BF84-edited-1024x683-1.jpeg","contentUrl":"https:\/\/gazetapernambucana.com\/wp-content\/uploads\/2025\/07\/8115CE65-1AC5-4DFF-9B7D-B8F26981BF84-edited-1024x683-1.jpeg","width":1024,"height":683},{"@type":"BreadcrumbList","@id":"https:\/\/gazetapernambucana.com\/?p=1168#breadcrumb","itemListElement":[{"@type":"ListItem","position":1,"name":"In\u00edcio","item":"https:\/\/gazetapernambucana.com\/"},{"@type":"ListItem","position":2,"name":"\u00a0Andr\u00e9a Medeiros com filia\u00e7\u00e3o ao PSD encaminhada"}]},{"@type":"WebSite","@id":"https:\/\/gazetapernambucana.com\/#website","url":"https:\/\/gazetapernambucana.com\/","name":"","description":"","potentialAction":[{"@type":"SearchAction","target":{"@type":"EntryPoint","urlTemplate":"https:\/\/gazetapernambucana.com\/?s={search_term_string}"},"query-input":{"@type":"PropertyValueSpecification","valueRequired":true,"valueName":"search_term_string"}}],"inLanguage":"pt-BR"},{"@type":"Person","@id":"https:\/\/gazetapernambucana.com\/#\/schema\/person\/188dc283325181ac2de4db1e9e987427","name":"GP","image":{"@type":"ImageObject","inLanguage":"pt-BR","@id":"https:\/\/gazetapernambucana.com\/#\/schema\/person\/image\/","url":"https:\/\/secure.gravatar.com\/avatar\/9dad78ff9a2d8b5742d11779f8a3f53b052320c550b2e1907882353c067bb111?s=96&d=mm&r=g","contentUrl":"https:\/\/secure.gravatar.com\/avatar\/9dad78ff9a2d8b5742d11779f8a3f53b052320c550b2e1907882353c067bb111?s=96&d=mm&r=g","caption":"GP"},"sameAs":["http:\/\/gazetapernambucana.com"],"url":"https:\/\/gazetapernambucana.com\/?author=1"}]}},"jetpack_publicize_connections":[],"_links":{"self":[{"href":"https:\/\/gazetapernambucana.com\/index.php?rest_route=\/wp\/v2\/posts\/1168","targetHints":{"allow":["GET"]}}],"collection":[{"href":"https:\/\/gazetapernambucana.com\/index.php?rest_route=\/wp\/v2\/posts"}],"about":[{"href":"https:\/\/gazetapernambucana.com\/index.php?rest_route=\/wp\/v2\/types\/post"}],"author":[{"embeddable":true,"href":"https:\/\/gazetapernambucana.com\/index.php?rest_route=\/wp\/v2\/users\/1"}],"replies":[{"embeddable":true,"href":"https:\/\/gazetapernambucana.com\/index.php?rest_route=%2Fwp%2Fv2%2Fcomments&post=1168"}],"version-history":[{"count":1,"href":"https:\/\/gazetapernambucana.com\/index.php?rest_route=\/wp\/v2\/posts\/1168\/revisions"}],"predecessor-version":[{"id":1170,"href":"https:\/\/gazetapernambucana.com\/index.php?rest_route=\/wp\/v2\/posts\/1168\/revisions\/1170"}],"wp:featuredmedia":[{"embeddable":true,"href":"https:\/\/gazetapernambucana.com\/index.php?rest_route=\/wp\/v2\/media\/1169"}],"wp:attachment":[{"href":"https:\/\/gazetapernambucana.com\/index.php?rest_route=%2Fwp%2Fv2%2Fmedia&parent=1168"}],"wp:term":[{"taxonomy":"category","embeddable":true,"href":"https:\/\/gazetapernambucana.com\/index.php?rest_route=%2Fwp%2Fv2%2Fcategories&post=1168"},{"taxonomy":"post_tag","embeddable":true,"href":"https:\/\/gazetapernambucana.com\/index.php?rest_route=%2Fwp%2Fv2%2Ftags&post=1168"}],"curies":[{"name":"wp","href":"https:\/\/api.w.org\/{rel}","templated":true}]}}