{"id":1165,"date":"2025-07-01T20:21:21","date_gmt":"2025-07-01T23:21:21","guid":{"rendered":"https:\/\/gazetapernambucana.com\/?p=1165"},"modified":"2025-07-01T20:21:21","modified_gmt":"2025-07-01T23:21:21","slug":"agricultura-familiar-tera-r-102-bilhoes-do-banco-do-nordeste-para-a-safra-2025-2026","status":"publish","type":"post","link":"https:\/\/gazetapernambucana.com\/?p=1165","title":{"rendered":"Agricultura familiar ter\u00e1 R$ 10,2 bilh\u00f5es do Banco do Nordeste para a Safra 2025\/2026"},"content":{"rendered":"<div class=\"elementor-element elementor-element-7f30e03 elementor-widget elementor-widget-image\" data-id=\"7f30e03\" data-element_type=\"widget\" data-widget_type=\"image.default\">\n<div class=\"elementor-widget-container\"><img loading=\"lazy\" decoding=\"async\" class=\"attachment-full size-full\" src=\"https:\/\/blogdomagno.com.br\/wp-content\/uploads\/2025\/07\/agro.jpg\" sizes=\"auto, (max-width: 800px) 100vw, 800px\" srcset=\"https:\/\/blogdomagno.com.br\/wp-content\/uploads\/2025\/07\/agro.jpg 800w, https:\/\/blogdomagno.com.br\/wp-content\/uploads\/2025\/07\/agro-300x168.jpg 300w, https:\/\/blogdomagno.com.br\/wp-content\/uploads\/2025\/07\/agro-768x431.jpg 768w\" alt=\"\" width=\"800\" height=\"449\" \/><\/div>\n<\/div>\n<div class=\"elementor-element elementor-element-746f5ae4 elementor-widget elementor-widget-theme-post-content\" data-id=\"746f5ae4\" data-element_type=\"widget\" data-widget_type=\"theme-post-content.default\">\n<div class=\"elementor-widget-container\">\n<div id=\"ub-expand-a0bb2fbf-b0cc-42a1-8e39-18d8001c0a20\" class=\"wp-block-ub-expand ub-expand\" data-scroll-type=\"false\" data-scroll-amount=\"\" data-scroll-target=\"\">\n<div id=\"ub-expand-full-41810c1b-0be4-4049-81c3-18180e711678\" class=\"ub-expand-portion ub-expand-partial wp-block-ub-expand-portion\" tabindex=\"0\" role=\"button\" aria-expanded=\"false\" aria-controls=\"ub-expand-full-41810c1b-0be4-4049-81c3-18180e711678\">\n<p>Os agricultores familiares de toda a \u00e1rea de atua\u00e7\u00e3o do Banco do Nordeste (BNB) contar\u00e3o com R$ 10,2 bilh\u00f5es em cr\u00e9dito para custeio, investimento e fortalecimento da produ\u00e7\u00e3o no ciclo 2025\/2026. Do montante total, R$ 777 milh\u00f5es ser\u00e3o destinados \u00e0 Para\u00edba.<\/p>\n<p>O valor foi divulgado ontem, em Bras\u00edlia, durante a cerim\u00f4nia de lan\u00e7amento do Plano Safra, que contou com a presen\u00e7a do presidente da Rep\u00fablica, Luiz In\u00e1cio Lula da Silva, do ministro do Desenvolvimento Agr\u00e1rio e Agricultura Familiar, Paulo Teixeira, e do presidente do BNB, Paulo C\u00e2mara, entre outras autoridades. Na ocasi\u00e3o, o presidente Lula anunciou R$ 89 bilh\u00f5es para a agricultura familiar brasileira, um aumento de 17% com rela\u00e7\u00e3o ao exerc\u00edcio anterior.<\/p>\n<\/div>\n<div id=\"ub-expand-full-41810c1b-0be4-4049-81c3-18180e711678\" class=\"ub-expand-portion ub-expand-full wp-block-ub-expand-portion\" tabindex=\"0\" role=\"button\" aria-expanded=\"false\" aria-controls=\"ub-expand-full-41810c1b-0be4-4049-81c3-18180e711678\">\n<p>\u201cNosso papel \u00e9 fazer com que as pessoas tenham a oportunidade de alcan\u00e7ar seus objetivos e que mais recursos cheguem a todos\u201d, afirmou Lula.<\/p>\n<p>Para o presidente Paulo C\u00e2mara, os recursos dispon\u00edveis no BNB para a agricultura familiar est\u00e3o em sintonia com o investimento recorde do Governo Federal no setor. Em compara\u00e7\u00e3o com o \u00faltimo Plano Safra do governo anterior, o de 2025\/2026 ser\u00e1 120% maior.<\/p>\n<p>\u201cO Banco do Nordeste tem uma fun\u00e7\u00e3o estrat\u00e9gica na execu\u00e7\u00e3o do Pronaf em nossa regi\u00e3o. Atuamos como principal operador de cr\u00e9dito para a agricultura familiar, acompanhando as diretrizes de inclus\u00e3o produtiva e desenvolvimento sustent\u00e1vel defendidas pelo presidente Lula\u201d, afirmou o presidente do Banco do Nordeste.<\/p>\n<p>De acordo com dados preliminares do Banco Central, O BNB foi respons\u00e1vel por 94% dos contratos firmados e por 70% do volume financeiro contratado pelo Pronaf na regi\u00e3o.<\/p>\n<\/div>\n<\/div>\n<\/div>\n<\/div>\n","protected":false},"excerpt":{"rendered":"<p>Os agricultores familiares de toda a \u00e1rea de atua\u00e7\u00e3o do Banco do Nordeste (BNB) contar\u00e3o com R$ 10,2 bilh\u00f5es em cr\u00e9dito para custeio, investimento e fortalecimento da produ\u00e7\u00e3o no ciclo 2025\/2026. Do montante total, R$ 777 milh\u00f5es ser\u00e3o destinados \u00e0 Para\u00edba. O valor foi divulgado ontem, em Bras\u00edlia, durante a cerim\u00f4nia de lan\u00e7amento do Plano [&hellip;]<\/p>\n","protected":false},"author":1,"featured_media":1166,"comment_status":"open","ping_status":"open","sticky":false,"template":"","format":"standard","meta":{"footnotes":"","jetpack_publicize_message":"","jetpack_publicize_feature_enabled":true,"jetpack_social_post_already_shared":false,"jetpack_social_options":{"image_generator_settings":{"template":"highway","default_image_id":0,"font":"","enabled":false},"version":2}},"categories":[37,38,65],"tags":[],"class_list":["post-1165","post","type-post","status-publish","format-standard","has-post-thumbnail","hentry","category-https-gazetapernambucana-com-page_id212","category-https-gazetapernambucana-com-page_id215","category-politica"],"yoast_head":"<!-- This site is optimized with the Yoast SEO plugin v24.5 - https:\/\/yoast.com\/wordpress\/plugins\/seo\/ -->\n<title>Agricultura familiar ter\u00e1 R$ 10,2 bilh\u00f5es do Banco do Nordeste para a Safra 2025\/2026 -<\/title>\n<meta name=\"robots\" content=\"index, follow, max-snippet:-1, max-image-preview:large, max-video-preview:-1\" \/>\n<link rel=\"canonical\" href=\"https:\/\/gazetapernambucana.com\/?p=1165\" \/>\n<meta property=\"og:locale\" content=\"pt_BR\" \/>\n<meta property=\"og:type\" content=\"article\" \/>\n<meta property=\"og:title\" content=\"Agricultura familiar ter\u00e1 R$ 10,2 bilh\u00f5es do Banco do Nordeste para a Safra 2025\/2026 -\" \/>\n<meta property=\"og:description\" content=\"Os agricultores familiares de toda a \u00e1rea de atua\u00e7\u00e3o do Banco do Nordeste (BNB) contar\u00e3o com R$ 10,2 bilh\u00f5es em cr\u00e9dito para custeio, investimento e fortalecimento da produ\u00e7\u00e3o no ciclo 2025\/2026. Do montante total, R$ 777 milh\u00f5es ser\u00e3o destinados \u00e0 Para\u00edba. O valor foi divulgado ontem, em Bras\u00edlia, durante a cerim\u00f4nia de lan\u00e7amento do Plano [&hellip;]\" \/>\n<meta property=\"og:url\" content=\"https:\/\/gazetapernambucana.com\/?p=1165\" \/>\n<meta property=\"article:published_time\" content=\"2025-07-01T23:21:21+00:00\" \/>\n<meta property=\"og:image\" content=\"https:\/\/gazetapernambucana.com\/wp-content\/uploads\/2025\/07\/agro.jpg\" \/>\n\t<meta property=\"og:image:width\" content=\"800\" \/>\n\t<meta property=\"og:image:height\" content=\"449\" \/>\n\t<meta property=\"og:image:type\" content=\"image\/jpeg\" \/>\n<meta name=\"author\" content=\"GP\" \/>\n<meta name=\"twitter:card\" content=\"summary_large_image\" \/>\n<meta name=\"twitter:label1\" content=\"Escrito por\" \/>\n\t<meta name=\"twitter:data1\" content=\"GP\" \/>\n\t<meta name=\"twitter:label2\" content=\"Est. tempo de leitura\" \/>\n\t<meta name=\"twitter:data2\" content=\"2 minutos\" \/>\n<script type=\"application\/ld+json\" class=\"yoast-schema-graph\">{\"@context\":\"https:\/\/schema.org\",\"@graph\":[{\"@type\":\"WebPage\",\"@id\":\"https:\/\/gazetapernambucana.com\/?p=1165\",\"url\":\"https:\/\/gazetapernambucana.com\/?p=1165\",\"name\":\"Agricultura familiar ter\u00e1 R$ 10,2 bilh\u00f5es do Banco do Nordeste para a Safra 2025\/2026 -\",\"isPartOf\":{\"@id\":\"https:\/\/gazetapernambucana.com\/#website\"},\"primaryImageOfPage\":{\"@id\":\"https:\/\/gazetapernambucana.com\/?p=1165#primaryimage\"},\"image\":{\"@id\":\"https:\/\/gazetapernambucana.com\/?p=1165#primaryimage\"},\"thumbnailUrl\":\"https:\/\/gazetapernambucana.com\/wp-content\/uploads\/2025\/07\/agro.jpg\",\"datePublished\":\"2025-07-01T23:21:21+00:00\",\"author\":{\"@id\":\"https:\/\/gazetapernambucana.com\/#\/schema\/person\/188dc283325181ac2de4db1e9e987427\"},\"breadcrumb\":{\"@id\":\"https:\/\/gazetapernambucana.com\/?p=1165#breadcrumb\"},\"inLanguage\":\"pt-BR\",\"potentialAction\":[{\"@type\":\"ReadAction\",\"target\":[\"https:\/\/gazetapernambucana.com\/?p=1165\"]}]},{\"@type\":\"ImageObject\",\"inLanguage\":\"pt-BR\",\"@id\":\"https:\/\/gazetapernambucana.com\/?p=1165#primaryimage\",\"url\":\"https:\/\/gazetapernambucana.com\/wp-content\/uploads\/2025\/07\/agro.jpg\",\"contentUrl\":\"https:\/\/gazetapernambucana.com\/wp-content\/uploads\/2025\/07\/agro.jpg\",\"width\":800,\"height\":449},{\"@type\":\"BreadcrumbList\",\"@id\":\"https:\/\/gazetapernambucana.com\/?p=1165#breadcrumb\",\"itemListElement\":[{\"@type\":\"ListItem\",\"position\":1,\"name\":\"In\u00edcio\",\"item\":\"https:\/\/gazetapernambucana.com\/\"},{\"@type\":\"ListItem\",\"position\":2,\"name\":\"Agricultura familiar ter\u00e1 R$ 10,2 bilh\u00f5es do Banco do Nordeste para a Safra 2025\/2026\"}]},{\"@type\":\"WebSite\",\"@id\":\"https:\/\/gazetapernambucana.com\/#website\",\"url\":\"https:\/\/gazetapernambucana.com\/\",\"name\":\"\",\"description\":\"\",\"potentialAction\":[{\"@type\":\"SearchAction\",\"target\":{\"@type\":\"EntryPoint\",\"urlTemplate\":\"https:\/\/gazetapernambucana.com\/?s={search_term_string}\"},\"query-input\":{\"@type\":\"PropertyValueSpecification\",\"valueRequired\":true,\"valueName\":\"search_term_string\"}}],\"inLanguage\":\"pt-BR\"},{\"@type\":\"Person\",\"@id\":\"https:\/\/gazetapernambucana.com\/#\/schema\/person\/188dc283325181ac2de4db1e9e987427\",\"name\":\"GP\",\"image\":{\"@type\":\"ImageObject\",\"inLanguage\":\"pt-BR\",\"@id\":\"https:\/\/gazetapernambucana.com\/#\/schema\/person\/image\/\",\"url\":\"https:\/\/secure.gravatar.com\/avatar\/9dad78ff9a2d8b5742d11779f8a3f53b052320c550b2e1907882353c067bb111?s=96&d=mm&r=g\",\"contentUrl\":\"https:\/\/secure.gravatar.com\/avatar\/9dad78ff9a2d8b5742d11779f8a3f53b052320c550b2e1907882353c067bb111?s=96&d=mm&r=g\",\"caption\":\"GP\"},\"sameAs\":[\"http:\/\/gazetapernambucana.com\"],\"url\":\"https:\/\/gazetapernambucana.com\/?author=1\"}]}<\/script>\n<!-- \/ Yoast SEO plugin. -->","yoast_head_json":{"title":"Agricultura familiar ter\u00e1 R$ 10,2 bilh\u00f5es do Banco do Nordeste para a Safra 2025\/2026 -","robots":{"index":"index","follow":"follow","max-snippet":"max-snippet:-1","max-image-preview":"max-image-preview:large","max-video-preview":"max-video-preview:-1"},"canonical":"https:\/\/gazetapernambucana.com\/?p=1165","og_locale":"pt_BR","og_type":"article","og_title":"Agricultura familiar ter\u00e1 R$ 10,2 bilh\u00f5es do Banco do Nordeste para a Safra 2025\/2026 -","og_description":"Os agricultores familiares de toda a \u00e1rea de atua\u00e7\u00e3o do Banco do Nordeste (BNB) contar\u00e3o com R$ 10,2 bilh\u00f5es em cr\u00e9dito para custeio, investimento e fortalecimento da produ\u00e7\u00e3o no ciclo 2025\/2026. Do montante total, R$ 777 milh\u00f5es ser\u00e3o destinados \u00e0 Para\u00edba. O valor foi divulgado ontem, em Bras\u00edlia, durante a cerim\u00f4nia de lan\u00e7amento do Plano [&hellip;]","og_url":"https:\/\/gazetapernambucana.com\/?p=1165","article_published_time":"2025-07-01T23:21:21+00:00","og_image":[{"width":800,"height":449,"url":"https:\/\/gazetapernambucana.com\/wp-content\/uploads\/2025\/07\/agro.jpg","type":"image\/jpeg"}],"author":"GP","twitter_card":"summary_large_image","twitter_misc":{"Escrito por":"GP","Est. tempo de leitura":"2 minutos"},"schema":{"@context":"https:\/\/schema.org","@graph":[{"@type":"WebPage","@id":"https:\/\/gazetapernambucana.com\/?p=1165","url":"https:\/\/gazetapernambucana.com\/?p=1165","name":"Agricultura familiar ter\u00e1 R$ 10,2 bilh\u00f5es do Banco do Nordeste para a Safra 2025\/2026 -","isPartOf":{"@id":"https:\/\/gazetapernambucana.com\/#website"},"primaryImageOfPage":{"@id":"https:\/\/gazetapernambucana.com\/?p=1165#primaryimage"},"image":{"@id":"https:\/\/gazetapernambucana.com\/?p=1165#primaryimage"},"thumbnailUrl":"https:\/\/gazetapernambucana.com\/wp-content\/uploads\/2025\/07\/agro.jpg","datePublished":"2025-07-01T23:21:21+00:00","author":{"@id":"https:\/\/gazetapernambucana.com\/#\/schema\/person\/188dc283325181ac2de4db1e9e987427"},"breadcrumb":{"@id":"https:\/\/gazetapernambucana.com\/?p=1165#breadcrumb"},"inLanguage":"pt-BR","potentialAction":[{"@type":"ReadAction","target":["https:\/\/gazetapernambucana.com\/?p=1165"]}]},{"@type":"ImageObject","inLanguage":"pt-BR","@id":"https:\/\/gazetapernambucana.com\/?p=1165#primaryimage","url":"https:\/\/gazetapernambucana.com\/wp-content\/uploads\/2025\/07\/agro.jpg","contentUrl":"https:\/\/gazetapernambucana.com\/wp-content\/uploads\/2025\/07\/agro.jpg","width":800,"height":449},{"@type":"BreadcrumbList","@id":"https:\/\/gazetapernambucana.com\/?p=1165#breadcrumb","itemListElement":[{"@type":"ListItem","position":1,"name":"In\u00edcio","item":"https:\/\/gazetapernambucana.com\/"},{"@type":"ListItem","position":2,"name":"Agricultura familiar ter\u00e1 R$ 10,2 bilh\u00f5es do Banco do Nordeste para a Safra 2025\/2026"}]},{"@type":"WebSite","@id":"https:\/\/gazetapernambucana.com\/#website","url":"https:\/\/gazetapernambucana.com\/","name":"","description":"","potentialAction":[{"@type":"SearchAction","target":{"@type":"EntryPoint","urlTemplate":"https:\/\/gazetapernambucana.com\/?s={search_term_string}"},"query-input":{"@type":"PropertyValueSpecification","valueRequired":true,"valueName":"search_term_string"}}],"inLanguage":"pt-BR"},{"@type":"Person","@id":"https:\/\/gazetapernambucana.com\/#\/schema\/person\/188dc283325181ac2de4db1e9e987427","name":"GP","image":{"@type":"ImageObject","inLanguage":"pt-BR","@id":"https:\/\/gazetapernambucana.com\/#\/schema\/person\/image\/","url":"https:\/\/secure.gravatar.com\/avatar\/9dad78ff9a2d8b5742d11779f8a3f53b052320c550b2e1907882353c067bb111?s=96&d=mm&r=g","contentUrl":"https:\/\/secure.gravatar.com\/avatar\/9dad78ff9a2d8b5742d11779f8a3f53b052320c550b2e1907882353c067bb111?s=96&d=mm&r=g","caption":"GP"},"sameAs":["http:\/\/gazetapernambucana.com"],"url":"https:\/\/gazetapernambucana.com\/?author=1"}]}},"jetpack_publicize_connections":[],"_links":{"self":[{"href":"https:\/\/gazetapernambucana.com\/index.php?rest_route=\/wp\/v2\/posts\/1165","targetHints":{"allow":["GET"]}}],"collection":[{"href":"https:\/\/gazetapernambucana.com\/index.php?rest_route=\/wp\/v2\/posts"}],"about":[{"href":"https:\/\/gazetapernambucana.com\/index.php?rest_route=\/wp\/v2\/types\/post"}],"author":[{"embeddable":true,"href":"https:\/\/gazetapernambucana.com\/index.php?rest_route=\/wp\/v2\/users\/1"}],"replies":[{"embeddable":true,"href":"https:\/\/gazetapernambucana.com\/index.php?rest_route=%2Fwp%2Fv2%2Fcomments&post=1165"}],"version-history":[{"count":1,"href":"https:\/\/gazetapernambucana.com\/index.php?rest_route=\/wp\/v2\/posts\/1165\/revisions"}],"predecessor-version":[{"id":1167,"href":"https:\/\/gazetapernambucana.com\/index.php?rest_route=\/wp\/v2\/posts\/1165\/revisions\/1167"}],"wp:featuredmedia":[{"embeddable":true,"href":"https:\/\/gazetapernambucana.com\/index.php?rest_route=\/wp\/v2\/media\/1166"}],"wp:attachment":[{"href":"https:\/\/gazetapernambucana.com\/index.php?rest_route=%2Fwp%2Fv2%2Fmedia&parent=1165"}],"wp:term":[{"taxonomy":"category","embeddable":true,"href":"https:\/\/gazetapernambucana.com\/index.php?rest_route=%2Fwp%2Fv2%2Fcategories&post=1165"},{"taxonomy":"post_tag","embeddable":true,"href":"https:\/\/gazetapernambucana.com\/index.php?rest_route=%2Fwp%2Fv2%2Ftags&post=1165"}],"curies":[{"name":"wp","href":"https:\/\/api.w.org\/{rel}","templated":true}]}}