{"id":1162,"date":"2025-07-01T20:07:49","date_gmt":"2025-07-01T23:07:49","guid":{"rendered":"https:\/\/gazetapernambucana.com\/?p=1162"},"modified":"2025-07-01T20:07:49","modified_gmt":"2025-07-01T23:07:49","slug":"magno-martins-lanca-os-leoes-do-norte-com-turne-literaria-pelo-sertao-de-pernambuco","status":"publish","type":"post","link":"https:\/\/gazetapernambucana.com\/?p=1162","title":{"rendered":"Magno Martins Lan\u00e7a \u201cOs Le\u00f5es do Norte\u201d com Turn\u00ea Liter\u00e1ria pelo Sert\u00e3o de Pernambuco"},"content":{"rendered":"<p data-start=\"300\" data-end=\"801\"><img loading=\"lazy\" decoding=\"async\" class=\"alignnone size-full wp-image-174204\" src=\"https:\/\/flaviochaves.com.br\/wp-content\/uploads\/2025\/07\/leoes-do-norte-300x300-1.jpg\" alt=\"\" width=\"300\" height=\"300\" \/>\u00a0 \u00a0 \u00a0O jornalista e escritor Magno Martins est\u00e1 prestes a dar in\u00edcio a uma verdadeira travessia hist\u00f3rica pelo sert\u00e3o pernambucano. Na bagagem, ele leva seu mais novo livro, <em data-start=\"469\" data-end=\"488\">Os Le\u00f5es do Norte<\/em>, publicado pela editora Eu Escrevo. A obra re\u00fane minibiografias de 22 ex-governadores que marcaram a pol\u00edtica de Pernambuco, atravessando quase um s\u00e9culo de hist\u00f3ria, de Carlos de Lima Cavalcanti, que assumiu o Pal\u00e1cio do Campo das Princesas em 1930, at\u00e9 Paulo C\u00e2mara, que encerrou seu ciclo em 2022.<\/p>\n<p data-start=\"803\" data-end=\"943\">O livro n\u00e3o inclui a atual governadora Raquel Lyra, por uma escolha editorial: preservar a isen\u00e7\u00e3o diante de gest\u00f5es ainda em andamento.<\/p>\n<p data-start=\"945\" data-end=\"1289\">A jornada de lan\u00e7amentos come\u00e7a com brilho em Serra Talhada, terra natal do emblem\u00e1tico Agamenon Magalh\u00e3es, um dos protagonistas do livro e figura incontorn\u00e1vel da pol\u00edtica pernambucana e nacional. Com apoio da prefeita M\u00e1rcia Conrado (PT), o evento acontecer\u00e1 na Casa da Cultura, a partir das 18h da pr\u00f3xima segunda-feira.<\/p>\n<p data-start=\"1291\" data-end=\"1535\">J\u00e1 na ter\u00e7a-feira, o itiner\u00e1rio segue para a cidade de Flores, onde o autor ser\u00e1 recebido \u00e0s 19h na C\u00e2mara de Vereadores, com o incentivo institucional do prefeito Gilberto Ribeiro, que sucedeu o ex-prefeito Marconi Santana.<\/p>\n<p data-start=\"1537\" data-end=\"1934\">Com seu olhar arguto e d\u00e9cadas de experi\u00eancia no jornalismo pol\u00edtico, Magno Martins reconstr\u00f3i, em <em data-start=\"1636\" data-end=\"1655\">Os Le\u00f5es do Norte<\/em>, os bastidores do poder e os tra\u00e7os que moldaram os l\u00edderes que comandaram Pernambuco em diferentes conjunturas hist\u00f3ricas, sociais e econ\u00f4micas. O livro \u00e9, ao mesmo tempo, uma aula de hist\u00f3ria, um mergulho na biografia pol\u00edtica e um convite \u00e0 reflex\u00e3o sobre os rumos do Estado.<\/p>\n<p data-start=\"1936\" data-end=\"2259\">Mais do que uma obra biogr\u00e1fica, <em data-start=\"1969\" data-end=\"1988\">Os Le\u00f5es do Norte<\/em> \u00e9 um documento pol\u00edtico-liter\u00e1rio, necess\u00e1rio para compreender o presente \u00e0 luz do passado. E, com essa caravana de lan\u00e7amentos pelo interior, Magno reafirma sua voca\u00e7\u00e3o de estar perto do povo e de suas ra\u00edzes, levando cultura, mem\u00f3ria e debate para o cora\u00e7\u00e3o do sert\u00e3o.<\/p>\n<p data-start=\"2261\" data-end=\"2443\">A agenda deve se estender por outras cidades nas semanas seguintes, e cada parada promete ser n\u00e3o apenas uma noite de aut\u00f3grafos, mas um reencontro com a hist\u00f3ria viva de Pernambuco.<\/p>\n","protected":false},"excerpt":{"rendered":"<p>\u00a0 \u00a0 \u00a0O jornalista e escritor Magno Martins est\u00e1 prestes a dar in\u00edcio a uma verdadeira travessia hist\u00f3rica pelo sert\u00e3o pernambucano. Na bagagem, ele leva seu mais novo livro, Os Le\u00f5es do Norte, publicado pela editora Eu Escrevo. A obra re\u00fane minibiografias de 22 ex-governadores que marcaram a pol\u00edtica de Pernambuco, atravessando quase um s\u00e9culo [&hellip;]<\/p>\n","protected":false},"author":1,"featured_media":1163,"comment_status":"open","ping_status":"open","sticky":false,"template":"","format":"standard","meta":{"footnotes":"","jetpack_publicize_message":"","jetpack_publicize_feature_enabled":true,"jetpack_social_post_already_shared":false,"jetpack_social_options":{"image_generator_settings":{"template":"highway","default_image_id":0,"font":"","enabled":false},"version":2}},"categories":[35,46,65],"tags":[],"class_list":["post-1162","post","type-post","status-publish","format-standard","has-post-thumbnail","hentry","category-https-gazetapernambucana-com-page_id218","category-literatura","category-politica"],"yoast_head":"<!-- This site is optimized with the Yoast SEO plugin v24.5 - https:\/\/yoast.com\/wordpress\/plugins\/seo\/ -->\n<title>Magno Martins Lan\u00e7a \u201cOs Le\u00f5es do Norte\u201d com Turn\u00ea Liter\u00e1ria pelo Sert\u00e3o de Pernambuco -<\/title>\n<meta name=\"robots\" content=\"index, follow, max-snippet:-1, max-image-preview:large, max-video-preview:-1\" \/>\n<link rel=\"canonical\" href=\"https:\/\/gazetapernambucana.com\/?p=1162\" \/>\n<meta property=\"og:locale\" content=\"pt_BR\" \/>\n<meta property=\"og:type\" content=\"article\" \/>\n<meta property=\"og:title\" content=\"Magno Martins Lan\u00e7a \u201cOs Le\u00f5es do Norte\u201d com Turn\u00ea Liter\u00e1ria pelo Sert\u00e3o de Pernambuco -\" \/>\n<meta property=\"og:description\" content=\"\u00a0 \u00a0 \u00a0O jornalista e escritor Magno Martins est\u00e1 prestes a dar in\u00edcio a uma verdadeira travessia hist\u00f3rica pelo sert\u00e3o pernambucano. Na bagagem, ele leva seu mais novo livro, Os Le\u00f5es do Norte, publicado pela editora Eu Escrevo. A obra re\u00fane minibiografias de 22 ex-governadores que marcaram a pol\u00edtica de Pernambuco, atravessando quase um s\u00e9culo [&hellip;]\" \/>\n<meta property=\"og:url\" content=\"https:\/\/gazetapernambucana.com\/?p=1162\" \/>\n<meta property=\"article:published_time\" content=\"2025-07-01T23:07:49+00:00\" \/>\n<meta property=\"og:image\" content=\"https:\/\/gazetapernambucana.com\/wp-content\/uploads\/2025\/07\/leoes-do-norte-300x300-1.jpg\" \/>\n\t<meta property=\"og:image:width\" content=\"300\" \/>\n\t<meta property=\"og:image:height\" content=\"300\" \/>\n\t<meta property=\"og:image:type\" content=\"image\/jpeg\" \/>\n<meta name=\"author\" content=\"GP\" \/>\n<meta name=\"twitter:card\" content=\"summary_large_image\" \/>\n<meta name=\"twitter:label1\" content=\"Escrito por\" \/>\n\t<meta name=\"twitter:data1\" content=\"GP\" \/>\n\t<meta name=\"twitter:label2\" content=\"Est. tempo de leitura\" \/>\n\t<meta name=\"twitter:data2\" content=\"3 minutos\" \/>\n<script type=\"application\/ld+json\" class=\"yoast-schema-graph\">{\"@context\":\"https:\/\/schema.org\",\"@graph\":[{\"@type\":\"WebPage\",\"@id\":\"https:\/\/gazetapernambucana.com\/?p=1162\",\"url\":\"https:\/\/gazetapernambucana.com\/?p=1162\",\"name\":\"Magno Martins Lan\u00e7a \u201cOs Le\u00f5es do Norte\u201d com Turn\u00ea Liter\u00e1ria pelo Sert\u00e3o de Pernambuco -\",\"isPartOf\":{\"@id\":\"https:\/\/gazetapernambucana.com\/#website\"},\"primaryImageOfPage\":{\"@id\":\"https:\/\/gazetapernambucana.com\/?p=1162#primaryimage\"},\"image\":{\"@id\":\"https:\/\/gazetapernambucana.com\/?p=1162#primaryimage\"},\"thumbnailUrl\":\"https:\/\/gazetapernambucana.com\/wp-content\/uploads\/2025\/07\/leoes-do-norte-300x300-1.jpg\",\"datePublished\":\"2025-07-01T23:07:49+00:00\",\"author\":{\"@id\":\"https:\/\/gazetapernambucana.com\/#\/schema\/person\/188dc283325181ac2de4db1e9e987427\"},\"breadcrumb\":{\"@id\":\"https:\/\/gazetapernambucana.com\/?p=1162#breadcrumb\"},\"inLanguage\":\"pt-BR\",\"potentialAction\":[{\"@type\":\"ReadAction\",\"target\":[\"https:\/\/gazetapernambucana.com\/?p=1162\"]}]},{\"@type\":\"ImageObject\",\"inLanguage\":\"pt-BR\",\"@id\":\"https:\/\/gazetapernambucana.com\/?p=1162#primaryimage\",\"url\":\"https:\/\/gazetapernambucana.com\/wp-content\/uploads\/2025\/07\/leoes-do-norte-300x300-1.jpg\",\"contentUrl\":\"https:\/\/gazetapernambucana.com\/wp-content\/uploads\/2025\/07\/leoes-do-norte-300x300-1.jpg\",\"width\":300,\"height\":300},{\"@type\":\"BreadcrumbList\",\"@id\":\"https:\/\/gazetapernambucana.com\/?p=1162#breadcrumb\",\"itemListElement\":[{\"@type\":\"ListItem\",\"position\":1,\"name\":\"In\u00edcio\",\"item\":\"https:\/\/gazetapernambucana.com\/\"},{\"@type\":\"ListItem\",\"position\":2,\"name\":\"Magno Martins Lan\u00e7a \u201cOs Le\u00f5es do Norte\u201d com Turn\u00ea Liter\u00e1ria pelo Sert\u00e3o de Pernambuco\"}]},{\"@type\":\"WebSite\",\"@id\":\"https:\/\/gazetapernambucana.com\/#website\",\"url\":\"https:\/\/gazetapernambucana.com\/\",\"name\":\"\",\"description\":\"\",\"potentialAction\":[{\"@type\":\"SearchAction\",\"target\":{\"@type\":\"EntryPoint\",\"urlTemplate\":\"https:\/\/gazetapernambucana.com\/?s={search_term_string}\"},\"query-input\":{\"@type\":\"PropertyValueSpecification\",\"valueRequired\":true,\"valueName\":\"search_term_string\"}}],\"inLanguage\":\"pt-BR\"},{\"@type\":\"Person\",\"@id\":\"https:\/\/gazetapernambucana.com\/#\/schema\/person\/188dc283325181ac2de4db1e9e987427\",\"name\":\"GP\",\"image\":{\"@type\":\"ImageObject\",\"inLanguage\":\"pt-BR\",\"@id\":\"https:\/\/gazetapernambucana.com\/#\/schema\/person\/image\/\",\"url\":\"https:\/\/secure.gravatar.com\/avatar\/9dad78ff9a2d8b5742d11779f8a3f53b052320c550b2e1907882353c067bb111?s=96&d=mm&r=g\",\"contentUrl\":\"https:\/\/secure.gravatar.com\/avatar\/9dad78ff9a2d8b5742d11779f8a3f53b052320c550b2e1907882353c067bb111?s=96&d=mm&r=g\",\"caption\":\"GP\"},\"sameAs\":[\"http:\/\/gazetapernambucana.com\"],\"url\":\"https:\/\/gazetapernambucana.com\/?author=1\"}]}<\/script>\n<!-- \/ Yoast SEO plugin. -->","yoast_head_json":{"title":"Magno Martins Lan\u00e7a \u201cOs Le\u00f5es do Norte\u201d com Turn\u00ea Liter\u00e1ria pelo Sert\u00e3o de Pernambuco -","robots":{"index":"index","follow":"follow","max-snippet":"max-snippet:-1","max-image-preview":"max-image-preview:large","max-video-preview":"max-video-preview:-1"},"canonical":"https:\/\/gazetapernambucana.com\/?p=1162","og_locale":"pt_BR","og_type":"article","og_title":"Magno Martins Lan\u00e7a \u201cOs Le\u00f5es do Norte\u201d com Turn\u00ea Liter\u00e1ria pelo Sert\u00e3o de Pernambuco -","og_description":"\u00a0 \u00a0 \u00a0O jornalista e escritor Magno Martins est\u00e1 prestes a dar in\u00edcio a uma verdadeira travessia hist\u00f3rica pelo sert\u00e3o pernambucano. Na bagagem, ele leva seu mais novo livro, Os Le\u00f5es do Norte, publicado pela editora Eu Escrevo. A obra re\u00fane minibiografias de 22 ex-governadores que marcaram a pol\u00edtica de Pernambuco, atravessando quase um s\u00e9culo [&hellip;]","og_url":"https:\/\/gazetapernambucana.com\/?p=1162","article_published_time":"2025-07-01T23:07:49+00:00","og_image":[{"width":300,"height":300,"url":"https:\/\/gazetapernambucana.com\/wp-content\/uploads\/2025\/07\/leoes-do-norte-300x300-1.jpg","type":"image\/jpeg"}],"author":"GP","twitter_card":"summary_large_image","twitter_misc":{"Escrito por":"GP","Est. tempo de leitura":"3 minutos"},"schema":{"@context":"https:\/\/schema.org","@graph":[{"@type":"WebPage","@id":"https:\/\/gazetapernambucana.com\/?p=1162","url":"https:\/\/gazetapernambucana.com\/?p=1162","name":"Magno Martins Lan\u00e7a \u201cOs Le\u00f5es do Norte\u201d com Turn\u00ea Liter\u00e1ria pelo Sert\u00e3o de Pernambuco -","isPartOf":{"@id":"https:\/\/gazetapernambucana.com\/#website"},"primaryImageOfPage":{"@id":"https:\/\/gazetapernambucana.com\/?p=1162#primaryimage"},"image":{"@id":"https:\/\/gazetapernambucana.com\/?p=1162#primaryimage"},"thumbnailUrl":"https:\/\/gazetapernambucana.com\/wp-content\/uploads\/2025\/07\/leoes-do-norte-300x300-1.jpg","datePublished":"2025-07-01T23:07:49+00:00","author":{"@id":"https:\/\/gazetapernambucana.com\/#\/schema\/person\/188dc283325181ac2de4db1e9e987427"},"breadcrumb":{"@id":"https:\/\/gazetapernambucana.com\/?p=1162#breadcrumb"},"inLanguage":"pt-BR","potentialAction":[{"@type":"ReadAction","target":["https:\/\/gazetapernambucana.com\/?p=1162"]}]},{"@type":"ImageObject","inLanguage":"pt-BR","@id":"https:\/\/gazetapernambucana.com\/?p=1162#primaryimage","url":"https:\/\/gazetapernambucana.com\/wp-content\/uploads\/2025\/07\/leoes-do-norte-300x300-1.jpg","contentUrl":"https:\/\/gazetapernambucana.com\/wp-content\/uploads\/2025\/07\/leoes-do-norte-300x300-1.jpg","width":300,"height":300},{"@type":"BreadcrumbList","@id":"https:\/\/gazetapernambucana.com\/?p=1162#breadcrumb","itemListElement":[{"@type":"ListItem","position":1,"name":"In\u00edcio","item":"https:\/\/gazetapernambucana.com\/"},{"@type":"ListItem","position":2,"name":"Magno Martins Lan\u00e7a \u201cOs Le\u00f5es do Norte\u201d com Turn\u00ea Liter\u00e1ria pelo Sert\u00e3o de Pernambuco"}]},{"@type":"WebSite","@id":"https:\/\/gazetapernambucana.com\/#website","url":"https:\/\/gazetapernambucana.com\/","name":"","description":"","potentialAction":[{"@type":"SearchAction","target":{"@type":"EntryPoint","urlTemplate":"https:\/\/gazetapernambucana.com\/?s={search_term_string}"},"query-input":{"@type":"PropertyValueSpecification","valueRequired":true,"valueName":"search_term_string"}}],"inLanguage":"pt-BR"},{"@type":"Person","@id":"https:\/\/gazetapernambucana.com\/#\/schema\/person\/188dc283325181ac2de4db1e9e987427","name":"GP","image":{"@type":"ImageObject","inLanguage":"pt-BR","@id":"https:\/\/gazetapernambucana.com\/#\/schema\/person\/image\/","url":"https:\/\/secure.gravatar.com\/avatar\/9dad78ff9a2d8b5742d11779f8a3f53b052320c550b2e1907882353c067bb111?s=96&d=mm&r=g","contentUrl":"https:\/\/secure.gravatar.com\/avatar\/9dad78ff9a2d8b5742d11779f8a3f53b052320c550b2e1907882353c067bb111?s=96&d=mm&r=g","caption":"GP"},"sameAs":["http:\/\/gazetapernambucana.com"],"url":"https:\/\/gazetapernambucana.com\/?author=1"}]}},"jetpack_publicize_connections":[],"_links":{"self":[{"href":"https:\/\/gazetapernambucana.com\/index.php?rest_route=\/wp\/v2\/posts\/1162","targetHints":{"allow":["GET"]}}],"collection":[{"href":"https:\/\/gazetapernambucana.com\/index.php?rest_route=\/wp\/v2\/posts"}],"about":[{"href":"https:\/\/gazetapernambucana.com\/index.php?rest_route=\/wp\/v2\/types\/post"}],"author":[{"embeddable":true,"href":"https:\/\/gazetapernambucana.com\/index.php?rest_route=\/wp\/v2\/users\/1"}],"replies":[{"embeddable":true,"href":"https:\/\/gazetapernambucana.com\/index.php?rest_route=%2Fwp%2Fv2%2Fcomments&post=1162"}],"version-history":[{"count":1,"href":"https:\/\/gazetapernambucana.com\/index.php?rest_route=\/wp\/v2\/posts\/1162\/revisions"}],"predecessor-version":[{"id":1164,"href":"https:\/\/gazetapernambucana.com\/index.php?rest_route=\/wp\/v2\/posts\/1162\/revisions\/1164"}],"wp:featuredmedia":[{"embeddable":true,"href":"https:\/\/gazetapernambucana.com\/index.php?rest_route=\/wp\/v2\/media\/1163"}],"wp:attachment":[{"href":"https:\/\/gazetapernambucana.com\/index.php?rest_route=%2Fwp%2Fv2%2Fmedia&parent=1162"}],"wp:term":[{"taxonomy":"category","embeddable":true,"href":"https:\/\/gazetapernambucana.com\/index.php?rest_route=%2Fwp%2Fv2%2Fcategories&post=1162"},{"taxonomy":"post_tag","embeddable":true,"href":"https:\/\/gazetapernambucana.com\/index.php?rest_route=%2Fwp%2Fv2%2Ftags&post=1162"}],"curies":[{"name":"wp","href":"https:\/\/api.w.org\/{rel}","templated":true}]}}