{"id":1158,"date":"2025-06-30T05:15:22","date_gmt":"2025-06-30T08:15:22","guid":{"rendered":"https:\/\/gazetapernambucana.com\/?p=1158"},"modified":"2025-06-30T05:15:22","modified_gmt":"2025-06-30T08:15:22","slug":"a-madrugada-em-mim-ainda-e-voce-por-flavio-chaves","status":"publish","type":"post","link":"https:\/\/gazetapernambucana.com\/?p=1158","title":{"rendered":"A madrugada em mim ainda \u00e9 voc\u00ea. Por Fl\u00e1vio Chaves"},"content":{"rendered":"<p data-start=\"262\" data-end=\"431\"><img loading=\"lazy\" decoding=\"async\" class=\"alignnone size-medium wp-image-174200\" src=\"https:\/\/flaviochaves.com.br\/wp-content\/uploads\/2025\/06\/download-43-266x300.jpeg\" alt=\"\" width=\"266\" height=\"300\" \/>\u00a0 \u00a0 <strong>Por Fl\u00e1vio Chaves \u2013 Jornalista, poeta, escritor e membro da Academia Pernambucana de Letras. Foi Delegado Federal\/Minc\u00a0 \u2013<\/strong> \u00a0N\u00e3o sei se sou eu que estou triste ou se essa sombra existe no meio do mar. \u00c0s vezes me pergunto: essa dor \u00e9 minha ou o mundo inteiro est\u00e1 chorando comigo sem saber?<\/p>\n<p data-start=\"433\" data-end=\"870\">A madrugada chegou como chegam as dores que n\u00e3o pedem licen\u00e7a. N\u00e3o h\u00e1 barulho l\u00e1 fora, mas aqui dentro tudo grita. \u00c9 como se as horas parassem e os ponteiros apenas circulassem a saudade, girando em volta de algo que n\u00e3o tem mais presen\u00e7a, mas nunca deixou de existir. Eu olho para a parede, para o teto, para dentro de mim, e percebo: n\u00e3o sei se \u00e9 saudade, solid\u00e3o, dor ou essa coisa sem nome que ainda pulsa e me rasga: o amor.<\/p>\n<p data-start=\"872\" data-end=\"1225\">E n\u00e3o adianta dizer que passou. N\u00e3o passou. Apenas mudou de lugar. Hoje convivo com a falta como quem compartilha o mesmo teto com fantasmas: sei que ningu\u00e9m v\u00ea, mas eles me seguem por todos os c\u00f4modos<strong data-start=\"939\" data-end=\"1078\">.<\/strong> E o mais assustador n\u00e3o \u00e9 o sil\u00eancio deles, \u00e9 o fato de eu reconhecer seus passos. S\u00e3o os ecos daquilo que fomos. Do que ainda sou, mesmo sozinho.<\/p>\n<p data-start=\"1227\" data-end=\"1535\">Ela n\u00e3o est\u00e1 aqui. Por isso j\u00e1 n\u00e3o fala, j\u00e1 n\u00e3o toca. Mas \u00e9 como se tudo nela ainda sussurrasse em mim. Um perfume imaginado, um riso lembrado, uma frase que me visita de repente no meio da noite. N\u00e3o precisa de muito. Basta lembrar sem querer. E tudo volta \u2014 n\u00e3o para ficar, mas para doer mais um pouco.<\/p>\n<p data-start=\"1537\" data-end=\"1917\">Nosso amor foi feito de linguagem rara. De instantes que s\u00f3 n\u00f3s dois entend\u00edamos. De cumplicidades que nenhuma fotografia registrou. Era no sil\u00eancio que a gente se dizia inteiro. Era no toque que o mundo se calava. E mesmo nas dist\u00e2ncias, havia um tipo de presen\u00e7a que ningu\u00e9m conseguia apagar. \u00c9 disso que sinto falta: n\u00e3o apenas dela, mas do que \u00e9ramos quando est\u00e1vamos juntos.<\/p>\n<p data-start=\"1919\" data-end=\"2202\">Eu n\u00e3o digo seu nome. N\u00e3o porque ela tenha sa\u00eddo de mim, mas porque permanece tanto, t\u00e3o viva, que qualquer palavra seria pequena demais para conter o que ela ainda \u00e9 em mim.<br data-start=\"2098\" data-end=\"2101\" \/>N\u00e3o a chamo. N\u00e3o porque n\u00e3o deseje, mas porque ela nunca partiu. Est\u00e1 aqui. Silenciosa. Inteira.<\/p>\n<p data-start=\"2204\" data-end=\"2409\">E eu sigo. Escrevendo porque n\u00e3o sei outra forma de respirar. Amando porque n\u00e3o aprendi a desamar. Silenciando, porque \u00e0s vezes amar \u00e9 isso: aceitar que h\u00e1 sentimentos t\u00e3o grandes que s\u00f3 cabem no sil\u00eancio.<\/p>\n<p data-start=\"2411\" data-end=\"2667\">Se algu\u00e9m me perguntar um dia, direi: houve uma madrugada em que eu senti tudo. Tudo ao mesmo tempo. E por amor, escolhi n\u00e3o dizer o nome dela.<br data-start=\"2554\" data-end=\"2557\" \/>Mas no fundo, cada batida do meu cora\u00e7\u00e3o continua escrevendo esse nome, como quem ama desesperadamente<strong data-start=\"2571\" data-end=\"2665\">.<\/strong><\/p>\n","protected":false},"excerpt":{"rendered":"<p>\u00a0 \u00a0 Por Fl\u00e1vio Chaves \u2013 Jornalista, poeta, escritor e membro da Academia Pernambucana de Letras. Foi Delegado Federal\/Minc\u00a0 \u2013 \u00a0N\u00e3o sei se sou eu que estou triste ou se essa sombra existe no meio do mar. \u00c0s vezes me pergunto: essa dor \u00e9 minha ou o mundo inteiro est\u00e1 chorando comigo sem saber? A [&hellip;]<\/p>\n","protected":false},"author":1,"featured_media":1159,"comment_status":"open","ping_status":"open","sticky":false,"template":"","format":"standard","meta":{"footnotes":"","jetpack_publicize_message":"","jetpack_publicize_feature_enabled":true,"jetpack_social_post_already_shared":false,"jetpack_social_options":{"image_generator_settings":{"template":"highway","default_image_id":0,"font":"","enabled":false},"version":2}},"categories":[35,46,76],"tags":[],"class_list":["post-1158","post","type-post","status-publish","format-standard","has-post-thumbnail","hentry","category-https-gazetapernambucana-com-page_id218","category-literatura","category-opiniao"],"yoast_head":"<!-- This site is optimized with the Yoast SEO plugin v24.5 - https:\/\/yoast.com\/wordpress\/plugins\/seo\/ -->\n<title>A madrugada em mim ainda \u00e9 voc\u00ea. Por Fl\u00e1vio Chaves -<\/title>\n<meta name=\"robots\" content=\"index, follow, max-snippet:-1, max-image-preview:large, max-video-preview:-1\" \/>\n<link rel=\"canonical\" href=\"https:\/\/gazetapernambucana.com\/?p=1158\" \/>\n<meta property=\"og:locale\" content=\"pt_BR\" \/>\n<meta property=\"og:type\" content=\"article\" \/>\n<meta property=\"og:title\" content=\"A madrugada em mim ainda \u00e9 voc\u00ea. Por Fl\u00e1vio Chaves -\" \/>\n<meta property=\"og:description\" content=\"\u00a0 \u00a0 Por Fl\u00e1vio Chaves \u2013 Jornalista, poeta, escritor e membro da Academia Pernambucana de Letras. Foi Delegado Federal\/Minc\u00a0 \u2013 \u00a0N\u00e3o sei se sou eu que estou triste ou se essa sombra existe no meio do mar. \u00c0s vezes me pergunto: essa dor \u00e9 minha ou o mundo inteiro est\u00e1 chorando comigo sem saber? A [&hellip;]\" \/>\n<meta property=\"og:url\" content=\"https:\/\/gazetapernambucana.com\/?p=1158\" \/>\n<meta property=\"article:published_time\" content=\"2025-06-30T08:15:22+00:00\" \/>\n<meta property=\"og:image\" content=\"https:\/\/gazetapernambucana.com\/wp-content\/uploads\/2025\/06\/download-43.jpeg\" \/>\n\t<meta property=\"og:image:width\" content=\"1040\" \/>\n\t<meta property=\"og:image:height\" content=\"1175\" \/>\n\t<meta property=\"og:image:type\" content=\"image\/jpeg\" \/>\n<meta name=\"author\" content=\"GP\" \/>\n<meta name=\"twitter:card\" content=\"summary_large_image\" \/>\n<meta name=\"twitter:label1\" content=\"Escrito por\" \/>\n\t<meta name=\"twitter:data1\" content=\"GP\" \/>\n\t<meta name=\"twitter:label2\" content=\"Est. tempo de leitura\" \/>\n\t<meta name=\"twitter:data2\" content=\"3 minutos\" \/>\n<script type=\"application\/ld+json\" class=\"yoast-schema-graph\">{\"@context\":\"https:\/\/schema.org\",\"@graph\":[{\"@type\":\"WebPage\",\"@id\":\"https:\/\/gazetapernambucana.com\/?p=1158\",\"url\":\"https:\/\/gazetapernambucana.com\/?p=1158\",\"name\":\"A madrugada em mim ainda \u00e9 voc\u00ea. Por Fl\u00e1vio Chaves -\",\"isPartOf\":{\"@id\":\"https:\/\/gazetapernambucana.com\/#website\"},\"primaryImageOfPage\":{\"@id\":\"https:\/\/gazetapernambucana.com\/?p=1158#primaryimage\"},\"image\":{\"@id\":\"https:\/\/gazetapernambucana.com\/?p=1158#primaryimage\"},\"thumbnailUrl\":\"https:\/\/gazetapernambucana.com\/wp-content\/uploads\/2025\/06\/download-43.jpeg\",\"datePublished\":\"2025-06-30T08:15:22+00:00\",\"author\":{\"@id\":\"https:\/\/gazetapernambucana.com\/#\/schema\/person\/188dc283325181ac2de4db1e9e987427\"},\"breadcrumb\":{\"@id\":\"https:\/\/gazetapernambucana.com\/?p=1158#breadcrumb\"},\"inLanguage\":\"pt-BR\",\"potentialAction\":[{\"@type\":\"ReadAction\",\"target\":[\"https:\/\/gazetapernambucana.com\/?p=1158\"]}]},{\"@type\":\"ImageObject\",\"inLanguage\":\"pt-BR\",\"@id\":\"https:\/\/gazetapernambucana.com\/?p=1158#primaryimage\",\"url\":\"https:\/\/gazetapernambucana.com\/wp-content\/uploads\/2025\/06\/download-43.jpeg\",\"contentUrl\":\"https:\/\/gazetapernambucana.com\/wp-content\/uploads\/2025\/06\/download-43.jpeg\",\"width\":1040,\"height\":1175},{\"@type\":\"BreadcrumbList\",\"@id\":\"https:\/\/gazetapernambucana.com\/?p=1158#breadcrumb\",\"itemListElement\":[{\"@type\":\"ListItem\",\"position\":1,\"name\":\"In\u00edcio\",\"item\":\"https:\/\/gazetapernambucana.com\/\"},{\"@type\":\"ListItem\",\"position\":2,\"name\":\"A madrugada em mim ainda \u00e9 voc\u00ea. Por Fl\u00e1vio Chaves\"}]},{\"@type\":\"WebSite\",\"@id\":\"https:\/\/gazetapernambucana.com\/#website\",\"url\":\"https:\/\/gazetapernambucana.com\/\",\"name\":\"\",\"description\":\"\",\"potentialAction\":[{\"@type\":\"SearchAction\",\"target\":{\"@type\":\"EntryPoint\",\"urlTemplate\":\"https:\/\/gazetapernambucana.com\/?s={search_term_string}\"},\"query-input\":{\"@type\":\"PropertyValueSpecification\",\"valueRequired\":true,\"valueName\":\"search_term_string\"}}],\"inLanguage\":\"pt-BR\"},{\"@type\":\"Person\",\"@id\":\"https:\/\/gazetapernambucana.com\/#\/schema\/person\/188dc283325181ac2de4db1e9e987427\",\"name\":\"GP\",\"image\":{\"@type\":\"ImageObject\",\"inLanguage\":\"pt-BR\",\"@id\":\"https:\/\/gazetapernambucana.com\/#\/schema\/person\/image\/\",\"url\":\"https:\/\/secure.gravatar.com\/avatar\/9dad78ff9a2d8b5742d11779f8a3f53b052320c550b2e1907882353c067bb111?s=96&d=mm&r=g\",\"contentUrl\":\"https:\/\/secure.gravatar.com\/avatar\/9dad78ff9a2d8b5742d11779f8a3f53b052320c550b2e1907882353c067bb111?s=96&d=mm&r=g\",\"caption\":\"GP\"},\"sameAs\":[\"http:\/\/gazetapernambucana.com\"],\"url\":\"https:\/\/gazetapernambucana.com\/?author=1\"}]}<\/script>\n<!-- \/ Yoast SEO plugin. -->","yoast_head_json":{"title":"A madrugada em mim ainda \u00e9 voc\u00ea. Por Fl\u00e1vio Chaves -","robots":{"index":"index","follow":"follow","max-snippet":"max-snippet:-1","max-image-preview":"max-image-preview:large","max-video-preview":"max-video-preview:-1"},"canonical":"https:\/\/gazetapernambucana.com\/?p=1158","og_locale":"pt_BR","og_type":"article","og_title":"A madrugada em mim ainda \u00e9 voc\u00ea. Por Fl\u00e1vio Chaves -","og_description":"\u00a0 \u00a0 Por Fl\u00e1vio Chaves \u2013 Jornalista, poeta, escritor e membro da Academia Pernambucana de Letras. Foi Delegado Federal\/Minc\u00a0 \u2013 \u00a0N\u00e3o sei se sou eu que estou triste ou se essa sombra existe no meio do mar. \u00c0s vezes me pergunto: essa dor \u00e9 minha ou o mundo inteiro est\u00e1 chorando comigo sem saber? A [&hellip;]","og_url":"https:\/\/gazetapernambucana.com\/?p=1158","article_published_time":"2025-06-30T08:15:22+00:00","og_image":[{"width":1040,"height":1175,"url":"https:\/\/gazetapernambucana.com\/wp-content\/uploads\/2025\/06\/download-43.jpeg","type":"image\/jpeg"}],"author":"GP","twitter_card":"summary_large_image","twitter_misc":{"Escrito por":"GP","Est. tempo de leitura":"3 minutos"},"schema":{"@context":"https:\/\/schema.org","@graph":[{"@type":"WebPage","@id":"https:\/\/gazetapernambucana.com\/?p=1158","url":"https:\/\/gazetapernambucana.com\/?p=1158","name":"A madrugada em mim ainda \u00e9 voc\u00ea. Por Fl\u00e1vio Chaves -","isPartOf":{"@id":"https:\/\/gazetapernambucana.com\/#website"},"primaryImageOfPage":{"@id":"https:\/\/gazetapernambucana.com\/?p=1158#primaryimage"},"image":{"@id":"https:\/\/gazetapernambucana.com\/?p=1158#primaryimage"},"thumbnailUrl":"https:\/\/gazetapernambucana.com\/wp-content\/uploads\/2025\/06\/download-43.jpeg","datePublished":"2025-06-30T08:15:22+00:00","author":{"@id":"https:\/\/gazetapernambucana.com\/#\/schema\/person\/188dc283325181ac2de4db1e9e987427"},"breadcrumb":{"@id":"https:\/\/gazetapernambucana.com\/?p=1158#breadcrumb"},"inLanguage":"pt-BR","potentialAction":[{"@type":"ReadAction","target":["https:\/\/gazetapernambucana.com\/?p=1158"]}]},{"@type":"ImageObject","inLanguage":"pt-BR","@id":"https:\/\/gazetapernambucana.com\/?p=1158#primaryimage","url":"https:\/\/gazetapernambucana.com\/wp-content\/uploads\/2025\/06\/download-43.jpeg","contentUrl":"https:\/\/gazetapernambucana.com\/wp-content\/uploads\/2025\/06\/download-43.jpeg","width":1040,"height":1175},{"@type":"BreadcrumbList","@id":"https:\/\/gazetapernambucana.com\/?p=1158#breadcrumb","itemListElement":[{"@type":"ListItem","position":1,"name":"In\u00edcio","item":"https:\/\/gazetapernambucana.com\/"},{"@type":"ListItem","position":2,"name":"A madrugada em mim ainda \u00e9 voc\u00ea. Por Fl\u00e1vio Chaves"}]},{"@type":"WebSite","@id":"https:\/\/gazetapernambucana.com\/#website","url":"https:\/\/gazetapernambucana.com\/","name":"","description":"","potentialAction":[{"@type":"SearchAction","target":{"@type":"EntryPoint","urlTemplate":"https:\/\/gazetapernambucana.com\/?s={search_term_string}"},"query-input":{"@type":"PropertyValueSpecification","valueRequired":true,"valueName":"search_term_string"}}],"inLanguage":"pt-BR"},{"@type":"Person","@id":"https:\/\/gazetapernambucana.com\/#\/schema\/person\/188dc283325181ac2de4db1e9e987427","name":"GP","image":{"@type":"ImageObject","inLanguage":"pt-BR","@id":"https:\/\/gazetapernambucana.com\/#\/schema\/person\/image\/","url":"https:\/\/secure.gravatar.com\/avatar\/9dad78ff9a2d8b5742d11779f8a3f53b052320c550b2e1907882353c067bb111?s=96&d=mm&r=g","contentUrl":"https:\/\/secure.gravatar.com\/avatar\/9dad78ff9a2d8b5742d11779f8a3f53b052320c550b2e1907882353c067bb111?s=96&d=mm&r=g","caption":"GP"},"sameAs":["http:\/\/gazetapernambucana.com"],"url":"https:\/\/gazetapernambucana.com\/?author=1"}]}},"jetpack_publicize_connections":[],"_links":{"self":[{"href":"https:\/\/gazetapernambucana.com\/index.php?rest_route=\/wp\/v2\/posts\/1158","targetHints":{"allow":["GET"]}}],"collection":[{"href":"https:\/\/gazetapernambucana.com\/index.php?rest_route=\/wp\/v2\/posts"}],"about":[{"href":"https:\/\/gazetapernambucana.com\/index.php?rest_route=\/wp\/v2\/types\/post"}],"author":[{"embeddable":true,"href":"https:\/\/gazetapernambucana.com\/index.php?rest_route=\/wp\/v2\/users\/1"}],"replies":[{"embeddable":true,"href":"https:\/\/gazetapernambucana.com\/index.php?rest_route=%2Fwp%2Fv2%2Fcomments&post=1158"}],"version-history":[{"count":1,"href":"https:\/\/gazetapernambucana.com\/index.php?rest_route=\/wp\/v2\/posts\/1158\/revisions"}],"predecessor-version":[{"id":1160,"href":"https:\/\/gazetapernambucana.com\/index.php?rest_route=\/wp\/v2\/posts\/1158\/revisions\/1160"}],"wp:featuredmedia":[{"embeddable":true,"href":"https:\/\/gazetapernambucana.com\/index.php?rest_route=\/wp\/v2\/media\/1159"}],"wp:attachment":[{"href":"https:\/\/gazetapernambucana.com\/index.php?rest_route=%2Fwp%2Fv2%2Fmedia&parent=1158"}],"wp:term":[{"taxonomy":"category","embeddable":true,"href":"https:\/\/gazetapernambucana.com\/index.php?rest_route=%2Fwp%2Fv2%2Fcategories&post=1158"},{"taxonomy":"post_tag","embeddable":true,"href":"https:\/\/gazetapernambucana.com\/index.php?rest_route=%2Fwp%2Fv2%2Ftags&post=1158"}],"curies":[{"name":"wp","href":"https:\/\/api.w.org\/{rel}","templated":true}]}}