{"id":1152,"date":"2025-06-29T18:57:02","date_gmt":"2025-06-29T21:57:02","guid":{"rendered":"https:\/\/gazetapernambucana.com\/?p=1152"},"modified":"2025-06-29T20:33:18","modified_gmt":"2025-06-29T23:33:18","slug":"desrespeito-a-bandeira-de-pernambuco-ignorancia-e-desconexao-cultural-no-palco-de-carpina-por-flavio-chaves","status":"publish","type":"post","link":"https:\/\/gazetapernambucana.com\/?p=1152","title":{"rendered":"V\u00eddeo: Desrespeito \u00e0 Bandeira de Pernambuco: Ignor\u00e2ncia e Desconex\u00e3o Cultural no Palco de Carpina. Por Fl\u00e1vio Chaves"},"content":{"rendered":"<h3 data-start=\"351\" data-end=\"870\">Cantora da Banda Calcinha Preta desrespeita s\u00edmbolo de Pernambuco em show de S\u00e3o Jo\u00e3o e revela o abismo entre o espet\u00e1culo vazio e a cultura nordestina.<\/h3>\n<p data-start=\"872\" data-end=\"1398\"><img loading=\"lazy\" decoding=\"async\" class=\"alignnone size-medium wp-image-174192\" src=\"https:\/\/flaviochaves.com.br\/wp-content\/uploads\/2025\/06\/552f98a7-37e0-43b1-a516-dd91b4269cd6-200x300.png\" alt=\"\" width=\"200\" height=\"300\" \/> <strong>Por Fl\u00e1vio Chaves \u2013 Jornalista, poeta, escritor e membro da Academia Pernambucana de Letras. Foi Delegado Federal\/Minc\u00a0 \u2013\u00a0<\/strong>Durante apresenta\u00e7\u00e3o realizada no \u00faltimo dia 26 de junho, no munic\u00edpio de Carpina, a cantora Silv\u00e2nia Aquino, da Banda Calcinha Preta, protagonizou um epis\u00f3dio que gerou indigna\u00e7\u00e3o generalizada no p\u00fablico local. Em pleno palco, ao segurar a bandeira do Estado de Pernambuco de forma invertida, foi alertada de que se tratava de um s\u00edmbolo oficial. Em vez de reconhecer o equ\u00edvoco com humildade, preferiu desafiar a intelig\u00eancia coletiva da plateia, perguntando: &#8220;Estou errada?&#8221;, enquanto mantinha a bandeira de ponta cabe\u00e7a.<\/p>\n<p data-start=\"1400\" data-end=\"1641\">Mais grave ainda, ao tentar amenizar a situa\u00e7\u00e3o enrolando-se no pavilh\u00e3o pernambucano, seguiu com declara\u00e7\u00f5es consideradas desrespeitosas e infelizes, demonstrando um completo despreparo e desconhecimento do que aquela bandeira representa.<\/p>\n<p data-start=\"1643\" data-end=\"2313\">Como j\u00e1 dizia o lend\u00e1rio Odorico Paragua\u00e7u, personagem imortalizado por Paulo Gracindo: \u201cA ignor\u00e2ncia \u00e9 que atravanca o progresso\u201d. E esse epis\u00f3dio \u00e9, infelizmente, um retrato nu e cru da banaliza\u00e7\u00e3o do simb\u00f3lico, do vazio da linguagem e da presen\u00e7a de artistas que n\u00e3o se relacionam com a cultura local, nem com a hist\u00f3ria do ch\u00e3o que pisam. Nelson Rodrigues tamb\u00e9m profetizou: \u201cOs idiotas v\u00e3o tomar conta do mundo; n\u00e3o pela capacidade, mas pela quantidade. Eles s\u00e3o muitos\u201d. E se multiplicam nos palcos, nos contratos p\u00fablicos, nas planilhas de cach\u00eas milion\u00e1rios que prefeituras aceitam pagar em nome de uma &#8220;festa&#8221; que cada vez menos tem a ver com o esp\u00edrito junino.<\/p>\n<p data-start=\"2315\" data-end=\"2774\">O que se viu em Carpina n\u00e3o foi apenas uma apresenta\u00e7\u00e3o ruim, onde as m\u00fasicas eram cortadas pela metade e os pr\u00f3prios integrantes da banda pediam que o p\u00fablico cantasse em seu lugar. O que se viu foi um reflexo preocupante de um modelo cultural que vem sendo deturpado pela busca do espet\u00e1culo pelo espet\u00e1culo. Um S\u00e3o Jo\u00e3o sem alma, onde o forr\u00f3 raiz cede lugar \u00e0 est\u00e9tica comercial do que nada representa os festejos de Santo Ant\u00f4nio, S\u00e3o Jo\u00e3o e S\u00e3o Pedro.<\/p>\n<p data-start=\"2776\" data-end=\"3121\">A pergunta precisa ser feita sem medo: ser\u00e1 que o interesse em trazer bandas que n\u00e3o t\u00eam identidade com a cultura nordestina est\u00e1 atrelado aos altos valores que permitem tabelas infladas com fins escusos? O tradicional &#8220;favores&#8221;? A contrapartida dos contratos e os jogos de bastidores que transformam o er\u00e1rio em moeda de influ\u00eancia e de ilus\u00e3o?<\/p>\n<p data-start=\"3123\" data-end=\"3470\">N\u00e3o se trata aqui de bairrismo, mas de respeito. Respeito \u00e0 identidade de um povo que faz do seu S\u00e3o Jo\u00e3o uma das mais leg\u00edtimas express\u00f5es culturais do Brasil. A cultura junina \u00e9 feita de zabumba, sanfona, tri\u00e2ngulo e poesia popular. De fogueira, milho assado, ciranda e xote. N\u00e3o de playback, bandeiras de cabe\u00e7a para baixo e frases ofensivas.<\/p>\n<p data-start=\"3472\" data-end=\"3781\">As prefeituras, por sua vez, n\u00e3o s\u00e3o meras espectadoras. Elas s\u00e3o coautoras dessa desconex\u00e3o cultural, quando contratam artistas sem qualquer v\u00ednculo com o momento ou com a tradi\u00e7\u00e3o. Ao priorizarem o \u201cnome de peso\u201d ao inv\u00e9s do conte\u00fado e da autenticidade, colaboram diretamente com a desfigura\u00e7\u00e3o do S\u00e3o Jo\u00e3o.<\/p>\n<p data-start=\"3783\" data-end=\"4714\">O que se v\u00ea, cada vez mais, \u00e9 a repeti\u00e7\u00e3o moderna da pol\u00edtica romana de &#8220;Panem et Circenses&#8221;, o famoso &#8220;p\u00e3o e circo&#8221;. Na Roma Antiga, a t\u00e1tica era simples: alimentar e entreter a popula\u00e7\u00e3o para manter o controle social, desviando a aten\u00e7\u00e3o daquilo que realmente importava. Os imperadores ofereciam gr\u00e3os e espet\u00e1culos de gladiadores para o povo esquecer da crise, da corrup\u00e7\u00e3o, da mis\u00e9ria. Hoje, o m\u00e9todo mudou de forma, mas n\u00e3o de ess\u00eancia. Ao inv\u00e9s de p\u00e3o, distribuem brindes. Ao inv\u00e9s de circo, shows dissonantes, recheados de pirotecnia vazia, coreografias ensaiadas e agora at\u00e9 luzes dirigidas por drones \u2014 um espet\u00e1culo visual artificial que nada tem a ver com o S\u00e3o Jo\u00e3o e que ilude os menos esclarecidos, seduzindo o olhar com fuma\u00e7a eletr\u00f4nica e disfar\u00e7ando a aus\u00eancia de conte\u00fado com brilhos programados. \u00c9 mais um s\u00edmbolo da estupidez institucionalizada, onde o que deveria ser tradi\u00e7\u00e3o \u00e9 trocado por efeitos de fachada.<\/p>\n<p data-start=\"4716\" data-end=\"4993\">\u00c9 preciso repensar o modelo. Resgatar a ess\u00eancia. Devolver ao povo n\u00e3o s\u00f3 o seu s\u00edmbolo, mas tamb\u00e9m o sentido. A bandeira de Pernambuco n\u00e3o pode ser usada como pano de cena por quem n\u00e3o conhece a hist\u00f3ria de lutas e resist\u00eancias que ela carrega. Ela n\u00e3o \u00e9 acess\u00f3rio. \u00c9 mem\u00f3ria.<\/p>\n<p data-start=\"4995\" data-end=\"5355\">Diante do que se viu em Carpina, \u00e9 justo dizer que Silv\u00e2nia Aquino e a Banda Calcinha Preta deveriam se ausentar de Pernambuco por um bom tempo. N\u00e3o por vingan\u00e7a, mas por respeito. Para refletirem sobre o que significa estar em terra alheia, cantar para um povo que tem orgulho de sua identidade e carregar consigo mais do que repert\u00f3rio: carregar consci\u00eancia.<\/p>\n<p data-start=\"5357\" data-end=\"5474\">Pernambuco, afinal, n\u00e3o \u00e9 palco para ignor\u00e2ncia. \u00c9 territ\u00f3rio sagrado de cultura, intelig\u00eancia, resist\u00eancia e beleza.<\/p>\n<p data-start=\"5357\" data-end=\"5474\"><strong>Veja o v\u00eddeo:<\/strong><\/p>\n<div style=\"width: 640px;\" class=\"wp-video\"><video class=\"wp-video-shortcode\" id=\"video-1152-1\" width=\"640\" height=\"1138\" preload=\"metadata\" controls=\"controls\"><source type=\"video\/mp4\" src=\"http:\/\/gazetapernambucana.com\/wp-content\/uploads\/2025\/06\/SnapInsta.to_AQPaIWXTKwIuHGCMqpX8EeIgr2SscheEqXyqOzJErooRmFdff63FRGNgb2CnPPQz6A0oooDIRtX_RYUecIq1v9ORr94snG0huA3da7U-1.mp4?_=1\" \/><a href=\"http:\/\/gazetapernambucana.com\/wp-content\/uploads\/2025\/06\/SnapInsta.to_AQPaIWXTKwIuHGCMqpX8EeIgr2SscheEqXyqOzJErooRmFdff63FRGNgb2CnPPQz6A0oooDIRtX_RYUecIq1v9ORr94snG0huA3da7U-1.mp4\">http:\/\/gazetapernambucana.com\/wp-content\/uploads\/2025\/06\/SnapInsta.to_AQPaIWXTKwIuHGCMqpX8EeIgr2SscheEqXyqOzJErooRmFdff63FRGNgb2CnPPQz6A0oooDIRtX_RYUecIq1v9ORr94snG0huA3da7U-1.mp4<\/a><\/video><\/div>\n","protected":false},"excerpt":{"rendered":"<p>Cantora da Banda Calcinha Preta desrespeita s\u00edmbolo de Pernambuco em show de S\u00e3o Jo\u00e3o e revela o abismo entre o espet\u00e1culo vazio e a cultura nordestina. Por Fl\u00e1vio Chaves \u2013 Jornalista, poeta, escritor e membro da Academia Pernambucana de Letras. Foi Delegado Federal\/Minc\u00a0 \u2013\u00a0Durante apresenta\u00e7\u00e3o realizada no \u00faltimo dia 26 de junho, no munic\u00edpio de [&hellip;]<\/p>\n","protected":false},"author":1,"featured_media":1154,"comment_status":"open","ping_status":"open","sticky":false,"template":"","format":"standard","meta":{"footnotes":"","jetpack_publicize_message":"","jetpack_publicize_feature_enabled":true,"jetpack_social_post_already_shared":false,"jetpack_social_options":{"image_generator_settings":{"template":"highway","default_image_id":0,"font":"","enabled":false},"version":2}},"categories":[66,35,65],"tags":[],"class_list":["post-1152","post","type-post","status-publish","format-standard","has-post-thumbnail","hentry","category-cidades","category-https-gazetapernambucana-com-page_id218","category-politica"],"yoast_head":"<!-- This site is optimized with the Yoast SEO plugin v24.5 - https:\/\/yoast.com\/wordpress\/plugins\/seo\/ -->\n<title>V\u00eddeo: Desrespeito \u00e0 Bandeira de Pernambuco: Ignor\u00e2ncia e Desconex\u00e3o Cultural no Palco de Carpina. Por Fl\u00e1vio Chaves -<\/title>\n<meta name=\"robots\" content=\"index, follow, max-snippet:-1, max-image-preview:large, max-video-preview:-1\" \/>\n<link rel=\"canonical\" href=\"https:\/\/gazetapernambucana.com\/?p=1152\" \/>\n<meta property=\"og:locale\" content=\"pt_BR\" \/>\n<meta property=\"og:type\" content=\"article\" \/>\n<meta property=\"og:title\" content=\"V\u00eddeo: Desrespeito \u00e0 Bandeira de Pernambuco: Ignor\u00e2ncia e Desconex\u00e3o Cultural no Palco de Carpina. Por Fl\u00e1vio Chaves -\" \/>\n<meta property=\"og:description\" content=\"Cantora da Banda Calcinha Preta desrespeita s\u00edmbolo de Pernambuco em show de S\u00e3o Jo\u00e3o e revela o abismo entre o espet\u00e1culo vazio e a cultura nordestina. Por Fl\u00e1vio Chaves \u2013 Jornalista, poeta, escritor e membro da Academia Pernambucana de Letras. Foi Delegado Federal\/Minc\u00a0 \u2013\u00a0Durante apresenta\u00e7\u00e3o realizada no \u00faltimo dia 26 de junho, no munic\u00edpio de [&hellip;]\" \/>\n<meta property=\"og:url\" content=\"https:\/\/gazetapernambucana.com\/?p=1152\" \/>\n<meta property=\"article:published_time\" content=\"2025-06-29T21:57:02+00:00\" \/>\n<meta property=\"article:modified_time\" content=\"2025-06-29T23:33:18+00:00\" \/>\n<meta property=\"og:image\" content=\"https:\/\/gazetapernambucana.com\/wp-content\/uploads\/2025\/06\/552f98a7-37e0-43b1-a516-dd91b4269cd6-683x1024.png\" \/>\n\t<meta property=\"og:image:width\" content=\"683\" \/>\n\t<meta property=\"og:image:height\" content=\"1024\" \/>\n\t<meta property=\"og:image:type\" content=\"image\/png\" \/>\n<meta name=\"author\" content=\"GP\" \/>\n<meta name=\"twitter:card\" content=\"summary_large_image\" \/>\n<meta name=\"twitter:label1\" content=\"Escrito por\" \/>\n\t<meta name=\"twitter:data1\" content=\"GP\" \/>\n\t<meta name=\"twitter:label2\" content=\"Est. tempo de leitura\" \/>\n\t<meta name=\"twitter:data2\" content=\"5 minutos\" \/>\n<script type=\"application\/ld+json\" class=\"yoast-schema-graph\">{\"@context\":\"https:\/\/schema.org\",\"@graph\":[{\"@type\":\"WebPage\",\"@id\":\"https:\/\/gazetapernambucana.com\/?p=1152\",\"url\":\"https:\/\/gazetapernambucana.com\/?p=1152\",\"name\":\"V\u00eddeo: Desrespeito \u00e0 Bandeira de Pernambuco: Ignor\u00e2ncia e Desconex\u00e3o Cultural no Palco de Carpina. Por Fl\u00e1vio Chaves -\",\"isPartOf\":{\"@id\":\"https:\/\/gazetapernambucana.com\/#website\"},\"primaryImageOfPage\":{\"@id\":\"https:\/\/gazetapernambucana.com\/?p=1152#primaryimage\"},\"image\":{\"@id\":\"https:\/\/gazetapernambucana.com\/?p=1152#primaryimage\"},\"thumbnailUrl\":\"https:\/\/gazetapernambucana.com\/wp-content\/uploads\/2025\/06\/552f98a7-37e0-43b1-a516-dd91b4269cd6.png\",\"datePublished\":\"2025-06-29T21:57:02+00:00\",\"dateModified\":\"2025-06-29T23:33:18+00:00\",\"author\":{\"@id\":\"https:\/\/gazetapernambucana.com\/#\/schema\/person\/188dc283325181ac2de4db1e9e987427\"},\"breadcrumb\":{\"@id\":\"https:\/\/gazetapernambucana.com\/?p=1152#breadcrumb\"},\"inLanguage\":\"pt-BR\",\"potentialAction\":[{\"@type\":\"ReadAction\",\"target\":[\"https:\/\/gazetapernambucana.com\/?p=1152\"]}]},{\"@type\":\"ImageObject\",\"inLanguage\":\"pt-BR\",\"@id\":\"https:\/\/gazetapernambucana.com\/?p=1152#primaryimage\",\"url\":\"https:\/\/gazetapernambucana.com\/wp-content\/uploads\/2025\/06\/552f98a7-37e0-43b1-a516-dd91b4269cd6.png\",\"contentUrl\":\"https:\/\/gazetapernambucana.com\/wp-content\/uploads\/2025\/06\/552f98a7-37e0-43b1-a516-dd91b4269cd6.png\",\"width\":1024,\"height\":1536},{\"@type\":\"BreadcrumbList\",\"@id\":\"https:\/\/gazetapernambucana.com\/?p=1152#breadcrumb\",\"itemListElement\":[{\"@type\":\"ListItem\",\"position\":1,\"name\":\"In\u00edcio\",\"item\":\"https:\/\/gazetapernambucana.com\/\"},{\"@type\":\"ListItem\",\"position\":2,\"name\":\"V\u00eddeo: Desrespeito \u00e0 Bandeira de Pernambuco: Ignor\u00e2ncia e Desconex\u00e3o Cultural no Palco de Carpina. Por Fl\u00e1vio Chaves\"}]},{\"@type\":\"WebSite\",\"@id\":\"https:\/\/gazetapernambucana.com\/#website\",\"url\":\"https:\/\/gazetapernambucana.com\/\",\"name\":\"\",\"description\":\"\",\"potentialAction\":[{\"@type\":\"SearchAction\",\"target\":{\"@type\":\"EntryPoint\",\"urlTemplate\":\"https:\/\/gazetapernambucana.com\/?s={search_term_string}\"},\"query-input\":{\"@type\":\"PropertyValueSpecification\",\"valueRequired\":true,\"valueName\":\"search_term_string\"}}],\"inLanguage\":\"pt-BR\"},{\"@type\":\"Person\",\"@id\":\"https:\/\/gazetapernambucana.com\/#\/schema\/person\/188dc283325181ac2de4db1e9e987427\",\"name\":\"GP\",\"image\":{\"@type\":\"ImageObject\",\"inLanguage\":\"pt-BR\",\"@id\":\"https:\/\/gazetapernambucana.com\/#\/schema\/person\/image\/\",\"url\":\"https:\/\/secure.gravatar.com\/avatar\/9dad78ff9a2d8b5742d11779f8a3f53b052320c550b2e1907882353c067bb111?s=96&d=mm&r=g\",\"contentUrl\":\"https:\/\/secure.gravatar.com\/avatar\/9dad78ff9a2d8b5742d11779f8a3f53b052320c550b2e1907882353c067bb111?s=96&d=mm&r=g\",\"caption\":\"GP\"},\"sameAs\":[\"http:\/\/gazetapernambucana.com\"],\"url\":\"https:\/\/gazetapernambucana.com\/?author=1\"}]}<\/script>\n<!-- \/ Yoast SEO plugin. -->","yoast_head_json":{"title":"V\u00eddeo: Desrespeito \u00e0 Bandeira de Pernambuco: Ignor\u00e2ncia e Desconex\u00e3o Cultural no Palco de Carpina. Por Fl\u00e1vio Chaves -","robots":{"index":"index","follow":"follow","max-snippet":"max-snippet:-1","max-image-preview":"max-image-preview:large","max-video-preview":"max-video-preview:-1"},"canonical":"https:\/\/gazetapernambucana.com\/?p=1152","og_locale":"pt_BR","og_type":"article","og_title":"V\u00eddeo: Desrespeito \u00e0 Bandeira de Pernambuco: Ignor\u00e2ncia e Desconex\u00e3o Cultural no Palco de Carpina. Por Fl\u00e1vio Chaves -","og_description":"Cantora da Banda Calcinha Preta desrespeita s\u00edmbolo de Pernambuco em show de S\u00e3o Jo\u00e3o e revela o abismo entre o espet\u00e1culo vazio e a cultura nordestina. Por Fl\u00e1vio Chaves \u2013 Jornalista, poeta, escritor e membro da Academia Pernambucana de Letras. Foi Delegado Federal\/Minc\u00a0 \u2013\u00a0Durante apresenta\u00e7\u00e3o realizada no \u00faltimo dia 26 de junho, no munic\u00edpio de [&hellip;]","og_url":"https:\/\/gazetapernambucana.com\/?p=1152","article_published_time":"2025-06-29T21:57:02+00:00","article_modified_time":"2025-06-29T23:33:18+00:00","og_image":[{"width":683,"height":1024,"url":"https:\/\/gazetapernambucana.com\/wp-content\/uploads\/2025\/06\/552f98a7-37e0-43b1-a516-dd91b4269cd6-683x1024.png","type":"image\/png"}],"author":"GP","twitter_card":"summary_large_image","twitter_misc":{"Escrito por":"GP","Est. tempo de leitura":"5 minutos"},"schema":{"@context":"https:\/\/schema.org","@graph":[{"@type":"WebPage","@id":"https:\/\/gazetapernambucana.com\/?p=1152","url":"https:\/\/gazetapernambucana.com\/?p=1152","name":"V\u00eddeo: Desrespeito \u00e0 Bandeira de Pernambuco: Ignor\u00e2ncia e Desconex\u00e3o Cultural no Palco de Carpina. Por Fl\u00e1vio Chaves -","isPartOf":{"@id":"https:\/\/gazetapernambucana.com\/#website"},"primaryImageOfPage":{"@id":"https:\/\/gazetapernambucana.com\/?p=1152#primaryimage"},"image":{"@id":"https:\/\/gazetapernambucana.com\/?p=1152#primaryimage"},"thumbnailUrl":"https:\/\/gazetapernambucana.com\/wp-content\/uploads\/2025\/06\/552f98a7-37e0-43b1-a516-dd91b4269cd6.png","datePublished":"2025-06-29T21:57:02+00:00","dateModified":"2025-06-29T23:33:18+00:00","author":{"@id":"https:\/\/gazetapernambucana.com\/#\/schema\/person\/188dc283325181ac2de4db1e9e987427"},"breadcrumb":{"@id":"https:\/\/gazetapernambucana.com\/?p=1152#breadcrumb"},"inLanguage":"pt-BR","potentialAction":[{"@type":"ReadAction","target":["https:\/\/gazetapernambucana.com\/?p=1152"]}]},{"@type":"ImageObject","inLanguage":"pt-BR","@id":"https:\/\/gazetapernambucana.com\/?p=1152#primaryimage","url":"https:\/\/gazetapernambucana.com\/wp-content\/uploads\/2025\/06\/552f98a7-37e0-43b1-a516-dd91b4269cd6.png","contentUrl":"https:\/\/gazetapernambucana.com\/wp-content\/uploads\/2025\/06\/552f98a7-37e0-43b1-a516-dd91b4269cd6.png","width":1024,"height":1536},{"@type":"BreadcrumbList","@id":"https:\/\/gazetapernambucana.com\/?p=1152#breadcrumb","itemListElement":[{"@type":"ListItem","position":1,"name":"In\u00edcio","item":"https:\/\/gazetapernambucana.com\/"},{"@type":"ListItem","position":2,"name":"V\u00eddeo: Desrespeito \u00e0 Bandeira de Pernambuco: Ignor\u00e2ncia e Desconex\u00e3o Cultural no Palco de Carpina. Por Fl\u00e1vio Chaves"}]},{"@type":"WebSite","@id":"https:\/\/gazetapernambucana.com\/#website","url":"https:\/\/gazetapernambucana.com\/","name":"","description":"","potentialAction":[{"@type":"SearchAction","target":{"@type":"EntryPoint","urlTemplate":"https:\/\/gazetapernambucana.com\/?s={search_term_string}"},"query-input":{"@type":"PropertyValueSpecification","valueRequired":true,"valueName":"search_term_string"}}],"inLanguage":"pt-BR"},{"@type":"Person","@id":"https:\/\/gazetapernambucana.com\/#\/schema\/person\/188dc283325181ac2de4db1e9e987427","name":"GP","image":{"@type":"ImageObject","inLanguage":"pt-BR","@id":"https:\/\/gazetapernambucana.com\/#\/schema\/person\/image\/","url":"https:\/\/secure.gravatar.com\/avatar\/9dad78ff9a2d8b5742d11779f8a3f53b052320c550b2e1907882353c067bb111?s=96&d=mm&r=g","contentUrl":"https:\/\/secure.gravatar.com\/avatar\/9dad78ff9a2d8b5742d11779f8a3f53b052320c550b2e1907882353c067bb111?s=96&d=mm&r=g","caption":"GP"},"sameAs":["http:\/\/gazetapernambucana.com"],"url":"https:\/\/gazetapernambucana.com\/?author=1"}]}},"jetpack_publicize_connections":[],"_links":{"self":[{"href":"https:\/\/gazetapernambucana.com\/index.php?rest_route=\/wp\/v2\/posts\/1152","targetHints":{"allow":["GET"]}}],"collection":[{"href":"https:\/\/gazetapernambucana.com\/index.php?rest_route=\/wp\/v2\/posts"}],"about":[{"href":"https:\/\/gazetapernambucana.com\/index.php?rest_route=\/wp\/v2\/types\/post"}],"author":[{"embeddable":true,"href":"https:\/\/gazetapernambucana.com\/index.php?rest_route=\/wp\/v2\/users\/1"}],"replies":[{"embeddable":true,"href":"https:\/\/gazetapernambucana.com\/index.php?rest_route=%2Fwp%2Fv2%2Fcomments&post=1152"}],"version-history":[{"count":3,"href":"https:\/\/gazetapernambucana.com\/index.php?rest_route=\/wp\/v2\/posts\/1152\/revisions"}],"predecessor-version":[{"id":1157,"href":"https:\/\/gazetapernambucana.com\/index.php?rest_route=\/wp\/v2\/posts\/1152\/revisions\/1157"}],"wp:featuredmedia":[{"embeddable":true,"href":"https:\/\/gazetapernambucana.com\/index.php?rest_route=\/wp\/v2\/media\/1154"}],"wp:attachment":[{"href":"https:\/\/gazetapernambucana.com\/index.php?rest_route=%2Fwp%2Fv2%2Fmedia&parent=1152"}],"wp:term":[{"taxonomy":"category","embeddable":true,"href":"https:\/\/gazetapernambucana.com\/index.php?rest_route=%2Fwp%2Fv2%2Fcategories&post=1152"},{"taxonomy":"post_tag","embeddable":true,"href":"https:\/\/gazetapernambucana.com\/index.php?rest_route=%2Fwp%2Fv2%2Ftags&post=1152"}],"curies":[{"name":"wp","href":"https:\/\/api.w.org\/{rel}","templated":true}]}}