{"id":1149,"date":"2025-06-29T15:06:23","date_gmt":"2025-06-29T18:06:23","guid":{"rendered":"http:\/\/gazetapernambucana.com\/?p=1149"},"modified":"2025-06-29T15:07:21","modified_gmt":"2025-06-29T18:07:21","slug":"a-cronica-domingueira-por-magno-martins-2","status":"publish","type":"post","link":"https:\/\/gazetapernambucana.com\/?p=1149","title":{"rendered":"A cr\u00f4nica domingueira. Por Magno Martins"},"content":{"rendered":"<div class=\"elementor-element elementor-element-7f30e03 elementor-widget elementor-widget-image\" data-id=\"7f30e03\" data-element_type=\"widget\" data-widget_type=\"image.default\">\n<div class=\"elementor-widget-container\"><\/div>\n<\/div>\n<div class=\"elementor-element elementor-element-746f5ae4 elementor-widget elementor-widget-theme-post-content\" data-id=\"746f5ae4\" data-element_type=\"widget\" data-widget_type=\"theme-post-content.default\">\n<div class=\"elementor-widget-container\">\n<div id=\"ub-expand-85f6c2f8-40d0-4c10-bfcf-db0cdd760806\" class=\"wp-block-ub-expand ub-expand\" data-scroll-type=\"false\" data-scroll-amount=\"\" data-scroll-target=\"\">\n<div id=\"ub-expand-full-6a924545-f8c1-4f31-b040-1ffafe039211\" class=\"ub-expand-portion ub-expand-partial wp-block-ub-expand-portion\" tabindex=\"0\" role=\"button\" aria-expanded=\"false\" aria-controls=\"ub-expand-full-6a924545-f8c1-4f31-b040-1ffafe039211\">\n<p><img loading=\"lazy\" decoding=\"async\" class=\"alignnone size-medium wp-image-174189\" src=\"https:\/\/flaviochaves.com.br\/wp-content\/uploads\/2025\/06\/download-40-2-300x158.jpeg\" alt=\"\" width=\"300\" height=\"158\" \/>\u00a0 <strong> Por Magno Martins &#8211; Jornalista, poeta e escritor\u00a0 &#8211;\u00a0 <\/strong>Julho abre suas cortinas na pr\u00f3xima ter\u00e7a-feira. Tem sabor de f\u00e9rias, pernas para o ar que ningu\u00e9m \u00e9 de ferro. Quando garoto, adorava as f\u00e9rias do meio do ano, como assim trat\u00e1vamos em Afogados da Ingazeira. O tempo se encarrega de mudar tudo. Hoje, quase n\u00e3o sei o que \u00e9 descanso. Depois do blog, virei escravo. Ralo sem limites!<\/p>\n<p>Menino de p\u00e9s descal\u00e7os, nas f\u00e9rias papai nos levava para conhecer o Recife. Na primeira vez, fiquei num hotel bem esquisito, a Pens\u00e3o Natal, na Rua da Conc\u00f3rdia. O banheiro era p\u00fablico e de noite os h\u00f3spedes faziam fila. Um horror! Foi l\u00e1 que fiquei de frente pela primeira vez diante de um aparelho de televis\u00e3o.<\/p>\n<\/div>\n<div id=\"ub-expand-full-6a924545-f8c1-4f31-b040-1ffafe039211\" class=\"ub-expand-portion ub-expand-full wp-block-ub-expand-portion\" tabindex=\"0\" role=\"button\" aria-expanded=\"false\" aria-controls=\"ub-expand-full-6a924545-f8c1-4f31-b040-1ffafe039211\">\n<p>Afogados da Ingazeira era uma ilha isolada do mundo. N\u00e3o tinha TV, o \u00fanico meio de comunica\u00e7\u00e3o, a R\u00e1dio Paje\u00fa, trazia as not\u00edcias quando chegava de \u00f4nibus, no meio da tarde, o bicenten\u00e1rio Di\u00e1rio de Pernambuco. Foi atrav\u00e9s do DP que ingressei na profiss\u00e3o como correspondente do jornal em Afogados da Ingazeira, no in\u00edcio dos anos 80.<\/p>\n<p>Depois do susto e da frustra\u00e7\u00e3o da Pens\u00e3o Natal veio a pens\u00e3o de dona Salvina e de seu Rom\u00e3o, no P\u00e1tio de Santa Cruz. Vindo de Tabira, dona Salvina era braba feito uma on\u00e7a, era uma ex\u00edmia cozinheira, mas em compensa\u00e7\u00e3o tinha um tremendo pavio curto. Seu Rom\u00e3o, o marid\u00e3o, era submisso e morria de medo dos gritos dela.<\/p>\n<p>F\u00e9rias complicadas, hein! Adulto e trabalhador, passei a conhecer os malef\u00edcios de n\u00e3o tirar f\u00e9rias. Descanso n\u00e3o \u00e9 um luxo, \u00e9 uma necessidade. N\u00e3o tirar f\u00e9rias pode levar ao esgotamento e \u00e0 redu\u00e7\u00e3o da produtividade. A falta de f\u00e9rias pode afetar negativamente a sa\u00fade mental e f\u00edsica, aumentando o estresse e a ansiedade.<\/p>\n<p>J\u00e1 estou acostumado com o meu ritmo fren\u00e9tico. Quando se faz algo com prazer, o tempo voa, n\u00e3o h\u00e1 fadiga. Tudo parece azul \u00e0 nossa frente. Mas quando sei que o estresse d\u00e1 sinal, tiro o dedo da tomada, porque sei que descansar \u00e9 fundamental para recarregar as energias e retornar ao trabalho com mais disposi\u00e7\u00e3o e criatividade.<\/p>\n<p>N\u00e3o tirar f\u00e9rias \u00e9 como negligenciar a manuten\u00e7\u00e3o de um carro: o desempenho diminui e o risco de falhas aumenta. Julho chove muito e nem \u00e9 bom para sair em f\u00e9rias prolongadas. Mas quando fa\u00e7o isso, aproveito cada segundo. Desligar \u00e9 o melhor rem\u00e9dio para a alma. Nas f\u00e9rias, a gente percebe como a vida \u00e9 generosa com quem sabe aproveitar.<\/p>\n<p>S\u00e3o mais do que descanso, s\u00e3o momentos de renova\u00e7\u00e3o. Viajar, sair da rotina e mergulhar num mundo novo s\u00e3o uma oportunidade para recarregar as energias e se reconectar com o que realmente importa.<\/p>\n<p>Quando estou de f\u00e9rias, a \u00fanica d\u00favida \u00e9 se durmo at\u00e9 tarde ou at\u00e9 mais tarde, porque o sono parece virar um esporte. Amo quando o despertador tira f\u00e9rias. F\u00e9rias, enfim, \u00e9 a melhor desculpa para n\u00e3o fazer nada.<\/p>\n<p>Hoje, estou convencido de que f\u00e9rias \u00e9 o melhor neg\u00f3cio da vida. Minha Nayla vive me cobrando mais descanso, menos trabalho. Me dobro a ela. Seja na praia com os amigos, nas montanhas com quem se ama, na casinha do interior com a fam\u00edlia ou simplesmente em casa lendo um livro ou maratonando aquela s\u00e9rie. Tirar f\u00e9rias \u00e9 sin\u00f4nimo de descanso para alguns e divers\u00e3o garantida para outros.<\/p>\n<\/div>\n<\/div>\n<\/div>\n<\/div>\n","protected":false},"excerpt":{"rendered":"<p>\u00a0 Por Magno Martins &#8211; Jornalista, poeta e escritor\u00a0 &#8211;\u00a0 Julho abre suas cortinas na pr\u00f3xima ter\u00e7a-feira. Tem sabor de f\u00e9rias, pernas para o ar que ningu\u00e9m \u00e9 de ferro. Quando garoto, adorava as f\u00e9rias do meio do ano, como assim trat\u00e1vamos em Afogados da Ingazeira. O tempo se encarrega de mudar tudo. Hoje, quase [&hellip;]<\/p>\n","protected":false},"author":1,"featured_media":1151,"comment_status":"open","ping_status":"open","sticky":false,"template":"","format":"standard","meta":{"footnotes":"","jetpack_publicize_message":"","jetpack_publicize_feature_enabled":true,"jetpack_social_post_already_shared":false,"jetpack_social_options":{"image_generator_settings":{"template":"highway","default_image_id":0,"font":"","enabled":false},"version":2}},"categories":[35,46,76],"tags":[],"class_list":["post-1149","post","type-post","status-publish","format-standard","has-post-thumbnail","hentry","category-https-gazetapernambucana-com-page_id218","category-literatura","category-opiniao"],"yoast_head":"<!-- This site is optimized with the Yoast SEO plugin v24.5 - https:\/\/yoast.com\/wordpress\/plugins\/seo\/ -->\n<title>A cr\u00f4nica domingueira. Por Magno Martins -<\/title>\n<meta name=\"robots\" content=\"index, follow, max-snippet:-1, max-image-preview:large, max-video-preview:-1\" \/>\n<link rel=\"canonical\" href=\"https:\/\/gazetapernambucana.com\/?p=1149\" \/>\n<meta property=\"og:locale\" content=\"pt_BR\" \/>\n<meta property=\"og:type\" content=\"article\" \/>\n<meta property=\"og:title\" content=\"A cr\u00f4nica domingueira. Por Magno Martins -\" \/>\n<meta property=\"og:description\" content=\"\u00a0 Por Magno Martins &#8211; Jornalista, poeta e escritor\u00a0 &#8211;\u00a0 Julho abre suas cortinas na pr\u00f3xima ter\u00e7a-feira. Tem sabor de f\u00e9rias, pernas para o ar que ningu\u00e9m \u00e9 de ferro. Quando garoto, adorava as f\u00e9rias do meio do ano, como assim trat\u00e1vamos em Afogados da Ingazeira. O tempo se encarrega de mudar tudo. Hoje, quase [&hellip;]\" \/>\n<meta property=\"og:url\" content=\"https:\/\/gazetapernambucana.com\/?p=1149\" \/>\n<meta property=\"article:published_time\" content=\"2025-06-29T18:06:23+00:00\" \/>\n<meta property=\"article:modified_time\" content=\"2025-06-29T18:07:21+00:00\" \/>\n<meta property=\"og:image\" content=\"https:\/\/gazetapernambucana.com\/wp-content\/uploads\/2025\/06\/download-40-1.jpeg\" \/>\n\t<meta property=\"og:image:width\" content=\"793\" \/>\n\t<meta property=\"og:image:height\" content=\"417\" \/>\n\t<meta property=\"og:image:type\" content=\"image\/jpeg\" \/>\n<meta name=\"author\" content=\"GP\" \/>\n<meta name=\"twitter:card\" content=\"summary_large_image\" \/>\n<meta name=\"twitter:label1\" content=\"Escrito por\" \/>\n\t<meta name=\"twitter:data1\" content=\"GP\" \/>\n\t<meta name=\"twitter:label2\" content=\"Est. tempo de leitura\" \/>\n\t<meta name=\"twitter:data2\" content=\"4 minutos\" \/>\n<script type=\"application\/ld+json\" class=\"yoast-schema-graph\">{\"@context\":\"https:\/\/schema.org\",\"@graph\":[{\"@type\":\"WebPage\",\"@id\":\"https:\/\/gazetapernambucana.com\/?p=1149\",\"url\":\"https:\/\/gazetapernambucana.com\/?p=1149\",\"name\":\"A cr\u00f4nica domingueira. Por Magno Martins -\",\"isPartOf\":{\"@id\":\"https:\/\/gazetapernambucana.com\/#website\"},\"primaryImageOfPage\":{\"@id\":\"https:\/\/gazetapernambucana.com\/?p=1149#primaryimage\"},\"image\":{\"@id\":\"https:\/\/gazetapernambucana.com\/?p=1149#primaryimage\"},\"thumbnailUrl\":\"https:\/\/gazetapernambucana.com\/wp-content\/uploads\/2025\/06\/download-40-1.jpeg\",\"datePublished\":\"2025-06-29T18:06:23+00:00\",\"dateModified\":\"2025-06-29T18:07:21+00:00\",\"author\":{\"@id\":\"https:\/\/gazetapernambucana.com\/#\/schema\/person\/188dc283325181ac2de4db1e9e987427\"},\"breadcrumb\":{\"@id\":\"https:\/\/gazetapernambucana.com\/?p=1149#breadcrumb\"},\"inLanguage\":\"pt-BR\",\"potentialAction\":[{\"@type\":\"ReadAction\",\"target\":[\"https:\/\/gazetapernambucana.com\/?p=1149\"]}]},{\"@type\":\"ImageObject\",\"inLanguage\":\"pt-BR\",\"@id\":\"https:\/\/gazetapernambucana.com\/?p=1149#primaryimage\",\"url\":\"https:\/\/gazetapernambucana.com\/wp-content\/uploads\/2025\/06\/download-40-1.jpeg\",\"contentUrl\":\"https:\/\/gazetapernambucana.com\/wp-content\/uploads\/2025\/06\/download-40-1.jpeg\",\"width\":793,\"height\":417},{\"@type\":\"BreadcrumbList\",\"@id\":\"https:\/\/gazetapernambucana.com\/?p=1149#breadcrumb\",\"itemListElement\":[{\"@type\":\"ListItem\",\"position\":1,\"name\":\"In\u00edcio\",\"item\":\"https:\/\/gazetapernambucana.com\/\"},{\"@type\":\"ListItem\",\"position\":2,\"name\":\"A cr\u00f4nica domingueira. Por Magno Martins\"}]},{\"@type\":\"WebSite\",\"@id\":\"https:\/\/gazetapernambucana.com\/#website\",\"url\":\"https:\/\/gazetapernambucana.com\/\",\"name\":\"\",\"description\":\"\",\"potentialAction\":[{\"@type\":\"SearchAction\",\"target\":{\"@type\":\"EntryPoint\",\"urlTemplate\":\"https:\/\/gazetapernambucana.com\/?s={search_term_string}\"},\"query-input\":{\"@type\":\"PropertyValueSpecification\",\"valueRequired\":true,\"valueName\":\"search_term_string\"}}],\"inLanguage\":\"pt-BR\"},{\"@type\":\"Person\",\"@id\":\"https:\/\/gazetapernambucana.com\/#\/schema\/person\/188dc283325181ac2de4db1e9e987427\",\"name\":\"GP\",\"image\":{\"@type\":\"ImageObject\",\"inLanguage\":\"pt-BR\",\"@id\":\"https:\/\/gazetapernambucana.com\/#\/schema\/person\/image\/\",\"url\":\"https:\/\/secure.gravatar.com\/avatar\/9dad78ff9a2d8b5742d11779f8a3f53b052320c550b2e1907882353c067bb111?s=96&d=mm&r=g\",\"contentUrl\":\"https:\/\/secure.gravatar.com\/avatar\/9dad78ff9a2d8b5742d11779f8a3f53b052320c550b2e1907882353c067bb111?s=96&d=mm&r=g\",\"caption\":\"GP\"},\"sameAs\":[\"http:\/\/gazetapernambucana.com\"],\"url\":\"https:\/\/gazetapernambucana.com\/?author=1\"}]}<\/script>\n<!-- \/ Yoast SEO plugin. -->","yoast_head_json":{"title":"A cr\u00f4nica domingueira. Por Magno Martins -","robots":{"index":"index","follow":"follow","max-snippet":"max-snippet:-1","max-image-preview":"max-image-preview:large","max-video-preview":"max-video-preview:-1"},"canonical":"https:\/\/gazetapernambucana.com\/?p=1149","og_locale":"pt_BR","og_type":"article","og_title":"A cr\u00f4nica domingueira. Por Magno Martins -","og_description":"\u00a0 Por Magno Martins &#8211; Jornalista, poeta e escritor\u00a0 &#8211;\u00a0 Julho abre suas cortinas na pr\u00f3xima ter\u00e7a-feira. Tem sabor de f\u00e9rias, pernas para o ar que ningu\u00e9m \u00e9 de ferro. Quando garoto, adorava as f\u00e9rias do meio do ano, como assim trat\u00e1vamos em Afogados da Ingazeira. O tempo se encarrega de mudar tudo. Hoje, quase [&hellip;]","og_url":"https:\/\/gazetapernambucana.com\/?p=1149","article_published_time":"2025-06-29T18:06:23+00:00","article_modified_time":"2025-06-29T18:07:21+00:00","og_image":[{"width":793,"height":417,"url":"https:\/\/gazetapernambucana.com\/wp-content\/uploads\/2025\/06\/download-40-1.jpeg","type":"image\/jpeg"}],"author":"GP","twitter_card":"summary_large_image","twitter_misc":{"Escrito por":"GP","Est. tempo de leitura":"4 minutos"},"schema":{"@context":"https:\/\/schema.org","@graph":[{"@type":"WebPage","@id":"https:\/\/gazetapernambucana.com\/?p=1149","url":"https:\/\/gazetapernambucana.com\/?p=1149","name":"A cr\u00f4nica domingueira. Por Magno Martins -","isPartOf":{"@id":"https:\/\/gazetapernambucana.com\/#website"},"primaryImageOfPage":{"@id":"https:\/\/gazetapernambucana.com\/?p=1149#primaryimage"},"image":{"@id":"https:\/\/gazetapernambucana.com\/?p=1149#primaryimage"},"thumbnailUrl":"https:\/\/gazetapernambucana.com\/wp-content\/uploads\/2025\/06\/download-40-1.jpeg","datePublished":"2025-06-29T18:06:23+00:00","dateModified":"2025-06-29T18:07:21+00:00","author":{"@id":"https:\/\/gazetapernambucana.com\/#\/schema\/person\/188dc283325181ac2de4db1e9e987427"},"breadcrumb":{"@id":"https:\/\/gazetapernambucana.com\/?p=1149#breadcrumb"},"inLanguage":"pt-BR","potentialAction":[{"@type":"ReadAction","target":["https:\/\/gazetapernambucana.com\/?p=1149"]}]},{"@type":"ImageObject","inLanguage":"pt-BR","@id":"https:\/\/gazetapernambucana.com\/?p=1149#primaryimage","url":"https:\/\/gazetapernambucana.com\/wp-content\/uploads\/2025\/06\/download-40-1.jpeg","contentUrl":"https:\/\/gazetapernambucana.com\/wp-content\/uploads\/2025\/06\/download-40-1.jpeg","width":793,"height":417},{"@type":"BreadcrumbList","@id":"https:\/\/gazetapernambucana.com\/?p=1149#breadcrumb","itemListElement":[{"@type":"ListItem","position":1,"name":"In\u00edcio","item":"https:\/\/gazetapernambucana.com\/"},{"@type":"ListItem","position":2,"name":"A cr\u00f4nica domingueira. Por Magno Martins"}]},{"@type":"WebSite","@id":"https:\/\/gazetapernambucana.com\/#website","url":"https:\/\/gazetapernambucana.com\/","name":"","description":"","potentialAction":[{"@type":"SearchAction","target":{"@type":"EntryPoint","urlTemplate":"https:\/\/gazetapernambucana.com\/?s={search_term_string}"},"query-input":{"@type":"PropertyValueSpecification","valueRequired":true,"valueName":"search_term_string"}}],"inLanguage":"pt-BR"},{"@type":"Person","@id":"https:\/\/gazetapernambucana.com\/#\/schema\/person\/188dc283325181ac2de4db1e9e987427","name":"GP","image":{"@type":"ImageObject","inLanguage":"pt-BR","@id":"https:\/\/gazetapernambucana.com\/#\/schema\/person\/image\/","url":"https:\/\/secure.gravatar.com\/avatar\/9dad78ff9a2d8b5742d11779f8a3f53b052320c550b2e1907882353c067bb111?s=96&d=mm&r=g","contentUrl":"https:\/\/secure.gravatar.com\/avatar\/9dad78ff9a2d8b5742d11779f8a3f53b052320c550b2e1907882353c067bb111?s=96&d=mm&r=g","caption":"GP"},"sameAs":["http:\/\/gazetapernambucana.com"],"url":"https:\/\/gazetapernambucana.com\/?author=1"}]}},"jetpack_publicize_connections":[],"_links":{"self":[{"href":"https:\/\/gazetapernambucana.com\/index.php?rest_route=\/wp\/v2\/posts\/1149","targetHints":{"allow":["GET"]}}],"collection":[{"href":"https:\/\/gazetapernambucana.com\/index.php?rest_route=\/wp\/v2\/posts"}],"about":[{"href":"https:\/\/gazetapernambucana.com\/index.php?rest_route=\/wp\/v2\/types\/post"}],"author":[{"embeddable":true,"href":"https:\/\/gazetapernambucana.com\/index.php?rest_route=\/wp\/v2\/users\/1"}],"replies":[{"embeddable":true,"href":"https:\/\/gazetapernambucana.com\/index.php?rest_route=%2Fwp%2Fv2%2Fcomments&post=1149"}],"version-history":[{"count":1,"href":"https:\/\/gazetapernambucana.com\/index.php?rest_route=\/wp\/v2\/posts\/1149\/revisions"}],"predecessor-version":[{"id":1150,"href":"https:\/\/gazetapernambucana.com\/index.php?rest_route=\/wp\/v2\/posts\/1149\/revisions\/1150"}],"wp:featuredmedia":[{"embeddable":true,"href":"https:\/\/gazetapernambucana.com\/index.php?rest_route=\/wp\/v2\/media\/1151"}],"wp:attachment":[{"href":"https:\/\/gazetapernambucana.com\/index.php?rest_route=%2Fwp%2Fv2%2Fmedia&parent=1149"}],"wp:term":[{"taxonomy":"category","embeddable":true,"href":"https:\/\/gazetapernambucana.com\/index.php?rest_route=%2Fwp%2Fv2%2Fcategories&post=1149"},{"taxonomy":"post_tag","embeddable":true,"href":"https:\/\/gazetapernambucana.com\/index.php?rest_route=%2Fwp%2Fv2%2Ftags&post=1149"}],"curies":[{"name":"wp","href":"https:\/\/api.w.org\/{rel}","templated":true}]}}