{"id":1133,"date":"2025-06-28T13:32:12","date_gmt":"2025-06-28T16:32:12","guid":{"rendered":"http:\/\/gazetapernambucana.com\/?p=1133"},"modified":"2025-06-28T13:32:12","modified_gmt":"2025-06-28T16:32:12","slug":"para-quem-ama-mesmo-depois-do-fim-por-flavio-chaves","status":"publish","type":"post","link":"https:\/\/gazetapernambucana.com\/?p=1133","title":{"rendered":"Para quem ama mesmo depois do fim. Por Fl\u00e1vio Chaves"},"content":{"rendered":"<p data-start=\"268\" data-end=\"599\"><img loading=\"lazy\" decoding=\"async\" class=\"alignnone size-medium wp-image-174043\" src=\"https:\/\/flaviochaves.com.br\/wp-content\/uploads\/2025\/06\/87074752_3520435404635386_234978734505984000_n-1-240x300.jpg\" alt=\"\" width=\"240\" height=\"300\" \/>\u00a0 <strong>Por Fl\u00e1vio Chaves \u2013 Jornalista, poeta, escritor e membro da Academia Pernambucana de Letras. Foi Delegado Federal\/Minc\u00a0 \u2013<\/strong>\u00a0H\u00e1 exist\u00eancias que n\u00e3o se explicam, apenas acontecem, como o vento que passa por entre folhas e ningu\u00e9m v\u00ea, mas todas sentem. S\u00e3o almas que n\u00e3o desistem, mesmo quando o mundo j\u00e1 se foi embora. Continuam ali, sentadas na beira de um ontem que ainda pulsa, estendendo as m\u00e3os para o nada, oferecendo um gesto que ningu\u00e9m mais espera.<\/p>\n<p data-start=\"601\" data-end=\"987\">N\u00e3o sabem mais o que \u00e9 futuro, n\u00e3o sabem mais o que \u00e9 espera, mas, de algum modo, continuam, e isso, por si s\u00f3, \u00e9 uma revolu\u00e7\u00e3o silenciosa. Vivem entre ru\u00ednas e poemas, entre fotos amareladas e promessas que o tempo dissolveu. Guardam nos olhos a paisagem de algo que n\u00e3o volta, mas que tamb\u00e9m n\u00e3o foi embora de vez, como se a saudade tivesse criado ra\u00edzes em cada olhar lan\u00e7ado ao c\u00e9u.<\/p>\n<p data-start=\"989\" data-end=\"1280\">Carregam um calend\u00e1rio que j\u00e1 n\u00e3o serve para marcar datas, apenas aus\u00eancias. Os dias passam como sombras, e os nomes j\u00e1 n\u00e3o respondem quando chamados. A dor n\u00e3o \u00e9 esc\u00e2ndalo, \u00e9 sussurro, \u00e9 aquela fresta entre um suspiro e o sil\u00eancio, aquela dobra do len\u00e7ol onde a mem\u00f3ria ainda dorme ao lado.<\/p>\n<p data-start=\"1282\" data-end=\"1529\">N\u00e3o pedem que o mundo os entenda, s\u00f3 desejam, \u00e0s vezes, um milagre discreto, uma palavra que diga ainda vejo voc\u00ea, um gesto que devolva um pouco da dignidade de quem ama sem plateia, de quem j\u00e1 foi inteiro e hoje caminha feito peda\u00e7o, mas caminha.<\/p>\n<p data-start=\"1531\" data-end=\"1815\">Essas almas j\u00e1 foram esquecidas por quem prometia ficar, j\u00e1 foram deixadas \u00e0 porta de destinos que diziam ser abrigo, j\u00e1 se viram diante de olhos que diziam amor, mas enxergavam apenas a si mesmos. E, mesmo assim, n\u00e3o endureceram, n\u00e3o se tornaram pedra. S\u00e3o ainda carne, nervo e flor.<\/p>\n<p data-start=\"1817\" data-end=\"2125\">Seguem como quem carrega um altar de lembran\u00e7as dentro do peito, como quem ainda acredita que o amor \u00e9 um idioma falado por poucos, mas compreendido pelas estrelas, como quem chora baixinho para n\u00e3o assustar os passarinhos na janela, como quem sente que n\u00e3o h\u00e1 mais ningu\u00e9m, mas ainda prepara caf\u00e9 para dois.<\/p>\n<p data-start=\"2127\" data-end=\"2421\">Esta carta \u00e9 para ti, que j\u00e1 n\u00e3o pede nada, que j\u00e1 se despediu do espet\u00e1culo, que j\u00e1 perdeu os grandes amores, os pequenos sonhos, os amigos que juraram ficar. Esta carta \u00e9 para ti, que anda com o corpo cansado e o esp\u00edrito ainda incendiado por algo que ningu\u00e9m v\u00ea, mas que existe. Sim, existe.<\/p>\n<p data-start=\"2423\" data-end=\"2645\">A noite n\u00e3o ser\u00e1 escura para sempre, mesmo sem promessas, mesmo sem retorno, mesmo sem ningu\u00e9m, porque h\u00e1 em ti uma chama que n\u00e3o se apaga, e ela \u00e9 feita daquilo que nem o tempo ousa apagar, o amor que ainda estende a m\u00e3o.<\/p>\n","protected":false},"excerpt":{"rendered":"<p>\u00a0 Por Fl\u00e1vio Chaves \u2013 Jornalista, poeta, escritor e membro da Academia Pernambucana de Letras. Foi Delegado Federal\/Minc\u00a0 \u2013\u00a0H\u00e1 exist\u00eancias que n\u00e3o se explicam, apenas acontecem, como o vento que passa por entre folhas e ningu\u00e9m v\u00ea, mas todas sentem. S\u00e3o almas que n\u00e3o desistem, mesmo quando o mundo j\u00e1 se foi embora. Continuam ali, [&hellip;]<\/p>\n","protected":false},"author":1,"featured_media":1134,"comment_status":"open","ping_status":"open","sticky":false,"template":"","format":"standard","meta":{"footnotes":"","jetpack_publicize_message":"","jetpack_publicize_feature_enabled":true,"jetpack_social_post_already_shared":false,"jetpack_social_options":{"image_generator_settings":{"template":"highway","default_image_id":0,"font":"","enabled":false},"version":2}},"categories":[35,46,76],"tags":[],"class_list":["post-1133","post","type-post","status-publish","format-standard","has-post-thumbnail","hentry","category-https-gazetapernambucana-com-page_id218","category-literatura","category-opiniao"],"yoast_head":"<!-- This site is optimized with the Yoast SEO plugin v24.5 - https:\/\/yoast.com\/wordpress\/plugins\/seo\/ -->\n<title>Para quem ama mesmo depois do fim. Por Fl\u00e1vio Chaves -<\/title>\n<meta name=\"robots\" content=\"index, follow, max-snippet:-1, max-image-preview:large, max-video-preview:-1\" \/>\n<link rel=\"canonical\" href=\"https:\/\/gazetapernambucana.com\/?p=1133\" \/>\n<meta property=\"og:locale\" content=\"pt_BR\" \/>\n<meta property=\"og:type\" content=\"article\" \/>\n<meta property=\"og:title\" content=\"Para quem ama mesmo depois do fim. Por Fl\u00e1vio Chaves -\" \/>\n<meta property=\"og:description\" content=\"\u00a0 Por Fl\u00e1vio Chaves \u2013 Jornalista, poeta, escritor e membro da Academia Pernambucana de Letras. Foi Delegado Federal\/Minc\u00a0 \u2013\u00a0H\u00e1 exist\u00eancias que n\u00e3o se explicam, apenas acontecem, como o vento que passa por entre folhas e ningu\u00e9m v\u00ea, mas todas sentem. S\u00e3o almas que n\u00e3o desistem, mesmo quando o mundo j\u00e1 se foi embora. Continuam ali, [&hellip;]\" \/>\n<meta property=\"og:url\" content=\"https:\/\/gazetapernambucana.com\/?p=1133\" \/>\n<meta property=\"article:published_time\" content=\"2025-06-28T16:32:12+00:00\" \/>\n<meta property=\"og:image\" content=\"https:\/\/gazetapernambucana.com\/wp-content\/uploads\/2025\/06\/87074752_3520435404635386_234978734505984000_n-1.jpg\" \/>\n\t<meta property=\"og:image:width\" content=\"540\" \/>\n\t<meta property=\"og:image:height\" content=\"675\" \/>\n\t<meta property=\"og:image:type\" content=\"image\/jpeg\" \/>\n<meta name=\"author\" content=\"GP\" \/>\n<meta name=\"twitter:card\" content=\"summary_large_image\" \/>\n<meta name=\"twitter:label1\" content=\"Escrito por\" \/>\n\t<meta name=\"twitter:data1\" content=\"GP\" \/>\n\t<meta name=\"twitter:label2\" content=\"Est. tempo de leitura\" \/>\n\t<meta name=\"twitter:data2\" content=\"3 minutos\" \/>\n<script type=\"application\/ld+json\" class=\"yoast-schema-graph\">{\"@context\":\"https:\/\/schema.org\",\"@graph\":[{\"@type\":\"WebPage\",\"@id\":\"https:\/\/gazetapernambucana.com\/?p=1133\",\"url\":\"https:\/\/gazetapernambucana.com\/?p=1133\",\"name\":\"Para quem ama mesmo depois do fim. Por Fl\u00e1vio Chaves -\",\"isPartOf\":{\"@id\":\"https:\/\/gazetapernambucana.com\/#website\"},\"primaryImageOfPage\":{\"@id\":\"https:\/\/gazetapernambucana.com\/?p=1133#primaryimage\"},\"image\":{\"@id\":\"https:\/\/gazetapernambucana.com\/?p=1133#primaryimage\"},\"thumbnailUrl\":\"https:\/\/gazetapernambucana.com\/wp-content\/uploads\/2025\/06\/87074752_3520435404635386_234978734505984000_n-1.jpg\",\"datePublished\":\"2025-06-28T16:32:12+00:00\",\"author\":{\"@id\":\"https:\/\/gazetapernambucana.com\/#\/schema\/person\/188dc283325181ac2de4db1e9e987427\"},\"breadcrumb\":{\"@id\":\"https:\/\/gazetapernambucana.com\/?p=1133#breadcrumb\"},\"inLanguage\":\"pt-BR\",\"potentialAction\":[{\"@type\":\"ReadAction\",\"target\":[\"https:\/\/gazetapernambucana.com\/?p=1133\"]}]},{\"@type\":\"ImageObject\",\"inLanguage\":\"pt-BR\",\"@id\":\"https:\/\/gazetapernambucana.com\/?p=1133#primaryimage\",\"url\":\"https:\/\/gazetapernambucana.com\/wp-content\/uploads\/2025\/06\/87074752_3520435404635386_234978734505984000_n-1.jpg\",\"contentUrl\":\"https:\/\/gazetapernambucana.com\/wp-content\/uploads\/2025\/06\/87074752_3520435404635386_234978734505984000_n-1.jpg\",\"width\":540,\"height\":675},{\"@type\":\"BreadcrumbList\",\"@id\":\"https:\/\/gazetapernambucana.com\/?p=1133#breadcrumb\",\"itemListElement\":[{\"@type\":\"ListItem\",\"position\":1,\"name\":\"In\u00edcio\",\"item\":\"https:\/\/gazetapernambucana.com\/\"},{\"@type\":\"ListItem\",\"position\":2,\"name\":\"Para quem ama mesmo depois do fim. Por Fl\u00e1vio Chaves\"}]},{\"@type\":\"WebSite\",\"@id\":\"https:\/\/gazetapernambucana.com\/#website\",\"url\":\"https:\/\/gazetapernambucana.com\/\",\"name\":\"\",\"description\":\"\",\"potentialAction\":[{\"@type\":\"SearchAction\",\"target\":{\"@type\":\"EntryPoint\",\"urlTemplate\":\"https:\/\/gazetapernambucana.com\/?s={search_term_string}\"},\"query-input\":{\"@type\":\"PropertyValueSpecification\",\"valueRequired\":true,\"valueName\":\"search_term_string\"}}],\"inLanguage\":\"pt-BR\"},{\"@type\":\"Person\",\"@id\":\"https:\/\/gazetapernambucana.com\/#\/schema\/person\/188dc283325181ac2de4db1e9e987427\",\"name\":\"GP\",\"image\":{\"@type\":\"ImageObject\",\"inLanguage\":\"pt-BR\",\"@id\":\"https:\/\/gazetapernambucana.com\/#\/schema\/person\/image\/\",\"url\":\"https:\/\/secure.gravatar.com\/avatar\/9dad78ff9a2d8b5742d11779f8a3f53b052320c550b2e1907882353c067bb111?s=96&d=mm&r=g\",\"contentUrl\":\"https:\/\/secure.gravatar.com\/avatar\/9dad78ff9a2d8b5742d11779f8a3f53b052320c550b2e1907882353c067bb111?s=96&d=mm&r=g\",\"caption\":\"GP\"},\"sameAs\":[\"http:\/\/gazetapernambucana.com\"],\"url\":\"https:\/\/gazetapernambucana.com\/?author=1\"}]}<\/script>\n<!-- \/ Yoast SEO plugin. -->","yoast_head_json":{"title":"Para quem ama mesmo depois do fim. Por Fl\u00e1vio Chaves -","robots":{"index":"index","follow":"follow","max-snippet":"max-snippet:-1","max-image-preview":"max-image-preview:large","max-video-preview":"max-video-preview:-1"},"canonical":"https:\/\/gazetapernambucana.com\/?p=1133","og_locale":"pt_BR","og_type":"article","og_title":"Para quem ama mesmo depois do fim. Por Fl\u00e1vio Chaves -","og_description":"\u00a0 Por Fl\u00e1vio Chaves \u2013 Jornalista, poeta, escritor e membro da Academia Pernambucana de Letras. Foi Delegado Federal\/Minc\u00a0 \u2013\u00a0H\u00e1 exist\u00eancias que n\u00e3o se explicam, apenas acontecem, como o vento que passa por entre folhas e ningu\u00e9m v\u00ea, mas todas sentem. S\u00e3o almas que n\u00e3o desistem, mesmo quando o mundo j\u00e1 se foi embora. Continuam ali, [&hellip;]","og_url":"https:\/\/gazetapernambucana.com\/?p=1133","article_published_time":"2025-06-28T16:32:12+00:00","og_image":[{"width":540,"height":675,"url":"https:\/\/gazetapernambucana.com\/wp-content\/uploads\/2025\/06\/87074752_3520435404635386_234978734505984000_n-1.jpg","type":"image\/jpeg"}],"author":"GP","twitter_card":"summary_large_image","twitter_misc":{"Escrito por":"GP","Est. tempo de leitura":"3 minutos"},"schema":{"@context":"https:\/\/schema.org","@graph":[{"@type":"WebPage","@id":"https:\/\/gazetapernambucana.com\/?p=1133","url":"https:\/\/gazetapernambucana.com\/?p=1133","name":"Para quem ama mesmo depois do fim. Por Fl\u00e1vio Chaves -","isPartOf":{"@id":"https:\/\/gazetapernambucana.com\/#website"},"primaryImageOfPage":{"@id":"https:\/\/gazetapernambucana.com\/?p=1133#primaryimage"},"image":{"@id":"https:\/\/gazetapernambucana.com\/?p=1133#primaryimage"},"thumbnailUrl":"https:\/\/gazetapernambucana.com\/wp-content\/uploads\/2025\/06\/87074752_3520435404635386_234978734505984000_n-1.jpg","datePublished":"2025-06-28T16:32:12+00:00","author":{"@id":"https:\/\/gazetapernambucana.com\/#\/schema\/person\/188dc283325181ac2de4db1e9e987427"},"breadcrumb":{"@id":"https:\/\/gazetapernambucana.com\/?p=1133#breadcrumb"},"inLanguage":"pt-BR","potentialAction":[{"@type":"ReadAction","target":["https:\/\/gazetapernambucana.com\/?p=1133"]}]},{"@type":"ImageObject","inLanguage":"pt-BR","@id":"https:\/\/gazetapernambucana.com\/?p=1133#primaryimage","url":"https:\/\/gazetapernambucana.com\/wp-content\/uploads\/2025\/06\/87074752_3520435404635386_234978734505984000_n-1.jpg","contentUrl":"https:\/\/gazetapernambucana.com\/wp-content\/uploads\/2025\/06\/87074752_3520435404635386_234978734505984000_n-1.jpg","width":540,"height":675},{"@type":"BreadcrumbList","@id":"https:\/\/gazetapernambucana.com\/?p=1133#breadcrumb","itemListElement":[{"@type":"ListItem","position":1,"name":"In\u00edcio","item":"https:\/\/gazetapernambucana.com\/"},{"@type":"ListItem","position":2,"name":"Para quem ama mesmo depois do fim. Por Fl\u00e1vio Chaves"}]},{"@type":"WebSite","@id":"https:\/\/gazetapernambucana.com\/#website","url":"https:\/\/gazetapernambucana.com\/","name":"","description":"","potentialAction":[{"@type":"SearchAction","target":{"@type":"EntryPoint","urlTemplate":"https:\/\/gazetapernambucana.com\/?s={search_term_string}"},"query-input":{"@type":"PropertyValueSpecification","valueRequired":true,"valueName":"search_term_string"}}],"inLanguage":"pt-BR"},{"@type":"Person","@id":"https:\/\/gazetapernambucana.com\/#\/schema\/person\/188dc283325181ac2de4db1e9e987427","name":"GP","image":{"@type":"ImageObject","inLanguage":"pt-BR","@id":"https:\/\/gazetapernambucana.com\/#\/schema\/person\/image\/","url":"https:\/\/secure.gravatar.com\/avatar\/9dad78ff9a2d8b5742d11779f8a3f53b052320c550b2e1907882353c067bb111?s=96&d=mm&r=g","contentUrl":"https:\/\/secure.gravatar.com\/avatar\/9dad78ff9a2d8b5742d11779f8a3f53b052320c550b2e1907882353c067bb111?s=96&d=mm&r=g","caption":"GP"},"sameAs":["http:\/\/gazetapernambucana.com"],"url":"https:\/\/gazetapernambucana.com\/?author=1"}]}},"jetpack_publicize_connections":[],"_links":{"self":[{"href":"https:\/\/gazetapernambucana.com\/index.php?rest_route=\/wp\/v2\/posts\/1133","targetHints":{"allow":["GET"]}}],"collection":[{"href":"https:\/\/gazetapernambucana.com\/index.php?rest_route=\/wp\/v2\/posts"}],"about":[{"href":"https:\/\/gazetapernambucana.com\/index.php?rest_route=\/wp\/v2\/types\/post"}],"author":[{"embeddable":true,"href":"https:\/\/gazetapernambucana.com\/index.php?rest_route=\/wp\/v2\/users\/1"}],"replies":[{"embeddable":true,"href":"https:\/\/gazetapernambucana.com\/index.php?rest_route=%2Fwp%2Fv2%2Fcomments&post=1133"}],"version-history":[{"count":1,"href":"https:\/\/gazetapernambucana.com\/index.php?rest_route=\/wp\/v2\/posts\/1133\/revisions"}],"predecessor-version":[{"id":1135,"href":"https:\/\/gazetapernambucana.com\/index.php?rest_route=\/wp\/v2\/posts\/1133\/revisions\/1135"}],"wp:featuredmedia":[{"embeddable":true,"href":"https:\/\/gazetapernambucana.com\/index.php?rest_route=\/wp\/v2\/media\/1134"}],"wp:attachment":[{"href":"https:\/\/gazetapernambucana.com\/index.php?rest_route=%2Fwp%2Fv2%2Fmedia&parent=1133"}],"wp:term":[{"taxonomy":"category","embeddable":true,"href":"https:\/\/gazetapernambucana.com\/index.php?rest_route=%2Fwp%2Fv2%2Fcategories&post=1133"},{"taxonomy":"post_tag","embeddable":true,"href":"https:\/\/gazetapernambucana.com\/index.php?rest_route=%2Fwp%2Fv2%2Ftags&post=1133"}],"curies":[{"name":"wp","href":"https:\/\/api.w.org\/{rel}","templated":true}]}}