{"id":1124,"date":"2025-06-24T22:03:54","date_gmt":"2025-06-25T01:03:54","guid":{"rendered":"https:\/\/gazetapernambucana.com\/?p=1124"},"modified":"2025-06-24T22:08:47","modified_gmt":"2025-06-25T01:08:47","slug":"o-assedio-sexual-nos-campus-em-128-atos-do-portal-metropoles","status":"publish","type":"post","link":"https:\/\/gazetapernambucana.com\/?p=1124","title":{"rendered":"O ass\u00e9dio sexual nos c\u00e2mpus em 128 atos. Do PORTAL METR\u00d3POLES"},"content":{"rendered":"<div class=\"mme-featured\">\n<div class=\"mme-middle\">\n<h2 class=\"mme-obs\">O conte\u00fado a seguir trata de temas sens\u00edveis que podem causar\u00a0gatilhos emocionais<\/h2>\n<\/div>\n<div class=\"mme-video mme-desktop\"><img loading=\"lazy\" decoding=\"async\" class=\"alignnone size-medium wp-image-174163\" src=\"https:\/\/flaviochaves.com.br\/wp-content\/uploads\/2025\/06\/maxresdefault-300x169.jpg\" alt=\"\" width=\"300\" height=\"169\" \/><\/div>\n<\/div>\n<div class=\"mme-obs-docs\"><strong>Documentos obtidos com base na Lei de Acesso \u00e0 Informa\u00e7\u00e3o revelam que estudantes, professoras e funcion\u00e1rias t\u00eam sido v\u00edtimas de constrangimentos, agress\u00f5es e at\u00e9 estupros em universidades e institutos federais de todo o Brasil<\/strong><\/div>\n<div class=\"mme-author\">\n<div><\/div>\n<div class=\"mme-names\"><strong>Por T\u00e1cio Lorran, Melissa Duarte e Manuel Mar\u00e7al<\/strong><\/div>\n<\/div>\n<div class=\"mme-content\">\n<div class=\"mme-middle\">\n<p>\u201cEle vivia fazendo insinua\u00e7\u00f5es. Era nojento\u201d, desabafou uma estudante de 16 anos sobre o ent\u00e3o professor Pablo Polese Queiroz, do Instituto Federal de Educa\u00e7\u00e3o, Ci\u00eancia e Tecnologia de Mato Grosso do Sul (IFMS). As acusa\u00e7\u00f5es vieram \u00e0 tona em 2022, e essa j\u00e1 era a segunda vez que o docente estava sendo denunciado por constranger alunas.<\/p>\n<p>Em 2020, outra estudante contou que o professor lhe enviou uma figurinha no grupo de WhatsApp da sala:\u00a0<a class=\"mme-link-modal\" href=\"https:\/\/www.metropoles.com\/materias-especiais\/line-79\">\u201cDeixa eu comer voc\u00ea?\u201d<\/a>. Em seguida, em conversa privada, comentou uma foto da aluna: \u201cLingu\u00e3o\u201d.<\/p>\n<p>Elogios constrangedores, piadas de duplo sentido, mensagens indiscretas, coment\u00e1rios inadequados, toques no corpo, investidas f\u00edsicas e\u00a0<a class=\"mme-link-modal\" href=\"https:\/\/www.metropoles.com\/materias-especiais\/line-67\">at\u00e9 estupros<\/a>\u00a0s\u00e3o condutas denunciadas por estudantes, estagi\u00e1rias, professoras e funcion\u00e1rias de universidades e institutos federais de todo o pa\u00eds.<\/p>\n<p>Ap\u00f3s analisar\u00a0<strong>128 processos<\/strong>\u00a0administrativos disciplinares (PADs) durante os \u00faltimos nove meses, o\u00a0<strong>Metr\u00f3poles<\/strong>\u00a0fez um levantamento in\u00e9dito sobre ass\u00e9dio e condutas de conota\u00e7\u00e3o sexual praticadas por professores e servidores p\u00fablicos de institui\u00e7\u00f5es federais de ensino.<\/p>\n<p>Trata-se de um dossi\u00ea sobre as viol\u00eancias e os constrangimentos a que as mulheres est\u00e3o submetidas apenas por frequentarem ambientes de ensino no Brasil.<\/p>\n<\/div>\n<div class=\"mme-image\">\n<div class=\"mme-credit\">Vin\u00edcius Schmidt \/ Metr\u00f3poles<\/div>\n<picture><source srcset=\"https:\/\/files.metroimg.com\/static\/especiais\/pe-assedio-instituicoes-ensino\/assets\/images\/components\/content\/image-01-mobile.png\" media=\"(max-width: 720px)\" \/><img decoding=\"async\" src=\"https:\/\/files.metroimg.com\/static\/especiais\/pe-assedio-instituicoes-ensino\/assets\/images\/components\/content\/image-01.png\" alt=\"imagem\" \/><\/picture>\n<div class=\"mme-caption\">As ocorr\u00eancias de ass\u00e9dio n\u00e3o se restringem \u00e0s salas de aula. H\u00e1 casos em vesti\u00e1rios, cantinas, laborat\u00f3rios e at\u00e9 mesmo fora dos c\u00e2mpus, como em caronas e em viagens universit\u00e1rias<\/div>\n<\/div>\n<div class=\"mme-middle\">\n<p>A investiga\u00e7\u00e3o abrange processos instaurados nos \u00faltimos 10 anos. Optou-se por contar cada uma das hist\u00f3rias citando o nome dos professores e dos servidores sancionados, pois as puni\u00e7\u00f5es de processos administrativos disciplinares s\u00e3o atos p\u00fablicos. Todos os docentes e servidores foram procurados para apresentarem suas defesas.<\/p>\n<p>Em rela\u00e7\u00e3o \u00e0s v\u00edtimas, a reportagem decidiu mant\u00ea-las no anonimato a menos que desejassem falar.<\/p>\n<p>Os PADs s\u00e3o investiga\u00e7\u00f5es conduzidas no \u00e2mbito da administra\u00e7\u00e3o p\u00fablica para apurar den\u00fancias de condutas de servidores que possam ter contrariado as fun\u00e7\u00f5es e atribui\u00e7\u00f5es previstas em lei. As puni\u00e7\u00f5es decorrentes desses processos variam entre advert\u00eancia, suspens\u00e3o (que pode ser convertida em multa), demiss\u00e3o e cassa\u00e7\u00e3o da aposentadoria.<\/p>\n<p>Os casos analisados envolvem ao menos\u00a0<strong>265 v\u00edtimas<\/strong>\u00a0e\u00a0<strong>132 acusados<\/strong>. Os registros foram organizados em um mapa por localidade e por institui\u00e7\u00e3o de ensino. H\u00e1 relatos de agress\u00f5es em todos os 26 estados e no Distrito Federal, o que comprova a recorr\u00eancia das investidas, de norte a sul.<\/p>\n<p>Os documentos revelam situa\u00e7\u00f5es de constrangimento ou viol\u00eancia apuradas em\u00a0<strong>59 universidades<\/strong>\u00a0e\u00a0<strong>institutos federais<\/strong>. A partir deles, foi poss\u00edvel identificar as abordagens mais comuns, o sofrimento causado \u00e0s v\u00edtimas e o perfil dos assediadores.<\/p>\n<p><img decoding=\"async\" class=\"aligncenter\" src=\"https:\/\/fly.metroimg.com\/upload\/q_85,w_700\/https:\/\/uploads.metroimg.com\/wp-content\/uploads\/2025\/06\/23182023\/destaque-5-1.jpg\" alt=\"Saiba perfil de professores e servidores punidos por ass\u00e9dio sexual em universidades e IFs | Metr\u00f3poles\" \/><\/p>\n<\/div>\n<div class=\"mme-title-info\">navegue e leia os casos no mapa dos ass\u00e9dios<\/div>\n<div class=\"mme-map\">\n<div class=\"mme-filters\">\n<h3>128\u00a0casos<\/h3>\n<div class=\"mme-search mme-block-filter\"><input type=\"text\" placeholder=\"Buscar UF, cidade ou institui\u00e7\u00e3o\" \/><\/div>\n<div class=\"mme-custom-select mme-punishment mme-block-filter\">\n<p><button class=\"mme-open-drop\" type=\"button\">Tipo de puni\u00e7\u00e3o<\/button><\/p>\n<div class=\"mme-dropdown\"><button type=\"button\" data-value=\"\">Tipo de puni\u00e7\u00e3o<\/button><button type=\"button\" data-value=\"advertencia\">Advert\u00eancia<\/button><button type=\"button\" data-value=\"demissao\">Demiss\u00e3o<\/button><button type=\"button\" data-value=\"demissao-revogada\">Demiss\u00e3o revogada<\/button><button type=\"button\" data-value=\"suspensao\">Suspens\u00e3o<\/button><button type=\"button\" data-value=\"suspensao-convertida-em-multa\">Suspens\u00e3o convertida em multa<\/button><\/div>\n<\/div>\n<div class=\"mme-custom-select mme-age mme-block-filter\">\n<p><button class=\"mme-open-drop\" type=\"button\">Idade do Assediador<\/button><\/p>\n<div class=\"mme-dropdown\"><button type=\"button\" data-value=\"\">Idade do Assediador<\/button><button type=\"button\" data-value=\"20-30\">20-30 anos<\/button><button type=\"button\" data-value=\"20-29\">20-29 anos<\/button><button type=\"button\" data-value=\"30-39\">30-39 anos<\/button><button type=\"button\" data-value=\"40-49\">40-49 anos<\/button><button type=\"button\" data-value=\"50-59\">50-59 anos<\/button><button type=\"button\" data-value=\"50-60\">50-60 anos<\/button><button type=\"button\" data-value=\"60-69\">60-69 anos<\/button><\/div>\n<\/div>\n<div class=\"mme-custom-select mme-role mme-block-filter\">\n<p><button class=\"mme-open-drop\" type=\"button\">Cargo do Assediador<\/button><\/p>\n<div class=\"mme-dropdown\"><button type=\"button\" data-value=\"\">Cargo do Assediador<\/button><button type=\"button\" data-value=\"professor\">Professor<\/button><button type=\"button\" data-value=\"servidor\">Servidor<\/button><\/div>\n<\/div>\n<div class=\"mme-custom-select mme-institution-type mme-block-filter\">\n<p><button class=\"mme-open-drop\" type=\"button\">Tipo de institui\u00e7\u00e3o<\/button><\/p>\n<div class=\"mme-dropdown\"><button type=\"button\" data-value=\"\">Tipo de institui\u00e7\u00e3o<\/button><button type=\"button\" data-value=\"instituto-federal\">Instituto Federal<\/button><button type=\"button\" data-value=\"universidade\">Universidade<\/button><\/div>\n<\/div>\n<\/div>\n<\/div>\n<div class=\"mme-wrapper-info\">\n<h2 class=\"mme-bg-larger mme-title-negative\">Como foi feito o levantamento<\/h2>\n<picture class=\"mme-image\"><source srcset=\"https:\/\/files.metroimg.com\/static\/especiais\/pe-assedio-instituicoes-ensino\/assets\/images\/components\/content\/info-gif-mobile.gif\" media=\"(max-width: 720px)\" \/><img decoding=\"async\" src=\"https:\/\/files.metroimg.com\/static\/especiais\/pe-assedio-instituicoes-ensino\/assets\/images\/components\/content\/info-gif.gif\" alt=\"imagem\" \/><\/picture>\n<\/div>\n<div class=\"mme-image-with-title\">\n<div class=\"mme-credit\">Vin\u00edcius Schmidt \/ Metr\u00f3poles<\/div>\n<div class=\"mme-image\">\n<picture><source srcset=\"https:\/\/files.metroimg.com\/static\/especiais\/pe-assedio-instituicoes-ensino\/assets\/images\/components\/content\/image-02-mobile.png\" media=\"(max-width: 720px)\" \/><img decoding=\"async\" src=\"https:\/\/files.metroimg.com\/static\/especiais\/pe-assedio-instituicoes-ensino\/assets\/images\/components\/content\/image-02.png\" alt=\"imagem\" \/><\/picture>\n<h2>Li\u00e7\u00e3o de desrespeito<\/h2>\n<\/div>\n<\/div>\n<div class=\"mme-middle\">\n<p>A investiga\u00e7\u00e3o jornal\u00edstica aponta que o desrespeito \u00e0 condi\u00e7\u00e3o feminina \u2013\u00a0<strong>8,5% dos casos<\/strong>\u00a0envolvem agress\u00f5es sexuais a pessoas do g\u00eanero masculino \u2013 \u00e9 uma li\u00e7\u00e3o repetida \u00e0 exaust\u00e3o nas institui\u00e7\u00f5es de ensino p\u00fablicas.<\/p>\n<p>E, em todos os casos, quem profere a disciplina do abuso \u00e9 um homem. Nenhuma mulher aparece como acusada nos PADs analisados.<\/p>\n<p>Os documentos tamb\u00e9m mostram que o sistema educacional falha na hora de responsabilizar os agressores. At\u00e9 dois anos atr\u00e1s, n\u00e3o havia par\u00e2metros definidos para estabelecer as penas dos acusados, e a san\u00e7\u00e3o ficava a crit\u00e9rio da subjetividade dos julgadores.<\/p>\n<p>A maioria das universidades n\u00e3o disp\u00f5e de pol\u00edticas p\u00fablicas para preven\u00e7\u00e3o e combate ao ass\u00e9dio, o que aumenta a sensa\u00e7\u00e3o de impunidade e o sentimento de inseguran\u00e7a das v\u00edtimas.<\/p>\n<\/div>\n<div class=\"mme-stories\">\n<h4>Elas romperam o sil\u00eancio e denunciaram<\/h4>\n<div class=\"mme-list\">\n<div class=\"mme-card\" data-target=\"line-45\">\n<div class=\"mme-info\">\n<h5>\u201cEle estava na minha cidade, me procurando, perguntando \u00e0s pessoas onde era a casa da minha fam\u00edlia\u201d<\/h5>\n<div class=\"mme-name\">Beatriz Oliveira<\/div>\n<div class=\"mme-institution\">Universidade Federal de Sergipe (UFS)<\/div>\n<\/div>\n<div class=\"mme-video\"><video preload=\"auto\" autoplay=\"autoplay\" loop=\"loop\" muted=\"\" width=\"300\" height=\"150\" data-mce-fragment=\"1\"><\/video><\/div>\n<\/div>\n<div class=\"mme-card\" data-target=\"line-42\">\n<div class=\"mme-info\">\n<h5>\u201cS\u00e3o e-mails aterrorizantes, com alto teor sexual. Fiquei com muito medo dele\u201d<\/h5>\n<div class=\"mme-name\">Eliz\u00e2ngela de Jesus<\/div>\n<div class=\"mme-institution\">Universidade Federal do Amazonas (Ufam)<\/div>\n<\/div>\n<div class=\"mme-video\"><video preload=\"auto\" autoplay=\"autoplay\" loop=\"loop\" muted=\"\" width=\"300\" height=\"150\" data-mce-fragment=\"1\"><\/video><\/div>\n<\/div>\n<div class=\"mme-card\" data-target=\"line-46\">\n<div class=\"mme-info\">\n<h5>\u201cN\u00e3o conseguia nomear o que passei, s\u00f3 depois entendi que tinha nome<\/h5>\n<div class=\"mme-name\">Mariana Costa<\/div>\n<div class=\"mme-institution\">Universidade Federal de Vi\u00e7osa (UFV)<\/div>\n<\/div>\n<div class=\"mme-video\"><video preload=\"auto\" autoplay=\"autoplay\" loop=\"loop\" muted=\"\" width=\"300\" height=\"150\" data-mce-fragment=\"1\"><\/video><\/div>\n<\/div>\n<div class=\"mme-card\" data-target=\"line-114\">\n<div class=\"mme-info\">\n<h5>\u201c\u00c9 uma hist\u00f3ria importante de ser contada. A gente n\u00e3o pode admitir que isso siga acontecendo\u201d<\/h5>\n<div class=\"mme-name\">Mariana Sobrinho<\/div>\n<div class=\"mme-institution\">Universidade de Bras\u00edlia (UnB)<\/div>\n<\/div>\n<div class=\"mme-video\"><video preload=\"auto\" autoplay=\"autoplay\" loop=\"loop\" muted=\"\" width=\"300\" height=\"150\" data-mce-fragment=\"1\"><\/video><\/div>\n<\/div>\n<\/div>\n<\/div>\n<div class=\"mme-middle\">\n<p>Para trazer \u00e0 luz as informa\u00e7\u00f5es sobre o lado mais sombrio das institui\u00e7\u00f5es de ensino brasileiras, a equipe do Metr\u00f3poles fez 156 pedidos com base na Lei de Acesso \u00e0 Informa\u00e7\u00e3o (LAI) e se debru\u00e7ou sobre mais de 40 mil p\u00e1ginas de PADs e de processos judiciais.<\/p>\n<p>A reportagem tamb\u00e9m percorreu 5.637 km em Minas Gerais, Rio de Janeiro, Sergipe e no Distrito Federal para ouvir mulheres que se dispuseram a falar sobre a viol\u00eancia sofrida. Beatriz Oliveira, Eliz\u00e2ngela de Jesus Oliveira, Mariana Costa e Mariana Sobrinho concordaram em rememorar suas dores, na expectativa de interromper o sil\u00eancio imposto sobre o assunto nas universidades.<\/p>\n<p><strong>Al\u00e9m das v\u00edtimas<\/strong>, acusados, autoridades e especialistas foram ouvidos na tentativa de compreender o que ainda falta para que os c\u00e2mpus se tornem locais mais seguros para as mulheres.<\/p>\n<\/div>\n<div class=\"mme-video-youtube\"><iframe loading=\"lazy\" title=\"YouTube video player\" src=\"https:\/\/www.youtube.com\/embed\/uGKrhmqA8dU?si=DdU2Yj2fqDbx6nHO\" width=\"560\" height=\"315\" frameborder=\"0\" allowfullscreen=\"allowfullscreen\" data-mce-fragment=\"1\"><\/iframe><\/div>\n<div class=\"mme-middle\">\n<p>O ass\u00e9dio sexual \u00e9 um crime definido no C\u00f3digo Penal como o ato de constranger algu\u00e9m, com o intuito de obter vantagem ou favorecimento sexual, valendo-se de condi\u00e7\u00e3o de superioridade hier\u00e1rquica. De acordo com a Controladoria-Geral da Uni\u00e3o, mensagens, gestos, cantadas, piadas e insinua\u00e7\u00f5es podem caracterizar ass\u00e9dio.<\/p>\n<p>No \u00e2mbito administrativo, s\u00e3o punidas \u201ccondutas de conota\u00e7\u00e3o sexual\u201d, que incluem o ass\u00e9dio e outros atos de m\u00e9dio ou baixo grau de reprovabilidade, que n\u00e3o necessariamente exigem tipifica\u00e7\u00e3o penal. Tamb\u00e9m s\u00e3o penalizadas situa\u00e7\u00f5es graves, como os crimes de importuna\u00e7\u00e3o sexual e estupro.<\/p>\n<\/div>\n<div class=\"mme-title-info\">o que s\u00e3o condutas de conota\u00e7\u00e3o sexual?<\/div>\n<picture class=\"mme-image mme-top-margin\"><source srcset=\"https:\/\/files.metroimg.com\/static\/especiais\/pe-assedio-instituicoes-ensino\/assets\/images\/components\/content\/info-02-mobile.svg\" media=\"(max-width: 720px)\" \/><img decoding=\"async\" src=\"https:\/\/files.metroimg.com\/static\/especiais\/pe-assedio-instituicoes-ensino\/assets\/images\/components\/content\/info-02.svg\" alt=\"imagem\" \/><\/picture>\n<div class=\"mme-image-with-title\">\n<div class=\"mme-credit\">Vin\u00edcius Schmidt \/ Metr\u00f3poles<\/div>\n<div class=\"mme-image\">\n<picture><source srcset=\"https:\/\/files.metroimg.com\/static\/especiais\/pe-assedio-instituicoes-ensino\/assets\/images\/components\/content\/image-03-mobile.png\" media=\"(max-width: 720px)\" \/><img decoding=\"async\" src=\"https:\/\/files.metroimg.com\/static\/especiais\/pe-assedio-instituicoes-ensino\/assets\/images\/components\/content\/image-03.png\" alt=\"imagem\" \/><\/picture>\n<h2>A fragilidade das v\u00edtimas<\/h2>\n<\/div>\n<\/div>\n<div class=\"mme-middle\">\n<p>A pr\u00e1tica de ass\u00e9dio sexual dentro das institui\u00e7\u00f5es de ensino se vale, principalmente, da inexperi\u00eancia das v\u00edtimas, combinada com a posi\u00e7\u00e3o de hierarquia dos assediadores. No geral, as v\u00edtimas s\u00e3o mais jovens que os agressores.\u00a0<a class=\"mme-link-modal\" href=\"https:\/\/www.metropoles.com\/materias-especiais\/line-134\">Algumas s\u00e3o menores de idade<\/a>\u00a0\u2013 est\u00e3o em fase de desenvolvimento, ainda aprendendo a construir rela\u00e7\u00f5es e a se posicionar perante os outros.<\/p>\n<p>Essa ingenuidade pode ser manipulada por professores e servidores, homens d\u00e9cadas mais velhos, que est\u00e3o em outro momento da vida e da carreira. \u00c9 comum que as v\u00edtimas n\u00e3o saibam se desvencilhar de cantadas indesejadas ou n\u00e3o identifiquem imediatamente as abordagens inadequadas. Tamb\u00e9m acontece de serem seduzidas por propostas rom\u00e2nticas e idealizarem relacionamentos.<\/p>\n<p><a class=\"mme-link-modal\" href=\"https:\/\/www.metropoles.com\/materias-especiais\/line-46\">Entrevistada pela reportagem do Metr\u00f3poles<\/a>, Mariana Costa que, atualmente tem\u00a0<strong>32 anos<\/strong>, conta que viveu uma rela\u00e7\u00e3o abusiva com o professor Edson Ferreira Martins, conhecido no campus da Universidade Federal de Vi\u00e7osa\u00a0<strong>(UFV)<\/strong>\u00a0por seu perfil namorador.<\/p>\n<p>\u00c0 \u00e9poca do relacionamento, ela tinha 18 anos e s\u00f3 percebeu o grau de manipula\u00e7\u00e3o do professor ao conversar com outras alunas que se relacionaram com ele e tamb\u00e9m relataram comportamentos abusivos. Juntas, tiveram coragem de levar o caso \u00e0 dire\u00e7\u00e3o da universidade. Martins foi expulso por recomenda\u00e7\u00e3o da sindic\u00e2ncia instaurada, mas acabou readmitido por decis\u00e3o judicial.<\/p>\n<\/div>\n<div class=\"mme-image\">\n<div class=\"mme-credit\">Vin\u00edcius Schmidt \/ Metr\u00f3poles<\/div>\n<picture><source srcset=\"https:\/\/files.metroimg.com\/static\/especiais\/pe-assedio-instituicoes-ensino\/assets\/images\/components\/content\/image-04-mobile.png\" media=\"(max-width: 720px)\" \/><img decoding=\"async\" src=\"https:\/\/files.metroimg.com\/static\/especiais\/pe-assedio-instituicoes-ensino\/assets\/images\/components\/content\/image-04.png\" alt=\"imagem\" \/><\/picture>\n<div class=\"mme-caption\">Mariana Costa precisou deixar Vi\u00e7osa para seguir a carreira acad\u00eamica no Rio de Janeiro: \u201cFui perseguida\u201d<\/div>\n<\/div>\n<div class=\"mme-middle\">\n<p>Outra estudante, do Mato Grosso do Sul, desabafou sobre o relacionamento que manteve com um professor casado. Em mensagem de texto enviada ao docente, ela expressou\u00a0<a class=\"mme-link-modal\" href=\"https:\/\/www.metropoles.com\/materias-especiais\/line-82\">o quanto se sentiu usada<\/a>: \u201cVoc\u00ea tem no\u00e7\u00e3o da manipula\u00e7\u00e3o que \u00e9 voc\u00ea ficar \u2018brincando\u2019 com meninas de 15, 16 anos? Quando a gente entra no IF, tudo \u00e9 maravilhoso, e a admira\u00e7\u00e3o que temos pelos nossos professores \u00e9 muito grande. Tudo muda na nossa vida, e aproveitar desse momento e da admira\u00e7\u00e3o que temos \u00e9 muito desumano\u201d.<\/p>\n<p>Os relacionamentos amorosos entre professores e estudantes s\u00e3o desaconselhados e at\u00e9 proibidos em muitos pa\u00edses. A Austr\u00e1lia, por exemplo, possui uma pol\u00edtica nacional que afirma que intera\u00e7\u00f5es dessa natureza \u201cnunca s\u00e3o apropriadas\u201d.<\/p>\n<p>A advogada Mayra Cotta, especialista em quest\u00f5es de g\u00eanero, explica que no Brasil n\u00e3o h\u00e1 uma proibi\u00e7\u00e3o legal para o namoro entre professores e estudantes. Na opini\u00e3o dela, por\u00e9m, \u00e9 importante que a posi\u00e7\u00e3o de igualdade no relacionamento seja preservada, especialmente por quem tem mais poder.<\/p>\n<\/div>\n<blockquote class=\"mme-blockquote\"><p>Pessoas em posi\u00e7\u00f5es hier\u00e1rquicas superiores devem seguir padr\u00f5es de comportamento e de responsabilidade \u00e9tica. Um dos quesitos mais importantes \u00e9 reconhecer que a assimetria existe e, por isso, \u00e9 necess\u00e1rio garantir as condi\u00e7\u00f5es necess\u00e1rias para que a outra pessoa seja ouvida, para que seus sentimentos importem e sejam levados em conta\u201d<\/p>\n<p><cite>Mayra Cottaadvogada<\/cite><\/p><\/blockquote>\n<div class=\"mme-image-with-title\">\n<div class=\"mme-credit\">Vin\u00edcius Schmidt \/ Metr\u00f3poles<\/div>\n<div class=\"mme-image\">\n<picture><source srcset=\"https:\/\/files.metroimg.com\/static\/especiais\/pe-assedio-instituicoes-ensino\/assets\/images\/components\/content\/image-05-mobile.png\" media=\"(max-width: 720px)\" \/><img decoding=\"async\" src=\"https:\/\/files.metroimg.com\/static\/especiais\/pe-assedio-instituicoes-ensino\/assets\/images\/components\/content\/image-05.png\" alt=\"imagem\" \/><\/picture>\n<h2>Objetifica\u00e7\u00e3o das estudantes<\/h2>\n<\/div>\n<\/div>\n<div class=\"mme-middle\">\n<p>A an\u00e1lise dos PADs sobre ass\u00e9dio sexual nas universidades tamb\u00e9m mostra que as adolescentes e as mulheres s\u00e3o frequentemente objetificadas\u00a0<a class=\"mme-link-modal\" href=\"https:\/\/www.metropoles.com\/materias-especiais\/line-32\">em salas de aula e corredores<\/a>. Professores e servidores se referem aos atributos f\u00edsicos delas, constrangendo-as diante de outros alunos, ou usando-as como exemplo em piadas ou explica\u00e7\u00f5es de duplo sentido.<\/p>\n<p>Na Universidade do Mato Grosso do Sul\u00a0<strong>(UFMS)<\/strong>, um professor teria dito a um aluno:\u00a0<a class=\"mme-link-modal\" href=\"https:\/\/www.metropoles.com\/materias-especiais\/line-112\">\u201cN\u00e3o d\u00e1 vontade de dar um beijo na boca dessas gurias?\u201d<\/a>. Na Universidade Federal de Santa Maria (UFSM), no Rio Grande do Sul, um professor de teatro aproveitou uma atividade acad\u00eamica\u00a0<a class=\"mme-link-modal\" href=\"https:\/\/www.metropoles.com\/materias-especiais\/line-38\">para tocar a bunda de uma estudante<\/a>.<\/p>\n<\/div>\n<div class=\"mme-block-gallery\">\n<div class=\"mme-gallery-messages mme-gallery-carousel swiper swiper-initialized swiper-horizontal\">\n<div class=\"swiper-wrapper\">\n<div class=\"mme-item swiper-slide\" data-swiper-slide-index=\"6\">\n<div class=\"mme-card\">\n<div class=\"mme-line\">Deixa eu comer voc\u00ea?<\/div>\n<\/div>\n<\/div>\n<div class=\"mme-item swiper-slide\" data-swiper-slide-index=\"7\">\n<div class=\"mme-card\">\n<div class=\"mme-line\">Vamos, lindona. Sem sexo. S\u00f3 para nos conhecer melhor<\/div>\n<div class=\"mme-line\">Sempre tem um come\u00e7o. Vamos quebrar o gelo<\/div>\n<\/div>\n<\/div>\n<div class=\"mme-item swiper-slide\" data-swiper-slide-index=\"8\">\n<div class=\"mme-card\">\n<div class=\"mme-line\">Afinal, sou solteiro. E voc\u00ea tem 17 anos<\/div>\n<div class=\"mme-line\">Eu quero muito ficar com voc\u00ea desde o primeiro dia que te olhei<\/div>\n<div class=\"mme-line\">Tu \u00e9 muito linda e eu fa\u00e7o muito esfor\u00e7o para disfar\u00e7ar<\/div>\n<\/div>\n<\/div>\n<div class=\"mme-item swiper-slide\" data-swiper-slide-index=\"9\">\n<div class=\"mme-card\">\n<div class=\"mme-line\">Acho teus olhos muito lindos\u2026 mas n\u00e3o \u00e9 s\u00f3 a beleza que me chama aten\u00e7\u00e3o<\/div>\n<div class=\"mme-line\">hj t\u00e1 t\u00e3o quente q acho q vou tomar banho pelado no quintal<\/div>\n<div class=\"mme-line\">Que linda, que boca<\/div>\n<\/div>\n<\/div>\n<div class=\"mme-item swiper-slide\" data-swiper-slide-index=\"10\">\n<div class=\"mme-card\">\n<div class=\"mme-line\">Se quiser algu\u00e9m para transar, estamos a\u00ed!<\/div>\n<div class=\"mme-line\">Depois apaga essas mensagens<\/div>\n<\/div>\n<\/div>\n<div class=\"mme-item swiper-slide\" data-swiper-slide-index=\"0\">\n<div class=\"mme-card\">\n<div class=\"mme-line\">Voc\u00ea \u00e9 comportada?<\/div>\n<\/div>\n<\/div>\n<div class=\"mme-item swiper-slide swiper-slide-prev\" data-swiper-slide-index=\"1\">\n<div class=\"mme-card\">\n<div class=\"mme-line\">Eu tenho tes\u00e3o em vc kkkkk<\/div>\n<div class=\"mme-line\">Gosto de baixinhas<\/div>\n<div class=\"mme-line\">E vc tem um olhar incr\u00edvel<\/div>\n<div class=\"mme-line\">E tbm tivemos umas conversas que, sei l\u00e1, foram me ati\u00e7ando de alguma forma<\/div>\n<\/div>\n<\/div>\n<div class=\"mme-item swiper-slide swiper-slide-active\" data-swiper-slide-index=\"2\">\n<div class=\"mme-card\">\n<div class=\"mme-line\">Voc\u00ea, al\u00e9m de bonita, \u00e9 dedicada e inteligente. Qualquer homem de bom senso gostaria de ficar com voc\u00ea, porque \u00e9 muito atraente, em todos os sentidos. Aposto que deve ter um monte de caras a fim de voc\u00ea<\/div>\n<\/div>\n<\/div>\n<div class=\"mme-item swiper-slide swiper-slide-next\" data-swiper-slide-index=\"3\">\n<div class=\"mme-card\">\n<div class=\"mme-line\">Teve uma vez que, do nada, cheguei a sonhar com vc, mas, como teve uma coisa \u00edntima, eu n\u00e3o sei se posso falar<\/div>\n<\/div>\n<\/div>\n<div class=\"mme-item swiper-slide\" data-swiper-slide-index=\"4\">\n<div class=\"mme-card\">\n<div class=\"mme-line\">Sou mais gostoso que ele. Quer testar?<\/div>\n<\/div>\n<\/div>\n<div class=\"mme-item swiper-slide\" data-swiper-slide-index=\"5\">\n<div class=\"mme-card\">\n<div class=\"mme-line\">Vcs s\u00e3o t\u00e3o lindas e carinhosas comigo que muitas vezes me confundo e fico viajando\u2026<\/div>\n<div class=\"mme-line\">E sou quase um velho de 56 anos<\/div>\n<div class=\"mme-line\">Digo essas coisas pra vc porque vc, apesar de ser ainda uma crian\u00e7a (como vc diz), me d\u00e1 tanta seguran\u00e7a nas coisas q fala q parece ser uma mulher j\u00e1 feita (e isso me seduz tanto!)!<\/div>\n<div class=\"mme-line\">Sempre tive curiosidade de saber se vc ainda \u00e9 virgem<\/div>\n<\/div>\n<\/div>\n<\/div>\n<div class=\"swiper-navigation\"><\/div>\n<div class=\"swiper-pagination swiper-pagination-clickable swiper-pagination-bullets swiper-pagination-horizontal\"><button class=\"swiper-pagination-bullet\" type=\"button\">1<\/button><button class=\"swiper-pagination-bullet\" type=\"button\">2<\/button><button class=\"swiper-pagination-bullet swiper-pagination-bullet-active\" type=\"button\">3<\/button><button class=\"swiper-pagination-bullet\" type=\"button\">4<\/button><button class=\"swiper-pagination-bullet\" type=\"button\">5<\/button><button class=\"swiper-pagination-bullet\" type=\"button\">6<\/button><button class=\"swiper-pagination-bullet\" type=\"button\">7<\/button><button class=\"swiper-pagination-bullet\" type=\"button\">8<\/button><button class=\"swiper-pagination-bullet\" type=\"button\">9<\/button><button class=\"swiper-pagination-bullet\" type=\"button\">10<\/button><button class=\"swiper-pagination-bullet\" type=\"button\">11<\/button><\/div>\n<div class=\"mme-obs-gallery\">*Mensagens enviadas por professores e servidores a estudantes que foram anexadas aos PADs como provas<\/div>\n<\/div>\n<\/div>\n<div class=\"mme-middle\">\n<p>No campus Paracambi, do Instituto Federal de Educa\u00e7\u00e3o, Ci\u00eancia e Tecnologia do Rio de Janeiro (IFRJ), um professor foi demitido ap\u00f3s queixas de que ele\u00a0<a class=\"mme-link-modal\" href=\"https:\/\/www.metropoles.com\/materias-especiais\/line-70\">passava as m\u00e3os nas costas, nos bra\u00e7os, no pesco\u00e7o e at\u00e9 nas n\u00e1degas de alunas<\/a>.<\/p>\n<p>Na Universidade Federal do Cear\u00e1 (UFC), um professor explicou o conceito de in\u00e9rcia empurrando as costas de uma estudante e acrescentou, de maneira jocosa:\u00a0<a class=\"mme-link-modal\" href=\"https:\/\/www.metropoles.com\/materias-especiais\/line-21\">\u201cEla est\u00e1 gostando. Empurrar por tr\u00e1s \u00e9 gostoso\u201d<\/a>. No PAD, a jovem contou que os colegas riram e que se sentiu muito envergonhada com a situa\u00e7\u00e3o.<\/p>\n<p>Uma aluna do col\u00e9gio vinculado \u00e0 Universidade Federal do Maranh\u00e3o (UFMA)\u00a0<a class=\"mme-link-modal\" href=\"https:\/\/www.metropoles.com\/materias-especiais\/line-21\">desabafou sobre constrangimentos<\/a>\u00a0desse tipo: \u201cA gente percebe, quando vai entregar prova, que ele olha para nossas partes, e isso nos faz sentir mal. Sentimos medo de ficar s\u00f3 com ele na sala, de ser a \u00faltima a entregar a prova\u201d, relatou.<\/p>\n<\/div>\n<div class=\"mme-image-with-title\">\n<div class=\"mme-credit\">Vin\u00edcius Schmidt \/ Metr\u00f3poles<\/div>\n<div class=\"mme-image\">\n<picture><source srcset=\"https:\/\/files.metroimg.com\/static\/especiais\/pe-assedio-instituicoes-ensino\/assets\/images\/components\/content\/image-06-mobile.png\" media=\"(max-width: 720px)\" \/><img decoding=\"async\" src=\"https:\/\/files.metroimg.com\/static\/especiais\/pe-assedio-instituicoes-ensino\/assets\/images\/components\/content\/image-06.png\" alt=\"imagem\" \/><\/picture>\n<h2 class=\"mme-bg-larger\">No Brasil profundo, at\u00e9acusa\u00e7\u00f5es de explora\u00e7\u00e3o sexual<\/h2>\n<\/div>\n<\/div>\n<div class=\"mme-middle\">\n<p>Longe das capitais, o ass\u00e9dio em universidades e institutos ganha mais uma camada de perversidade: a explora\u00e7\u00e3o de vulnerabilidades econ\u00f4micas e sociais das v\u00edtimas.<\/p>\n<p>No campus Floresta, do Instituto Federal do Sert\u00e3o Pernambucano (IFSertaoPE), o professor Wagner Pinheiro\u00a0<a class=\"mme-link-modal\" href=\"https:\/\/www.metropoles.com\/materias-especiais\/line-75\">insistia em seduzir um estudante<\/a>\u00a0at\u00e9 que foi flagrado pela m\u00e3e do menino. O munic\u00edpio fica a 435 km de dist\u00e2ncia de Recife (PE), tem 30 mil habitantes e figura no ter\u00e7o mais pobre do pa\u00eds, considerando o PIB per capita.<\/p>\n<p>Wagner oferecia recompensas, como, por exemplo, cr\u00e9ditos em jogos de celular e lanches, para se aproximar do garoto. No PAD, foram apresentadas mensagens dele ao aluno: \u201cS\u00f3 vi vc de bombeiro aquele dia kkkkkkk. Quase chamo para apagar um ? l\u00e1 em ? kkkkkkkkkk\u201d. A defesa argumentou que as conversas teriam sido retiradas de contexto.<\/p>\n<p>As propostas do servidor p\u00fablico chamaram a aten\u00e7\u00e3o da Procuradoria-Geral Federal junto ao IFSertaoPE, inst\u00e2ncia revisora dos processos administrativos. O \u00f3rg\u00e3o, vinculado \u00e0 Advocacia-Geral da Uni\u00e3o (AGU), destacou as ofertas financeiras como uma estrat\u00e9gia de aliciamento.<\/p>\n<\/div>\n<blockquote class=\"mme-blockquote\"><p>O ass\u00e9dio sexual, ao contr\u00e1rio do que possa se imaginar, n\u00e3o se d\u00e1 apenas por meio de amea\u00e7as de reprimendas, castigos ou imposi\u00e7\u00e3o de preju\u00edzos \u00e0 v\u00edtima, caso n\u00e3o ceda ao assediador. Ele tamb\u00e9m ocorre quando h\u00e1 promessas de benef\u00edcios para as v\u00edtimas, que, em situa\u00e7\u00e3o de inferioridade \u2013 social, ambiental, profissional e financeira \u2013 v\u00ea-se constrangida a ceder \u00e0s investidas de cunho sexual\u201d, assinalou a procuradora federal\u00a0 Let\u00edcia Cabral de Alc\u00e2ntara.\u201d<\/p>\n<p><cite>Let\u00edcia cabralprocuradora federal<\/cite><\/p><\/blockquote>\n<div class=\"mme-middle\">\n<p>Na Faculdade Intercultural Ind\u00edgena (Faind), vinculada \u00e0 Universidade Federal da Grande Dourados (UFGD), dois professores foram expulsos ap\u00f3s serem investigados por ass\u00e9dio sexual a estudantes ind\u00edgenas;\u00a0<a class=\"mme-link-modal\" href=\"https:\/\/www.metropoles.com\/materias-especiais\/line-07\">uma delas ficou gr\u00e1vida<\/a>. A sindic\u00e2ncia concluiu que os docentes se valeram da fragilidade social das alunas para cometerem abusos sexuais. Na Universidade Federal do Sul da Bahia (UFSB), uma estudante da etnia ouviu de um professor:\u00a0<a class=\"mme-link-modal\" href=\"https:\/\/www.metropoles.com\/materias-especiais\/line-10\">\u201cQuero provar o gosto de uma ind\u00edgena\u201d<\/a>.<\/p>\n<p>No interior do Amazonas, professores do campus Manacapuru, do Instituto Federal do Amazonas (Ifam), est\u00e3o sendo investigados pelo Minist\u00e9rio P\u00fablico Federal (MPF) por se envolverem com estudantes. O munic\u00edpio tem\u00a0<a class=\"mme-link-modal\" href=\"https:\/\/www.metropoles.com\/materias-especiais\/line-95\">\u00cdndice de Desenvolvimento Humano Municipal (IDHM) de 0,614<\/a>\u00a0e figura entre as 200 cidades com as piores taxas de escolariza\u00e7\u00e3o do pa\u00eds, segundo dados compilados pelo Instituto Brasileiro de Geografia e Estat\u00edstica (IBGE). Com poder aquisitivo bem acima da m\u00e9dia dos moradores da cidade, os servidores p\u00fablicos do instituto federal teriam se aproveitado de sua condi\u00e7\u00e3o financeira e de posi\u00e7\u00e3o social para seduzir as estudantes.<\/p>\n<\/div>\n<div class=\"mme-block-gallery\">\n<div class=\"mme-gallery-scratcheds mme-gallery-carousel swiper swiper-initialized swiper-horizontal swiper-backface-hidden\">\n<div class=\"swiper-wrapper\">\n<div class=\"mme-item swiper-slide\" data-swiper-slide-index=\"2\">\n<div class=\"mme-card\"><img decoding=\"async\" src=\"https:\/\/files.metroimg.com\/static\/especiais\/pe-assedio-instituicoes-ensino\/assets\/images\/components\/content\/scratched-04.png\" alt=\"imagem\" \/><\/div>\n<\/div>\n<div class=\"mme-item swiper-slide\" data-swiper-slide-index=\"3\">\n<div class=\"mme-card\"><img decoding=\"async\" src=\"https:\/\/files.metroimg.com\/static\/especiais\/pe-assedio-instituicoes-ensino\/assets\/images\/components\/content\/scratched-05.png\" alt=\"imagem\" \/><\/div>\n<\/div>\n<div class=\"mme-item swiper-slide swiper-slide-prev\" data-swiper-slide-index=\"4\">\n<div class=\"mme-card\"><img decoding=\"async\" src=\"https:\/\/files.metroimg.com\/static\/especiais\/pe-assedio-instituicoes-ensino\/assets\/images\/components\/content\/scratched-06.png\" alt=\"imagem\" \/><\/div>\n<\/div>\n<div class=\"mme-item swiper-slide swiper-slide-active\" data-swiper-slide-index=\"0\">\n<div class=\"mme-card\"><img decoding=\"async\" src=\"https:\/\/files.metroimg.com\/static\/especiais\/pe-assedio-instituicoes-ensino\/assets\/images\/components\/content\/scratched-01.png\" alt=\"imagem\" \/><\/div>\n<\/div>\n<div class=\"mme-item swiper-slide swiper-slide-next\" data-swiper-slide-index=\"1\">\n<div class=\"mme-card\"><img decoding=\"async\" src=\"https:\/\/files.metroimg.com\/static\/especiais\/pe-assedio-instituicoes-ensino\/assets\/images\/components\/content\/scratched-03.png\" alt=\"imagem\" \/><\/div>\n<\/div>\n<\/div>\n<div class=\"swiper-navigation\"><button class=\"swiper-button-prev\" type=\"button\">Voltar<\/button><button class=\"swiper-button-next\" type=\"button\">Pr\u00f3ximo<\/button><\/div>\n<div class=\"swiper-pagination swiper-pagination-clickable swiper-pagination-bullets swiper-pagination-horizontal\"><button class=\"swiper-pagination-bullet swiper-pagination-bullet-active\" type=\"button\">1<\/button><button class=\"swiper-pagination-bullet\" type=\"button\">2<\/button><button class=\"swiper-pagination-bullet\" type=\"button\">3<\/button><button class=\"swiper-pagination-bullet\" type=\"button\">4<\/button><button class=\"swiper-pagination-bullet\" type=\"button\">5<\/button><\/div>\n<div class=\"mme-obs-gallery\">*Trechos de depoimentos de professoras, funcion\u00e1rias e estudantes que foram colhidos durante os PADs. Arraste com os dois dedos para aumentar a tela<\/div>\n<\/div>\n<\/div>\n<div class=\"mme-image-with-title\">\n<div class=\"mme-credit\">Vin\u00edcius Schmidt \/ Metr\u00f3poles<\/div>\n<div class=\"mme-image\">\n<picture><source srcset=\"https:\/\/files.metroimg.com\/static\/especiais\/pe-assedio-instituicoes-ensino\/assets\/images\/components\/content\/image-07-mobile.png\" media=\"(max-width: 720px)\" \/><img decoding=\"async\" src=\"https:\/\/files.metroimg.com\/static\/especiais\/pe-assedio-instituicoes-ensino\/assets\/images\/components\/content\/image-07.png\" alt=\"imagem\" \/><\/picture>\n<h2>V\u00edtimas, acusados e puni\u00e7\u00f5es<\/h2>\n<\/div>\n<\/div>\n<div class=\"mme-middle\">\n<p>Ao todo, 98 professores e 34 funcion\u00e1rios do quadro t\u00e9cnico de universidades e institutos \u00a0foram acusados.<\/p>\n<p>Desse total, 72 servidores foram demitidos ou tiveram a aposentadoria cassada, 46 foram suspensos, e 17 receberam advert\u00eancias. H\u00e1 professores que receberam puni\u00e7\u00f5es mais de uma vez.<\/p>\n<p>Embora a maioria das v\u00edtimas sejam estudantes do sexo feminino, tamb\u00e9m foram instaurados PADs para apurar ass\u00e9dios e constrangimentos contra alunos, professoras e funcion\u00e1rias.<\/p>\n<p>No caso dos institutos federais, as v\u00edtimas geralmente tinham menos de 18 anos, o que as deixava em uma condi\u00e7\u00e3o de maior vulnerabilidade.<\/p>\n<p>Os PADs revelam que n\u00e3o h\u00e1 um padr\u00e3o de comportamento entre os assediadores. Alguns se excedem em elogios e olhares; outros apostam nas piadas de duplo sentido ou em convites despropositados. Tamb\u00e9m h\u00e1 os que, mesmo casados ou comprometidos, tentam enredar as estudantes em relacionamentos.<\/p>\n<p>Os avan\u00e7os sexuais ocorrem dentro e fora da sala de aula, durante pesquisas de campo, viagens acad\u00eamicas, jogos estudantis e festas de alunos. Tamb\u00e9m n\u00e3o ficaram restritos ao hor\u00e1rio do expediente: foram feitos no ambiente escolar, na presen\u00e7a de v\u00e1rias testemunhas ou no modo privado das redes sociais.<\/p>\n<\/div>\n<div class=\"mme-title-info\">COMO FUNCIONA UMA INVESTIGA\u00c7\u00c3O<\/div>\n<div class=\"mme-info-scroll\">\n<p><img decoding=\"async\" src=\"https:\/\/files.metroimg.com\/static\/especiais\/pe-assedio-instituicoes-ensino\/assets\/images\/components\/content\/info-03.png\" alt=\"imagem\" \/><\/p>\n<div class=\"icon-scroll\">Icone que sinaliza o scroll lateral<\/div>\n<\/div>\n<div class=\"mme-middle\">\n<p>Os professores e os servidores investigados nos PADs tinham entre 26 e 67 anos de idade \u00e0 \u00e9poca da puni\u00e7\u00e3o. O grupo com faixa et\u00e1ria de 40 a 49 anos foi o que apresentou maior n\u00famero de acusa\u00e7\u00f5es (45 casos), seguido da faixa et\u00e1ria entre 30 e 39 anos (35 ocorr\u00eancias).<\/p>\n<\/div>\n<blockquote class=\"mme-blockquote\"><p>O fato de a maioria das v\u00edtimas ser mulher, em um pa\u00eds que as coloca em um lugar de subordina\u00e7\u00e3o, evidencia a desigualdade de g\u00eanero brasileira\u201d, explica a psic\u00f3loga Elisabete Franco Cruz, professora da Escola de Artes, Ci\u00eancias e Humanidades da Universidade de S\u00e3o Paulo (USP) e coordenadora da Rede N\u00e3o Cala!\u201d<\/p>\n<p><cite>Elisabete cruzPsic\u00f3loga<\/cite><\/p><\/blockquote>\n<div class=\"mme-middle\">\n<p>A Rede N\u00e3o Cala!, composta por professoras e pesquisadoras da Universidade de S\u00e3o Paulo (USP), foi formada para combater a viol\u00eancia de g\u00eanero na institui\u00e7\u00e3o paulista.<\/p>\n<\/div>\n<div class=\"mme-image-with-title\">\n<div class=\"mme-credit\">Vin\u00edcius Schmidt \/ Metr\u00f3poles<\/div>\n<div class=\"mme-image\">\n<picture><source srcset=\"https:\/\/files.metroimg.com\/static\/especiais\/pe-assedio-instituicoes-ensino\/assets\/images\/components\/content\/image-08-mobile.png\" media=\"(max-width: 720px)\" \/><img decoding=\"async\" src=\"https:\/\/files.metroimg.com\/static\/especiais\/pe-assedio-instituicoes-ensino\/assets\/images\/components\/content\/image-08.png\" alt=\"imagem\" \/><\/picture>\n<h2 class=\"mme-bg-title\">Impactos acad\u00eamicos e emocionais<\/h2>\n<\/div>\n<\/div>\n<div class=\"mme-middle\">\n<p>A conduta dos assediadores produz consequ\u00eancias dolorosas para as v\u00edtimas. Algumas delas at\u00e9 desistem de seus projetos por n\u00e3o saberem como lidar com o ass\u00e9dio. Na Universidade Federal de Santa Catarina (UFSC),\u00a0<a class=\"mme-link-modal\" href=\"https:\/\/www.metropoles.com\/materias-especiais\/line-37\">uma estudante largou o curso de p\u00f3s-gradua\u00e7\u00e3o em geografia<\/a>\u00a0ap\u00f3s perceber o interesse rom\u00e2ntico do orientador.<\/p>\n<p>No campus Ouro Preto, do Instituto Federal de Educa\u00e7\u00e3o, Ci\u00eancia e Tecnologia de Minas Gerais (IFMG), duas estudantes desistiram da disciplina de sociologia por causa do comportamento do professor.\u00a0<a class=\"mme-link-modal\" href=\"https:\/\/www.metropoles.com\/materias-especiais\/line-57\">Uma delas contou ao Metr\u00f3poles<\/a>\u00a0que tomou desgosto de assistir \u00e0s aulas por causa dos olhares excessivos e coment\u00e1rios inoportunos do professor.<\/p>\n<p>Relatos assim s\u00e3o comuns em v\u00e1rias universidades e institutos. Ap\u00f3s o ass\u00e9dio, as estudantes t\u00eam dificuldades para cursar a disciplina, sentem medo de ser perseguidas, acham que o professor vai dificultar a publica\u00e7\u00e3o de um artigo ou a obten\u00e7\u00e3o de uma bolsa\u201d, aponta a professora Elisabete Franco Cruz.<\/p>\n<p>A pesquisa Causas e Efeitos Psicol\u00f3gicos do Ass\u00e9dio Sexual, de Marcia J. Weiss, publicada em 2025, afirma que os efeitos psicol\u00f3gicos para as v\u00edtimas de ass\u00e9dio sexual podem ir de leves a graves, reduzindo o rendimento profissional e\/ou educacional.<\/p>\n<p>As v\u00edtimas que permanecem nesses ambientes ficam assustadas, nervosas e irrit\u00e1veis, podendo sofrer crises de choro. Algumas passam por colapsos nervosos, pois os sentimentos de isolamento, impot\u00eancia e vulnerabilidade se tornam avassaladores\u201d, afirma Weiss, no texto.<\/p>\n<p>Problemas de sono, transtornos alimentares e outros danos \u00e0 sa\u00fade podem surgir em consequ\u00eancia do ass\u00e9dio.<\/p>\n<\/div>\n<blockquote class=\"mme-blockquote\"><p>O sofrimento psicol\u00f3gico e emocional pode levar a consequ\u00eancias f\u00edsicas, e as v\u00edtimas ficam impossibilitadas de dormir, o que aumenta a suscetibilidade a doen\u00e7as. Outras apresentam ganho ou perda de peso, palpita\u00e7\u00f5es card\u00edacas, dores de cabe\u00e7a e fadiga muscular, al\u00e9m de aumento da preocupa\u00e7\u00e3o e da ansiedade\u201d<\/p>\n<p><cite>marcia WeissPesquisadora<\/cite><\/p><\/blockquote>\n<div class=\"mme-middle\">\n<p>\u00c9 como se a vida delas estivesse seguindo uma linha reta e, ap\u00f3s o abuso, a trajet\u00f3ria mudasse completamente. O ambiente que enxergavam como acolhedor e seguro se torna perigoso, um local onde podem sofrer viol\u00eancia. Os orientadores deixam de ser refer\u00eancia para se tornarem potenciais violadores.<\/p>\n<p><a class=\"mme-link-modal\" href=\"https:\/\/www.metropoles.com\/materias-especiais\/line-93\">Ser filmada enquanto tomava banho<\/a>\u00a0no \u00faltimo dia de um campeonato estudantil traumatizou Lu\u00edsa (nome fict\u00edcio, a pedido). O caso aconteceu em 2020, quando ela tinha 17 anos. Espiando a jovem por tr\u00e1s de uma janela, o auxiliar de administra\u00e7\u00e3o Maicon Vin\u00edcius de Paula fez imagens da jovem no vesti\u00e1rio do Instituto Federal de Educa\u00e7\u00e3o, Ci\u00eancia e Tecnologia do Paran\u00e1 (IFPR).<\/p>\n<p>\u201cQuando percebi, me joguei para o lado, na tentativa de me esconder. Consegui me enrolar em uma toalha e me vesti com minha roupa molhada mesmo\u201d, relembrou em entrevista ao Metr\u00f3poles. \u201cPassei um um m\u00eas sem conseguir tomar banho sozinha por causa do trauma e, at\u00e9 hoje, sinto receio e medo\u201d, completa ela, que denunciou o caso \u00e0 dire\u00e7\u00e3o do instituto.<\/p>\n<p>A professora Elisabete Franco Cruz destaca que os danos psicol\u00f3gicos muitas vezes s\u00e3o somatizados, por isso \u00e9 comum que as v\u00edtimas desenvolvam gastrite e doen\u00e7as de pele. \u201cA maior crueldade est\u00e1 em exp\u00f4-las a um epis\u00f3dio traum\u00e1tico que nunca sair\u00e1 da mem\u00f3ria delas\u201d, afirma.<\/p>\n<\/div>\n<div class=\"mme-image-with-title\">\n<div class=\"mme-credit\">Vin\u00edcius Schmidt \/ Metr\u00f3poles<\/div>\n<div class=\"mme-image\">\n<picture><source srcset=\"https:\/\/files.metroimg.com\/static\/especiais\/pe-assedio-instituicoes-ensino\/assets\/images\/components\/content\/image-09-mobile.png\" media=\"(max-width: 720px)\" \/><img decoding=\"async\" src=\"https:\/\/files.metroimg.com\/static\/especiais\/pe-assedio-instituicoes-ensino\/assets\/images\/components\/content\/image-09.png\" alt=\"imagem\" \/><\/picture>\n<h2>Sil\u00eancio institucional<\/h2>\n<\/div>\n<\/div>\n<div class=\"mme-middle\">\n<p>Os 128 processos administrativos disciplinares (PADs) aos quais o Metr\u00f3poles teve acesso integram um conjunto de 473 procedimentos instaurados nos \u00faltimos 10 anos para apurar \u201ccondutas de conota\u00e7\u00e3o sexual\u201d. Desse total, 183 resultaram em san\u00e7\u00f5es; 146 foram arquivados, anulados ou resultaram na absolvi\u00e7\u00e3o do servidor p\u00fablico; e outros 143 ainda est\u00e3o em andamento.<\/p>\n<p>Esses n\u00fameros, no entanto, s\u00e3o apenas a superf\u00edcie, a parte mais vis\u00edvel, de um problema muito maior. Sabe-se que o ass\u00e9dio sexual, assim como outros crimes dessa natureza, s\u00e3o subnotificados devido a fatores como falta de informa\u00e7\u00e3o, vergonha, medo de repres\u00e1lias ou estigmatiza\u00e7\u00e3o das v\u00edtimas.<\/p>\n<p>Obrigadas a viver na mesma comunidade que os assediadores, muitas mulheres optam pelo sil\u00eancio. E, nesses casos, o caminho fica aberto para que os agressores mantenham comportamentos inadequados por um longo per\u00edodo de tempo.<\/p>\n<p>Entre os PADs obtidos pela reportagem, chamaram a aten\u00e7\u00e3o casos de professores cujas abordagens j\u00e1 eram alvo de queixas de alunas h\u00e1 pelo menos uma d\u00e9cada.<\/p>\n<\/div>\n<div class=\"mme-image\">\n<div class=\"mme-credit\">Vin\u00edcius Schmidt \/ Metr\u00f3poles<\/div>\n<picture><source srcset=\"https:\/\/files.metroimg.com\/static\/especiais\/pe-assedio-instituicoes-ensino\/assets\/images\/components\/content\/image-10-mobile.png\" media=\"(max-width: 720px)\" \/><img decoding=\"async\" src=\"https:\/\/files.metroimg.com\/static\/especiais\/pe-assedio-instituicoes-ensino\/assets\/images\/components\/content\/image-10.png\" alt=\"imagem\" \/><\/picture>\n<div class=\"mme-caption\">A maioria das universidades federais tem falhado na prote\u00e7\u00e3o \u00e0s estudantes, segundo auditoria do TCU<\/div>\n<\/div>\n<div class=\"mme-middle\">\n<p>No artigo Ass\u00e9dio Sexual no Ensino Superior Brasileiro: uma an\u00e1lise sociogendrada das emo\u00e7\u00f5es e das subjetividades na transfer\u00eancia entre alunas assediadas e professores assediadores (2022), a professora de psicologia Valeska Zanello e a doutora na mesma \u00e1rea Iara Flor Richwin, ambas pela Universidade de Bras\u00edlia (UnB), denunciam o silenciamento das v\u00edtimas:<\/p>\n<\/div>\n<blockquote class=\"mme-blockquote\"><p>O ass\u00e9dio ainda \u00e9 um grande tabu a ser problematizado e enfrentado nas institui\u00e7\u00f5es de ensino superior no Brasil. Ele transita em meio a um processo de silenciamento, no qual v\u00e1rias cumplicidades s\u00e3o interpeladas de modos distintos, que podem ser, em maior ou menor medida, emocionais ou corporativistas.\u201d<\/p>\n<p><cite>valeska zanello e iara flor richwinpesquisadoras<\/cite><\/p><\/blockquote>\n<div class=\"mme-middle\">\n<p>Segundo Zanello e Richwin, \u201cdiferentes atores institucionais participam, consciente ou inconscientemente, da manuten\u00e7\u00e3o do sil\u00eancio e da invisibiliza\u00e7\u00e3o desse tipo de viol\u00eancia\u201d. \u201cEm geral, o prop\u00f3sito \u00e9 evitar esc\u00e2ndalos, confus\u00f5es, mas, sobretudo, proteger a reputa\u00e7\u00e3o acad\u00eamica e profissional do assediador\u201d, ressaltam.<\/p>\n<p>A advogada Mayra Cotta alerta para a gravidade da situa\u00e7\u00e3o. \u201cPor que as mulheres ainda n\u00e3o denunciam? Se uma mulher hoje prefere aguentar um ass\u00e9dio sexual a denunciar, isso \u00e9 uma falha institucional. Sempre que uma mulher deixa de denunciar, evidencia-se uma falha da institui\u00e7\u00e3o no dever de acolh\u00ea-la e proteg\u00ea-la\u201d, afirma a advogada especialista em g\u00eanero.<\/p>\n<\/div>\n<div class=\"mme-image-with-title\">\n<div class=\"mme-credit\">Vin\u00edcius Schmidt \/ Metr\u00f3poles<\/div>\n<div class=\"mme-image\">\n<picture><source srcset=\"https:\/\/files.metroimg.com\/static\/especiais\/pe-assedio-instituicoes-ensino\/assets\/images\/components\/content\/image-11-mobile.png\" media=\"(max-width: 720px)\" \/><img decoding=\"async\" src=\"https:\/\/files.metroimg.com\/static\/especiais\/pe-assedio-instituicoes-ensino\/assets\/images\/components\/content\/image-11.png\" alt=\"imagem\" \/><\/picture>\n<h2>Falhas no combate \u00e0viol\u00eancia de g\u00eanero<\/h2>\n<\/div>\n<\/div>\n<div class=\"mme-middle\">\n<p>Uma auditoria do Tribunal de Contas da Uni\u00e3o (TCU) publicada em mar\u00e7o deste ano identificou que 41 das 69 universidades federais do pa\u00eds n\u00e3o t\u00eam uma pol\u00edtica institucionalizada de preven\u00e7\u00e3o e de combate aos ass\u00e9dios sexual e moral.<\/p>\n<p>O mesmo relat\u00f3rio mostrou que 55 institui\u00e7\u00f5es n\u00e3o t\u00eam protocolos ou diretrizes espec\u00edficas para a investiga\u00e7\u00e3o de casos de ass\u00e9dio. Al\u00e9m disso, em 52 universidades federais, n\u00e3o h\u00e1 evid\u00eancias de que os processos sejam conduzidos com uma abordagem de g\u00eanero.<\/p>\n<p>A inexist\u00eancia de uma pol\u00edtica p\u00fablica de preven\u00e7\u00e3o e combate ao ass\u00e9dio contraria as orienta\u00e7\u00f5es da Conven\u00e7\u00e3o OIT 190, bem como a Lei n\u00ba 14.540\/2023, que institui o Programa de Preven\u00e7\u00e3o e Enfrentamento ao Ass\u00e9dio Sexual e demais Crimes contra a Dignidade Sexual e \u00e0 Viol\u00eancia Sexual na administra\u00e7\u00e3o p\u00fablica; a Lei n\u00ba 14.457\/2022, que implementa o Programa Emprega + Mulheres; e o Decreto n\u00ba 12.122\/2024, que cria o Programa Federal de Preven\u00e7\u00e3o e Enfrentamento do Ass\u00e9dio e da Discrimina\u00e7\u00e3o.<\/p>\n<\/div>\n<blockquote class=\"mme-blockquote\"><p>Essa limita\u00e7\u00e3o compromete a efetividade das atividades de enfrentamento ao ass\u00e9dio no ambiente universit\u00e1rio, aumentando a sensa\u00e7\u00e3o de impunidade, o sentimento de inseguran\u00e7a de integrantes da comunidade universit\u00e1ria, em especial mulheres e pessoas LGBTQIAPN+\u201d, descreve o Relat\u00f3rio do TCU.\u201d<\/p><\/blockquote>\n<div class=\"mme-middle\">\n<p>O relat\u00f3rio aponta ainda para a necessidade de capacita\u00e7\u00f5es voltadas \u00e0 comunidade acad\u00eamica \u2013 professores, servidores e estudantes \u2013 para que o combate ao ass\u00e9dio avance nas institui\u00e7\u00f5es.<\/p>\n<\/div>\n<div class=\"mme-image-with-title\">\n<div class=\"mme-credit\">Vin\u00edcius Schmidt \/ Metr\u00f3poles<\/div>\n<div class=\"mme-image\">\n<picture><source srcset=\"https:\/\/files.metroimg.com\/static\/especiais\/pe-assedio-instituicoes-ensino\/assets\/images\/components\/content\/image-12-mobile.png\" media=\"(max-width: 720px)\" \/><img decoding=\"async\" src=\"https:\/\/files.metroimg.com\/static\/especiais\/pe-assedio-instituicoes-ensino\/assets\/images\/components\/content\/image-12.png\" alt=\"imagem\" \/><\/picture>\n<h2>Sem respostas oficiais<\/h2>\n<\/div>\n<\/div>\n<div class=\"mme-middle\">\n<p>Desde 19 de maio, o Metr\u00f3poles solicitou entrevistas ao ministro da Educa\u00e7\u00e3o, Camilo Santana, e ao secret\u00e1rio de Educa\u00e7\u00e3o Superior da pasta, Marcus Vinicius David, mas nenhum dos dois atendeu \u00e0 reportagem.<\/p>\n<p>A assessoria de comunica\u00e7\u00e3o do Minist\u00e9rio da Educa\u00e7\u00e3o (MEC) tamb\u00e9m foi procurada por e-mail, telefone e mensagem, mas n\u00e3o respondeu aos questionamentos encaminhados. As perguntas eram sobre as pol\u00edticas p\u00fablicas do MEC para coibir o ass\u00e9dio sexual dentro de universidades e institutos federais e que medidas a pasta tomaria diante do cen\u00e1rio apresentado neste texto.<\/p>\n<\/div>\n<div class=\"mme-title-info\">como fazer uma den\u00fancia?<\/div>\n<p><a class=\"phone-180\" href=\"tel:180\">Ligar para o 180<picture class=\"mme-image mme-top-margin\"><source srcset=\"https:\/\/files.metroimg.com\/static\/especiais\/pe-assedio-instituicoes-ensino\/assets\/images\/components\/content\/info-04-mobile.svg\" media=\"(max-width: 720px)\" \/><img decoding=\"async\" src=\"https:\/\/files.metroimg.com\/static\/especiais\/pe-assedio-instituicoes-ensino\/assets\/images\/components\/content\/info-04.svg\" alt=\"imagem\" \/><\/picture><\/a><\/p>\n<\/div>\n<div class=\"mme-expedient\">\n<dl>\n<dt>CEO<\/dt>\n<dd>Lilian Tahan<\/dd>\n<dt>DIRETOR DE REDA\u00c7\u00c3O<\/dt>\n<dd>Otto Valle<\/dd>\n<dt>EDITORA-CHEFE<\/dt>\n<dd>M\u00e1rcia Delgado<\/dd>\n<dt>DIRETORA DE OPERA\u00c7\u00d5ES E INOVA\u00c7\u00c3O<\/dt>\n<dd>Ol\u00edvia Meireles<\/dd>\n<dt>COORDENA\u00c7\u00c3O<\/dt>\n<dd>\u00c9rica Montenegro<\/dd>\n<dt>EDI\u00c7\u00c3O<\/dt>\n<dd>\u00c9rica Montenegro<\/dd>\n<dd>T\u00e1cio Lorran<\/dd>\n<dt>REPORTAGEM<\/dt>\n<dd>T\u00e1cio Lorran<\/dd>\n<dd>Melissa Duarte<\/dd>\n<dd>Manuel Mar\u00e7al<\/dd>\n<dt>EDI\u00c7\u00c3O DE FOTOGRAFIA<\/dt>\n<dd>Daniel Ferreira<\/dd>\n<dd>Michael Melo<\/dd>\n<dt>FOTOGRAFIA<\/dt>\n<dd>Vin\u00edcius Schmidt<\/dd>\n<dt>REVIS\u00c3O<\/dt>\n<dd>Juliana Garc\u00eas<\/dd>\n<dt>DIRETOR DE ARTE<\/dt>\n<dd>Gui Pr\u00edmola<\/dd>\n<dt>DESIGN<\/dt>\n<dd>Lara Abreu<\/dd>\n<dd>Gabriel Lucas (interface do mapa)<\/dd>\n<dt>COORDENA\u00c7\u00c3O DE V\u00cdDEO<\/dt>\n<dd>Gabriel Foster<\/dd>\n<dt>CAPTA\u00c7\u00c3O DE V\u00cdDEO<\/dt>\n<dd>Vin\u00edcius Schimidt<\/dd>\n<dt>V\u00cdDEO<\/dt>\n<dd>Beth\u00e2nia Cristina<\/dd>\n<dd>Giuliano Gazzoni<\/dd>\n<dd>Leonardo Hladczuk<\/dd>\n<dd>Sarah Chaves<\/dd>\n<dd>Blandu Correia<\/dd>\n<dd>Jo\u00e3o Marcos Gomes<\/dd>\n<dt>TECNOLOGIA<\/dt>\n<dd>Italo Ridney<\/dd>\n<dd>Andre Marques<\/dd>\n<dd>Saulo Marques<\/dd>\n<\/dl>\n<\/div>\n","protected":false},"excerpt":{"rendered":"<p>O conte\u00fado a seguir trata de temas sens\u00edveis que podem causar\u00a0gatilhos emocionais Documentos obtidos com base na Lei de Acesso \u00e0 Informa\u00e7\u00e3o revelam que estudantes, professoras e funcion\u00e1rias t\u00eam sido v\u00edtimas de constrangimentos, agress\u00f5es e at\u00e9 estupros em universidades e institutos federais de todo o Brasil Por T\u00e1cio Lorran, Melissa Duarte e Manuel Mar\u00e7al \u201cEle [&hellip;]<\/p>\n","protected":false},"author":1,"featured_media":1125,"comment_status":"open","ping_status":"open","sticky":false,"template":"","format":"standard","meta":{"footnotes":"","jetpack_publicize_message":"","jetpack_publicize_feature_enabled":true,"jetpack_social_post_already_shared":false,"jetpack_social_options":{"image_generator_settings":{"template":"highway","default_image_id":0,"font":"","enabled":false},"version":2}},"categories":[1],"tags":[],"class_list":["post-1124","post","type-post","status-publish","format-standard","has-post-thumbnail","hentry","category-https-gazetapernambucana-com-page_id225"],"yoast_head":"<!-- This site is optimized with the Yoast SEO plugin v24.5 - https:\/\/yoast.com\/wordpress\/plugins\/seo\/ -->\n<title>O ass\u00e9dio sexual nos c\u00e2mpus em 128 atos. Do PORTAL METR\u00d3POLES -<\/title>\n<meta name=\"robots\" content=\"index, follow, max-snippet:-1, max-image-preview:large, max-video-preview:-1\" \/>\n<link rel=\"canonical\" href=\"https:\/\/gazetapernambucana.com\/?p=1124\" \/>\n<meta property=\"og:locale\" content=\"pt_BR\" \/>\n<meta property=\"og:type\" content=\"article\" \/>\n<meta property=\"og:title\" content=\"O ass\u00e9dio sexual nos c\u00e2mpus em 128 atos. Do PORTAL METR\u00d3POLES -\" \/>\n<meta property=\"og:description\" content=\"O conte\u00fado a seguir trata de temas sens\u00edveis que podem causar\u00a0gatilhos emocionais Documentos obtidos com base na Lei de Acesso \u00e0 Informa\u00e7\u00e3o revelam que estudantes, professoras e funcion\u00e1rias t\u00eam sido v\u00edtimas de constrangimentos, agress\u00f5es e at\u00e9 estupros em universidades e institutos federais de todo o Brasil Por T\u00e1cio Lorran, Melissa Duarte e Manuel Mar\u00e7al \u201cEle [&hellip;]\" \/>\n<meta property=\"og:url\" content=\"https:\/\/gazetapernambucana.com\/?p=1124\" \/>\n<meta property=\"article:published_time\" content=\"2025-06-25T01:03:54+00:00\" \/>\n<meta property=\"article:modified_time\" content=\"2025-06-25T01:08:47+00:00\" \/>\n<meta property=\"og:image\" content=\"https:\/\/gazetapernambucana.com\/wp-content\/uploads\/2025\/06\/maxresdefault.jpg\" \/>\n\t<meta property=\"og:image:width\" content=\"1280\" \/>\n\t<meta property=\"og:image:height\" content=\"720\" \/>\n\t<meta property=\"og:image:type\" content=\"image\/jpeg\" \/>\n<meta name=\"author\" content=\"GP\" \/>\n<meta name=\"twitter:card\" content=\"summary_large_image\" \/>\n<meta name=\"twitter:label1\" content=\"Escrito por\" \/>\n\t<meta name=\"twitter:data1\" content=\"GP\" \/>\n\t<meta name=\"twitter:label2\" content=\"Est. tempo de leitura\" \/>\n\t<meta name=\"twitter:data2\" content=\"26 minutos\" \/>\n<script type=\"application\/ld+json\" class=\"yoast-schema-graph\">{\"@context\":\"https:\/\/schema.org\",\"@graph\":[{\"@type\":\"WebPage\",\"@id\":\"https:\/\/gazetapernambucana.com\/?p=1124\",\"url\":\"https:\/\/gazetapernambucana.com\/?p=1124\",\"name\":\"O ass\u00e9dio sexual nos c\u00e2mpus em 128 atos. Do PORTAL METR\u00d3POLES -\",\"isPartOf\":{\"@id\":\"https:\/\/gazetapernambucana.com\/#website\"},\"primaryImageOfPage\":{\"@id\":\"https:\/\/gazetapernambucana.com\/?p=1124#primaryimage\"},\"image\":{\"@id\":\"https:\/\/gazetapernambucana.com\/?p=1124#primaryimage\"},\"thumbnailUrl\":\"https:\/\/gazetapernambucana.com\/wp-content\/uploads\/2025\/06\/maxresdefault.jpg\",\"datePublished\":\"2025-06-25T01:03:54+00:00\",\"dateModified\":\"2025-06-25T01:08:47+00:00\",\"author\":{\"@id\":\"https:\/\/gazetapernambucana.com\/#\/schema\/person\/188dc283325181ac2de4db1e9e987427\"},\"breadcrumb\":{\"@id\":\"https:\/\/gazetapernambucana.com\/?p=1124#breadcrumb\"},\"inLanguage\":\"pt-BR\",\"potentialAction\":[{\"@type\":\"ReadAction\",\"target\":[\"https:\/\/gazetapernambucana.com\/?p=1124\"]}]},{\"@type\":\"ImageObject\",\"inLanguage\":\"pt-BR\",\"@id\":\"https:\/\/gazetapernambucana.com\/?p=1124#primaryimage\",\"url\":\"https:\/\/gazetapernambucana.com\/wp-content\/uploads\/2025\/06\/maxresdefault.jpg\",\"contentUrl\":\"https:\/\/gazetapernambucana.com\/wp-content\/uploads\/2025\/06\/maxresdefault.jpg\",\"width\":1280,\"height\":720},{\"@type\":\"BreadcrumbList\",\"@id\":\"https:\/\/gazetapernambucana.com\/?p=1124#breadcrumb\",\"itemListElement\":[{\"@type\":\"ListItem\",\"position\":1,\"name\":\"In\u00edcio\",\"item\":\"https:\/\/gazetapernambucana.com\/\"},{\"@type\":\"ListItem\",\"position\":2,\"name\":\"O ass\u00e9dio sexual nos c\u00e2mpus em 128 atos. Do PORTAL METR\u00d3POLES\"}]},{\"@type\":\"WebSite\",\"@id\":\"https:\/\/gazetapernambucana.com\/#website\",\"url\":\"https:\/\/gazetapernambucana.com\/\",\"name\":\"\",\"description\":\"\",\"potentialAction\":[{\"@type\":\"SearchAction\",\"target\":{\"@type\":\"EntryPoint\",\"urlTemplate\":\"https:\/\/gazetapernambucana.com\/?s={search_term_string}\"},\"query-input\":{\"@type\":\"PropertyValueSpecification\",\"valueRequired\":true,\"valueName\":\"search_term_string\"}}],\"inLanguage\":\"pt-BR\"},{\"@type\":\"Person\",\"@id\":\"https:\/\/gazetapernambucana.com\/#\/schema\/person\/188dc283325181ac2de4db1e9e987427\",\"name\":\"GP\",\"image\":{\"@type\":\"ImageObject\",\"inLanguage\":\"pt-BR\",\"@id\":\"https:\/\/gazetapernambucana.com\/#\/schema\/person\/image\/\",\"url\":\"https:\/\/secure.gravatar.com\/avatar\/9dad78ff9a2d8b5742d11779f8a3f53b052320c550b2e1907882353c067bb111?s=96&d=mm&r=g\",\"contentUrl\":\"https:\/\/secure.gravatar.com\/avatar\/9dad78ff9a2d8b5742d11779f8a3f53b052320c550b2e1907882353c067bb111?s=96&d=mm&r=g\",\"caption\":\"GP\"},\"sameAs\":[\"http:\/\/gazetapernambucana.com\"],\"url\":\"https:\/\/gazetapernambucana.com\/?author=1\"}]}<\/script>\n<!-- \/ Yoast SEO plugin. -->","yoast_head_json":{"title":"O ass\u00e9dio sexual nos c\u00e2mpus em 128 atos. Do PORTAL METR\u00d3POLES -","robots":{"index":"index","follow":"follow","max-snippet":"max-snippet:-1","max-image-preview":"max-image-preview:large","max-video-preview":"max-video-preview:-1"},"canonical":"https:\/\/gazetapernambucana.com\/?p=1124","og_locale":"pt_BR","og_type":"article","og_title":"O ass\u00e9dio sexual nos c\u00e2mpus em 128 atos. Do PORTAL METR\u00d3POLES -","og_description":"O conte\u00fado a seguir trata de temas sens\u00edveis que podem causar\u00a0gatilhos emocionais Documentos obtidos com base na Lei de Acesso \u00e0 Informa\u00e7\u00e3o revelam que estudantes, professoras e funcion\u00e1rias t\u00eam sido v\u00edtimas de constrangimentos, agress\u00f5es e at\u00e9 estupros em universidades e institutos federais de todo o Brasil Por T\u00e1cio Lorran, Melissa Duarte e Manuel Mar\u00e7al \u201cEle [&hellip;]","og_url":"https:\/\/gazetapernambucana.com\/?p=1124","article_published_time":"2025-06-25T01:03:54+00:00","article_modified_time":"2025-06-25T01:08:47+00:00","og_image":[{"width":1280,"height":720,"url":"https:\/\/gazetapernambucana.com\/wp-content\/uploads\/2025\/06\/maxresdefault.jpg","type":"image\/jpeg"}],"author":"GP","twitter_card":"summary_large_image","twitter_misc":{"Escrito por":"GP","Est. tempo de leitura":"26 minutos"},"schema":{"@context":"https:\/\/schema.org","@graph":[{"@type":"WebPage","@id":"https:\/\/gazetapernambucana.com\/?p=1124","url":"https:\/\/gazetapernambucana.com\/?p=1124","name":"O ass\u00e9dio sexual nos c\u00e2mpus em 128 atos. Do PORTAL METR\u00d3POLES -","isPartOf":{"@id":"https:\/\/gazetapernambucana.com\/#website"},"primaryImageOfPage":{"@id":"https:\/\/gazetapernambucana.com\/?p=1124#primaryimage"},"image":{"@id":"https:\/\/gazetapernambucana.com\/?p=1124#primaryimage"},"thumbnailUrl":"https:\/\/gazetapernambucana.com\/wp-content\/uploads\/2025\/06\/maxresdefault.jpg","datePublished":"2025-06-25T01:03:54+00:00","dateModified":"2025-06-25T01:08:47+00:00","author":{"@id":"https:\/\/gazetapernambucana.com\/#\/schema\/person\/188dc283325181ac2de4db1e9e987427"},"breadcrumb":{"@id":"https:\/\/gazetapernambucana.com\/?p=1124#breadcrumb"},"inLanguage":"pt-BR","potentialAction":[{"@type":"ReadAction","target":["https:\/\/gazetapernambucana.com\/?p=1124"]}]},{"@type":"ImageObject","inLanguage":"pt-BR","@id":"https:\/\/gazetapernambucana.com\/?p=1124#primaryimage","url":"https:\/\/gazetapernambucana.com\/wp-content\/uploads\/2025\/06\/maxresdefault.jpg","contentUrl":"https:\/\/gazetapernambucana.com\/wp-content\/uploads\/2025\/06\/maxresdefault.jpg","width":1280,"height":720},{"@type":"BreadcrumbList","@id":"https:\/\/gazetapernambucana.com\/?p=1124#breadcrumb","itemListElement":[{"@type":"ListItem","position":1,"name":"In\u00edcio","item":"https:\/\/gazetapernambucana.com\/"},{"@type":"ListItem","position":2,"name":"O ass\u00e9dio sexual nos c\u00e2mpus em 128 atos. Do PORTAL METR\u00d3POLES"}]},{"@type":"WebSite","@id":"https:\/\/gazetapernambucana.com\/#website","url":"https:\/\/gazetapernambucana.com\/","name":"","description":"","potentialAction":[{"@type":"SearchAction","target":{"@type":"EntryPoint","urlTemplate":"https:\/\/gazetapernambucana.com\/?s={search_term_string}"},"query-input":{"@type":"PropertyValueSpecification","valueRequired":true,"valueName":"search_term_string"}}],"inLanguage":"pt-BR"},{"@type":"Person","@id":"https:\/\/gazetapernambucana.com\/#\/schema\/person\/188dc283325181ac2de4db1e9e987427","name":"GP","image":{"@type":"ImageObject","inLanguage":"pt-BR","@id":"https:\/\/gazetapernambucana.com\/#\/schema\/person\/image\/","url":"https:\/\/secure.gravatar.com\/avatar\/9dad78ff9a2d8b5742d11779f8a3f53b052320c550b2e1907882353c067bb111?s=96&d=mm&r=g","contentUrl":"https:\/\/secure.gravatar.com\/avatar\/9dad78ff9a2d8b5742d11779f8a3f53b052320c550b2e1907882353c067bb111?s=96&d=mm&r=g","caption":"GP"},"sameAs":["http:\/\/gazetapernambucana.com"],"url":"https:\/\/gazetapernambucana.com\/?author=1"}]}},"jetpack_publicize_connections":[],"_links":{"self":[{"href":"https:\/\/gazetapernambucana.com\/index.php?rest_route=\/wp\/v2\/posts\/1124","targetHints":{"allow":["GET"]}}],"collection":[{"href":"https:\/\/gazetapernambucana.com\/index.php?rest_route=\/wp\/v2\/posts"}],"about":[{"href":"https:\/\/gazetapernambucana.com\/index.php?rest_route=\/wp\/v2\/types\/post"}],"author":[{"embeddable":true,"href":"https:\/\/gazetapernambucana.com\/index.php?rest_route=\/wp\/v2\/users\/1"}],"replies":[{"embeddable":true,"href":"https:\/\/gazetapernambucana.com\/index.php?rest_route=%2Fwp%2Fv2%2Fcomments&post=1124"}],"version-history":[{"count":1,"href":"https:\/\/gazetapernambucana.com\/index.php?rest_route=\/wp\/v2\/posts\/1124\/revisions"}],"predecessor-version":[{"id":1126,"href":"https:\/\/gazetapernambucana.com\/index.php?rest_route=\/wp\/v2\/posts\/1124\/revisions\/1126"}],"wp:featuredmedia":[{"embeddable":true,"href":"https:\/\/gazetapernambucana.com\/index.php?rest_route=\/wp\/v2\/media\/1125"}],"wp:attachment":[{"href":"https:\/\/gazetapernambucana.com\/index.php?rest_route=%2Fwp%2Fv2%2Fmedia&parent=1124"}],"wp:term":[{"taxonomy":"category","embeddable":true,"href":"https:\/\/gazetapernambucana.com\/index.php?rest_route=%2Fwp%2Fv2%2Fcategories&post=1124"},{"taxonomy":"post_tag","embeddable":true,"href":"https:\/\/gazetapernambucana.com\/index.php?rest_route=%2Fwp%2Fv2%2Ftags&post=1124"}],"curies":[{"name":"wp","href":"https:\/\/api.w.org\/{rel}","templated":true}]}}