{"id":1121,"date":"2025-06-23T20:35:19","date_gmt":"2025-06-23T23:35:19","guid":{"rendered":"https:\/\/gazetapernambucana.com\/?p=1121"},"modified":"2025-06-23T20:35:19","modified_gmt":"2025-06-23T23:35:19","slug":"museu-de-arte-contemporanea-de-olinda-segue-fechado-desde-2017","status":"publish","type":"post","link":"https:\/\/gazetapernambucana.com\/?p=1121","title":{"rendered":"Museu de Arte Contempor\u00e2nea de Olinda segue fechado desde 2017"},"content":{"rendered":"<p data-start=\"249\" data-end=\"588\"><img loading=\"lazy\" decoding=\"async\" class=\"alignnone size-medium wp-image-174157\" src=\"https:\/\/flaviochaves.com.br\/wp-content\/uploads\/2025\/06\/5a3f7ea077f468ef84626b712d845942-300x147.webp\" alt=\"\" width=\"300\" height=\"147\" \/>\u00a0 \u00a0\u00a0Um dos maiores patrim\u00f4nios da arte moderna e contempor\u00e2nea do Brasil, o Museu de Arte Contempor\u00e2nea de Pernambuco (MAC-PE), localizado no S\u00edtio Hist\u00f3rico de Olinda, permanece de portas fechadas h\u00e1 mais de sete anos. O que deveria ser um espa\u00e7o de encontro entre a arte e o povo tornou-se um s\u00edmbolo de abandono e descaso.<\/p>\n<p data-start=\"590\" data-end=\"1060\">O fechamento ocorreu em 2017, ainda durante o governo de Paulo C\u00e2mara (PSB), que comandou o Estado por dois mandatos consecutivos, de 2015 a 2022. Ou seja, o museu ficou inativo durante os \u00faltimos cinco anos da gest\u00e3o dele. Nesse longo per\u00edodo, mesmo diante de alertas sobre a deteriora\u00e7\u00e3o estrutural, riscos de seguran\u00e7a e repetidos apelos da classe art\u00edstica e intelectual, o governo da \u00e9poca n\u00e3o apresentou solu\u00e7\u00f5es efetivas para a recupera\u00e7\u00e3o e reabertura do MAC-PE.<\/p>\n<p data-start=\"1062\" data-end=\"1617\">O pr\u00e9dio hist\u00f3rico, que foi uma antiga pris\u00e3o eclesi\u00e1stica do s\u00e9culo XVIII, abriga, ou deveria abrigar, um acervo com mais de quatro mil obras de arte, incluindo pe\u00e7as de nomes consagrados como C\u00e2ndido Portinari, Di Cavalcanti, Tarsila do Amaral e Francisco Brennand. Hoje, esse acervo encontra-se armazenado de forma improvisada em galp\u00f5es no bairro do Varadouro, enquanto o edif\u00edcio principal segue interditado, com graves problemas de infraestrutura: rachaduras, infiltra\u00e7\u00f5es, risco de desabamento e total aus\u00eancia de um sistema de seguran\u00e7a moderno.<\/p>\n<p data-start=\"1062\" data-end=\"1617\"><img loading=\"lazy\" decoding=\"async\" title=\"Imagem interna do Museu de Arte Contempor\u00e2nea de Pernambuco, localizado em Olinda, em 2010\" src=\"https:\/\/imagens.ne10.uol.com.br\/veiculos\/_midias\/jpg\/2025\/04\/02\/853x640\/1_mac_pe_em_2010_ricardo_moura-34240249.jpg\" alt=\"RICARDO MOURA\/FUNDARPE\" width=\"853\" height=\"640\" \/><\/p>\n<p data-start=\"1062\" data-end=\"1617\">Imagem interna do Museu de Arte Contempor\u00e2nea de Pernambuco, localizado em Olinda, em 2010 &#8211;\u00a0<strong>RICARDO MOURA\/FUNDARPE<\/strong><\/p>\n<p data-start=\"1619\" data-end=\"1993\">Em abril deste ano, j\u00e1 sob a gest\u00e3o da governadora Raquel Lyra, a Fundarpe lan\u00e7ou um edital de licita\u00e7\u00e3o para a requalifica\u00e7\u00e3o do espa\u00e7o, com valor previsto de R$ 4,5 milh\u00f5es. O projeto prev\u00ea refor\u00e7o estrutural, implanta\u00e7\u00e3o de acessibilidade, climatiza\u00e7\u00e3o, moderniza\u00e7\u00e3o das instala\u00e7\u00f5es el\u00e9tricas, sistema de combate a inc\u00eandios e a restaura\u00e7\u00e3o das \u00e1reas internas e externas.<\/p>\n<p data-start=\"1995\" data-end=\"2454\">Agora, chegou a hora da governadora Raquel Lyra mostrar para que foi eleita. Com sua sensibilidade, compromisso com a cultura e responsabilidade p\u00fablica, espera-se que ela corrija essa falha herdada do governo anterior e devolva o MAC-PE ao povo pernambucano. A reabertura desse importante equipamento cultural representar\u00e1 n\u00e3o apenas um ato de repara\u00e7\u00e3o hist\u00f3rica, mas tamb\u00e9m uma demonstra\u00e7\u00e3o clara de valoriza\u00e7\u00e3o da arte, da educa\u00e7\u00e3o e da mem\u00f3ria do Estado.<\/p>\n<p data-start=\"2456\" data-end=\"2916\">A sociedade civil, os artistas, os escritores, os professores, os produtores culturais e todos os amantes da arte precisam se mobilizar. Uma alternativa concreta seria a articula\u00e7\u00e3o de um projeto que permita a capta\u00e7\u00e3o de recursos atrav\u00e9s da Lei Federal de Incentivo \u00e0 Cultura (Lei Rouanet), desde que haja o devido enquadramento t\u00e9cnico e jur\u00eddico para tal. Isso abriria espa\u00e7o para que a iniciativa privada tamb\u00e9m participe ativamente desse esfor\u00e7o coletivo.<\/p>\n<p data-start=\"2918\" data-end=\"3215\">O que n\u00e3o se pode mais admitir \u00e9 que Pernambuco siga privado de um dos seus principais espa\u00e7os de difus\u00e3o art\u00edstica. O MAC-PE precisa voltar a pulsar, a respirar, a receber estudantes, turistas, pesquisadores e todos aqueles que reconhecem na arte um instrumento essencial de transforma\u00e7\u00e3o social.<\/p>\n","protected":false},"excerpt":{"rendered":"<p>\u00a0 \u00a0\u00a0Um dos maiores patrim\u00f4nios da arte moderna e contempor\u00e2nea do Brasil, o Museu de Arte Contempor\u00e2nea de Pernambuco (MAC-PE), localizado no S\u00edtio Hist\u00f3rico de Olinda, permanece de portas fechadas h\u00e1 mais de sete anos. O que deveria ser um espa\u00e7o de encontro entre a arte e o povo tornou-se um s\u00edmbolo de abandono e [&hellip;]<\/p>\n","protected":false},"author":1,"featured_media":1122,"comment_status":"open","ping_status":"open","sticky":false,"template":"","format":"standard","meta":{"footnotes":"","jetpack_publicize_message":"","jetpack_publicize_feature_enabled":true,"jetpack_social_post_already_shared":false,"jetpack_social_options":{"image_generator_settings":{"template":"highway","default_image_id":0,"font":"","enabled":false},"version":2}},"categories":[35,65,40],"tags":[],"class_list":["post-1121","post","type-post","status-publish","format-standard","has-post-thumbnail","hentry","category-https-gazetapernambucana-com-page_id218","category-politica","category-https-gazetapernambucana-com-page_id224"],"yoast_head":"<!-- This site is optimized with the Yoast SEO plugin v24.5 - https:\/\/yoast.com\/wordpress\/plugins\/seo\/ -->\n<title>Museu de Arte Contempor\u00e2nea de Olinda segue fechado desde 2017 -<\/title>\n<meta name=\"robots\" content=\"index, follow, max-snippet:-1, max-image-preview:large, max-video-preview:-1\" \/>\n<link rel=\"canonical\" href=\"https:\/\/gazetapernambucana.com\/?p=1121\" \/>\n<meta property=\"og:locale\" content=\"pt_BR\" \/>\n<meta property=\"og:type\" content=\"article\" \/>\n<meta property=\"og:title\" content=\"Museu de Arte Contempor\u00e2nea de Olinda segue fechado desde 2017 -\" \/>\n<meta property=\"og:description\" content=\"\u00a0 \u00a0\u00a0Um dos maiores patrim\u00f4nios da arte moderna e contempor\u00e2nea do Brasil, o Museu de Arte Contempor\u00e2nea de Pernambuco (MAC-PE), localizado no S\u00edtio Hist\u00f3rico de Olinda, permanece de portas fechadas h\u00e1 mais de sete anos. O que deveria ser um espa\u00e7o de encontro entre a arte e o povo tornou-se um s\u00edmbolo de abandono e [&hellip;]\" \/>\n<meta property=\"og:url\" content=\"https:\/\/gazetapernambucana.com\/?p=1121\" \/>\n<meta property=\"article:published_time\" content=\"2025-06-23T23:35:19+00:00\" \/>\n<meta property=\"og:image\" content=\"https:\/\/gazetapernambucana.com\/wp-content\/uploads\/2025\/06\/5a3f7ea077f468ef84626b712d845942.webp\" \/>\n\t<meta property=\"og:image:width\" content=\"470\" \/>\n\t<meta property=\"og:image:height\" content=\"230\" \/>\n\t<meta property=\"og:image:type\" content=\"image\/webp\" \/>\n<meta name=\"author\" content=\"GP\" \/>\n<meta name=\"twitter:card\" content=\"summary_large_image\" \/>\n<meta name=\"twitter:label1\" content=\"Escrito por\" \/>\n\t<meta name=\"twitter:data1\" content=\"GP\" \/>\n\t<meta name=\"twitter:label2\" content=\"Est. tempo de leitura\" \/>\n\t<meta name=\"twitter:data2\" content=\"4 minutos\" \/>\n<script type=\"application\/ld+json\" class=\"yoast-schema-graph\">{\"@context\":\"https:\/\/schema.org\",\"@graph\":[{\"@type\":\"WebPage\",\"@id\":\"https:\/\/gazetapernambucana.com\/?p=1121\",\"url\":\"https:\/\/gazetapernambucana.com\/?p=1121\",\"name\":\"Museu de Arte Contempor\u00e2nea de Olinda segue fechado desde 2017 -\",\"isPartOf\":{\"@id\":\"https:\/\/gazetapernambucana.com\/#website\"},\"primaryImageOfPage\":{\"@id\":\"https:\/\/gazetapernambucana.com\/?p=1121#primaryimage\"},\"image\":{\"@id\":\"https:\/\/gazetapernambucana.com\/?p=1121#primaryimage\"},\"thumbnailUrl\":\"https:\/\/gazetapernambucana.com\/wp-content\/uploads\/2025\/06\/5a3f7ea077f468ef84626b712d845942.webp\",\"datePublished\":\"2025-06-23T23:35:19+00:00\",\"author\":{\"@id\":\"https:\/\/gazetapernambucana.com\/#\/schema\/person\/188dc283325181ac2de4db1e9e987427\"},\"breadcrumb\":{\"@id\":\"https:\/\/gazetapernambucana.com\/?p=1121#breadcrumb\"},\"inLanguage\":\"pt-BR\",\"potentialAction\":[{\"@type\":\"ReadAction\",\"target\":[\"https:\/\/gazetapernambucana.com\/?p=1121\"]}]},{\"@type\":\"ImageObject\",\"inLanguage\":\"pt-BR\",\"@id\":\"https:\/\/gazetapernambucana.com\/?p=1121#primaryimage\",\"url\":\"https:\/\/gazetapernambucana.com\/wp-content\/uploads\/2025\/06\/5a3f7ea077f468ef84626b712d845942.webp\",\"contentUrl\":\"https:\/\/gazetapernambucana.com\/wp-content\/uploads\/2025\/06\/5a3f7ea077f468ef84626b712d845942.webp\",\"width\":470,\"height\":230},{\"@type\":\"BreadcrumbList\",\"@id\":\"https:\/\/gazetapernambucana.com\/?p=1121#breadcrumb\",\"itemListElement\":[{\"@type\":\"ListItem\",\"position\":1,\"name\":\"In\u00edcio\",\"item\":\"https:\/\/gazetapernambucana.com\/\"},{\"@type\":\"ListItem\",\"position\":2,\"name\":\"Museu de Arte Contempor\u00e2nea de Olinda segue fechado desde 2017\"}]},{\"@type\":\"WebSite\",\"@id\":\"https:\/\/gazetapernambucana.com\/#website\",\"url\":\"https:\/\/gazetapernambucana.com\/\",\"name\":\"\",\"description\":\"\",\"potentialAction\":[{\"@type\":\"SearchAction\",\"target\":{\"@type\":\"EntryPoint\",\"urlTemplate\":\"https:\/\/gazetapernambucana.com\/?s={search_term_string}\"},\"query-input\":{\"@type\":\"PropertyValueSpecification\",\"valueRequired\":true,\"valueName\":\"search_term_string\"}}],\"inLanguage\":\"pt-BR\"},{\"@type\":\"Person\",\"@id\":\"https:\/\/gazetapernambucana.com\/#\/schema\/person\/188dc283325181ac2de4db1e9e987427\",\"name\":\"GP\",\"image\":{\"@type\":\"ImageObject\",\"inLanguage\":\"pt-BR\",\"@id\":\"https:\/\/gazetapernambucana.com\/#\/schema\/person\/image\/\",\"url\":\"https:\/\/secure.gravatar.com\/avatar\/9dad78ff9a2d8b5742d11779f8a3f53b052320c550b2e1907882353c067bb111?s=96&d=mm&r=g\",\"contentUrl\":\"https:\/\/secure.gravatar.com\/avatar\/9dad78ff9a2d8b5742d11779f8a3f53b052320c550b2e1907882353c067bb111?s=96&d=mm&r=g\",\"caption\":\"GP\"},\"sameAs\":[\"http:\/\/gazetapernambucana.com\"],\"url\":\"https:\/\/gazetapernambucana.com\/?author=1\"}]}<\/script>\n<!-- \/ Yoast SEO plugin. -->","yoast_head_json":{"title":"Museu de Arte Contempor\u00e2nea de Olinda segue fechado desde 2017 -","robots":{"index":"index","follow":"follow","max-snippet":"max-snippet:-1","max-image-preview":"max-image-preview:large","max-video-preview":"max-video-preview:-1"},"canonical":"https:\/\/gazetapernambucana.com\/?p=1121","og_locale":"pt_BR","og_type":"article","og_title":"Museu de Arte Contempor\u00e2nea de Olinda segue fechado desde 2017 -","og_description":"\u00a0 \u00a0\u00a0Um dos maiores patrim\u00f4nios da arte moderna e contempor\u00e2nea do Brasil, o Museu de Arte Contempor\u00e2nea de Pernambuco (MAC-PE), localizado no S\u00edtio Hist\u00f3rico de Olinda, permanece de portas fechadas h\u00e1 mais de sete anos. O que deveria ser um espa\u00e7o de encontro entre a arte e o povo tornou-se um s\u00edmbolo de abandono e [&hellip;]","og_url":"https:\/\/gazetapernambucana.com\/?p=1121","article_published_time":"2025-06-23T23:35:19+00:00","og_image":[{"width":470,"height":230,"url":"https:\/\/gazetapernambucana.com\/wp-content\/uploads\/2025\/06\/5a3f7ea077f468ef84626b712d845942.webp","type":"image\/webp"}],"author":"GP","twitter_card":"summary_large_image","twitter_misc":{"Escrito por":"GP","Est. tempo de leitura":"4 minutos"},"schema":{"@context":"https:\/\/schema.org","@graph":[{"@type":"WebPage","@id":"https:\/\/gazetapernambucana.com\/?p=1121","url":"https:\/\/gazetapernambucana.com\/?p=1121","name":"Museu de Arte Contempor\u00e2nea de Olinda segue fechado desde 2017 -","isPartOf":{"@id":"https:\/\/gazetapernambucana.com\/#website"},"primaryImageOfPage":{"@id":"https:\/\/gazetapernambucana.com\/?p=1121#primaryimage"},"image":{"@id":"https:\/\/gazetapernambucana.com\/?p=1121#primaryimage"},"thumbnailUrl":"https:\/\/gazetapernambucana.com\/wp-content\/uploads\/2025\/06\/5a3f7ea077f468ef84626b712d845942.webp","datePublished":"2025-06-23T23:35:19+00:00","author":{"@id":"https:\/\/gazetapernambucana.com\/#\/schema\/person\/188dc283325181ac2de4db1e9e987427"},"breadcrumb":{"@id":"https:\/\/gazetapernambucana.com\/?p=1121#breadcrumb"},"inLanguage":"pt-BR","potentialAction":[{"@type":"ReadAction","target":["https:\/\/gazetapernambucana.com\/?p=1121"]}]},{"@type":"ImageObject","inLanguage":"pt-BR","@id":"https:\/\/gazetapernambucana.com\/?p=1121#primaryimage","url":"https:\/\/gazetapernambucana.com\/wp-content\/uploads\/2025\/06\/5a3f7ea077f468ef84626b712d845942.webp","contentUrl":"https:\/\/gazetapernambucana.com\/wp-content\/uploads\/2025\/06\/5a3f7ea077f468ef84626b712d845942.webp","width":470,"height":230},{"@type":"BreadcrumbList","@id":"https:\/\/gazetapernambucana.com\/?p=1121#breadcrumb","itemListElement":[{"@type":"ListItem","position":1,"name":"In\u00edcio","item":"https:\/\/gazetapernambucana.com\/"},{"@type":"ListItem","position":2,"name":"Museu de Arte Contempor\u00e2nea de Olinda segue fechado desde 2017"}]},{"@type":"WebSite","@id":"https:\/\/gazetapernambucana.com\/#website","url":"https:\/\/gazetapernambucana.com\/","name":"","description":"","potentialAction":[{"@type":"SearchAction","target":{"@type":"EntryPoint","urlTemplate":"https:\/\/gazetapernambucana.com\/?s={search_term_string}"},"query-input":{"@type":"PropertyValueSpecification","valueRequired":true,"valueName":"search_term_string"}}],"inLanguage":"pt-BR"},{"@type":"Person","@id":"https:\/\/gazetapernambucana.com\/#\/schema\/person\/188dc283325181ac2de4db1e9e987427","name":"GP","image":{"@type":"ImageObject","inLanguage":"pt-BR","@id":"https:\/\/gazetapernambucana.com\/#\/schema\/person\/image\/","url":"https:\/\/secure.gravatar.com\/avatar\/9dad78ff9a2d8b5742d11779f8a3f53b052320c550b2e1907882353c067bb111?s=96&d=mm&r=g","contentUrl":"https:\/\/secure.gravatar.com\/avatar\/9dad78ff9a2d8b5742d11779f8a3f53b052320c550b2e1907882353c067bb111?s=96&d=mm&r=g","caption":"GP"},"sameAs":["http:\/\/gazetapernambucana.com"],"url":"https:\/\/gazetapernambucana.com\/?author=1"}]}},"jetpack_publicize_connections":[],"_links":{"self":[{"href":"https:\/\/gazetapernambucana.com\/index.php?rest_route=\/wp\/v2\/posts\/1121","targetHints":{"allow":["GET"]}}],"collection":[{"href":"https:\/\/gazetapernambucana.com\/index.php?rest_route=\/wp\/v2\/posts"}],"about":[{"href":"https:\/\/gazetapernambucana.com\/index.php?rest_route=\/wp\/v2\/types\/post"}],"author":[{"embeddable":true,"href":"https:\/\/gazetapernambucana.com\/index.php?rest_route=\/wp\/v2\/users\/1"}],"replies":[{"embeddable":true,"href":"https:\/\/gazetapernambucana.com\/index.php?rest_route=%2Fwp%2Fv2%2Fcomments&post=1121"}],"version-history":[{"count":1,"href":"https:\/\/gazetapernambucana.com\/index.php?rest_route=\/wp\/v2\/posts\/1121\/revisions"}],"predecessor-version":[{"id":1123,"href":"https:\/\/gazetapernambucana.com\/index.php?rest_route=\/wp\/v2\/posts\/1121\/revisions\/1123"}],"wp:featuredmedia":[{"embeddable":true,"href":"https:\/\/gazetapernambucana.com\/index.php?rest_route=\/wp\/v2\/media\/1122"}],"wp:attachment":[{"href":"https:\/\/gazetapernambucana.com\/index.php?rest_route=%2Fwp%2Fv2%2Fmedia&parent=1121"}],"wp:term":[{"taxonomy":"category","embeddable":true,"href":"https:\/\/gazetapernambucana.com\/index.php?rest_route=%2Fwp%2Fv2%2Fcategories&post=1121"},{"taxonomy":"post_tag","embeddable":true,"href":"https:\/\/gazetapernambucana.com\/index.php?rest_route=%2Fwp%2Fv2%2Ftags&post=1121"}],"curies":[{"name":"wp","href":"https:\/\/api.w.org\/{rel}","templated":true}]}}