{"id":1117,"date":"2025-06-23T02:23:31","date_gmt":"2025-06-23T05:23:31","guid":{"rendered":"https:\/\/gazetapernambucana.com\/?p=1117"},"modified":"2025-06-23T02:24:27","modified_gmt":"2025-06-23T05:24:27","slug":"1117","status":"publish","type":"post","link":"https:\/\/gazetapernambucana.com\/?p=1117","title":{"rendered":"Jo\u00e3o Paulo critica rela\u00e7\u00e3o entre PT e PSB em Pernambuco e diz que Jo\u00e3o Campos &#8220;n\u00e3o ama a cidade e nem o povo&#8221; Deputado estadual e ex-prefeito do Recife classificou como &#8220;submiss\u00e3o&#8221; e &#8220;depend\u00eancia&#8221; rela\u00e7\u00e3o do PT com o PSB em Pernambuco e no Recife"},"content":{"rendered":"<h3>Deputado estadual e ex-prefeito do Recife classificou como &#8220;submiss\u00e3o&#8221; e &#8220;depend\u00eancia&#8221; rela\u00e7\u00e3o do PT com o PSB em Pernambuco e no Recife<\/h3>\n<picture><img loading=\"lazy\" decoding=\"async\" src=\"https:\/\/imagens.ne10.uol.com.br\/veiculos\/_midias\/jpg\/2025\/06\/20\/597x330\/1_whatsapp_image_2025_06_20_at_10_11_47-34628329.jpeg\" sizes=\"auto, 100vw\" alt=\"Deputado Jo&amp;atilde;o Paulo (PT)\" width=\"1920\" height=\"1078\" \/><\/picture><strong>Deputado Jo\u00e3o Paulo (PT)<\/strong> &#8211;\u00a0<strong>Gabriel Ferreira\/Jc Imagem<\/strong><\/p>\n<p class=\"texto\">Em entrevista ao\u00a0<span class=\"highlight highlighted\">videocast Cena Pol\u00edtica<\/span>, do\u00a0<em>Sistema Jornal do Commercio de Comunica\u00e7\u00e3o<\/em>, nesta sexta-feira (20), o deputado estadual e ex-prefeito do Recife\u00a0<strong>Jo\u00e3o Paulo (PT)<\/strong><span class=\"highlight highlighted\">\u00a0fez cr\u00edticas ao atual gestor da capital pernambucana,\u00a0<strong>Jo\u00e3o Campos (PSB)<\/strong><\/span>, e apontou como &#8220;submiss\u00e3o&#8221; e &#8220;depend\u00eancia&#8221; a rela\u00e7\u00e3o entre o PT e o PSB em Pernambuco.<\/p>\n<p class=\"texto\">Uma das principais cr\u00edticas de Jo\u00e3o Paulo a Jo\u00e3o Campos foi de que o pessebista &#8220;n\u00e3o ama a cidade e nem o povo&#8221;, apontando que n\u00e3o v\u00ea a\u00e7\u00f5es em \u00e1reas de morros e em periferias para cuidar da popula\u00e7\u00e3o.<\/p>\n<p class=\"texto\">&#8220;Acho que o segredo para governar o Recife \u00e9 ter, primeiro, um amor incondicional pelo povo, e segundo ter prioridades, governar para a cidade como um todo, mas ter prioridade para os mais pobres. [&#8230;] Eu acho que est\u00e1 faltando duas coisas essenciais para governar uma cidade como Recife: est\u00e1 faltando amor pelo povo e amor pela cidade&#8221;, afirmou.<\/p>\n<p class=\"texto\">&#8220;Eu n\u00e3o acho que ele ame a cidade e nem o povo, \u00e9 um sentimento que eu tenho, posso estar totalmente equivocado. Porque eu n\u00e3o vejo isso atrav\u00e9s das a\u00e7\u00f5es, principalmente nas \u00e1reas mais de periferias&#8221;, complementou.<\/p>\n<p class=\"texto\">Ex-prefeito de dois mandatos no Recife, o petista tamb\u00e9m comentou sobre a alta aprova\u00e7\u00e3o de Jo\u00e3o Campos, apontando que a avalia\u00e7\u00e3o \u00e9 resultado de dificuldades enfrentadas pela governadora\u00a0<strong>Raquel Lyra (PSD)<\/strong>, em especial no in\u00edcio de sua gest\u00e3o.<\/p>\n<div class=\"ads\">\n<div id=\"uolpd-video-inarticle\">\n<div id=\"player-in-article\">\n<div id=\"inarticle-ad-container\">\n<div id=\"banner-300x250-outstream-area\" data-google-query-id=\"CMqI3Ojkho4DFdhRuAQd8KQBRg\"><\/div>\n<\/div>\n<\/div>\n<\/div>\n<\/div>\n<p class=\"texto\">&#8220;Acho que hoje, aprova\u00e7\u00e3o \u00e9 um elemento de conjuntura, at\u00e9 porque o prefeito n\u00e3o tinha essa aprova\u00e7\u00e3o toda antes do Governo do Estado ser assumido pela governadora Raquel Lyra, que, em tese,\u00a0veio de uma elei\u00e7\u00e3o que n\u00e3o se esperava a vit\u00f3ria dela. Acho que as dificuldades dela ajudaram um pouco o desempenho do prefeito&#8221;, disse.<\/p>\n<h2>Veja, na \u00edntegra a entrevista de Jo\u00e3o Paulo ao videocast CENA POL\u00cdTICA, do SJCC<\/h2>\n<p class=\"texto\"><span id=\"n4CQhzPgS34?si=XtS8AA3TaJnb2Kol\" class=\"video-container\"><iframe loading=\"lazy\" id=\"d2a2898b-2659-46ae-beb8-81e780ffecf8\" title=\"O PT E A ELEI\u00c7\u00c3O DE 2026 EM PERNAMBUCO | VIDEOCAST CENA POL\u00cdTICA #27\" src=\"https:\/\/www.youtube.com\/embed\/n4CQhzPgS34?si=XtS8AA3TaJnb2Kol&amp;enablejsapi=1&amp;origin=https%3A%2F%2Fjc.uol.com.br\" width=\"100%\" height=\"290\" frameborder=\"0\" allowfullscreen=\"allowfullscreen\" data-gtm-yt-inspected-2552766_148=\"true\" data-gtm-yt-inspected-26=\"true\" data-gtm-yt-inspected-31=\"true\" data-mce-fragment=\"1\"><\/iframe><\/span><\/p>\n<h2>Jo\u00e3o Paulo v\u00ea falta de coragem pol\u00edtica em Jo\u00e3o Campos e objetivo eleitoral \u00e0 frente de di\u00e1logo<\/h2>\n<p class=\"texto\">Ainda de acordo com o petista, falta &#8220;coragem pol\u00edtica&#8221; para resolver problemas\u00a0como o transporte coletivo. Jo\u00e3o Paulo destacou que a &#8220;aus\u00eancia de di\u00e1logo&#8221; entre Jo\u00e3o e Raquel se d\u00e1 por &#8220;objetivo eleitoral&#8221;.<\/p>\n<p class=\"texto\">&#8220;Acho que est\u00e1 faltando coragem pol\u00edtica tamb\u00e9m. N\u00f3s n\u00e3o podemos viver problemas desses como o uber moto na cidade, a quantidade de acidentes. Acho que o problema do transporte coletivo tem que ser enfrentado. E falta coragem. E a aus\u00eancia de di\u00e1logo do prefeito com a governadora, em fun\u00e7\u00e3o de um objetivo eleitoral, isso n\u00e3o \u00e9 prova de amor pela cidade e amor pelo povo&#8221;, destacou.<\/p>\n<p class=\"texto\">Jo\u00e3o Paulo apontou que o di\u00e1logo passou a ser ainda mais dificultado no momento em que Jo\u00e3o teria come\u00e7ado a se lan\u00e7ar como candidato ao Governo do Estado, ainda que o pessebista n\u00e3o tenha declarado publicamente uma candidatura.<\/p>\n<p class=\"texto\">&#8220;Na medida em que ele se lan\u00e7ou candidato, isso dificultou o di\u00e1logo, com toda a certeza. Antes da reelei\u00e7\u00e3o dele, inclusive, acho uma precipita\u00e7\u00e3o, um erro pol\u00edtico, \u00e9 o que eu acho, agora cada um faz a sua an\u00e1lise. Porque a\u00ed voc\u00ea j\u00e1 colocou uma amea\u00e7a. Mas acho que quem tem uma vis\u00e3o republicana, n\u00e3o pode colocar o interesse eleitoral acima dos interesses da cidade&#8221;<\/p>\n<p class=\"texto\">&#8220;Como \u00e9 que em uma cidade como Recife, o prefeito n\u00e3o dialoga com a governadora?&#8221;, questionou.<\/p>\n<p class=\"texto\">O petista refor\u00e7ou a necessidade de um di\u00e1logo entre Jo\u00e3o e Raquel para sanar problemas recorrentes de Pernambuco, como a mobilidade. Jo\u00e3o Paulo trouxe como exemplo parcerias feitas com o ex-governador Jarbas Vasconcelos (MDB), \u00e0 \u00e9poca de sua gest\u00e3o no Recife.<\/p>\n<p class=\"texto\">&#8220;O problema da mobilidade em Recife, que n\u00f3s temos a pior mobilidade do Brasil, isso tem que ser enfrentado. Veja o quanto n\u00f3s mudamos s\u00f3 com a retirada das kombis e a invers\u00e3o do tr\u00e2nsito em Boa Viagem. Acho que tem que se resgatar esse esp\u00edrito republicano e sim pensar no povo, que \u00e9 quem t\u00e1 pagando a conta no final&#8221;, disse.<\/p>\n<h2>Polariza\u00e7\u00e3o e antecipa\u00e7\u00e3o de 2026 na Alepe jogam contra Pernambuco, diz Jo\u00e3o Paulo<\/h2>\n<p class=\"texto\">Deputado estadual pelo quinto mandato, Jo\u00e3o Paulo tamb\u00e9m avaliou o momento atual da Assembleia Legislativa de Pernambuco (Alepe), que vive clima de crise com o Executivo.<\/p>\n<p class=\"texto\">De acordo com o petista, a polariza\u00e7\u00e3o eleitoral mudou o clima na Casa, que passou da aprova\u00e7\u00e3o de todos os projetos enviados pelo Governo do Estado, para questionamentos e condicionamentos de novos projetos.<\/p>\n<p class=\"texto\">Jo\u00e3o Paulo tamb\u00e9m apontou uma alian\u00e7a entre o PSB e bolsonaristas na Casa, em alus\u00e3o ao apoio dos socialistas ao nome de Coronel Alberto Feitosa (PL) para presid\u00eancia da Comiss\u00e3o de Constitui\u00e7\u00e3o, Legisla\u00e7\u00e3o e Justi\u00e7a (CCLJ), mesmo com o partido tendo condi\u00e7\u00f5es de indicar o presidente da comiss\u00e3o.<\/p>\n<p class=\"texto\">&#8220;Antes dessa disputa, todos os projetos foram aprovados. A partir da polariza\u00e7\u00e3o eleitoral, condicionamentos est\u00e3o sendo feitos ao Governo do Estado que n\u00e3o foram feitos em governo nenhum. N\u00f3s sempre aprovamos todos os empr\u00e9stimos l\u00e1 sem nenhum questionamento&#8221;, afirmou.<\/p>\n<p class=\"texto\">&#8220;Agora, com essa alian\u00e7a do PSB com os bolsonaristas, porque o PSB tinha condi\u00e7\u00e3o de indicar o presidente da comiss\u00e3o de Constitui\u00e7\u00e3o, Legisla\u00e7\u00e3o e Justi\u00e7a, isso est\u00e1 emperrando o Estado&#8221;, acrescentou.<\/p>\n<p class=\"texto\">Apesar das cr\u00edticas ao momento atual vivido na Alepe, Jo\u00e3o Paulo acredita que existe uma tend\u00eancia de arrefecimento da crise na Casa. Ap\u00f3s um per\u00edodo de travamento de pauta, os deputados voltaram a votar\u00a0 e aprovar mat\u00e9rias, com exce\u00e7\u00e3o dos pedidos de empr\u00e9stimo enviados pelo Governo, que foram alvo de questionamentos da oposi\u00e7\u00e3o, que preside as principais comiss\u00f5es.<\/p>\n<p class=\"texto\">&#8220;A tend\u00eancia agora \u00e9 arrefecer a crise na Alepe. At\u00e9 porque os \u00fanicos projetos que est\u00e3o travados, e acho que \u00e9 um travamento pol\u00edtico, s\u00e3o os que viabilizam o governo do Estado&#8221;, disse.<\/p>\n<p class=\"texto\">O petista destacou que barrar os empr\u00e9stimos \u00e9 &#8220;insanidade&#8221; da oposi\u00e7\u00e3o, afirmando que a a\u00e7\u00e3o pode at\u00e9 prejudicar um eventual mandato de Jo\u00e3o Campos, caso seja candidato e venha a derrotar Raquel em 2026.<\/p>\n<p class=\"texto\">&#8220;Uma coisa \u00e9 questionar que n\u00e3o est\u00e1 sendo ainda aplicado, mas at\u00e9 na perspectiva de eleger um eventual novo governador, caso Raquel venha a perder, esse dinheiro estaria l\u00e1 no governo para investir, com tudo pronto. \u00c9 muito estranha essa posi\u00e7\u00e3o&#8221;, criticou.<\/p>\n<p class=\"texto\">&#8220;O direito de questionar faz parte do jogo. Mas impossibilitar o empr\u00e9stimo \u00e9 jogar contra o Estado&#8221;, acrescentou.<\/p>\n<h2>Jo\u00e3o Paulo v\u00ea &#8220;submiss\u00e3o&#8221; na rela\u00e7\u00e3o entre PT e PSB em Pernambuco<\/h2>\n<p class=\"texto\">Figura hist\u00f3rica do PT em Pernambuco, Jo\u00e3o Paulo n\u00e3o poupou cr\u00edticas \u00e0 rela\u00e7\u00e3o atual entre PT e PSB no estado. Para o ex-prefeito, o partido vem abrindo m\u00e3o do projeto estrat\u00e9gico para manter uma alian\u00e7a onde vem sendo preterido nos \u00faltimos pelos socialistas.<\/p>\n<p class=\"texto\">&#8220;Existe um clima de desconfian\u00e7a na rela\u00e7\u00e3o do PT com o PSB&#8221;, afirmou.<\/p>\n<p class=\"texto\">&#8220;O papel do partido pol\u00edtico \u00e9 assumir o poder para implementar sua forma de governar, seu plano de trabalho. Quando voc\u00ea n\u00e3o tem condi\u00e7\u00e3o sozinho, voc\u00ea faz uma parceria. Mas voc\u00ea preserva determinadas coisas. O que \u00e9 que acontece: o PT vem abrindo m\u00e3o desse projeto estrat\u00e9gico do partido&#8221;, acrescentou.<\/p>\n<p class=\"texto\">Jo\u00e3o Paulo citou como exemplo as elei\u00e7\u00f5es de 2022 e 2024, onde o PT n\u00e3o teve candidatos majorit\u00e1rios para o Governo e para a prefeitura do Recife, optando pelo apoio a candidaturas do PSB.<\/p>\n<p class=\"texto\">De acordo com o petista, a base do PT n\u00e3o foi convencida do apoio a Danilo Cabral em 2022, que terminou a elei\u00e7\u00e3o em quarto lugar, com pouco mais de mil votos \u00e0 frente de Miguel Coelho (MDB) e 45 mil votos atr\u00e1s de Anderson Ferreira (PL), enquanto Mar\u00edlia Arraes (Solidariedade) e Raquel Lyra ultrapassaram a marca de 1 milh\u00e3o de votos.<\/p>\n<p class=\"texto\">J\u00e1 na elei\u00e7\u00e3o de 2024, Jo\u00e3o Paulo classificou como &#8220;extremamente humilhante&#8221; a posi\u00e7\u00e3o em que o partido foi colocada para apoiar a reelei\u00e7\u00e3o de Jo\u00e3o Campos. \u00c0 \u00e9poca,\u00a0o PT chegou a indicar Mozart Sales para a vice na chapa com o PSB. Ao final, o prefeito optou por Victor Marques (PCdoB), citado por Jo\u00e3o Paulo como &#8220;barriga de aluguel&#8221; de Jo\u00e3o Campos.<\/p>\n<p class=\"texto\">&#8220;Voc\u00ea pode sentar com PSB, PSDB, qualquer que seja a pol\u00edtica de alian\u00e7a, mas em uma correla\u00e7\u00e3o de for\u00e7as, onde voc\u00ea est\u00e1 de cabe\u00e7a erguida, voc\u00ea vai negociar de parceiro para parceiro. Mas o que foi feito com o PT aqui, na elei\u00e7\u00e3o passada, foi uma coisa extremamente humilhante. Voc\u00ea fazer uma disputa interna para estar na vice que o prefeito nem quer, nem falou&#8221;, criticou.<\/p>\n<p class=\"texto\">&#8220;O prefeito criou uma &#8216;barriga de aluguel&#8217;, pegou uma pessoa totalmente da confian\u00e7a dele, que ele tem o direito, l\u00f3gico, mas botou no PCdoB para dar um verniz de esquerda&#8221;, complementou.<\/p>\n<p class=\"texto\">Jo\u00e3o Paulo tamb\u00e9m criticou a queda nos n\u00fameros do PT em elei\u00e7\u00f5es, desde que ele deixou a prefeitura do Recife, em 2008.<\/p>\n<p class=\"texto\">&#8220;Quando eu deixei a prefeitura, n\u00f3s tivemos de legenda mais de 45 mil votos. Para na elei\u00e7\u00e3o passada, em 2024, termos 2.700 votos de legenda&#8221;, disse.<\/p>\n<p class=\"texto\">Ainda de acordo com o ex-prefeito, o PT vive uma rela\u00e7\u00e3o de &#8220;submiss\u00e3o&#8221; e &#8220;depend\u00eancia&#8221; com o PSB em Pernambuco, em especial no Recife.<\/p>\n<p class=\"texto\">De acordo com Jo\u00e3o Paulo, em caso de uma vit\u00f3ria do vereador Osmar Ricardo nas elei\u00e7\u00f5es do diret\u00f3rio municipal do partido, o PT ficar\u00e1 nas m\u00e3os de Jo\u00e3o Campos, em alus\u00e3o a uma manobra feita pelo pessebista para viabilizar um mandato para Osmar na C\u00e2mara Municipal, quando colocou Marco Aur\u00e9lio Filho (PV)\u00a0no secretariado e abriu uma vaga da Federa\u00e7\u00e3o Brasil da Esperan\u00e7a (PT-PCdoB-PV).<\/p>\n<p class=\"texto\">&#8220;Veja bem o n\u00edvel de depend\u00eancia que o PT vai ficar se Osmar ganhar a elei\u00e7\u00e3o. O prefeito vai ficar com um vereador presidente do PT, que a hora que ele quiser tira o mandato dele.\u00a0Isso \u00e9 uma rela\u00e7\u00e3o de muita submiss\u00e3o&#8221;, criticou<\/p>\n<p class=\"texto\">Para Jo\u00e3o Paulo, o melhor cen\u00e1rio em Pernambuco, atualmente, \u00e9 de que Lula (PT) tenha dois palanques no estado em 2026, possibilidade j\u00e1 verbalizada pelo presidente da Rep\u00fablica. Ainda de acordo com o deputado, a prioridade do partido em Pernambuco para 2026 \u00e9 a reelei\u00e7\u00e3o de Lula e do senador Humberto Costa.<\/p>\n<p class=\"texto\">&#8220;O melhor cen\u00e1rio aqui para Lula, se o prefeito (Jo\u00e3o Campos) vai ser candidato, eu acho que \u00e9 ter os dois palanques mesmo, \u00e9 o melhor cen\u00e1rio para o PT. Pelo clima, acho que \u00e9 muito dif\u00edcil acontecer&#8221;, disse.<\/p>\n<h2>Presidente estadual do PSB sai em defesa de Jo\u00e3o Campos e rebate Jo\u00e3o Paulo: &#8220;dor de cotovelo&#8221;<\/h2>\n<p class=\"texto\">O presidente do PSB em Pernambuco e deputado estadual,\u00a0<strong>Sileno Guedes<\/strong>, rebateu as cr\u00edticas do colega de Alepe,\u00a0em nota divulgada na noite desta sexta-feira.<\/p>\n<p class=\"texto\">De acordo com Sileno,\u00a0Jo\u00e3o Paulo tem uma\u00a0&#8220;grande dor de cotovelo e vaidade vencida&#8221;\u00a0e apontou &#8220;desconhecimento&#8221; do petista sobre a\u00e7\u00f5es de Jo\u00e3o Campos na prefeitura da capital pernambucana.<\/p>\n<p class=\"texto\">Sileno tamb\u00e9m apontou &#8220;sinais controversos&#8221; de Jo\u00e3o Paulo, em alus\u00e3o ao alinhamento do petista com Raquel Lyra. L\u00edder do PSB na Alepe e linha de frente da bancada oposicionista na Casa, Sileno estendeu as cr\u00edticas \u00e0 governadora.<\/p>\n<p class=\"texto\">&#8220;Falta de amor devem estar sentindo os 700 alunos com sonhos amea\u00e7ados pela incapacidade gerencial do atual governo em fazer a licita\u00e7\u00e3o do programa Ganhe o Mundo. Descaso vivem as m\u00e3es com filhos na fila por um leito de UTI enquanto o Governo do Estado fecha a estrutura do Hospital Correia Pican\u00e7o sem concluir a amplia\u00e7\u00e3o do Hospital Bar\u00e3o de Lucena&#8221;, criticou.<\/p>\n<p class=\"texto\">Sileno tamb\u00e9m enfatizou que Jo\u00e3o Paulo &#8220;ruge como um le\u00e3o&#8221; contra Jo\u00e3o Campos e &#8220;ronrona como um gatinho manhoso&#8221; para Raquel Lyra.<\/p>\n<p class=\"texto\">&#8220;Rugir como um le\u00e3o contra o prefeito do Recife e ronronar como um gatinho manhoso para receber afagos da governadora de Pernambuco \u00e9 uma escolha do deputado. Seria algo mais honesto, por\u00e9m, se n\u00e3o recorresse a dois pesos e duas medidas&#8221;, criticou.<\/p>\n<p>FONTE: JORNAL DO COMM\u00c9RCIO<\/p>\n","protected":false},"excerpt":{"rendered":"<p>Deputado estadual e ex-prefeito do Recife classificou como &#8220;submiss\u00e3o&#8221; e &#8220;depend\u00eancia&#8221; rela\u00e7\u00e3o do PT com o PSB em Pernambuco e no Recife Deputado Jo\u00e3o Paulo (PT) &#8211;\u00a0Gabriel Ferreira\/Jc Imagem Em entrevista ao\u00a0videocast Cena Pol\u00edtica, do\u00a0Sistema Jornal do Commercio de Comunica\u00e7\u00e3o, nesta sexta-feira (20), o deputado estadual e ex-prefeito do Recife\u00a0Jo\u00e3o Paulo (PT)\u00a0fez cr\u00edticas ao atual [&hellip;]<\/p>\n","protected":false},"author":1,"featured_media":1118,"comment_status":"open","ping_status":"open","sticky":false,"template":"","format":"standard","meta":{"footnotes":"","jetpack_publicize_message":"","jetpack_publicize_feature_enabled":true,"jetpack_social_post_already_shared":false,"jetpack_social_options":{"image_generator_settings":{"template":"highway","default_image_id":0,"font":"","enabled":false},"version":2}},"categories":[65],"tags":[],"class_list":["post-1117","post","type-post","status-publish","format-standard","has-post-thumbnail","hentry","category-politica"],"yoast_head":"<!-- This site is optimized with the Yoast SEO plugin v24.5 - https:\/\/yoast.com\/wordpress\/plugins\/seo\/ -->\n<title>Jo\u00e3o Paulo critica rela\u00e7\u00e3o entre PT e PSB em Pernambuco e diz que Jo\u00e3o Campos &quot;n\u00e3o ama a cidade e nem o povo&quot; Deputado estadual e ex-prefeito do Recife classificou como &quot;submiss\u00e3o&quot; e &quot;depend\u00eancia&quot; rela\u00e7\u00e3o do PT com o PSB em Pernambuco e no Recife -<\/title>\n<meta name=\"robots\" content=\"index, follow, max-snippet:-1, max-image-preview:large, max-video-preview:-1\" \/>\n<link rel=\"canonical\" href=\"https:\/\/gazetapernambucana.com\/?p=1117\" \/>\n<meta property=\"og:locale\" content=\"pt_BR\" \/>\n<meta property=\"og:type\" content=\"article\" \/>\n<meta property=\"og:title\" content=\"Jo\u00e3o Paulo critica rela\u00e7\u00e3o entre PT e PSB em Pernambuco e diz que Jo\u00e3o Campos &quot;n\u00e3o ama a cidade e nem o povo&quot; Deputado estadual e ex-prefeito do Recife classificou como &quot;submiss\u00e3o&quot; e &quot;depend\u00eancia&quot; rela\u00e7\u00e3o do PT com o PSB em Pernambuco e no Recife -\" \/>\n<meta property=\"og:description\" content=\"Deputado estadual e ex-prefeito do Recife classificou como &#8220;submiss\u00e3o&#8221; e &#8220;depend\u00eancia&#8221; rela\u00e7\u00e3o do PT com o PSB em Pernambuco e no Recife Deputado Jo\u00e3o Paulo (PT) &#8211;\u00a0Gabriel Ferreira\/Jc Imagem Em entrevista ao\u00a0videocast Cena Pol\u00edtica, do\u00a0Sistema Jornal do Commercio de Comunica\u00e7\u00e3o, nesta sexta-feira (20), o deputado estadual e ex-prefeito do Recife\u00a0Jo\u00e3o Paulo (PT)\u00a0fez cr\u00edticas ao atual [&hellip;]\" \/>\n<meta property=\"og:url\" content=\"https:\/\/gazetapernambucana.com\/?p=1117\" \/>\n<meta property=\"article:published_time\" content=\"2025-06-23T05:23:31+00:00\" \/>\n<meta property=\"article:modified_time\" content=\"2025-06-23T05:24:27+00:00\" \/>\n<meta property=\"og:image\" content=\"https:\/\/gazetapernambucana.com\/wp-content\/uploads\/2025\/06\/1_whatsapp_image_2025_06_20_at_10_11_47-34628329.webp\" \/>\n\t<meta property=\"og:image:width\" content=\"597\" \/>\n\t<meta property=\"og:image:height\" content=\"329\" \/>\n\t<meta property=\"og:image:type\" content=\"image\/webp\" \/>\n<meta name=\"author\" content=\"GP\" \/>\n<meta name=\"twitter:card\" content=\"summary_large_image\" \/>\n<meta name=\"twitter:label1\" content=\"Escrito por\" \/>\n\t<meta name=\"twitter:data1\" content=\"GP\" \/>\n\t<meta name=\"twitter:label2\" content=\"Est. tempo de leitura\" \/>\n\t<meta name=\"twitter:data2\" content=\"12 minutos\" \/>\n<script type=\"application\/ld+json\" class=\"yoast-schema-graph\">{\"@context\":\"https:\/\/schema.org\",\"@graph\":[{\"@type\":\"WebPage\",\"@id\":\"https:\/\/gazetapernambucana.com\/?p=1117\",\"url\":\"https:\/\/gazetapernambucana.com\/?p=1117\",\"name\":\"Jo\u00e3o Paulo critica rela\u00e7\u00e3o entre PT e PSB em Pernambuco e diz que Jo\u00e3o Campos \\\"n\u00e3o ama a cidade e nem o povo\\\" Deputado estadual e ex-prefeito do Recife classificou como \\\"submiss\u00e3o\\\" e \\\"depend\u00eancia\\\" rela\u00e7\u00e3o do PT com o PSB em Pernambuco e no Recife -\",\"isPartOf\":{\"@id\":\"https:\/\/gazetapernambucana.com\/#website\"},\"primaryImageOfPage\":{\"@id\":\"https:\/\/gazetapernambucana.com\/?p=1117#primaryimage\"},\"image\":{\"@id\":\"https:\/\/gazetapernambucana.com\/?p=1117#primaryimage\"},\"thumbnailUrl\":\"https:\/\/gazetapernambucana.com\/wp-content\/uploads\/2025\/06\/1_whatsapp_image_2025_06_20_at_10_11_47-34628329.webp\",\"datePublished\":\"2025-06-23T05:23:31+00:00\",\"dateModified\":\"2025-06-23T05:24:27+00:00\",\"author\":{\"@id\":\"https:\/\/gazetapernambucana.com\/#\/schema\/person\/188dc283325181ac2de4db1e9e987427\"},\"breadcrumb\":{\"@id\":\"https:\/\/gazetapernambucana.com\/?p=1117#breadcrumb\"},\"inLanguage\":\"pt-BR\",\"potentialAction\":[{\"@type\":\"ReadAction\",\"target\":[\"https:\/\/gazetapernambucana.com\/?p=1117\"]}]},{\"@type\":\"ImageObject\",\"inLanguage\":\"pt-BR\",\"@id\":\"https:\/\/gazetapernambucana.com\/?p=1117#primaryimage\",\"url\":\"https:\/\/gazetapernambucana.com\/wp-content\/uploads\/2025\/06\/1_whatsapp_image_2025_06_20_at_10_11_47-34628329.webp\",\"contentUrl\":\"https:\/\/gazetapernambucana.com\/wp-content\/uploads\/2025\/06\/1_whatsapp_image_2025_06_20_at_10_11_47-34628329.webp\",\"width\":597,\"height\":329},{\"@type\":\"BreadcrumbList\",\"@id\":\"https:\/\/gazetapernambucana.com\/?p=1117#breadcrumb\",\"itemListElement\":[{\"@type\":\"ListItem\",\"position\":1,\"name\":\"In\u00edcio\",\"item\":\"https:\/\/gazetapernambucana.com\/\"},{\"@type\":\"ListItem\",\"position\":2,\"name\":\"Jo\u00e3o Paulo critica rela\u00e7\u00e3o entre PT e PSB em Pernambuco e diz que Jo\u00e3o Campos &#8220;n\u00e3o ama a cidade e nem o povo&#8221; Deputado estadual e ex-prefeito do Recife classificou como &#8220;submiss\u00e3o&#8221; e &#8220;depend\u00eancia&#8221; rela\u00e7\u00e3o do PT com o PSB em Pernambuco e no Recife\"}]},{\"@type\":\"WebSite\",\"@id\":\"https:\/\/gazetapernambucana.com\/#website\",\"url\":\"https:\/\/gazetapernambucana.com\/\",\"name\":\"\",\"description\":\"\",\"potentialAction\":[{\"@type\":\"SearchAction\",\"target\":{\"@type\":\"EntryPoint\",\"urlTemplate\":\"https:\/\/gazetapernambucana.com\/?s={search_term_string}\"},\"query-input\":{\"@type\":\"PropertyValueSpecification\",\"valueRequired\":true,\"valueName\":\"search_term_string\"}}],\"inLanguage\":\"pt-BR\"},{\"@type\":\"Person\",\"@id\":\"https:\/\/gazetapernambucana.com\/#\/schema\/person\/188dc283325181ac2de4db1e9e987427\",\"name\":\"GP\",\"image\":{\"@type\":\"ImageObject\",\"inLanguage\":\"pt-BR\",\"@id\":\"https:\/\/gazetapernambucana.com\/#\/schema\/person\/image\/\",\"url\":\"https:\/\/secure.gravatar.com\/avatar\/9dad78ff9a2d8b5742d11779f8a3f53b052320c550b2e1907882353c067bb111?s=96&d=mm&r=g\",\"contentUrl\":\"https:\/\/secure.gravatar.com\/avatar\/9dad78ff9a2d8b5742d11779f8a3f53b052320c550b2e1907882353c067bb111?s=96&d=mm&r=g\",\"caption\":\"GP\"},\"sameAs\":[\"http:\/\/gazetapernambucana.com\"],\"url\":\"https:\/\/gazetapernambucana.com\/?author=1\"}]}<\/script>\n<!-- \/ Yoast SEO plugin. -->","yoast_head_json":{"title":"Jo\u00e3o Paulo critica rela\u00e7\u00e3o entre PT e PSB em Pernambuco e diz que Jo\u00e3o Campos \"n\u00e3o ama a cidade e nem o povo\" Deputado estadual e ex-prefeito do Recife classificou como \"submiss\u00e3o\" e \"depend\u00eancia\" rela\u00e7\u00e3o do PT com o PSB em Pernambuco e no Recife -","robots":{"index":"index","follow":"follow","max-snippet":"max-snippet:-1","max-image-preview":"max-image-preview:large","max-video-preview":"max-video-preview:-1"},"canonical":"https:\/\/gazetapernambucana.com\/?p=1117","og_locale":"pt_BR","og_type":"article","og_title":"Jo\u00e3o Paulo critica rela\u00e7\u00e3o entre PT e PSB em Pernambuco e diz que Jo\u00e3o Campos \"n\u00e3o ama a cidade e nem o povo\" Deputado estadual e ex-prefeito do Recife classificou como \"submiss\u00e3o\" e \"depend\u00eancia\" rela\u00e7\u00e3o do PT com o PSB em Pernambuco e no Recife -","og_description":"Deputado estadual e ex-prefeito do Recife classificou como &#8220;submiss\u00e3o&#8221; e &#8220;depend\u00eancia&#8221; rela\u00e7\u00e3o do PT com o PSB em Pernambuco e no Recife Deputado Jo\u00e3o Paulo (PT) &#8211;\u00a0Gabriel Ferreira\/Jc Imagem Em entrevista ao\u00a0videocast Cena Pol\u00edtica, do\u00a0Sistema Jornal do Commercio de Comunica\u00e7\u00e3o, nesta sexta-feira (20), o deputado estadual e ex-prefeito do Recife\u00a0Jo\u00e3o Paulo (PT)\u00a0fez cr\u00edticas ao atual [&hellip;]","og_url":"https:\/\/gazetapernambucana.com\/?p=1117","article_published_time":"2025-06-23T05:23:31+00:00","article_modified_time":"2025-06-23T05:24:27+00:00","og_image":[{"width":597,"height":329,"url":"https:\/\/gazetapernambucana.com\/wp-content\/uploads\/2025\/06\/1_whatsapp_image_2025_06_20_at_10_11_47-34628329.webp","type":"image\/webp"}],"author":"GP","twitter_card":"summary_large_image","twitter_misc":{"Escrito por":"GP","Est. tempo de leitura":"12 minutos"},"schema":{"@context":"https:\/\/schema.org","@graph":[{"@type":"WebPage","@id":"https:\/\/gazetapernambucana.com\/?p=1117","url":"https:\/\/gazetapernambucana.com\/?p=1117","name":"Jo\u00e3o Paulo critica rela\u00e7\u00e3o entre PT e PSB em Pernambuco e diz que Jo\u00e3o Campos \"n\u00e3o ama a cidade e nem o povo\" Deputado estadual e ex-prefeito do Recife classificou como \"submiss\u00e3o\" e \"depend\u00eancia\" rela\u00e7\u00e3o do PT com o PSB em Pernambuco e no Recife -","isPartOf":{"@id":"https:\/\/gazetapernambucana.com\/#website"},"primaryImageOfPage":{"@id":"https:\/\/gazetapernambucana.com\/?p=1117#primaryimage"},"image":{"@id":"https:\/\/gazetapernambucana.com\/?p=1117#primaryimage"},"thumbnailUrl":"https:\/\/gazetapernambucana.com\/wp-content\/uploads\/2025\/06\/1_whatsapp_image_2025_06_20_at_10_11_47-34628329.webp","datePublished":"2025-06-23T05:23:31+00:00","dateModified":"2025-06-23T05:24:27+00:00","author":{"@id":"https:\/\/gazetapernambucana.com\/#\/schema\/person\/188dc283325181ac2de4db1e9e987427"},"breadcrumb":{"@id":"https:\/\/gazetapernambucana.com\/?p=1117#breadcrumb"},"inLanguage":"pt-BR","potentialAction":[{"@type":"ReadAction","target":["https:\/\/gazetapernambucana.com\/?p=1117"]}]},{"@type":"ImageObject","inLanguage":"pt-BR","@id":"https:\/\/gazetapernambucana.com\/?p=1117#primaryimage","url":"https:\/\/gazetapernambucana.com\/wp-content\/uploads\/2025\/06\/1_whatsapp_image_2025_06_20_at_10_11_47-34628329.webp","contentUrl":"https:\/\/gazetapernambucana.com\/wp-content\/uploads\/2025\/06\/1_whatsapp_image_2025_06_20_at_10_11_47-34628329.webp","width":597,"height":329},{"@type":"BreadcrumbList","@id":"https:\/\/gazetapernambucana.com\/?p=1117#breadcrumb","itemListElement":[{"@type":"ListItem","position":1,"name":"In\u00edcio","item":"https:\/\/gazetapernambucana.com\/"},{"@type":"ListItem","position":2,"name":"Jo\u00e3o Paulo critica rela\u00e7\u00e3o entre PT e PSB em Pernambuco e diz que Jo\u00e3o Campos &#8220;n\u00e3o ama a cidade e nem o povo&#8221; Deputado estadual e ex-prefeito do Recife classificou como &#8220;submiss\u00e3o&#8221; e &#8220;depend\u00eancia&#8221; rela\u00e7\u00e3o do PT com o PSB em Pernambuco e no Recife"}]},{"@type":"WebSite","@id":"https:\/\/gazetapernambucana.com\/#website","url":"https:\/\/gazetapernambucana.com\/","name":"","description":"","potentialAction":[{"@type":"SearchAction","target":{"@type":"EntryPoint","urlTemplate":"https:\/\/gazetapernambucana.com\/?s={search_term_string}"},"query-input":{"@type":"PropertyValueSpecification","valueRequired":true,"valueName":"search_term_string"}}],"inLanguage":"pt-BR"},{"@type":"Person","@id":"https:\/\/gazetapernambucana.com\/#\/schema\/person\/188dc283325181ac2de4db1e9e987427","name":"GP","image":{"@type":"ImageObject","inLanguage":"pt-BR","@id":"https:\/\/gazetapernambucana.com\/#\/schema\/person\/image\/","url":"https:\/\/secure.gravatar.com\/avatar\/9dad78ff9a2d8b5742d11779f8a3f53b052320c550b2e1907882353c067bb111?s=96&d=mm&r=g","contentUrl":"https:\/\/secure.gravatar.com\/avatar\/9dad78ff9a2d8b5742d11779f8a3f53b052320c550b2e1907882353c067bb111?s=96&d=mm&r=g","caption":"GP"},"sameAs":["http:\/\/gazetapernambucana.com"],"url":"https:\/\/gazetapernambucana.com\/?author=1"}]}},"jetpack_publicize_connections":[],"_links":{"self":[{"href":"https:\/\/gazetapernambucana.com\/index.php?rest_route=\/wp\/v2\/posts\/1117","targetHints":{"allow":["GET"]}}],"collection":[{"href":"https:\/\/gazetapernambucana.com\/index.php?rest_route=\/wp\/v2\/posts"}],"about":[{"href":"https:\/\/gazetapernambucana.com\/index.php?rest_route=\/wp\/v2\/types\/post"}],"author":[{"embeddable":true,"href":"https:\/\/gazetapernambucana.com\/index.php?rest_route=\/wp\/v2\/users\/1"}],"replies":[{"embeddable":true,"href":"https:\/\/gazetapernambucana.com\/index.php?rest_route=%2Fwp%2Fv2%2Fcomments&post=1117"}],"version-history":[{"count":2,"href":"https:\/\/gazetapernambucana.com\/index.php?rest_route=\/wp\/v2\/posts\/1117\/revisions"}],"predecessor-version":[{"id":1120,"href":"https:\/\/gazetapernambucana.com\/index.php?rest_route=\/wp\/v2\/posts\/1117\/revisions\/1120"}],"wp:featuredmedia":[{"embeddable":true,"href":"https:\/\/gazetapernambucana.com\/index.php?rest_route=\/wp\/v2\/media\/1118"}],"wp:attachment":[{"href":"https:\/\/gazetapernambucana.com\/index.php?rest_route=%2Fwp%2Fv2%2Fmedia&parent=1117"}],"wp:term":[{"taxonomy":"category","embeddable":true,"href":"https:\/\/gazetapernambucana.com\/index.php?rest_route=%2Fwp%2Fv2%2Fcategories&post=1117"},{"taxonomy":"post_tag","embeddable":true,"href":"https:\/\/gazetapernambucana.com\/index.php?rest_route=%2Fwp%2Fv2%2Ftags&post=1117"}],"curies":[{"name":"wp","href":"https:\/\/api.w.org\/{rel}","templated":true}]}}