{"id":1114,"date":"2025-06-23T01:12:15","date_gmt":"2025-06-23T04:12:15","guid":{"rendered":"https:\/\/gazetapernambucana.com\/?p=1114"},"modified":"2025-06-23T01:12:15","modified_gmt":"2025-06-23T04:12:15","slug":"tudo-o-que-tenho-minha-solidao-minha-esperanca-e-meu-abraco-agudo-por-flavio-chaves","status":"publish","type":"post","link":"https:\/\/gazetapernambucana.com\/?p=1114","title":{"rendered":"Tudo o Que Tenho: Minha Solid\u00e3o, Minha Esperan\u00e7a e Meu Abra\u00e7o Agudo. Por Fl\u00e1vio Chaves"},"content":{"rendered":"<p data-start=\"1762\" data-end=\"2310\"><img loading=\"lazy\" decoding=\"async\" class=\"alignnone size-medium wp-image-174146\" src=\"https:\/\/flaviochaves.com.br\/wp-content\/uploads\/2025\/06\/download-42-1-264x300.jpeg\" alt=\"\" width=\"264\" height=\"300\" \/>\u00a0 <strong>Por Fl\u00e1vio Chaves \u2013 Jornalista, poeta, escritor e membro da Academia Pernambucana de Letras. Foi Delegado Federal\/Minc\u00a0 \u2013 <\/strong>\u00a0N\u00e3o trago promessas que brilhem como os an\u00fancios luminosos de uma avenida son\u00e2mbula. N\u00e3o carrego garantias, nem mapas seguros. O que posso te oferecer \u00e9 a mat\u00e9ria crua da minha exist\u00eancia:<br data-start=\"1950\" data-end=\"1953\" \/>Te ofere\u00e7o as madrugadas vazias onde me perdi de mim, e s\u00f3 o eco dos meus pr\u00f3prios passos me respondeu.<br data-start=\"2056\" data-end=\"2059\" \/>Te ofere\u00e7o o cansa\u00e7o de quem passou noites inteiras acordado, remoendo a lembran\u00e7a de um nome, o teu, talvez, antes mesmo que eu te conhecesse.<br data-start=\"2202\" data-end=\"2205\" \/>Te ofere\u00e7o o sal dos meus sil\u00eancios, e os olhos cansados de olhar para horizontes que nunca se abriram.<\/p>\n<p data-start=\"2312\" data-end=\"2639\">Posso te dar a fidelidade de quem j\u00e1 se abandonou mil vezes, mas ainda assim voltou sempre para o mesmo ponto de partida, feito um c\u00e3o que ama o pr\u00f3prio dono, mesmo depois de ser enxotado.<br data-start=\"2500\" data-end=\"2503\" \/>Te ofere\u00e7o a mem\u00f3ria de uma manh\u00e3 chuvosa que s\u00f3 existiu na minha imagina\u00e7\u00e3o, mas que guardei como se fosse real, como se fosse nossa.<\/p>\n<p data-start=\"2641\" data-end=\"2870\">Posso te dar a minha aus\u00eancia de certezas.<br data-start=\"2683\" data-end=\"2686\" \/>Posso te dar o peso das derrotas que colecionei com o cuidado de quem junta conchas na praia.<br data-start=\"2779\" data-end=\"2782\" \/>Posso te dar o frio de quem caminhou contra o vento, sem casaco, sem rumo, sem b\u00ean\u00e7\u00e3o.<\/p>\n<p data-start=\"2872\" data-end=\"3254\">Te ofere\u00e7o minha esperan\u00e7a maltratada, que ainda assim insiste em nascer toda manh\u00e3, meio tr\u00eamula, meio desajeitada, mas viva.<br data-start=\"2998\" data-end=\"3001\" \/>Te ofere\u00e7o a poesia que n\u00e3o escrevi, os livros que sonhei e nunca terminei, as frases que ensaiei diante do espelho e que engasgaram na hora certa.<br data-start=\"3148\" data-end=\"3151\" \/>Te ofere\u00e7o meu medo de perder e, com ele, a minha coragem de te querer, mesmo sem saber como ser teu.<\/p>\n<p data-start=\"3256\" data-end=\"3454\">Posso te dar a lucidez amarga de quem sabe que o amor \u00e9 sempre um risco.<br data-start=\"3328\" data-end=\"3331\" \/>Posso te dar a fome de um cora\u00e7\u00e3o que nunca se satisfez com pouco.<br data-start=\"3397\" data-end=\"3400\" \/>Posso te dar, se quiseres, a minha \u00faltima tentativa.<\/p>\n<p data-start=\"3456\" data-end=\"3692\">N\u00e3o trago ouro, nem jardins floridos, nem promessas de eternidade.<br data-start=\"3522\" data-end=\"3525\" \/>Trago apenas um homem que trope\u00e7a nas pr\u00f3prias esperan\u00e7as, mas que, ainda assim, estende as m\u00e3os.<br data-start=\"3622\" data-end=\"3625\" \/>Te ofere\u00e7o o que sou, sem maquiagem, sem amparo, sem escapat\u00f3ria.<\/p>\n<p data-start=\"3694\" data-end=\"3756\">Se quiseres, \u00e9 teu.<br data-start=\"3713\" data-end=\"3716\" \/>Se n\u00e3o quiseres ,\u00a0ser\u00e1 meu para sempre.<\/p>\n","protected":false},"excerpt":{"rendered":"<p>\u00a0 Por Fl\u00e1vio Chaves \u2013 Jornalista, poeta, escritor e membro da Academia Pernambucana de Letras. Foi Delegado Federal\/Minc\u00a0 \u2013 \u00a0N\u00e3o trago promessas que brilhem como os an\u00fancios luminosos de uma avenida son\u00e2mbula. N\u00e3o carrego garantias, nem mapas seguros. O que posso te oferecer \u00e9 a mat\u00e9ria crua da minha exist\u00eancia:Te ofere\u00e7o as madrugadas vazias onde [&hellip;]<\/p>\n","protected":false},"author":1,"featured_media":1115,"comment_status":"open","ping_status":"open","sticky":false,"template":"","format":"standard","meta":{"footnotes":"","jetpack_publicize_message":"","jetpack_publicize_feature_enabled":true,"jetpack_social_post_already_shared":false,"jetpack_social_options":{"image_generator_settings":{"template":"highway","default_image_id":0,"font":"","enabled":false},"version":2}},"categories":[35,46,76],"tags":[],"class_list":["post-1114","post","type-post","status-publish","format-standard","has-post-thumbnail","hentry","category-https-gazetapernambucana-com-page_id218","category-literatura","category-opiniao"],"yoast_head":"<!-- This site is optimized with the Yoast SEO plugin v24.5 - https:\/\/yoast.com\/wordpress\/plugins\/seo\/ -->\n<title>Tudo o Que Tenho: Minha Solid\u00e3o, Minha Esperan\u00e7a e Meu Abra\u00e7o Agudo. Por Fl\u00e1vio Chaves -<\/title>\n<meta name=\"robots\" content=\"index, follow, max-snippet:-1, max-image-preview:large, max-video-preview:-1\" \/>\n<link rel=\"canonical\" href=\"https:\/\/gazetapernambucana.com\/?p=1114\" \/>\n<meta property=\"og:locale\" content=\"pt_BR\" \/>\n<meta property=\"og:type\" content=\"article\" \/>\n<meta property=\"og:title\" content=\"Tudo o Que Tenho: Minha Solid\u00e3o, Minha Esperan\u00e7a e Meu Abra\u00e7o Agudo. Por Fl\u00e1vio Chaves -\" \/>\n<meta property=\"og:description\" content=\"\u00a0 Por Fl\u00e1vio Chaves \u2013 Jornalista, poeta, escritor e membro da Academia Pernambucana de Letras. Foi Delegado Federal\/Minc\u00a0 \u2013 \u00a0N\u00e3o trago promessas que brilhem como os an\u00fancios luminosos de uma avenida son\u00e2mbula. N\u00e3o carrego garantias, nem mapas seguros. O que posso te oferecer \u00e9 a mat\u00e9ria crua da minha exist\u00eancia:Te ofere\u00e7o as madrugadas vazias onde [&hellip;]\" \/>\n<meta property=\"og:url\" content=\"https:\/\/gazetapernambucana.com\/?p=1114\" \/>\n<meta property=\"article:published_time\" content=\"2025-06-23T04:12:15+00:00\" \/>\n<meta property=\"og:image\" content=\"https:\/\/gazetapernambucana.com\/wp-content\/uploads\/2025\/06\/download-42-1.jpeg\" \/>\n\t<meta property=\"og:image:width\" content=\"890\" \/>\n\t<meta property=\"og:image:height\" content=\"1010\" \/>\n\t<meta property=\"og:image:type\" content=\"image\/jpeg\" \/>\n<meta name=\"author\" content=\"GP\" \/>\n<meta name=\"twitter:card\" content=\"summary_large_image\" \/>\n<meta name=\"twitter:label1\" content=\"Escrito por\" \/>\n\t<meta name=\"twitter:data1\" content=\"GP\" \/>\n\t<meta name=\"twitter:label2\" content=\"Est. tempo de leitura\" \/>\n\t<meta name=\"twitter:data2\" content=\"3 minutos\" \/>\n<script type=\"application\/ld+json\" class=\"yoast-schema-graph\">{\"@context\":\"https:\/\/schema.org\",\"@graph\":[{\"@type\":\"WebPage\",\"@id\":\"https:\/\/gazetapernambucana.com\/?p=1114\",\"url\":\"https:\/\/gazetapernambucana.com\/?p=1114\",\"name\":\"Tudo o Que Tenho: Minha Solid\u00e3o, Minha Esperan\u00e7a e Meu Abra\u00e7o Agudo. Por Fl\u00e1vio Chaves -\",\"isPartOf\":{\"@id\":\"https:\/\/gazetapernambucana.com\/#website\"},\"primaryImageOfPage\":{\"@id\":\"https:\/\/gazetapernambucana.com\/?p=1114#primaryimage\"},\"image\":{\"@id\":\"https:\/\/gazetapernambucana.com\/?p=1114#primaryimage\"},\"thumbnailUrl\":\"https:\/\/gazetapernambucana.com\/wp-content\/uploads\/2025\/06\/download-42-1.jpeg\",\"datePublished\":\"2025-06-23T04:12:15+00:00\",\"author\":{\"@id\":\"https:\/\/gazetapernambucana.com\/#\/schema\/person\/188dc283325181ac2de4db1e9e987427\"},\"breadcrumb\":{\"@id\":\"https:\/\/gazetapernambucana.com\/?p=1114#breadcrumb\"},\"inLanguage\":\"pt-BR\",\"potentialAction\":[{\"@type\":\"ReadAction\",\"target\":[\"https:\/\/gazetapernambucana.com\/?p=1114\"]}]},{\"@type\":\"ImageObject\",\"inLanguage\":\"pt-BR\",\"@id\":\"https:\/\/gazetapernambucana.com\/?p=1114#primaryimage\",\"url\":\"https:\/\/gazetapernambucana.com\/wp-content\/uploads\/2025\/06\/download-42-1.jpeg\",\"contentUrl\":\"https:\/\/gazetapernambucana.com\/wp-content\/uploads\/2025\/06\/download-42-1.jpeg\",\"width\":890,\"height\":1010},{\"@type\":\"BreadcrumbList\",\"@id\":\"https:\/\/gazetapernambucana.com\/?p=1114#breadcrumb\",\"itemListElement\":[{\"@type\":\"ListItem\",\"position\":1,\"name\":\"In\u00edcio\",\"item\":\"https:\/\/gazetapernambucana.com\/\"},{\"@type\":\"ListItem\",\"position\":2,\"name\":\"Tudo o Que Tenho: Minha Solid\u00e3o, Minha Esperan\u00e7a e Meu Abra\u00e7o Agudo. Por Fl\u00e1vio Chaves\"}]},{\"@type\":\"WebSite\",\"@id\":\"https:\/\/gazetapernambucana.com\/#website\",\"url\":\"https:\/\/gazetapernambucana.com\/\",\"name\":\"\",\"description\":\"\",\"potentialAction\":[{\"@type\":\"SearchAction\",\"target\":{\"@type\":\"EntryPoint\",\"urlTemplate\":\"https:\/\/gazetapernambucana.com\/?s={search_term_string}\"},\"query-input\":{\"@type\":\"PropertyValueSpecification\",\"valueRequired\":true,\"valueName\":\"search_term_string\"}}],\"inLanguage\":\"pt-BR\"},{\"@type\":\"Person\",\"@id\":\"https:\/\/gazetapernambucana.com\/#\/schema\/person\/188dc283325181ac2de4db1e9e987427\",\"name\":\"GP\",\"image\":{\"@type\":\"ImageObject\",\"inLanguage\":\"pt-BR\",\"@id\":\"https:\/\/gazetapernambucana.com\/#\/schema\/person\/image\/\",\"url\":\"https:\/\/secure.gravatar.com\/avatar\/9dad78ff9a2d8b5742d11779f8a3f53b052320c550b2e1907882353c067bb111?s=96&d=mm&r=g\",\"contentUrl\":\"https:\/\/secure.gravatar.com\/avatar\/9dad78ff9a2d8b5742d11779f8a3f53b052320c550b2e1907882353c067bb111?s=96&d=mm&r=g\",\"caption\":\"GP\"},\"sameAs\":[\"http:\/\/gazetapernambucana.com\"],\"url\":\"https:\/\/gazetapernambucana.com\/?author=1\"}]}<\/script>\n<!-- \/ Yoast SEO plugin. -->","yoast_head_json":{"title":"Tudo o Que Tenho: Minha Solid\u00e3o, Minha Esperan\u00e7a e Meu Abra\u00e7o Agudo. Por Fl\u00e1vio Chaves -","robots":{"index":"index","follow":"follow","max-snippet":"max-snippet:-1","max-image-preview":"max-image-preview:large","max-video-preview":"max-video-preview:-1"},"canonical":"https:\/\/gazetapernambucana.com\/?p=1114","og_locale":"pt_BR","og_type":"article","og_title":"Tudo o Que Tenho: Minha Solid\u00e3o, Minha Esperan\u00e7a e Meu Abra\u00e7o Agudo. Por Fl\u00e1vio Chaves -","og_description":"\u00a0 Por Fl\u00e1vio Chaves \u2013 Jornalista, poeta, escritor e membro da Academia Pernambucana de Letras. Foi Delegado Federal\/Minc\u00a0 \u2013 \u00a0N\u00e3o trago promessas que brilhem como os an\u00fancios luminosos de uma avenida son\u00e2mbula. N\u00e3o carrego garantias, nem mapas seguros. O que posso te oferecer \u00e9 a mat\u00e9ria crua da minha exist\u00eancia:Te ofere\u00e7o as madrugadas vazias onde [&hellip;]","og_url":"https:\/\/gazetapernambucana.com\/?p=1114","article_published_time":"2025-06-23T04:12:15+00:00","og_image":[{"width":890,"height":1010,"url":"https:\/\/gazetapernambucana.com\/wp-content\/uploads\/2025\/06\/download-42-1.jpeg","type":"image\/jpeg"}],"author":"GP","twitter_card":"summary_large_image","twitter_misc":{"Escrito por":"GP","Est. tempo de leitura":"3 minutos"},"schema":{"@context":"https:\/\/schema.org","@graph":[{"@type":"WebPage","@id":"https:\/\/gazetapernambucana.com\/?p=1114","url":"https:\/\/gazetapernambucana.com\/?p=1114","name":"Tudo o Que Tenho: Minha Solid\u00e3o, Minha Esperan\u00e7a e Meu Abra\u00e7o Agudo. Por Fl\u00e1vio Chaves -","isPartOf":{"@id":"https:\/\/gazetapernambucana.com\/#website"},"primaryImageOfPage":{"@id":"https:\/\/gazetapernambucana.com\/?p=1114#primaryimage"},"image":{"@id":"https:\/\/gazetapernambucana.com\/?p=1114#primaryimage"},"thumbnailUrl":"https:\/\/gazetapernambucana.com\/wp-content\/uploads\/2025\/06\/download-42-1.jpeg","datePublished":"2025-06-23T04:12:15+00:00","author":{"@id":"https:\/\/gazetapernambucana.com\/#\/schema\/person\/188dc283325181ac2de4db1e9e987427"},"breadcrumb":{"@id":"https:\/\/gazetapernambucana.com\/?p=1114#breadcrumb"},"inLanguage":"pt-BR","potentialAction":[{"@type":"ReadAction","target":["https:\/\/gazetapernambucana.com\/?p=1114"]}]},{"@type":"ImageObject","inLanguage":"pt-BR","@id":"https:\/\/gazetapernambucana.com\/?p=1114#primaryimage","url":"https:\/\/gazetapernambucana.com\/wp-content\/uploads\/2025\/06\/download-42-1.jpeg","contentUrl":"https:\/\/gazetapernambucana.com\/wp-content\/uploads\/2025\/06\/download-42-1.jpeg","width":890,"height":1010},{"@type":"BreadcrumbList","@id":"https:\/\/gazetapernambucana.com\/?p=1114#breadcrumb","itemListElement":[{"@type":"ListItem","position":1,"name":"In\u00edcio","item":"https:\/\/gazetapernambucana.com\/"},{"@type":"ListItem","position":2,"name":"Tudo o Que Tenho: Minha Solid\u00e3o, Minha Esperan\u00e7a e Meu Abra\u00e7o Agudo. Por Fl\u00e1vio Chaves"}]},{"@type":"WebSite","@id":"https:\/\/gazetapernambucana.com\/#website","url":"https:\/\/gazetapernambucana.com\/","name":"","description":"","potentialAction":[{"@type":"SearchAction","target":{"@type":"EntryPoint","urlTemplate":"https:\/\/gazetapernambucana.com\/?s={search_term_string}"},"query-input":{"@type":"PropertyValueSpecification","valueRequired":true,"valueName":"search_term_string"}}],"inLanguage":"pt-BR"},{"@type":"Person","@id":"https:\/\/gazetapernambucana.com\/#\/schema\/person\/188dc283325181ac2de4db1e9e987427","name":"GP","image":{"@type":"ImageObject","inLanguage":"pt-BR","@id":"https:\/\/gazetapernambucana.com\/#\/schema\/person\/image\/","url":"https:\/\/secure.gravatar.com\/avatar\/9dad78ff9a2d8b5742d11779f8a3f53b052320c550b2e1907882353c067bb111?s=96&d=mm&r=g","contentUrl":"https:\/\/secure.gravatar.com\/avatar\/9dad78ff9a2d8b5742d11779f8a3f53b052320c550b2e1907882353c067bb111?s=96&d=mm&r=g","caption":"GP"},"sameAs":["http:\/\/gazetapernambucana.com"],"url":"https:\/\/gazetapernambucana.com\/?author=1"}]}},"jetpack_publicize_connections":[],"_links":{"self":[{"href":"https:\/\/gazetapernambucana.com\/index.php?rest_route=\/wp\/v2\/posts\/1114","targetHints":{"allow":["GET"]}}],"collection":[{"href":"https:\/\/gazetapernambucana.com\/index.php?rest_route=\/wp\/v2\/posts"}],"about":[{"href":"https:\/\/gazetapernambucana.com\/index.php?rest_route=\/wp\/v2\/types\/post"}],"author":[{"embeddable":true,"href":"https:\/\/gazetapernambucana.com\/index.php?rest_route=\/wp\/v2\/users\/1"}],"replies":[{"embeddable":true,"href":"https:\/\/gazetapernambucana.com\/index.php?rest_route=%2Fwp%2Fv2%2Fcomments&post=1114"}],"version-history":[{"count":1,"href":"https:\/\/gazetapernambucana.com\/index.php?rest_route=\/wp\/v2\/posts\/1114\/revisions"}],"predecessor-version":[{"id":1116,"href":"https:\/\/gazetapernambucana.com\/index.php?rest_route=\/wp\/v2\/posts\/1114\/revisions\/1116"}],"wp:featuredmedia":[{"embeddable":true,"href":"https:\/\/gazetapernambucana.com\/index.php?rest_route=\/wp\/v2\/media\/1115"}],"wp:attachment":[{"href":"https:\/\/gazetapernambucana.com\/index.php?rest_route=%2Fwp%2Fv2%2Fmedia&parent=1114"}],"wp:term":[{"taxonomy":"category","embeddable":true,"href":"https:\/\/gazetapernambucana.com\/index.php?rest_route=%2Fwp%2Fv2%2Fcategories&post=1114"},{"taxonomy":"post_tag","embeddable":true,"href":"https:\/\/gazetapernambucana.com\/index.php?rest_route=%2Fwp%2Fv2%2Ftags&post=1114"}],"curies":[{"name":"wp","href":"https:\/\/api.w.org\/{rel}","templated":true}]}}