{"id":1066,"date":"2025-06-16T21:25:55","date_gmt":"2025-06-17T00:25:55","guid":{"rendered":"https:\/\/gazetapernambucana.com\/?p=1066"},"modified":"2025-06-17T17:47:36","modified_gmt":"2025-06-17T20:47:36","slug":"mais-que-palavras-uma-charge-de-carinho-para-hildebrando-marques","status":"publish","type":"post","link":"https:\/\/gazetapernambucana.com\/?p=1066","title":{"rendered":"Mais que palavras: Uma Charge de Carinho para Hildebrando Marques"},"content":{"rendered":"<p data-start=\"388\" data-end=\"668\"><img loading=\"lazy\" decoding=\"async\" class=\"alignnone size-medium wp-image-1073\" src=\"http:\/\/gazetapernambucana.com\/wp-content\/uploads\/2025\/06\/charge_hildebrando_credito_extra_grande-300x200.png\" alt=\"\" width=\"300\" height=\"200\" srcset=\"https:\/\/gazetapernambucana.com\/wp-content\/uploads\/2025\/06\/charge_hildebrando_credito_extra_grande-300x200.png 300w, https:\/\/gazetapernambucana.com\/wp-content\/uploads\/2025\/06\/charge_hildebrando_credito_extra_grande-1024x683.png 1024w, https:\/\/gazetapernambucana.com\/wp-content\/uploads\/2025\/06\/charge_hildebrando_credito_extra_grande-768x512.png 768w, https:\/\/gazetapernambucana.com\/wp-content\/uploads\/2025\/06\/charge_hildebrando_credito_extra_grande.png 1536w\" sizes=\"auto, (max-width: 300px) 100vw, 300px\" \/>\u00a0 Depois da homenagem que publicamos em artigo no <strong>Blog do Fl\u00e1vio Chaves<\/strong> e no <strong>Jornal Gazeta Pernambucana<\/strong>, sentimos que ainda faltava algo. Faltava uma imagem, uma mem\u00f3ria desenhada que pudesse eternizar, de forma leve e po\u00e9tica, a chegada de Hildebrando Marques ao c\u00e9u.<\/p>\n<p data-start=\"670\" data-end=\"985\">Por isso, com todo o nosso carinho, produzimos esta charge especial. Uma representa\u00e7\u00e3o afetiva e simb\u00f3lica do nosso amigo, chegando ao port\u00e3o celestial com sua insepar\u00e1vel sanfona, sendo recebido por S\u00e3o Pedro e por toda a turma de Carpina que partiu antes. Uma festa, como tantas que ele animou aqui na Terra.<\/p>\n<p data-start=\"987\" data-end=\"1089\">Porque Hildebrando n\u00e3o foi s\u00f3 voz, m\u00fasica e comunica\u00e7\u00e3o. Foi presen\u00e7a. Foi amizade. Foi hist\u00f3ria viva.<\/p>\n<p data-start=\"1091\" data-end=\"1268\">Esta charge \u00e9 um retrato do que ele sempre foi: alegria, generosidade e emo\u00e7\u00e3o. Um homem que, mesmo partindo, continua nos arrancando emo\u00e7\u00e3o e nos enchendo de lembran\u00e7as boas.<\/p>\n<p data-start=\"1270\" data-end=\"1418\">Fica aqui, com todo o respeito e com toda a saudade, o nosso tributo visual. Que ele receba, l\u00e1 de cima, esse gesto simples, mas carregado de afeto.<\/p>\n<p data-start=\"1420\" data-end=\"1470\"><strong data-start=\"1420\" data-end=\"1470\">A saudade \u00e9 nossa. A festa agora \u00e9 l\u00e1 em cima.<\/strong><\/p>\n","protected":false},"excerpt":{"rendered":"<p>\u00a0 Depois da homenagem que publicamos em artigo no Blog do Fl\u00e1vio Chaves e no Jornal Gazeta Pernambucana, sentimos que ainda faltava algo. Faltava uma imagem, uma mem\u00f3ria desenhada que pudesse eternizar, de forma leve e po\u00e9tica, a chegada de Hildebrando Marques ao c\u00e9u. Por isso, com todo o nosso carinho, produzimos esta charge especial. [&hellip;]<\/p>\n","protected":false},"author":1,"featured_media":1073,"comment_status":"open","ping_status":"open","sticky":false,"template":"","format":"standard","meta":{"footnotes":"","jetpack_publicize_message":"","jetpack_publicize_feature_enabled":true,"jetpack_social_post_already_shared":false,"jetpack_social_options":{"image_generator_settings":{"template":"highway","default_image_id":0,"font":"","enabled":false},"version":2}},"categories":[35,46],"tags":[],"class_list":["post-1066","post","type-post","status-publish","format-standard","has-post-thumbnail","hentry","category-https-gazetapernambucana-com-page_id218","category-literatura"],"yoast_head":"<!-- This site is optimized with the Yoast SEO plugin v24.5 - https:\/\/yoast.com\/wordpress\/plugins\/seo\/ -->\n<title>Mais que palavras: Uma Charge de Carinho para Hildebrando Marques -<\/title>\n<meta name=\"robots\" content=\"index, follow, max-snippet:-1, max-image-preview:large, max-video-preview:-1\" \/>\n<link rel=\"canonical\" href=\"https:\/\/gazetapernambucana.com\/?p=1066\" \/>\n<meta property=\"og:locale\" content=\"pt_BR\" \/>\n<meta property=\"og:type\" content=\"article\" \/>\n<meta property=\"og:title\" content=\"Mais que palavras: Uma Charge de Carinho para Hildebrando Marques -\" \/>\n<meta property=\"og:description\" content=\"\u00a0 Depois da homenagem que publicamos em artigo no Blog do Fl\u00e1vio Chaves e no Jornal Gazeta Pernambucana, sentimos que ainda faltava algo. Faltava uma imagem, uma mem\u00f3ria desenhada que pudesse eternizar, de forma leve e po\u00e9tica, a chegada de Hildebrando Marques ao c\u00e9u. Por isso, com todo o nosso carinho, produzimos esta charge especial. [&hellip;]\" \/>\n<meta property=\"og:url\" content=\"https:\/\/gazetapernambucana.com\/?p=1066\" \/>\n<meta property=\"article:published_time\" content=\"2025-06-17T00:25:55+00:00\" \/>\n<meta property=\"article:modified_time\" content=\"2025-06-17T20:47:36+00:00\" \/>\n<meta property=\"og:image\" content=\"https:\/\/gazetapernambucana.com\/wp-content\/uploads\/2025\/06\/charge_hildebrando_credito_extra_grande-1024x683.png\" \/>\n\t<meta property=\"og:image:width\" content=\"1024\" \/>\n\t<meta property=\"og:image:height\" content=\"683\" \/>\n\t<meta property=\"og:image:type\" content=\"image\/png\" \/>\n<meta name=\"author\" content=\"GP\" \/>\n<meta name=\"twitter:card\" content=\"summary_large_image\" \/>\n<meta name=\"twitter:label1\" content=\"Escrito por\" \/>\n\t<meta name=\"twitter:data1\" content=\"GP\" \/>\n\t<meta name=\"twitter:label2\" content=\"Est. tempo de leitura\" \/>\n\t<meta name=\"twitter:data2\" content=\"2 minutos\" \/>\n<script type=\"application\/ld+json\" class=\"yoast-schema-graph\">{\"@context\":\"https:\/\/schema.org\",\"@graph\":[{\"@type\":\"WebPage\",\"@id\":\"https:\/\/gazetapernambucana.com\/?p=1066\",\"url\":\"https:\/\/gazetapernambucana.com\/?p=1066\",\"name\":\"Mais que palavras: Uma Charge de Carinho para Hildebrando Marques -\",\"isPartOf\":{\"@id\":\"https:\/\/gazetapernambucana.com\/#website\"},\"primaryImageOfPage\":{\"@id\":\"https:\/\/gazetapernambucana.com\/?p=1066#primaryimage\"},\"image\":{\"@id\":\"https:\/\/gazetapernambucana.com\/?p=1066#primaryimage\"},\"thumbnailUrl\":\"https:\/\/gazetapernambucana.com\/wp-content\/uploads\/2025\/06\/charge_hildebrando_credito_extra_grande.png\",\"datePublished\":\"2025-06-17T00:25:55+00:00\",\"dateModified\":\"2025-06-17T20:47:36+00:00\",\"author\":{\"@id\":\"https:\/\/gazetapernambucana.com\/#\/schema\/person\/188dc283325181ac2de4db1e9e987427\"},\"breadcrumb\":{\"@id\":\"https:\/\/gazetapernambucana.com\/?p=1066#breadcrumb\"},\"inLanguage\":\"pt-BR\",\"potentialAction\":[{\"@type\":\"ReadAction\",\"target\":[\"https:\/\/gazetapernambucana.com\/?p=1066\"]}]},{\"@type\":\"ImageObject\",\"inLanguage\":\"pt-BR\",\"@id\":\"https:\/\/gazetapernambucana.com\/?p=1066#primaryimage\",\"url\":\"https:\/\/gazetapernambucana.com\/wp-content\/uploads\/2025\/06\/charge_hildebrando_credito_extra_grande.png\",\"contentUrl\":\"https:\/\/gazetapernambucana.com\/wp-content\/uploads\/2025\/06\/charge_hildebrando_credito_extra_grande.png\",\"width\":1536,\"height\":1024},{\"@type\":\"BreadcrumbList\",\"@id\":\"https:\/\/gazetapernambucana.com\/?p=1066#breadcrumb\",\"itemListElement\":[{\"@type\":\"ListItem\",\"position\":1,\"name\":\"In\u00edcio\",\"item\":\"https:\/\/gazetapernambucana.com\/\"},{\"@type\":\"ListItem\",\"position\":2,\"name\":\"Mais que palavras: Uma Charge de Carinho para Hildebrando Marques\"}]},{\"@type\":\"WebSite\",\"@id\":\"https:\/\/gazetapernambucana.com\/#website\",\"url\":\"https:\/\/gazetapernambucana.com\/\",\"name\":\"\",\"description\":\"\",\"potentialAction\":[{\"@type\":\"SearchAction\",\"target\":{\"@type\":\"EntryPoint\",\"urlTemplate\":\"https:\/\/gazetapernambucana.com\/?s={search_term_string}\"},\"query-input\":{\"@type\":\"PropertyValueSpecification\",\"valueRequired\":true,\"valueName\":\"search_term_string\"}}],\"inLanguage\":\"pt-BR\"},{\"@type\":\"Person\",\"@id\":\"https:\/\/gazetapernambucana.com\/#\/schema\/person\/188dc283325181ac2de4db1e9e987427\",\"name\":\"GP\",\"image\":{\"@type\":\"ImageObject\",\"inLanguage\":\"pt-BR\",\"@id\":\"https:\/\/gazetapernambucana.com\/#\/schema\/person\/image\/\",\"url\":\"https:\/\/secure.gravatar.com\/avatar\/9dad78ff9a2d8b5742d11779f8a3f53b052320c550b2e1907882353c067bb111?s=96&d=mm&r=g\",\"contentUrl\":\"https:\/\/secure.gravatar.com\/avatar\/9dad78ff9a2d8b5742d11779f8a3f53b052320c550b2e1907882353c067bb111?s=96&d=mm&r=g\",\"caption\":\"GP\"},\"sameAs\":[\"http:\/\/gazetapernambucana.com\"],\"url\":\"https:\/\/gazetapernambucana.com\/?author=1\"}]}<\/script>\n<!-- \/ Yoast SEO plugin. -->","yoast_head_json":{"title":"Mais que palavras: Uma Charge de Carinho para Hildebrando Marques -","robots":{"index":"index","follow":"follow","max-snippet":"max-snippet:-1","max-image-preview":"max-image-preview:large","max-video-preview":"max-video-preview:-1"},"canonical":"https:\/\/gazetapernambucana.com\/?p=1066","og_locale":"pt_BR","og_type":"article","og_title":"Mais que palavras: Uma Charge de Carinho para Hildebrando Marques -","og_description":"\u00a0 Depois da homenagem que publicamos em artigo no Blog do Fl\u00e1vio Chaves e no Jornal Gazeta Pernambucana, sentimos que ainda faltava algo. Faltava uma imagem, uma mem\u00f3ria desenhada que pudesse eternizar, de forma leve e po\u00e9tica, a chegada de Hildebrando Marques ao c\u00e9u. Por isso, com todo o nosso carinho, produzimos esta charge especial. [&hellip;]","og_url":"https:\/\/gazetapernambucana.com\/?p=1066","article_published_time":"2025-06-17T00:25:55+00:00","article_modified_time":"2025-06-17T20:47:36+00:00","og_image":[{"width":1024,"height":683,"url":"https:\/\/gazetapernambucana.com\/wp-content\/uploads\/2025\/06\/charge_hildebrando_credito_extra_grande-1024x683.png","type":"image\/png"}],"author":"GP","twitter_card":"summary_large_image","twitter_misc":{"Escrito por":"GP","Est. tempo de leitura":"2 minutos"},"schema":{"@context":"https:\/\/schema.org","@graph":[{"@type":"WebPage","@id":"https:\/\/gazetapernambucana.com\/?p=1066","url":"https:\/\/gazetapernambucana.com\/?p=1066","name":"Mais que palavras: Uma Charge de Carinho para Hildebrando Marques -","isPartOf":{"@id":"https:\/\/gazetapernambucana.com\/#website"},"primaryImageOfPage":{"@id":"https:\/\/gazetapernambucana.com\/?p=1066#primaryimage"},"image":{"@id":"https:\/\/gazetapernambucana.com\/?p=1066#primaryimage"},"thumbnailUrl":"https:\/\/gazetapernambucana.com\/wp-content\/uploads\/2025\/06\/charge_hildebrando_credito_extra_grande.png","datePublished":"2025-06-17T00:25:55+00:00","dateModified":"2025-06-17T20:47:36+00:00","author":{"@id":"https:\/\/gazetapernambucana.com\/#\/schema\/person\/188dc283325181ac2de4db1e9e987427"},"breadcrumb":{"@id":"https:\/\/gazetapernambucana.com\/?p=1066#breadcrumb"},"inLanguage":"pt-BR","potentialAction":[{"@type":"ReadAction","target":["https:\/\/gazetapernambucana.com\/?p=1066"]}]},{"@type":"ImageObject","inLanguage":"pt-BR","@id":"https:\/\/gazetapernambucana.com\/?p=1066#primaryimage","url":"https:\/\/gazetapernambucana.com\/wp-content\/uploads\/2025\/06\/charge_hildebrando_credito_extra_grande.png","contentUrl":"https:\/\/gazetapernambucana.com\/wp-content\/uploads\/2025\/06\/charge_hildebrando_credito_extra_grande.png","width":1536,"height":1024},{"@type":"BreadcrumbList","@id":"https:\/\/gazetapernambucana.com\/?p=1066#breadcrumb","itemListElement":[{"@type":"ListItem","position":1,"name":"In\u00edcio","item":"https:\/\/gazetapernambucana.com\/"},{"@type":"ListItem","position":2,"name":"Mais que palavras: Uma Charge de Carinho para Hildebrando Marques"}]},{"@type":"WebSite","@id":"https:\/\/gazetapernambucana.com\/#website","url":"https:\/\/gazetapernambucana.com\/","name":"","description":"","potentialAction":[{"@type":"SearchAction","target":{"@type":"EntryPoint","urlTemplate":"https:\/\/gazetapernambucana.com\/?s={search_term_string}"},"query-input":{"@type":"PropertyValueSpecification","valueRequired":true,"valueName":"search_term_string"}}],"inLanguage":"pt-BR"},{"@type":"Person","@id":"https:\/\/gazetapernambucana.com\/#\/schema\/person\/188dc283325181ac2de4db1e9e987427","name":"GP","image":{"@type":"ImageObject","inLanguage":"pt-BR","@id":"https:\/\/gazetapernambucana.com\/#\/schema\/person\/image\/","url":"https:\/\/secure.gravatar.com\/avatar\/9dad78ff9a2d8b5742d11779f8a3f53b052320c550b2e1907882353c067bb111?s=96&d=mm&r=g","contentUrl":"https:\/\/secure.gravatar.com\/avatar\/9dad78ff9a2d8b5742d11779f8a3f53b052320c550b2e1907882353c067bb111?s=96&d=mm&r=g","caption":"GP"},"sameAs":["http:\/\/gazetapernambucana.com"],"url":"https:\/\/gazetapernambucana.com\/?author=1"}]}},"jetpack_publicize_connections":[],"_links":{"self":[{"href":"https:\/\/gazetapernambucana.com\/index.php?rest_route=\/wp\/v2\/posts\/1066","targetHints":{"allow":["GET"]}}],"collection":[{"href":"https:\/\/gazetapernambucana.com\/index.php?rest_route=\/wp\/v2\/posts"}],"about":[{"href":"https:\/\/gazetapernambucana.com\/index.php?rest_route=\/wp\/v2\/types\/post"}],"author":[{"embeddable":true,"href":"https:\/\/gazetapernambucana.com\/index.php?rest_route=\/wp\/v2\/users\/1"}],"replies":[{"embeddable":true,"href":"https:\/\/gazetapernambucana.com\/index.php?rest_route=%2Fwp%2Fv2%2Fcomments&post=1066"}],"version-history":[{"count":3,"href":"https:\/\/gazetapernambucana.com\/index.php?rest_route=\/wp\/v2\/posts\/1066\/revisions"}],"predecessor-version":[{"id":1075,"href":"https:\/\/gazetapernambucana.com\/index.php?rest_route=\/wp\/v2\/posts\/1066\/revisions\/1075"}],"wp:featuredmedia":[{"embeddable":true,"href":"https:\/\/gazetapernambucana.com\/index.php?rest_route=\/wp\/v2\/media\/1073"}],"wp:attachment":[{"href":"https:\/\/gazetapernambucana.com\/index.php?rest_route=%2Fwp%2Fv2%2Fmedia&parent=1066"}],"wp:term":[{"taxonomy":"category","embeddable":true,"href":"https:\/\/gazetapernambucana.com\/index.php?rest_route=%2Fwp%2Fv2%2Fcategories&post=1066"},{"taxonomy":"post_tag","embeddable":true,"href":"https:\/\/gazetapernambucana.com\/index.php?rest_route=%2Fwp%2Fv2%2Ftags&post=1066"}],"curies":[{"name":"wp","href":"https:\/\/api.w.org\/{rel}","templated":true}]}}