{"id":1060,"date":"2025-06-13T14:57:37","date_gmt":"2025-06-13T17:57:37","guid":{"rendered":"https:\/\/gazetapernambucana.com\/?p=1060"},"modified":"2025-06-13T14:57:37","modified_gmt":"2025-06-13T17:57:37","slug":"quando-a-vida-e-feita-de-destino-mesmo-sem-viagens-marcadas-por-flavio-chaves","status":"publish","type":"post","link":"https:\/\/gazetapernambucana.com\/?p=1060","title":{"rendered":"Quando a vida \u00e9 feita de destino, mesmo sem viagens marcadas. Por Fl\u00e1vio Chaves"},"content":{"rendered":"<p data-start=\"389\" data-end=\"745\"><img loading=\"lazy\" decoding=\"async\" class=\"alignnone size-medium wp-image-174008\" src=\"https:\/\/flaviochaves.com.br\/wp-content\/uploads\/2025\/06\/download-37-1-300x191.jpeg\" alt=\"\" width=\"300\" height=\"191\" \/>\u00a0 \u00a0 \u00a0 <strong>Por Fl\u00e1vio Chaves \u2013 Jornalista, poeta, escritor e membro da Academia Pernambucana de Letras. Foi Delegado Federal\/Minc<\/strong>\u00a0 &#8211;\u00a0 \u00a0H\u00e1 quem s\u00f3 se sinta vivo com passagem em m\u00e3os, itiner\u00e1rio na ponta da l\u00edngua, malas feitas com meses de anteced\u00eancia. Precisa do bilhete, do hotel reservado, do nome da cidade escrito com letras mai\u00fasculas no calend\u00e1rio. Vive esperando a viagem como se ela fosse a \u00fanica forma de se mover.<\/p>\n<p data-start=\"568\" data-end=\"792\">Mas h\u00e1 outros. H\u00e1 os que carregam o mundo nos bolsos e o destino nos olhos. N\u00e3o t\u00eam data de embarque, mas j\u00e1 est\u00e3o em tr\u00e2nsito. Acordam com a sensa\u00e7\u00e3o de que h\u00e1 algo por vir, mesmo que nada esteja marcado. E isso lhes basta.<\/p>\n<p data-start=\"794\" data-end=\"862\">S\u00e3o esses que desenham a vida com destino, mesmo sem viagem marcada.<\/p>\n<p data-start=\"864\" data-end=\"1115\">Eles sonham de olhos abertos. Inventam ruas dentro da mente. Conversam com desconhecidos que ainda n\u00e3o encontraram. Carregam dentro do peito um mapa que s\u00f3 eles sabem ler, tra\u00e7ado n\u00e3o por rotas oficiais, mas por intui\u00e7\u00f5es, aus\u00eancias, vontades e dores.<\/p>\n<p data-start=\"1117\" data-end=\"1367\">Vivem como se estivessem sempre de partida. E est\u00e3o. Mesmo sentados \u00e0 mesa, mesmo presos ao mesmo bairro, ao mesmo trabalho, ao mesmo espelho. Est\u00e3o sempre indo. Porque partir, para eles, n\u00e3o \u00e9 mudar de cidade, \u00e9 n\u00e3o aceitar que a alma fique parada.<\/p>\n<p data-start=\"1369\" data-end=\"1689\">Eles n\u00e3o t\u00eam asas, mas vivem voando. N\u00e3o t\u00eam passaporte, mas atravessam fronteiras que o mundo ainda n\u00e3o nomeou. S\u00e3o errantes de um sil\u00eancio pr\u00f3prio. E por isso, inquietam. Porque quem vive sem destino assusta. Mas quem vive feito de destino, mesmo sem viagem marcada, desarma os mapas e incendeia as rotas do mundo.<\/p>\n<p data-start=\"1691\" data-end=\"1918\">Essas pessoas n\u00e3o fogem \u2014 elas procuram. N\u00e3o se perdem, se reinventam. N\u00e3o se acomodam, porque sabem que todo amor verdadeiro \u00e9 tamb\u00e9m uma forma de viagem. E todo dia \u00e9 um bilhete em branco, prestes a ser escrito com coragem.<\/p>\n<p data-start=\"1920\" data-end=\"2193\">Talvez por isso, quando a vida parece estagnada, s\u00e3o elas que mant\u00eam o ar em movimento. S\u00e3o elas que trazem o sopro, o gesto, o impulso. S\u00e3o elas que acordam antes do sol s\u00f3 para lembrar ao mundo que viver n\u00e3o \u00e9 esperar que algo aconte\u00e7a, \u00e9 acontecer primeiro, por dentro.<\/p>\n<p data-start=\"2195\" data-end=\"2376\">E mesmo quando tudo parece parado, elas seguem. Porque aprenderam que o destino n\u00e3o \u00e9 um lugar: \u00e9 uma decis\u00e3o. E que a viagem mais verdadeira n\u00e3o come\u00e7a na estrada, come\u00e7a na alma.<\/p>\n","protected":false},"excerpt":{"rendered":"<p>\u00a0 \u00a0 \u00a0 Por Fl\u00e1vio Chaves \u2013 Jornalista, poeta, escritor e membro da Academia Pernambucana de Letras. Foi Delegado Federal\/Minc\u00a0 &#8211;\u00a0 \u00a0H\u00e1 quem s\u00f3 se sinta vivo com passagem em m\u00e3os, itiner\u00e1rio na ponta da l\u00edngua, malas feitas com meses de anteced\u00eancia. Precisa do bilhete, do hotel reservado, do nome da cidade escrito com letras [&hellip;]<\/p>\n","protected":false},"author":1,"featured_media":1008,"comment_status":"open","ping_status":"open","sticky":false,"template":"","format":"standard","meta":{"footnotes":"","jetpack_publicize_message":"","jetpack_publicize_feature_enabled":true,"jetpack_social_post_already_shared":false,"jetpack_social_options":{"image_generator_settings":{"template":"highway","default_image_id":0,"font":"","enabled":false},"version":2}},"categories":[35,46,76],"tags":[],"class_list":["post-1060","post","type-post","status-publish","format-standard","has-post-thumbnail","hentry","category-https-gazetapernambucana-com-page_id218","category-literatura","category-opiniao"],"yoast_head":"<!-- This site is optimized with the Yoast SEO plugin v24.5 - https:\/\/yoast.com\/wordpress\/plugins\/seo\/ -->\n<title>Quando a vida \u00e9 feita de destino, mesmo sem viagens marcadas. Por Fl\u00e1vio Chaves -<\/title>\n<meta name=\"robots\" content=\"index, follow, max-snippet:-1, max-image-preview:large, max-video-preview:-1\" \/>\n<link rel=\"canonical\" href=\"https:\/\/gazetapernambucana.com\/?p=1060\" \/>\n<meta property=\"og:locale\" content=\"pt_BR\" \/>\n<meta property=\"og:type\" content=\"article\" \/>\n<meta property=\"og:title\" content=\"Quando a vida \u00e9 feita de destino, mesmo sem viagens marcadas. Por Fl\u00e1vio Chaves -\" \/>\n<meta property=\"og:description\" content=\"\u00a0 \u00a0 \u00a0 Por Fl\u00e1vio Chaves \u2013 Jornalista, poeta, escritor e membro da Academia Pernambucana de Letras. Foi Delegado Federal\/Minc\u00a0 &#8211;\u00a0 \u00a0H\u00e1 quem s\u00f3 se sinta vivo com passagem em m\u00e3os, itiner\u00e1rio na ponta da l\u00edngua, malas feitas com meses de anteced\u00eancia. Precisa do bilhete, do hotel reservado, do nome da cidade escrito com letras [&hellip;]\" \/>\n<meta property=\"og:url\" content=\"https:\/\/gazetapernambucana.com\/?p=1060\" \/>\n<meta property=\"article:published_time\" content=\"2025-06-13T17:57:37+00:00\" \/>\n<meta property=\"og:image\" content=\"https:\/\/gazetapernambucana.com\/wp-content\/uploads\/2025\/06\/download-37.jpeg\" \/>\n\t<meta property=\"og:image:width\" content=\"362\" \/>\n\t<meta property=\"og:image:height\" content=\"230\" \/>\n\t<meta property=\"og:image:type\" content=\"image\/jpeg\" \/>\n<meta name=\"author\" content=\"GP\" \/>\n<meta name=\"twitter:card\" content=\"summary_large_image\" \/>\n<meta name=\"twitter:label1\" content=\"Escrito por\" \/>\n\t<meta name=\"twitter:data1\" content=\"GP\" \/>\n\t<meta name=\"twitter:label2\" content=\"Est. tempo de leitura\" \/>\n\t<meta name=\"twitter:data2\" content=\"3 minutos\" \/>\n<script type=\"application\/ld+json\" class=\"yoast-schema-graph\">{\"@context\":\"https:\/\/schema.org\",\"@graph\":[{\"@type\":\"WebPage\",\"@id\":\"https:\/\/gazetapernambucana.com\/?p=1060\",\"url\":\"https:\/\/gazetapernambucana.com\/?p=1060\",\"name\":\"Quando a vida \u00e9 feita de destino, mesmo sem viagens marcadas. Por Fl\u00e1vio Chaves -\",\"isPartOf\":{\"@id\":\"https:\/\/gazetapernambucana.com\/#website\"},\"primaryImageOfPage\":{\"@id\":\"https:\/\/gazetapernambucana.com\/?p=1060#primaryimage\"},\"image\":{\"@id\":\"https:\/\/gazetapernambucana.com\/?p=1060#primaryimage\"},\"thumbnailUrl\":\"https:\/\/gazetapernambucana.com\/wp-content\/uploads\/2025\/06\/download-37.jpeg\",\"datePublished\":\"2025-06-13T17:57:37+00:00\",\"author\":{\"@id\":\"https:\/\/gazetapernambucana.com\/#\/schema\/person\/188dc283325181ac2de4db1e9e987427\"},\"breadcrumb\":{\"@id\":\"https:\/\/gazetapernambucana.com\/?p=1060#breadcrumb\"},\"inLanguage\":\"pt-BR\",\"potentialAction\":[{\"@type\":\"ReadAction\",\"target\":[\"https:\/\/gazetapernambucana.com\/?p=1060\"]}]},{\"@type\":\"ImageObject\",\"inLanguage\":\"pt-BR\",\"@id\":\"https:\/\/gazetapernambucana.com\/?p=1060#primaryimage\",\"url\":\"https:\/\/gazetapernambucana.com\/wp-content\/uploads\/2025\/06\/download-37.jpeg\",\"contentUrl\":\"https:\/\/gazetapernambucana.com\/wp-content\/uploads\/2025\/06\/download-37.jpeg\",\"width\":362,\"height\":230},{\"@type\":\"BreadcrumbList\",\"@id\":\"https:\/\/gazetapernambucana.com\/?p=1060#breadcrumb\",\"itemListElement\":[{\"@type\":\"ListItem\",\"position\":1,\"name\":\"In\u00edcio\",\"item\":\"https:\/\/gazetapernambucana.com\/\"},{\"@type\":\"ListItem\",\"position\":2,\"name\":\"Quando a vida \u00e9 feita de destino, mesmo sem viagens marcadas. Por Fl\u00e1vio Chaves\"}]},{\"@type\":\"WebSite\",\"@id\":\"https:\/\/gazetapernambucana.com\/#website\",\"url\":\"https:\/\/gazetapernambucana.com\/\",\"name\":\"\",\"description\":\"\",\"potentialAction\":[{\"@type\":\"SearchAction\",\"target\":{\"@type\":\"EntryPoint\",\"urlTemplate\":\"https:\/\/gazetapernambucana.com\/?s={search_term_string}\"},\"query-input\":{\"@type\":\"PropertyValueSpecification\",\"valueRequired\":true,\"valueName\":\"search_term_string\"}}],\"inLanguage\":\"pt-BR\"},{\"@type\":\"Person\",\"@id\":\"https:\/\/gazetapernambucana.com\/#\/schema\/person\/188dc283325181ac2de4db1e9e987427\",\"name\":\"GP\",\"image\":{\"@type\":\"ImageObject\",\"inLanguage\":\"pt-BR\",\"@id\":\"https:\/\/gazetapernambucana.com\/#\/schema\/person\/image\/\",\"url\":\"https:\/\/secure.gravatar.com\/avatar\/9dad78ff9a2d8b5742d11779f8a3f53b052320c550b2e1907882353c067bb111?s=96&d=mm&r=g\",\"contentUrl\":\"https:\/\/secure.gravatar.com\/avatar\/9dad78ff9a2d8b5742d11779f8a3f53b052320c550b2e1907882353c067bb111?s=96&d=mm&r=g\",\"caption\":\"GP\"},\"sameAs\":[\"http:\/\/gazetapernambucana.com\"],\"url\":\"https:\/\/gazetapernambucana.com\/?author=1\"}]}<\/script>\n<!-- \/ Yoast SEO plugin. -->","yoast_head_json":{"title":"Quando a vida \u00e9 feita de destino, mesmo sem viagens marcadas. Por Fl\u00e1vio Chaves -","robots":{"index":"index","follow":"follow","max-snippet":"max-snippet:-1","max-image-preview":"max-image-preview:large","max-video-preview":"max-video-preview:-1"},"canonical":"https:\/\/gazetapernambucana.com\/?p=1060","og_locale":"pt_BR","og_type":"article","og_title":"Quando a vida \u00e9 feita de destino, mesmo sem viagens marcadas. Por Fl\u00e1vio Chaves -","og_description":"\u00a0 \u00a0 \u00a0 Por Fl\u00e1vio Chaves \u2013 Jornalista, poeta, escritor e membro da Academia Pernambucana de Letras. Foi Delegado Federal\/Minc\u00a0 &#8211;\u00a0 \u00a0H\u00e1 quem s\u00f3 se sinta vivo com passagem em m\u00e3os, itiner\u00e1rio na ponta da l\u00edngua, malas feitas com meses de anteced\u00eancia. Precisa do bilhete, do hotel reservado, do nome da cidade escrito com letras [&hellip;]","og_url":"https:\/\/gazetapernambucana.com\/?p=1060","article_published_time":"2025-06-13T17:57:37+00:00","og_image":[{"width":362,"height":230,"url":"https:\/\/gazetapernambucana.com\/wp-content\/uploads\/2025\/06\/download-37.jpeg","type":"image\/jpeg"}],"author":"GP","twitter_card":"summary_large_image","twitter_misc":{"Escrito por":"GP","Est. tempo de leitura":"3 minutos"},"schema":{"@context":"https:\/\/schema.org","@graph":[{"@type":"WebPage","@id":"https:\/\/gazetapernambucana.com\/?p=1060","url":"https:\/\/gazetapernambucana.com\/?p=1060","name":"Quando a vida \u00e9 feita de destino, mesmo sem viagens marcadas. Por Fl\u00e1vio Chaves -","isPartOf":{"@id":"https:\/\/gazetapernambucana.com\/#website"},"primaryImageOfPage":{"@id":"https:\/\/gazetapernambucana.com\/?p=1060#primaryimage"},"image":{"@id":"https:\/\/gazetapernambucana.com\/?p=1060#primaryimage"},"thumbnailUrl":"https:\/\/gazetapernambucana.com\/wp-content\/uploads\/2025\/06\/download-37.jpeg","datePublished":"2025-06-13T17:57:37+00:00","author":{"@id":"https:\/\/gazetapernambucana.com\/#\/schema\/person\/188dc283325181ac2de4db1e9e987427"},"breadcrumb":{"@id":"https:\/\/gazetapernambucana.com\/?p=1060#breadcrumb"},"inLanguage":"pt-BR","potentialAction":[{"@type":"ReadAction","target":["https:\/\/gazetapernambucana.com\/?p=1060"]}]},{"@type":"ImageObject","inLanguage":"pt-BR","@id":"https:\/\/gazetapernambucana.com\/?p=1060#primaryimage","url":"https:\/\/gazetapernambucana.com\/wp-content\/uploads\/2025\/06\/download-37.jpeg","contentUrl":"https:\/\/gazetapernambucana.com\/wp-content\/uploads\/2025\/06\/download-37.jpeg","width":362,"height":230},{"@type":"BreadcrumbList","@id":"https:\/\/gazetapernambucana.com\/?p=1060#breadcrumb","itemListElement":[{"@type":"ListItem","position":1,"name":"In\u00edcio","item":"https:\/\/gazetapernambucana.com\/"},{"@type":"ListItem","position":2,"name":"Quando a vida \u00e9 feita de destino, mesmo sem viagens marcadas. Por Fl\u00e1vio Chaves"}]},{"@type":"WebSite","@id":"https:\/\/gazetapernambucana.com\/#website","url":"https:\/\/gazetapernambucana.com\/","name":"","description":"","potentialAction":[{"@type":"SearchAction","target":{"@type":"EntryPoint","urlTemplate":"https:\/\/gazetapernambucana.com\/?s={search_term_string}"},"query-input":{"@type":"PropertyValueSpecification","valueRequired":true,"valueName":"search_term_string"}}],"inLanguage":"pt-BR"},{"@type":"Person","@id":"https:\/\/gazetapernambucana.com\/#\/schema\/person\/188dc283325181ac2de4db1e9e987427","name":"GP","image":{"@type":"ImageObject","inLanguage":"pt-BR","@id":"https:\/\/gazetapernambucana.com\/#\/schema\/person\/image\/","url":"https:\/\/secure.gravatar.com\/avatar\/9dad78ff9a2d8b5742d11779f8a3f53b052320c550b2e1907882353c067bb111?s=96&d=mm&r=g","contentUrl":"https:\/\/secure.gravatar.com\/avatar\/9dad78ff9a2d8b5742d11779f8a3f53b052320c550b2e1907882353c067bb111?s=96&d=mm&r=g","caption":"GP"},"sameAs":["http:\/\/gazetapernambucana.com"],"url":"https:\/\/gazetapernambucana.com\/?author=1"}]}},"jetpack_publicize_connections":[],"_links":{"self":[{"href":"https:\/\/gazetapernambucana.com\/index.php?rest_route=\/wp\/v2\/posts\/1060","targetHints":{"allow":["GET"]}}],"collection":[{"href":"https:\/\/gazetapernambucana.com\/index.php?rest_route=\/wp\/v2\/posts"}],"about":[{"href":"https:\/\/gazetapernambucana.com\/index.php?rest_route=\/wp\/v2\/types\/post"}],"author":[{"embeddable":true,"href":"https:\/\/gazetapernambucana.com\/index.php?rest_route=\/wp\/v2\/users\/1"}],"replies":[{"embeddable":true,"href":"https:\/\/gazetapernambucana.com\/index.php?rest_route=%2Fwp%2Fv2%2Fcomments&post=1060"}],"version-history":[{"count":1,"href":"https:\/\/gazetapernambucana.com\/index.php?rest_route=\/wp\/v2\/posts\/1060\/revisions"}],"predecessor-version":[{"id":1061,"href":"https:\/\/gazetapernambucana.com\/index.php?rest_route=\/wp\/v2\/posts\/1060\/revisions\/1061"}],"wp:featuredmedia":[{"embeddable":true,"href":"https:\/\/gazetapernambucana.com\/index.php?rest_route=\/wp\/v2\/media\/1008"}],"wp:attachment":[{"href":"https:\/\/gazetapernambucana.com\/index.php?rest_route=%2Fwp%2Fv2%2Fmedia&parent=1060"}],"wp:term":[{"taxonomy":"category","embeddable":true,"href":"https:\/\/gazetapernambucana.com\/index.php?rest_route=%2Fwp%2Fv2%2Fcategories&post=1060"},{"taxonomy":"post_tag","embeddable":true,"href":"https:\/\/gazetapernambucana.com\/index.php?rest_route=%2Fwp%2Fv2%2Ftags&post=1060"}],"curies":[{"name":"wp","href":"https:\/\/api.w.org\/{rel}","templated":true}]}}