{"id":1041,"date":"2025-06-10T20:31:47","date_gmt":"2025-06-10T23:31:47","guid":{"rendered":"https:\/\/gazetapernambucana.com\/?p=1041"},"modified":"2025-06-10T20:31:47","modified_gmt":"2025-06-10T23:31:47","slug":"petrolina-celebra-a-musica-nordestina-no-concerto-santa-sanfona","status":"publish","type":"post","link":"https:\/\/gazetapernambucana.com\/?p=1041","title":{"rendered":"Petrolina celebra a m\u00fasica nordestina no Concerto Santa Sanfona"},"content":{"rendered":"<div><a href=\"https:\/\/blogpontodevista.com\/petrolina-celebra-a-musica-nordestina-no-concerto-santa-sanfona\/img_7512\/\" rel=\"attachment wp-att-158029\"><img loading=\"lazy\" decoding=\"async\" class=\"aligncenter size-full wp-image-158029\" src=\"https:\/\/i0.wp.com\/blogpontodevista.com\/wp-content\/uploads\/2025\/06\/IMG_7512.jpeg?resize=880%2C586&amp;ssl=1\" sizes=\"auto, (max-width: 880px) 100vw, 880px\" srcset=\"https:\/\/i0.wp.com\/blogpontodevista.com\/wp-content\/uploads\/2025\/06\/IMG_7512.jpeg?w=1600&amp;ssl=1 1600w, https:\/\/i0.wp.com\/blogpontodevista.com\/wp-content\/uploads\/2025\/06\/IMG_7512.jpeg?resize=300%2C200&amp;ssl=1 300w, https:\/\/i0.wp.com\/blogpontodevista.com\/wp-content\/uploads\/2025\/06\/IMG_7512.jpeg?resize=1024%2C682&amp;ssl=1 1024w, https:\/\/i0.wp.com\/blogpontodevista.com\/wp-content\/uploads\/2025\/06\/IMG_7512.jpeg?resize=768%2C512&amp;ssl=1 768w, https:\/\/i0.wp.com\/blogpontodevista.com\/wp-content\/uploads\/2025\/06\/IMG_7512.jpeg?resize=1536%2C1023&amp;ssl=1 1536w, https:\/\/i0.wp.com\/blogpontodevista.com\/wp-content\/uploads\/2025\/06\/IMG_7512.jpeg?resize=600%2C400&amp;ssl=1 600w\" alt=\"\" width=\"880\" height=\"586\" data-recalc-dims=\"1\" \/><\/a><\/div>\n<div><\/div>\n<div data-originalfontsize=\"11pt\" data-originalcomputedfontsize=\"14.666667\">A noite dessa segunda-feira (9) foi marcada por mais um evento que comp\u00f5e o Ciclo Junino de Petrolina, o Concerto Santa Sanfona. Conduzido pela Philarm\u00f4nica 21 de Setembro, a apresenta\u00e7\u00e3o fez uma emocionante homenagem a S\u00e9rgio do Forr\u00f3, um dos mais ic\u00f4nicos sanfoneiros e compositores da regi\u00e3o. O evento foi realizado pela Prefeitura, atrav\u00e9s da Secretaria Executiva de Cultura, em parceria com a Funda\u00e7\u00e3o Nilo Coelho. Foi uma noite cheia de arranjos eruditos e populares, que levaram ao palco o melhor do forr\u00f3 e a ess\u00eancia da cultura regional.<\/div>\n<div><\/div>\n<div data-originalfontsize=\"11pt\" data-originalcomputedfontsize=\"14.666667\">O concerto que reuniu um elenco de peso, iniciou a apresenta\u00e7\u00e3o com uma prociss\u00e3o compostas pelos m\u00fasicos da Philarm\u00f4nica 21 de Setembro, dos convidados e da atriz Ana Vicente, que declamou um poema chamado Santa Safona, do poeta Jo\u00e3o Gilberto Guimar\u00e3es. O Concerto contou com a participa\u00e7\u00e3o especial de S\u00e9rgio do Forr\u00f3 e dos sanfoneiros Keu Dantas, Elisson Castro e Ad\u00e3ozinho de Rajada. Com um repert\u00f3rio recheado de cl\u00e1ssicos do forr\u00f3, a apresenta\u00e7\u00e3o encantou o p\u00fablico ao mesclar a tradi\u00e7\u00e3o e os toques inovadores, proporcionando uma experi\u00eancia \u00fanica e emocionante.O cantor S\u00e9rgio do Forr\u00f3 tamb\u00e9m expressou sua gratid\u00e3o pela homenagem. \u201c<em><strong>\u00c9 uma honra estar no palco com tantos talentos. Agrade\u00e7o a todos que vieram e contribu\u00edram para manter a chama do forr\u00f3 p\u00e9 de serra acesa em nossos cora\u00e7\u00f5es. Estou muito emocionado em comemorar e celebrar a cultura nordestina que tanto amamos\u201d<\/strong><\/em>, afirmou o cantor. A programa\u00e7\u00e3o cultural continua nesta ter\u00e7a-feira (10), na Concha Ac\u00fastica, com o Concurso de Sanfoneiros, a partir das 19h.<\/p>\n<\/div>\n","protected":false},"excerpt":{"rendered":"<p>A noite dessa segunda-feira (9) foi marcada por mais um evento que comp\u00f5e o Ciclo Junino de Petrolina, o Concerto Santa Sanfona. Conduzido pela Philarm\u00f4nica 21 de Setembro, a apresenta\u00e7\u00e3o fez uma emocionante homenagem a S\u00e9rgio do Forr\u00f3, um dos mais ic\u00f4nicos sanfoneiros e compositores da regi\u00e3o. O evento foi realizado pela Prefeitura, atrav\u00e9s da [&hellip;]<\/p>\n","protected":false},"author":1,"featured_media":1042,"comment_status":"open","ping_status":"open","sticky":false,"template":"","format":"standard","meta":{"footnotes":"","jetpack_publicize_message":"","jetpack_publicize_feature_enabled":true,"jetpack_social_post_already_shared":false,"jetpack_social_options":{"image_generator_settings":{"template":"highway","default_image_id":0,"font":"","enabled":false},"version":2}},"categories":[1],"tags":[],"class_list":["post-1041","post","type-post","status-publish","format-standard","has-post-thumbnail","hentry","category-https-gazetapernambucana-com-page_id225"],"yoast_head":"<!-- This site is optimized with the Yoast SEO plugin v24.5 - https:\/\/yoast.com\/wordpress\/plugins\/seo\/ -->\n<title>Petrolina celebra a m\u00fasica nordestina no Concerto Santa Sanfona -<\/title>\n<meta name=\"robots\" content=\"index, follow, max-snippet:-1, max-image-preview:large, max-video-preview:-1\" \/>\n<link rel=\"canonical\" href=\"https:\/\/gazetapernambucana.com\/?p=1041\" \/>\n<meta property=\"og:locale\" content=\"pt_BR\" \/>\n<meta property=\"og:type\" content=\"article\" \/>\n<meta property=\"og:title\" content=\"Petrolina celebra a m\u00fasica nordestina no Concerto Santa Sanfona -\" \/>\n<meta property=\"og:description\" content=\"A noite dessa segunda-feira (9) foi marcada por mais um evento que comp\u00f5e o Ciclo Junino de Petrolina, o Concerto Santa Sanfona. Conduzido pela Philarm\u00f4nica 21 de Setembro, a apresenta\u00e7\u00e3o fez uma emocionante homenagem a S\u00e9rgio do Forr\u00f3, um dos mais ic\u00f4nicos sanfoneiros e compositores da regi\u00e3o. O evento foi realizado pela Prefeitura, atrav\u00e9s da [&hellip;]\" \/>\n<meta property=\"og:url\" content=\"https:\/\/gazetapernambucana.com\/?p=1041\" \/>\n<meta property=\"article:published_time\" content=\"2025-06-10T23:31:47+00:00\" \/>\n<meta property=\"og:image\" content=\"https:\/\/gazetapernambucana.com\/wp-content\/uploads\/2025\/06\/IMG_7512.webp\" \/>\n\t<meta property=\"og:image:width\" content=\"1536\" \/>\n\t<meta property=\"og:image:height\" content=\"1023\" \/>\n\t<meta property=\"og:image:type\" content=\"image\/webp\" \/>\n<meta name=\"author\" content=\"GP\" \/>\n<meta name=\"twitter:card\" content=\"summary_large_image\" \/>\n<meta name=\"twitter:label1\" content=\"Escrito por\" \/>\n\t<meta name=\"twitter:data1\" content=\"GP\" \/>\n\t<meta name=\"twitter:label2\" content=\"Est. tempo de leitura\" \/>\n\t<meta name=\"twitter:data2\" content=\"2 minutos\" \/>\n<script type=\"application\/ld+json\" class=\"yoast-schema-graph\">{\"@context\":\"https:\/\/schema.org\",\"@graph\":[{\"@type\":\"WebPage\",\"@id\":\"https:\/\/gazetapernambucana.com\/?p=1041\",\"url\":\"https:\/\/gazetapernambucana.com\/?p=1041\",\"name\":\"Petrolina celebra a m\u00fasica nordestina no Concerto Santa Sanfona -\",\"isPartOf\":{\"@id\":\"https:\/\/gazetapernambucana.com\/#website\"},\"primaryImageOfPage\":{\"@id\":\"https:\/\/gazetapernambucana.com\/?p=1041#primaryimage\"},\"image\":{\"@id\":\"https:\/\/gazetapernambucana.com\/?p=1041#primaryimage\"},\"thumbnailUrl\":\"https:\/\/gazetapernambucana.com\/wp-content\/uploads\/2025\/06\/IMG_7512.webp\",\"datePublished\":\"2025-06-10T23:31:47+00:00\",\"author\":{\"@id\":\"https:\/\/gazetapernambucana.com\/#\/schema\/person\/188dc283325181ac2de4db1e9e987427\"},\"breadcrumb\":{\"@id\":\"https:\/\/gazetapernambucana.com\/?p=1041#breadcrumb\"},\"inLanguage\":\"pt-BR\",\"potentialAction\":[{\"@type\":\"ReadAction\",\"target\":[\"https:\/\/gazetapernambucana.com\/?p=1041\"]}]},{\"@type\":\"ImageObject\",\"inLanguage\":\"pt-BR\",\"@id\":\"https:\/\/gazetapernambucana.com\/?p=1041#primaryimage\",\"url\":\"https:\/\/gazetapernambucana.com\/wp-content\/uploads\/2025\/06\/IMG_7512.webp\",\"contentUrl\":\"https:\/\/gazetapernambucana.com\/wp-content\/uploads\/2025\/06\/IMG_7512.webp\",\"width\":1536,\"height\":1023},{\"@type\":\"BreadcrumbList\",\"@id\":\"https:\/\/gazetapernambucana.com\/?p=1041#breadcrumb\",\"itemListElement\":[{\"@type\":\"ListItem\",\"position\":1,\"name\":\"In\u00edcio\",\"item\":\"https:\/\/gazetapernambucana.com\/\"},{\"@type\":\"ListItem\",\"position\":2,\"name\":\"Petrolina celebra a m\u00fasica nordestina no Concerto Santa Sanfona\"}]},{\"@type\":\"WebSite\",\"@id\":\"https:\/\/gazetapernambucana.com\/#website\",\"url\":\"https:\/\/gazetapernambucana.com\/\",\"name\":\"\",\"description\":\"\",\"potentialAction\":[{\"@type\":\"SearchAction\",\"target\":{\"@type\":\"EntryPoint\",\"urlTemplate\":\"https:\/\/gazetapernambucana.com\/?s={search_term_string}\"},\"query-input\":{\"@type\":\"PropertyValueSpecification\",\"valueRequired\":true,\"valueName\":\"search_term_string\"}}],\"inLanguage\":\"pt-BR\"},{\"@type\":\"Person\",\"@id\":\"https:\/\/gazetapernambucana.com\/#\/schema\/person\/188dc283325181ac2de4db1e9e987427\",\"name\":\"GP\",\"image\":{\"@type\":\"ImageObject\",\"inLanguage\":\"pt-BR\",\"@id\":\"https:\/\/gazetapernambucana.com\/#\/schema\/person\/image\/\",\"url\":\"https:\/\/secure.gravatar.com\/avatar\/9dad78ff9a2d8b5742d11779f8a3f53b052320c550b2e1907882353c067bb111?s=96&d=mm&r=g\",\"contentUrl\":\"https:\/\/secure.gravatar.com\/avatar\/9dad78ff9a2d8b5742d11779f8a3f53b052320c550b2e1907882353c067bb111?s=96&d=mm&r=g\",\"caption\":\"GP\"},\"sameAs\":[\"http:\/\/gazetapernambucana.com\"],\"url\":\"https:\/\/gazetapernambucana.com\/?author=1\"}]}<\/script>\n<!-- \/ Yoast SEO plugin. -->","yoast_head_json":{"title":"Petrolina celebra a m\u00fasica nordestina no Concerto Santa Sanfona -","robots":{"index":"index","follow":"follow","max-snippet":"max-snippet:-1","max-image-preview":"max-image-preview:large","max-video-preview":"max-video-preview:-1"},"canonical":"https:\/\/gazetapernambucana.com\/?p=1041","og_locale":"pt_BR","og_type":"article","og_title":"Petrolina celebra a m\u00fasica nordestina no Concerto Santa Sanfona -","og_description":"A noite dessa segunda-feira (9) foi marcada por mais um evento que comp\u00f5e o Ciclo Junino de Petrolina, o Concerto Santa Sanfona. Conduzido pela Philarm\u00f4nica 21 de Setembro, a apresenta\u00e7\u00e3o fez uma emocionante homenagem a S\u00e9rgio do Forr\u00f3, um dos mais ic\u00f4nicos sanfoneiros e compositores da regi\u00e3o. O evento foi realizado pela Prefeitura, atrav\u00e9s da [&hellip;]","og_url":"https:\/\/gazetapernambucana.com\/?p=1041","article_published_time":"2025-06-10T23:31:47+00:00","og_image":[{"width":1536,"height":1023,"url":"https:\/\/gazetapernambucana.com\/wp-content\/uploads\/2025\/06\/IMG_7512.webp","type":"image\/webp"}],"author":"GP","twitter_card":"summary_large_image","twitter_misc":{"Escrito por":"GP","Est. tempo de leitura":"2 minutos"},"schema":{"@context":"https:\/\/schema.org","@graph":[{"@type":"WebPage","@id":"https:\/\/gazetapernambucana.com\/?p=1041","url":"https:\/\/gazetapernambucana.com\/?p=1041","name":"Petrolina celebra a m\u00fasica nordestina no Concerto Santa Sanfona -","isPartOf":{"@id":"https:\/\/gazetapernambucana.com\/#website"},"primaryImageOfPage":{"@id":"https:\/\/gazetapernambucana.com\/?p=1041#primaryimage"},"image":{"@id":"https:\/\/gazetapernambucana.com\/?p=1041#primaryimage"},"thumbnailUrl":"https:\/\/gazetapernambucana.com\/wp-content\/uploads\/2025\/06\/IMG_7512.webp","datePublished":"2025-06-10T23:31:47+00:00","author":{"@id":"https:\/\/gazetapernambucana.com\/#\/schema\/person\/188dc283325181ac2de4db1e9e987427"},"breadcrumb":{"@id":"https:\/\/gazetapernambucana.com\/?p=1041#breadcrumb"},"inLanguage":"pt-BR","potentialAction":[{"@type":"ReadAction","target":["https:\/\/gazetapernambucana.com\/?p=1041"]}]},{"@type":"ImageObject","inLanguage":"pt-BR","@id":"https:\/\/gazetapernambucana.com\/?p=1041#primaryimage","url":"https:\/\/gazetapernambucana.com\/wp-content\/uploads\/2025\/06\/IMG_7512.webp","contentUrl":"https:\/\/gazetapernambucana.com\/wp-content\/uploads\/2025\/06\/IMG_7512.webp","width":1536,"height":1023},{"@type":"BreadcrumbList","@id":"https:\/\/gazetapernambucana.com\/?p=1041#breadcrumb","itemListElement":[{"@type":"ListItem","position":1,"name":"In\u00edcio","item":"https:\/\/gazetapernambucana.com\/"},{"@type":"ListItem","position":2,"name":"Petrolina celebra a m\u00fasica nordestina no Concerto Santa Sanfona"}]},{"@type":"WebSite","@id":"https:\/\/gazetapernambucana.com\/#website","url":"https:\/\/gazetapernambucana.com\/","name":"","description":"","potentialAction":[{"@type":"SearchAction","target":{"@type":"EntryPoint","urlTemplate":"https:\/\/gazetapernambucana.com\/?s={search_term_string}"},"query-input":{"@type":"PropertyValueSpecification","valueRequired":true,"valueName":"search_term_string"}}],"inLanguage":"pt-BR"},{"@type":"Person","@id":"https:\/\/gazetapernambucana.com\/#\/schema\/person\/188dc283325181ac2de4db1e9e987427","name":"GP","image":{"@type":"ImageObject","inLanguage":"pt-BR","@id":"https:\/\/gazetapernambucana.com\/#\/schema\/person\/image\/","url":"https:\/\/secure.gravatar.com\/avatar\/9dad78ff9a2d8b5742d11779f8a3f53b052320c550b2e1907882353c067bb111?s=96&d=mm&r=g","contentUrl":"https:\/\/secure.gravatar.com\/avatar\/9dad78ff9a2d8b5742d11779f8a3f53b052320c550b2e1907882353c067bb111?s=96&d=mm&r=g","caption":"GP"},"sameAs":["http:\/\/gazetapernambucana.com"],"url":"https:\/\/gazetapernambucana.com\/?author=1"}]}},"jetpack_publicize_connections":[],"_links":{"self":[{"href":"https:\/\/gazetapernambucana.com\/index.php?rest_route=\/wp\/v2\/posts\/1041","targetHints":{"allow":["GET"]}}],"collection":[{"href":"https:\/\/gazetapernambucana.com\/index.php?rest_route=\/wp\/v2\/posts"}],"about":[{"href":"https:\/\/gazetapernambucana.com\/index.php?rest_route=\/wp\/v2\/types\/post"}],"author":[{"embeddable":true,"href":"https:\/\/gazetapernambucana.com\/index.php?rest_route=\/wp\/v2\/users\/1"}],"replies":[{"embeddable":true,"href":"https:\/\/gazetapernambucana.com\/index.php?rest_route=%2Fwp%2Fv2%2Fcomments&post=1041"}],"version-history":[{"count":2,"href":"https:\/\/gazetapernambucana.com\/index.php?rest_route=\/wp\/v2\/posts\/1041\/revisions"}],"predecessor-version":[{"id":1044,"href":"https:\/\/gazetapernambucana.com\/index.php?rest_route=\/wp\/v2\/posts\/1041\/revisions\/1044"}],"wp:featuredmedia":[{"embeddable":true,"href":"https:\/\/gazetapernambucana.com\/index.php?rest_route=\/wp\/v2\/media\/1042"}],"wp:attachment":[{"href":"https:\/\/gazetapernambucana.com\/index.php?rest_route=%2Fwp%2Fv2%2Fmedia&parent=1041"}],"wp:term":[{"taxonomy":"category","embeddable":true,"href":"https:\/\/gazetapernambucana.com\/index.php?rest_route=%2Fwp%2Fv2%2Fcategories&post=1041"},{"taxonomy":"post_tag","embeddable":true,"href":"https:\/\/gazetapernambucana.com\/index.php?rest_route=%2Fwp%2Fv2%2Ftags&post=1041"}],"curies":[{"name":"wp","href":"https:\/\/api.w.org\/{rel}","templated":true}]}}