{"id":1029,"date":"2025-06-10T15:33:37","date_gmt":"2025-06-10T18:33:37","guid":{"rendered":"https:\/\/gazetapernambucana.com\/?p=1029"},"modified":"2025-06-10T15:33:37","modified_gmt":"2025-06-10T18:33:37","slug":"mirella-entrega-96-titulos-de-regularizacao-fundiaria-a-moradores-de-jardim-brasil","status":"publish","type":"post","link":"https:\/\/gazetapernambucana.com\/?p=1029","title":{"rendered":"Mirella entrega 96 t\u00edtulos de regulariza\u00e7\u00e3o fundi\u00e1ria a moradores de Jardim Brasil"},"content":{"rendered":"<figure class=\"wp-block-image size-large\"><img loading=\"lazy\" decoding=\"async\" class=\"wp-image-149699\" src=\"https:\/\/blogcenario.com.br\/wp-content\/uploads\/2025\/06\/bc8d0167-4339-4c44-b513-78474e395ed9-1024x682.jpeg\" sizes=\"auto, (max-width: 1024px) 100vw, 1024px\" srcset=\"https:\/\/blogcenario.com.br\/wp-content\/uploads\/2025\/06\/bc8d0167-4339-4c44-b513-78474e395ed9-1024x682.jpeg 1024w, https:\/\/blogcenario.com.br\/wp-content\/uploads\/2025\/06\/bc8d0167-4339-4c44-b513-78474e395ed9-300x200.jpeg 300w, https:\/\/blogcenario.com.br\/wp-content\/uploads\/2025\/06\/bc8d0167-4339-4c44-b513-78474e395ed9-768x512.jpeg 768w, https:\/\/blogcenario.com.br\/wp-content\/uploads\/2025\/06\/bc8d0167-4339-4c44-b513-78474e395ed9-1536x1023.jpeg 1536w, https:\/\/blogcenario.com.br\/wp-content\/uploads\/2025\/06\/bc8d0167-4339-4c44-b513-78474e395ed9-220x147.jpeg 220w, https:\/\/blogcenario.com.br\/wp-content\/uploads\/2025\/06\/bc8d0167-4339-4c44-b513-78474e395ed9.jpeg 1600w\" alt=\"\" width=\"1024\" height=\"682\" \/><figcaption class=\"wp-element-caption\">Foto: Arquimedes Santos<\/figcaption><\/figure>\n<p>A Prefeitura de Olinda, em parceria com o Tribunal de Justi\u00e7a de Pernambuco (TJPE) e o Governo de Estado, entregou, nesta segunda (9), 96 t\u00edtulos de propriedades aos moradores do Conjunto Habitacional Olindinha, situado no bairro Jardim Brasil I. A a\u00e7\u00e3o faz parte do Projeto de Regulariza\u00e7\u00e3o Fundi\u00e1ria do Programa Moradia Legal e tem como meta legalizar mais duas mil fam\u00edlias no munic\u00edpio.<\/p>\n<p>A cerim\u00f4nia de entrega aconteceu na Escola Estadual EREM Desembargador Renato Fonseca, tamb\u00e9m situada no bairro de Jardim Brasil I. O n\u00facleo urbano do Conjunto Olindinha existe h\u00e1 13 anos e \u00e9 formado por 4 blocos (A, B, C e D), divididos em duas quadras, onde moram 173 pessoas. O documento garante, a partir de agora, a legalidade plena da propriedade das fam\u00edlias que, por muito tempo, esperou por essa regulariza\u00e7\u00e3o.<\/p>\n<p><em>\u201cCom a entrega desses documentos, a Prefeitura de Olinda avan\u00e7a com a pol\u00edtica de habita\u00e7\u00e3o, mas, acima de tudo, proporciona dignidade e seguran\u00e7a jur\u00eddica a cada morador e a cada moradora que aqui est\u00e1. E esse \u00e9 apenas o primeiro passo que estamos dando em seis meses de governo. Muitos outros t\u00edtulos ser\u00e3o emitidos na cidade\u201d,<\/em>\u00a0garantiu a prefeita Mirella Almeida, que esteve ao lado do secret\u00e1rio municipal de Habita\u00e7\u00e3o, Pedro Guerra.<\/p>\n<p>A meta do Tribunal de Justi\u00e7a de Pernambuco \u00e9 legalizar outros 40 mil im\u00f3veis no Estado. \u201c<em>Essa a\u00e7\u00e3o \u00e9 fruto de um trabalho conjunto, objetivando a melhoria de milhares de fam\u00edlias, concedendo dignidade a muitos moradores, como os daqui de Olinda\u201d,\u00a0<\/em>afirmou a coordenadora do Programa Moradia Legal, a ju\u00edza Roberta Viana Jardim.<\/p>\n","protected":false},"excerpt":{"rendered":"<p>Foto: Arquimedes Santos A Prefeitura de Olinda, em parceria com o Tribunal de Justi\u00e7a de Pernambuco (TJPE) e o Governo de Estado, entregou, nesta segunda (9), 96 t\u00edtulos de propriedades aos moradores do Conjunto Habitacional Olindinha, situado no bairro Jardim Brasil I. A a\u00e7\u00e3o faz parte do Projeto de Regulariza\u00e7\u00e3o Fundi\u00e1ria do Programa Moradia Legal [&hellip;]<\/p>\n","protected":false},"author":1,"featured_media":1030,"comment_status":"open","ping_status":"open","sticky":false,"template":"","format":"standard","meta":{"footnotes":"","jetpack_publicize_message":"","jetpack_publicize_feature_enabled":true,"jetpack_social_post_already_shared":false,"jetpack_social_options":{"image_generator_settings":{"template":"highway","default_image_id":0,"font":"","enabled":false},"version":2}},"categories":[66,65],"tags":[],"class_list":["post-1029","post","type-post","status-publish","format-standard","has-post-thumbnail","hentry","category-cidades","category-politica"],"yoast_head":"<!-- This site is optimized with the Yoast SEO plugin v24.5 - https:\/\/yoast.com\/wordpress\/plugins\/seo\/ -->\n<title>Mirella entrega 96 t\u00edtulos de regulariza\u00e7\u00e3o fundi\u00e1ria a moradores de Jardim Brasil -<\/title>\n<meta name=\"robots\" content=\"index, follow, max-snippet:-1, max-image-preview:large, max-video-preview:-1\" \/>\n<link rel=\"canonical\" href=\"https:\/\/gazetapernambucana.com\/?p=1029\" \/>\n<meta property=\"og:locale\" content=\"pt_BR\" \/>\n<meta property=\"og:type\" content=\"article\" \/>\n<meta property=\"og:title\" content=\"Mirella entrega 96 t\u00edtulos de regulariza\u00e7\u00e3o fundi\u00e1ria a moradores de Jardim Brasil -\" \/>\n<meta property=\"og:description\" content=\"Foto: Arquimedes Santos A Prefeitura de Olinda, em parceria com o Tribunal de Justi\u00e7a de Pernambuco (TJPE) e o Governo de Estado, entregou, nesta segunda (9), 96 t\u00edtulos de propriedades aos moradores do Conjunto Habitacional Olindinha, situado no bairro Jardim Brasil I. A a\u00e7\u00e3o faz parte do Projeto de Regulariza\u00e7\u00e3o Fundi\u00e1ria do Programa Moradia Legal [&hellip;]\" \/>\n<meta property=\"og:url\" content=\"https:\/\/gazetapernambucana.com\/?p=1029\" \/>\n<meta property=\"article:published_time\" content=\"2025-06-10T18:33:37+00:00\" \/>\n<meta property=\"og:image\" content=\"https:\/\/gazetapernambucana.com\/wp-content\/uploads\/2025\/06\/bc8d0167-4339-4c44-b513-78474e395ed9-1536x1023-1.jpeg\" \/>\n\t<meta property=\"og:image:width\" content=\"1536\" \/>\n\t<meta property=\"og:image:height\" content=\"1023\" \/>\n\t<meta property=\"og:image:type\" content=\"image\/jpeg\" \/>\n<meta name=\"author\" content=\"GP\" \/>\n<meta name=\"twitter:card\" content=\"summary_large_image\" \/>\n<meta name=\"twitter:label1\" content=\"Escrito por\" \/>\n\t<meta name=\"twitter:data1\" content=\"GP\" \/>\n\t<meta name=\"twitter:label2\" content=\"Est. tempo de leitura\" \/>\n\t<meta name=\"twitter:data2\" content=\"2 minutos\" \/>\n<script type=\"application\/ld+json\" class=\"yoast-schema-graph\">{\"@context\":\"https:\/\/schema.org\",\"@graph\":[{\"@type\":\"WebPage\",\"@id\":\"https:\/\/gazetapernambucana.com\/?p=1029\",\"url\":\"https:\/\/gazetapernambucana.com\/?p=1029\",\"name\":\"Mirella entrega 96 t\u00edtulos de regulariza\u00e7\u00e3o fundi\u00e1ria a moradores de Jardim Brasil -\",\"isPartOf\":{\"@id\":\"https:\/\/gazetapernambucana.com\/#website\"},\"primaryImageOfPage\":{\"@id\":\"https:\/\/gazetapernambucana.com\/?p=1029#primaryimage\"},\"image\":{\"@id\":\"https:\/\/gazetapernambucana.com\/?p=1029#primaryimage\"},\"thumbnailUrl\":\"https:\/\/gazetapernambucana.com\/wp-content\/uploads\/2025\/06\/bc8d0167-4339-4c44-b513-78474e395ed9-1536x1023-1.jpeg\",\"datePublished\":\"2025-06-10T18:33:37+00:00\",\"author\":{\"@id\":\"https:\/\/gazetapernambucana.com\/#\/schema\/person\/188dc283325181ac2de4db1e9e987427\"},\"breadcrumb\":{\"@id\":\"https:\/\/gazetapernambucana.com\/?p=1029#breadcrumb\"},\"inLanguage\":\"pt-BR\",\"potentialAction\":[{\"@type\":\"ReadAction\",\"target\":[\"https:\/\/gazetapernambucana.com\/?p=1029\"]}]},{\"@type\":\"ImageObject\",\"inLanguage\":\"pt-BR\",\"@id\":\"https:\/\/gazetapernambucana.com\/?p=1029#primaryimage\",\"url\":\"https:\/\/gazetapernambucana.com\/wp-content\/uploads\/2025\/06\/bc8d0167-4339-4c44-b513-78474e395ed9-1536x1023-1.jpeg\",\"contentUrl\":\"https:\/\/gazetapernambucana.com\/wp-content\/uploads\/2025\/06\/bc8d0167-4339-4c44-b513-78474e395ed9-1536x1023-1.jpeg\",\"width\":1536,\"height\":1023},{\"@type\":\"BreadcrumbList\",\"@id\":\"https:\/\/gazetapernambucana.com\/?p=1029#breadcrumb\",\"itemListElement\":[{\"@type\":\"ListItem\",\"position\":1,\"name\":\"In\u00edcio\",\"item\":\"https:\/\/gazetapernambucana.com\/\"},{\"@type\":\"ListItem\",\"position\":2,\"name\":\"Mirella entrega 96 t\u00edtulos de regulariza\u00e7\u00e3o fundi\u00e1ria a moradores de Jardim Brasil\"}]},{\"@type\":\"WebSite\",\"@id\":\"https:\/\/gazetapernambucana.com\/#website\",\"url\":\"https:\/\/gazetapernambucana.com\/\",\"name\":\"\",\"description\":\"\",\"potentialAction\":[{\"@type\":\"SearchAction\",\"target\":{\"@type\":\"EntryPoint\",\"urlTemplate\":\"https:\/\/gazetapernambucana.com\/?s={search_term_string}\"},\"query-input\":{\"@type\":\"PropertyValueSpecification\",\"valueRequired\":true,\"valueName\":\"search_term_string\"}}],\"inLanguage\":\"pt-BR\"},{\"@type\":\"Person\",\"@id\":\"https:\/\/gazetapernambucana.com\/#\/schema\/person\/188dc283325181ac2de4db1e9e987427\",\"name\":\"GP\",\"image\":{\"@type\":\"ImageObject\",\"inLanguage\":\"pt-BR\",\"@id\":\"https:\/\/gazetapernambucana.com\/#\/schema\/person\/image\/\",\"url\":\"https:\/\/secure.gravatar.com\/avatar\/9dad78ff9a2d8b5742d11779f8a3f53b052320c550b2e1907882353c067bb111?s=96&d=mm&r=g\",\"contentUrl\":\"https:\/\/secure.gravatar.com\/avatar\/9dad78ff9a2d8b5742d11779f8a3f53b052320c550b2e1907882353c067bb111?s=96&d=mm&r=g\",\"caption\":\"GP\"},\"sameAs\":[\"http:\/\/gazetapernambucana.com\"],\"url\":\"https:\/\/gazetapernambucana.com\/?author=1\"}]}<\/script>\n<!-- \/ Yoast SEO plugin. -->","yoast_head_json":{"title":"Mirella entrega 96 t\u00edtulos de regulariza\u00e7\u00e3o fundi\u00e1ria a moradores de Jardim Brasil -","robots":{"index":"index","follow":"follow","max-snippet":"max-snippet:-1","max-image-preview":"max-image-preview:large","max-video-preview":"max-video-preview:-1"},"canonical":"https:\/\/gazetapernambucana.com\/?p=1029","og_locale":"pt_BR","og_type":"article","og_title":"Mirella entrega 96 t\u00edtulos de regulariza\u00e7\u00e3o fundi\u00e1ria a moradores de Jardim Brasil -","og_description":"Foto: Arquimedes Santos A Prefeitura de Olinda, em parceria com o Tribunal de Justi\u00e7a de Pernambuco (TJPE) e o Governo de Estado, entregou, nesta segunda (9), 96 t\u00edtulos de propriedades aos moradores do Conjunto Habitacional Olindinha, situado no bairro Jardim Brasil I. A a\u00e7\u00e3o faz parte do Projeto de Regulariza\u00e7\u00e3o Fundi\u00e1ria do Programa Moradia Legal [&hellip;]","og_url":"https:\/\/gazetapernambucana.com\/?p=1029","article_published_time":"2025-06-10T18:33:37+00:00","og_image":[{"width":1536,"height":1023,"url":"https:\/\/gazetapernambucana.com\/wp-content\/uploads\/2025\/06\/bc8d0167-4339-4c44-b513-78474e395ed9-1536x1023-1.jpeg","type":"image\/jpeg"}],"author":"GP","twitter_card":"summary_large_image","twitter_misc":{"Escrito por":"GP","Est. tempo de leitura":"2 minutos"},"schema":{"@context":"https:\/\/schema.org","@graph":[{"@type":"WebPage","@id":"https:\/\/gazetapernambucana.com\/?p=1029","url":"https:\/\/gazetapernambucana.com\/?p=1029","name":"Mirella entrega 96 t\u00edtulos de regulariza\u00e7\u00e3o fundi\u00e1ria a moradores de Jardim Brasil -","isPartOf":{"@id":"https:\/\/gazetapernambucana.com\/#website"},"primaryImageOfPage":{"@id":"https:\/\/gazetapernambucana.com\/?p=1029#primaryimage"},"image":{"@id":"https:\/\/gazetapernambucana.com\/?p=1029#primaryimage"},"thumbnailUrl":"https:\/\/gazetapernambucana.com\/wp-content\/uploads\/2025\/06\/bc8d0167-4339-4c44-b513-78474e395ed9-1536x1023-1.jpeg","datePublished":"2025-06-10T18:33:37+00:00","author":{"@id":"https:\/\/gazetapernambucana.com\/#\/schema\/person\/188dc283325181ac2de4db1e9e987427"},"breadcrumb":{"@id":"https:\/\/gazetapernambucana.com\/?p=1029#breadcrumb"},"inLanguage":"pt-BR","potentialAction":[{"@type":"ReadAction","target":["https:\/\/gazetapernambucana.com\/?p=1029"]}]},{"@type":"ImageObject","inLanguage":"pt-BR","@id":"https:\/\/gazetapernambucana.com\/?p=1029#primaryimage","url":"https:\/\/gazetapernambucana.com\/wp-content\/uploads\/2025\/06\/bc8d0167-4339-4c44-b513-78474e395ed9-1536x1023-1.jpeg","contentUrl":"https:\/\/gazetapernambucana.com\/wp-content\/uploads\/2025\/06\/bc8d0167-4339-4c44-b513-78474e395ed9-1536x1023-1.jpeg","width":1536,"height":1023},{"@type":"BreadcrumbList","@id":"https:\/\/gazetapernambucana.com\/?p=1029#breadcrumb","itemListElement":[{"@type":"ListItem","position":1,"name":"In\u00edcio","item":"https:\/\/gazetapernambucana.com\/"},{"@type":"ListItem","position":2,"name":"Mirella entrega 96 t\u00edtulos de regulariza\u00e7\u00e3o fundi\u00e1ria a moradores de Jardim Brasil"}]},{"@type":"WebSite","@id":"https:\/\/gazetapernambucana.com\/#website","url":"https:\/\/gazetapernambucana.com\/","name":"","description":"","potentialAction":[{"@type":"SearchAction","target":{"@type":"EntryPoint","urlTemplate":"https:\/\/gazetapernambucana.com\/?s={search_term_string}"},"query-input":{"@type":"PropertyValueSpecification","valueRequired":true,"valueName":"search_term_string"}}],"inLanguage":"pt-BR"},{"@type":"Person","@id":"https:\/\/gazetapernambucana.com\/#\/schema\/person\/188dc283325181ac2de4db1e9e987427","name":"GP","image":{"@type":"ImageObject","inLanguage":"pt-BR","@id":"https:\/\/gazetapernambucana.com\/#\/schema\/person\/image\/","url":"https:\/\/secure.gravatar.com\/avatar\/9dad78ff9a2d8b5742d11779f8a3f53b052320c550b2e1907882353c067bb111?s=96&d=mm&r=g","contentUrl":"https:\/\/secure.gravatar.com\/avatar\/9dad78ff9a2d8b5742d11779f8a3f53b052320c550b2e1907882353c067bb111?s=96&d=mm&r=g","caption":"GP"},"sameAs":["http:\/\/gazetapernambucana.com"],"url":"https:\/\/gazetapernambucana.com\/?author=1"}]}},"jetpack_publicize_connections":[],"_links":{"self":[{"href":"https:\/\/gazetapernambucana.com\/index.php?rest_route=\/wp\/v2\/posts\/1029","targetHints":{"allow":["GET"]}}],"collection":[{"href":"https:\/\/gazetapernambucana.com\/index.php?rest_route=\/wp\/v2\/posts"}],"about":[{"href":"https:\/\/gazetapernambucana.com\/index.php?rest_route=\/wp\/v2\/types\/post"}],"author":[{"embeddable":true,"href":"https:\/\/gazetapernambucana.com\/index.php?rest_route=\/wp\/v2\/users\/1"}],"replies":[{"embeddable":true,"href":"https:\/\/gazetapernambucana.com\/index.php?rest_route=%2Fwp%2Fv2%2Fcomments&post=1029"}],"version-history":[{"count":1,"href":"https:\/\/gazetapernambucana.com\/index.php?rest_route=\/wp\/v2\/posts\/1029\/revisions"}],"predecessor-version":[{"id":1031,"href":"https:\/\/gazetapernambucana.com\/index.php?rest_route=\/wp\/v2\/posts\/1029\/revisions\/1031"}],"wp:featuredmedia":[{"embeddable":true,"href":"https:\/\/gazetapernambucana.com\/index.php?rest_route=\/wp\/v2\/media\/1030"}],"wp:attachment":[{"href":"https:\/\/gazetapernambucana.com\/index.php?rest_route=%2Fwp%2Fv2%2Fmedia&parent=1029"}],"wp:term":[{"taxonomy":"category","embeddable":true,"href":"https:\/\/gazetapernambucana.com\/index.php?rest_route=%2Fwp%2Fv2%2Fcategories&post=1029"},{"taxonomy":"post_tag","embeddable":true,"href":"https:\/\/gazetapernambucana.com\/index.php?rest_route=%2Fwp%2Fv2%2Ftags&post=1029"}],"curies":[{"name":"wp","href":"https:\/\/api.w.org\/{rel}","templated":true}]}}