{"id":1025,"date":"2025-06-09T16:53:41","date_gmt":"2025-06-09T19:53:41","guid":{"rendered":"https:\/\/gazetapernambucana.com\/?p=1025"},"modified":"2025-06-09T16:53:41","modified_gmt":"2025-06-09T19:53:41","slug":"alepe-aprova-reajuste-para-professores-e-indicacao-da-adagro","status":"publish","type":"post","link":"https:\/\/gazetapernambucana.com\/?p=1025","title":{"rendered":"Alepe aprova reajuste para professores e indica\u00e7\u00e3o da Adagro"},"content":{"rendered":"<div class=\"elementor-element elementor-element-7f30e03 elementor-widget elementor-widget-image\" data-id=\"7f30e03\" data-element_type=\"widget\" data-widget_type=\"image.default\">\n<div class=\"elementor-widget-container\"><img loading=\"lazy\" decoding=\"async\" class=\"attachment-full size-full\" src=\"https:\/\/blogdomagno.com.br\/wp-content\/uploads\/2025\/06\/alepe_1.jpg\" sizes=\"auto, (max-width: 1100px) 100vw, 1100px\" srcset=\"https:\/\/blogdomagno.com.br\/wp-content\/uploads\/2025\/06\/alepe_1.jpg 1100w, https:\/\/blogdomagno.com.br\/wp-content\/uploads\/2025\/06\/alepe_1-300x200.jpg 300w, https:\/\/blogdomagno.com.br\/wp-content\/uploads\/2025\/06\/alepe_1-1024x683.jpg 1024w, https:\/\/blogdomagno.com.br\/wp-content\/uploads\/2025\/06\/alepe_1-768x512.jpg 768w\" alt=\"\" width=\"1100\" height=\"734\" \/><\/div>\n<\/div>\n<div class=\"elementor-element elementor-element-746f5ae4 elementor-widget elementor-widget-theme-post-content\" data-id=\"746f5ae4\" data-element_type=\"widget\" data-widget_type=\"theme-post-content.default\">\n<div class=\"elementor-widget-container\">\n<p><strong>Por Anthony Santana<br \/>\nDo Blog da Folha<\/strong><\/p>\n<p>Os deputados estaduais aprovaram na tarde desta segunda-feira (9) o reajuste de de 6,27% para professores da rede estadual e a indica\u00e7\u00e3o do m\u00e9dico-veterin\u00e1rio Moshe Dayan para presidir a Ag\u00eancia Estadual de Defesa e Fiscaliza\u00e7\u00e3o Agropecu\u00e1ria (Adagro). Ao todo, 32 deputados aprovaram o reajuste para os professores e 34 avalizaram a indica\u00e7\u00e3o para a Adagro.<\/p>\n<p>Ap\u00f3s um m\u00eas de travamento da pauta e esvaziamento do plen\u00e1rio da Assembleia Legislativa de Pernambuco (Alepe) pela bancada governista, 34 deputados compareceram \u00e0 sess\u00e3o. Para aproveitar a presen\u00e7a dos parlamentares, o presidente da Casa de Joaquim Nabuco, \u00c1lvaro Porto (PSDB), inverteu a pauta e pautou os projetos.<\/p>\n<p>Ap\u00f3s a aprova\u00e7\u00e3o em primeira discuss\u00e3o, Porto deu in\u00edcio a uma reuni\u00e3o plen\u00e1ria extraordin\u00e1ria, para viabilizar a segunda vota\u00e7\u00e3o do reajuste dos professores. A mat\u00e9ria recebeu 30 votos e deve seguir, agora, para san\u00e7\u00e3o da governadora Raquel Lyra (PSD).<\/p>\n<\/div>\n<\/div>\n","protected":false},"excerpt":{"rendered":"<p>Por Anthony Santana Do Blog da Folha Os deputados estaduais aprovaram na tarde desta segunda-feira (9) o reajuste de de 6,27% para professores da rede estadual e a indica\u00e7\u00e3o do m\u00e9dico-veterin\u00e1rio Moshe Dayan para presidir a Ag\u00eancia Estadual de Defesa e Fiscaliza\u00e7\u00e3o Agropecu\u00e1ria (Adagro). Ao todo, 32 deputados aprovaram o reajuste para os professores e [&hellip;]<\/p>\n","protected":false},"author":1,"featured_media":1026,"comment_status":"open","ping_status":"open","sticky":false,"template":"","format":"standard","meta":{"footnotes":"","jetpack_publicize_message":"","jetpack_publicize_feature_enabled":true,"jetpack_social_post_already_shared":false,"jetpack_social_options":{"image_generator_settings":{"template":"highway","default_image_id":0,"font":"","enabled":false},"version":2}},"categories":[65],"tags":[],"class_list":["post-1025","post","type-post","status-publish","format-standard","has-post-thumbnail","hentry","category-politica"],"yoast_head":"<!-- This site is optimized with the Yoast SEO plugin v24.5 - https:\/\/yoast.com\/wordpress\/plugins\/seo\/ -->\n<title>Alepe aprova reajuste para professores e indica\u00e7\u00e3o da Adagro -<\/title>\n<meta name=\"robots\" content=\"index, follow, max-snippet:-1, max-image-preview:large, max-video-preview:-1\" \/>\n<link rel=\"canonical\" href=\"https:\/\/gazetapernambucana.com\/?p=1025\" \/>\n<meta property=\"og:locale\" content=\"pt_BR\" \/>\n<meta property=\"og:type\" content=\"article\" \/>\n<meta property=\"og:title\" content=\"Alepe aprova reajuste para professores e indica\u00e7\u00e3o da Adagro -\" \/>\n<meta property=\"og:description\" content=\"Por Anthony Santana Do Blog da Folha Os deputados estaduais aprovaram na tarde desta segunda-feira (9) o reajuste de de 6,27% para professores da rede estadual e a indica\u00e7\u00e3o do m\u00e9dico-veterin\u00e1rio Moshe Dayan para presidir a Ag\u00eancia Estadual de Defesa e Fiscaliza\u00e7\u00e3o Agropecu\u00e1ria (Adagro). Ao todo, 32 deputados aprovaram o reajuste para os professores e [&hellip;]\" \/>\n<meta property=\"og:url\" content=\"https:\/\/gazetapernambucana.com\/?p=1025\" \/>\n<meta property=\"article:published_time\" content=\"2025-06-09T19:53:41+00:00\" \/>\n<meta property=\"og:image\" content=\"https:\/\/gazetapernambucana.com\/wp-content\/uploads\/2025\/06\/alepe_1.jpg\" \/>\n\t<meta property=\"og:image:width\" content=\"1100\" \/>\n\t<meta property=\"og:image:height\" content=\"734\" \/>\n\t<meta property=\"og:image:type\" content=\"image\/jpeg\" \/>\n<meta name=\"author\" content=\"GP\" \/>\n<meta name=\"twitter:card\" content=\"summary_large_image\" \/>\n<meta name=\"twitter:label1\" content=\"Escrito por\" \/>\n\t<meta name=\"twitter:data1\" content=\"GP\" \/>\n\t<meta name=\"twitter:label2\" content=\"Est. tempo de leitura\" \/>\n\t<meta name=\"twitter:data2\" content=\"2 minutos\" \/>\n<script type=\"application\/ld+json\" class=\"yoast-schema-graph\">{\"@context\":\"https:\/\/schema.org\",\"@graph\":[{\"@type\":\"WebPage\",\"@id\":\"https:\/\/gazetapernambucana.com\/?p=1025\",\"url\":\"https:\/\/gazetapernambucana.com\/?p=1025\",\"name\":\"Alepe aprova reajuste para professores e indica\u00e7\u00e3o da Adagro -\",\"isPartOf\":{\"@id\":\"https:\/\/gazetapernambucana.com\/#website\"},\"primaryImageOfPage\":{\"@id\":\"https:\/\/gazetapernambucana.com\/?p=1025#primaryimage\"},\"image\":{\"@id\":\"https:\/\/gazetapernambucana.com\/?p=1025#primaryimage\"},\"thumbnailUrl\":\"https:\/\/gazetapernambucana.com\/wp-content\/uploads\/2025\/06\/alepe_1.jpg\",\"datePublished\":\"2025-06-09T19:53:41+00:00\",\"author\":{\"@id\":\"https:\/\/gazetapernambucana.com\/#\/schema\/person\/188dc283325181ac2de4db1e9e987427\"},\"breadcrumb\":{\"@id\":\"https:\/\/gazetapernambucana.com\/?p=1025#breadcrumb\"},\"inLanguage\":\"pt-BR\",\"potentialAction\":[{\"@type\":\"ReadAction\",\"target\":[\"https:\/\/gazetapernambucana.com\/?p=1025\"]}]},{\"@type\":\"ImageObject\",\"inLanguage\":\"pt-BR\",\"@id\":\"https:\/\/gazetapernambucana.com\/?p=1025#primaryimage\",\"url\":\"https:\/\/gazetapernambucana.com\/wp-content\/uploads\/2025\/06\/alepe_1.jpg\",\"contentUrl\":\"https:\/\/gazetapernambucana.com\/wp-content\/uploads\/2025\/06\/alepe_1.jpg\",\"width\":1100,\"height\":734},{\"@type\":\"BreadcrumbList\",\"@id\":\"https:\/\/gazetapernambucana.com\/?p=1025#breadcrumb\",\"itemListElement\":[{\"@type\":\"ListItem\",\"position\":1,\"name\":\"In\u00edcio\",\"item\":\"https:\/\/gazetapernambucana.com\/\"},{\"@type\":\"ListItem\",\"position\":2,\"name\":\"Alepe aprova reajuste para professores e indica\u00e7\u00e3o da Adagro\"}]},{\"@type\":\"WebSite\",\"@id\":\"https:\/\/gazetapernambucana.com\/#website\",\"url\":\"https:\/\/gazetapernambucana.com\/\",\"name\":\"\",\"description\":\"\",\"potentialAction\":[{\"@type\":\"SearchAction\",\"target\":{\"@type\":\"EntryPoint\",\"urlTemplate\":\"https:\/\/gazetapernambucana.com\/?s={search_term_string}\"},\"query-input\":{\"@type\":\"PropertyValueSpecification\",\"valueRequired\":true,\"valueName\":\"search_term_string\"}}],\"inLanguage\":\"pt-BR\"},{\"@type\":\"Person\",\"@id\":\"https:\/\/gazetapernambucana.com\/#\/schema\/person\/188dc283325181ac2de4db1e9e987427\",\"name\":\"GP\",\"image\":{\"@type\":\"ImageObject\",\"inLanguage\":\"pt-BR\",\"@id\":\"https:\/\/gazetapernambucana.com\/#\/schema\/person\/image\/\",\"url\":\"https:\/\/secure.gravatar.com\/avatar\/9dad78ff9a2d8b5742d11779f8a3f53b052320c550b2e1907882353c067bb111?s=96&d=mm&r=g\",\"contentUrl\":\"https:\/\/secure.gravatar.com\/avatar\/9dad78ff9a2d8b5742d11779f8a3f53b052320c550b2e1907882353c067bb111?s=96&d=mm&r=g\",\"caption\":\"GP\"},\"sameAs\":[\"http:\/\/gazetapernambucana.com\"],\"url\":\"https:\/\/gazetapernambucana.com\/?author=1\"}]}<\/script>\n<!-- \/ Yoast SEO plugin. -->","yoast_head_json":{"title":"Alepe aprova reajuste para professores e indica\u00e7\u00e3o da Adagro -","robots":{"index":"index","follow":"follow","max-snippet":"max-snippet:-1","max-image-preview":"max-image-preview:large","max-video-preview":"max-video-preview:-1"},"canonical":"https:\/\/gazetapernambucana.com\/?p=1025","og_locale":"pt_BR","og_type":"article","og_title":"Alepe aprova reajuste para professores e indica\u00e7\u00e3o da Adagro -","og_description":"Por Anthony Santana Do Blog da Folha Os deputados estaduais aprovaram na tarde desta segunda-feira (9) o reajuste de de 6,27% para professores da rede estadual e a indica\u00e7\u00e3o do m\u00e9dico-veterin\u00e1rio Moshe Dayan para presidir a Ag\u00eancia Estadual de Defesa e Fiscaliza\u00e7\u00e3o Agropecu\u00e1ria (Adagro). Ao todo, 32 deputados aprovaram o reajuste para os professores e [&hellip;]","og_url":"https:\/\/gazetapernambucana.com\/?p=1025","article_published_time":"2025-06-09T19:53:41+00:00","og_image":[{"width":1100,"height":734,"url":"https:\/\/gazetapernambucana.com\/wp-content\/uploads\/2025\/06\/alepe_1.jpg","type":"image\/jpeg"}],"author":"GP","twitter_card":"summary_large_image","twitter_misc":{"Escrito por":"GP","Est. tempo de leitura":"2 minutos"},"schema":{"@context":"https:\/\/schema.org","@graph":[{"@type":"WebPage","@id":"https:\/\/gazetapernambucana.com\/?p=1025","url":"https:\/\/gazetapernambucana.com\/?p=1025","name":"Alepe aprova reajuste para professores e indica\u00e7\u00e3o da Adagro -","isPartOf":{"@id":"https:\/\/gazetapernambucana.com\/#website"},"primaryImageOfPage":{"@id":"https:\/\/gazetapernambucana.com\/?p=1025#primaryimage"},"image":{"@id":"https:\/\/gazetapernambucana.com\/?p=1025#primaryimage"},"thumbnailUrl":"https:\/\/gazetapernambucana.com\/wp-content\/uploads\/2025\/06\/alepe_1.jpg","datePublished":"2025-06-09T19:53:41+00:00","author":{"@id":"https:\/\/gazetapernambucana.com\/#\/schema\/person\/188dc283325181ac2de4db1e9e987427"},"breadcrumb":{"@id":"https:\/\/gazetapernambucana.com\/?p=1025#breadcrumb"},"inLanguage":"pt-BR","potentialAction":[{"@type":"ReadAction","target":["https:\/\/gazetapernambucana.com\/?p=1025"]}]},{"@type":"ImageObject","inLanguage":"pt-BR","@id":"https:\/\/gazetapernambucana.com\/?p=1025#primaryimage","url":"https:\/\/gazetapernambucana.com\/wp-content\/uploads\/2025\/06\/alepe_1.jpg","contentUrl":"https:\/\/gazetapernambucana.com\/wp-content\/uploads\/2025\/06\/alepe_1.jpg","width":1100,"height":734},{"@type":"BreadcrumbList","@id":"https:\/\/gazetapernambucana.com\/?p=1025#breadcrumb","itemListElement":[{"@type":"ListItem","position":1,"name":"In\u00edcio","item":"https:\/\/gazetapernambucana.com\/"},{"@type":"ListItem","position":2,"name":"Alepe aprova reajuste para professores e indica\u00e7\u00e3o da Adagro"}]},{"@type":"WebSite","@id":"https:\/\/gazetapernambucana.com\/#website","url":"https:\/\/gazetapernambucana.com\/","name":"","description":"","potentialAction":[{"@type":"SearchAction","target":{"@type":"EntryPoint","urlTemplate":"https:\/\/gazetapernambucana.com\/?s={search_term_string}"},"query-input":{"@type":"PropertyValueSpecification","valueRequired":true,"valueName":"search_term_string"}}],"inLanguage":"pt-BR"},{"@type":"Person","@id":"https:\/\/gazetapernambucana.com\/#\/schema\/person\/188dc283325181ac2de4db1e9e987427","name":"GP","image":{"@type":"ImageObject","inLanguage":"pt-BR","@id":"https:\/\/gazetapernambucana.com\/#\/schema\/person\/image\/","url":"https:\/\/secure.gravatar.com\/avatar\/9dad78ff9a2d8b5742d11779f8a3f53b052320c550b2e1907882353c067bb111?s=96&d=mm&r=g","contentUrl":"https:\/\/secure.gravatar.com\/avatar\/9dad78ff9a2d8b5742d11779f8a3f53b052320c550b2e1907882353c067bb111?s=96&d=mm&r=g","caption":"GP"},"sameAs":["http:\/\/gazetapernambucana.com"],"url":"https:\/\/gazetapernambucana.com\/?author=1"}]}},"jetpack_publicize_connections":[],"_links":{"self":[{"href":"https:\/\/gazetapernambucana.com\/index.php?rest_route=\/wp\/v2\/posts\/1025","targetHints":{"allow":["GET"]}}],"collection":[{"href":"https:\/\/gazetapernambucana.com\/index.php?rest_route=\/wp\/v2\/posts"}],"about":[{"href":"https:\/\/gazetapernambucana.com\/index.php?rest_route=\/wp\/v2\/types\/post"}],"author":[{"embeddable":true,"href":"https:\/\/gazetapernambucana.com\/index.php?rest_route=\/wp\/v2\/users\/1"}],"replies":[{"embeddable":true,"href":"https:\/\/gazetapernambucana.com\/index.php?rest_route=%2Fwp%2Fv2%2Fcomments&post=1025"}],"version-history":[{"count":1,"href":"https:\/\/gazetapernambucana.com\/index.php?rest_route=\/wp\/v2\/posts\/1025\/revisions"}],"predecessor-version":[{"id":1027,"href":"https:\/\/gazetapernambucana.com\/index.php?rest_route=\/wp\/v2\/posts\/1025\/revisions\/1027"}],"wp:featuredmedia":[{"embeddable":true,"href":"https:\/\/gazetapernambucana.com\/index.php?rest_route=\/wp\/v2\/media\/1026"}],"wp:attachment":[{"href":"https:\/\/gazetapernambucana.com\/index.php?rest_route=%2Fwp%2Fv2%2Fmedia&parent=1025"}],"wp:term":[{"taxonomy":"category","embeddable":true,"href":"https:\/\/gazetapernambucana.com\/index.php?rest_route=%2Fwp%2Fv2%2Fcategories&post=1025"},{"taxonomy":"post_tag","embeddable":true,"href":"https:\/\/gazetapernambucana.com\/index.php?rest_route=%2Fwp%2Fv2%2Ftags&post=1025"}],"curies":[{"name":"wp","href":"https:\/\/api.w.org\/{rel}","templated":true}]}}