{"id":1022,"date":"2025-06-08T00:06:04","date_gmt":"2025-06-08T03:06:04","guid":{"rendered":"https:\/\/gazetapernambucana.com\/?p=1022"},"modified":"2025-06-08T00:06:04","modified_gmt":"2025-06-08T03:06:04","slug":"justica-torna-reus-o-mandante-e-o-executor-do-atentado-contra-o-jornalista-ricardo-antunes","status":"publish","type":"post","link":"https:\/\/gazetapernambucana.com\/?p=1022","title":{"rendered":"Justi\u00e7a torna r\u00e9us o mandante e o executor do atentado contra o jornalista Ricardo Antunes"},"content":{"rendered":"<p data-start=\"347\" data-end=\"683\"><img loading=\"lazy\" decoding=\"async\" class=\"alignnone size-medium wp-image-174024\" src=\"https:\/\/flaviochaves.com.br\/wp-content\/uploads\/2025\/06\/a87dga87d78agsad-300x180.jpg\" alt=\"\" width=\"300\" height=\"180\" \/>\u00a0 \u00a0A Justi\u00e7a de Pernambuco transformou em r\u00e9us o empres\u00e1rio e o agressor envolvidos no brutal atentado contra o jornalista Ricardo Antunes, ocorrido em agosto de 2023, no centro do Recife. Ambos foram formalmente acusados pelo Minist\u00e9rio P\u00fablico e agora responder\u00e3o judicialmente como mandante e executor da tentativa de homic\u00eddio.<\/p>\n<p data-start=\"685\" data-end=\"1133\">A decis\u00e3o representa um marco na luta contra a viol\u00eancia dirigida \u00e0 imprensa e reafirma que a liberdade de express\u00e3o \u00e9 um direito constitucional que n\u00e3o pode ser atacado com impunidade. Ricardo Antunes, conhecido pela coragem com que conduz reportagens investigativas e pela independ\u00eancia editorial, foi violentamente espancado em via p\u00fablica \u2014 uma agress\u00e3o que, segundo a den\u00fancia, teve motiva\u00e7\u00e3o direta em raz\u00e3o de seu exerc\u00edcio profissional.<\/p>\n<p data-start=\"1135\" data-end=\"1549\">Com base nas provas colhidas pela Pol\u00edcia Civil e apresentadas pelo Minist\u00e9rio P\u00fablico, a Justi\u00e7a entendeu haver elementos suficientes para configurar o crime como um atentado \u00e0 vida e \u00e0 liberdade de imprensa, com clara articula\u00e7\u00e3o entre o mandante e o agressor. A den\u00fancia foi aceita na \u00edntegra, e os acusados agora responder\u00e3o por tentativa de homic\u00eddio qualificado, entre outros poss\u00edveis crimes correlatos.<\/p>\n<p data-start=\"1551\" data-end=\"1876\">Ricardo Antunes, que ainda se recupera das sequelas f\u00edsicas e emocionais da viol\u00eancia sofrida, declarou que v\u00ea na decis\u00e3o um avan\u00e7o importante n\u00e3o apenas pessoal, mas coletivo: \u201cEsta luta n\u00e3o \u00e9 s\u00f3 minha. \u00c9 de todos os jornalistas que insistem em fazer seu trabalho com dignidade num pa\u00eds onde a verdade ainda custa caro.\u201d<\/p>\n<p data-start=\"1878\" data-end=\"2184\">A tramita\u00e7\u00e3o do processo ser\u00e1 acompanhada por entidades de defesa da liberdade de imprensa, jornalistas independentes e organiza\u00e7\u00f5es de direitos humanos, que alertam para o risco de novos ataques em um ambiente onde o jornalismo investigativo tem sido constantemente alvo de intimida\u00e7\u00f5es e retalia\u00e7\u00f5es.<\/p>\n<p data-start=\"2186\" data-end=\"2544\">O caso de Ricardo Antunes, agora reconhecido judicialmente como crime planejado e executado contra um jornalista em pleno exerc\u00edcio da profiss\u00e3o, refor\u00e7a a urg\u00eancia de pol\u00edticas p\u00fablicas e mecanismos de prote\u00e7\u00e3o a comunicadores amea\u00e7ados. Punir os culpados n\u00e3o \u00e9 apenas fazer justi\u00e7a a Ricardo \u2014 \u00e9 proteger o direito de toda a sociedade de ser informada.<\/p>\n","protected":false},"excerpt":{"rendered":"<p>\u00a0 \u00a0A Justi\u00e7a de Pernambuco transformou em r\u00e9us o empres\u00e1rio e o agressor envolvidos no brutal atentado contra o jornalista Ricardo Antunes, ocorrido em agosto de 2023, no centro do Recife. Ambos foram formalmente acusados pelo Minist\u00e9rio P\u00fablico e agora responder\u00e3o judicialmente como mandante e executor da tentativa de homic\u00eddio. A decis\u00e3o representa um marco [&hellip;]<\/p>\n","protected":false},"author":1,"featured_media":1023,"comment_status":"open","ping_status":"open","sticky":false,"template":"","format":"standard","meta":{"footnotes":"","jetpack_publicize_message":"","jetpack_publicize_feature_enabled":true,"jetpack_social_post_already_shared":false,"jetpack_social_options":{"image_generator_settings":{"template":"highway","default_image_id":0,"font":"","enabled":false},"version":2}},"categories":[66,70],"tags":[],"class_list":["post-1022","post","type-post","status-publish","format-standard","has-post-thumbnail","hentry","category-cidades","category-inicio"],"yoast_head":"<!-- This site is optimized with the Yoast SEO plugin v24.5 - https:\/\/yoast.com\/wordpress\/plugins\/seo\/ -->\n<title>Justi\u00e7a torna r\u00e9us o mandante e o executor do atentado contra o jornalista Ricardo Antunes -<\/title>\n<meta name=\"robots\" content=\"index, follow, max-snippet:-1, max-image-preview:large, max-video-preview:-1\" \/>\n<link rel=\"canonical\" href=\"https:\/\/gazetapernambucana.com\/?p=1022\" \/>\n<meta property=\"og:locale\" content=\"pt_BR\" \/>\n<meta property=\"og:type\" content=\"article\" \/>\n<meta property=\"og:title\" content=\"Justi\u00e7a torna r\u00e9us o mandante e o executor do atentado contra o jornalista Ricardo Antunes -\" \/>\n<meta property=\"og:description\" content=\"\u00a0 \u00a0A Justi\u00e7a de Pernambuco transformou em r\u00e9us o empres\u00e1rio e o agressor envolvidos no brutal atentado contra o jornalista Ricardo Antunes, ocorrido em agosto de 2023, no centro do Recife. Ambos foram formalmente acusados pelo Minist\u00e9rio P\u00fablico e agora responder\u00e3o judicialmente como mandante e executor da tentativa de homic\u00eddio. A decis\u00e3o representa um marco [&hellip;]\" \/>\n<meta property=\"og:url\" content=\"https:\/\/gazetapernambucana.com\/?p=1022\" \/>\n<meta property=\"article:published_time\" content=\"2025-06-08T03:06:04+00:00\" \/>\n<meta property=\"og:image\" content=\"https:\/\/gazetapernambucana.com\/wp-content\/uploads\/2025\/06\/a87dga87d78agsad.jpg\" \/>\n\t<meta property=\"og:image:width\" content=\"1000\" \/>\n\t<meta property=\"og:image:height\" content=\"600\" \/>\n\t<meta property=\"og:image:type\" content=\"image\/jpeg\" \/>\n<meta name=\"author\" content=\"GP\" \/>\n<meta name=\"twitter:card\" content=\"summary_large_image\" \/>\n<meta name=\"twitter:label1\" content=\"Escrito por\" \/>\n\t<meta name=\"twitter:data1\" content=\"GP\" \/>\n\t<meta name=\"twitter:label2\" content=\"Est. tempo de leitura\" \/>\n\t<meta name=\"twitter:data2\" content=\"3 minutos\" \/>\n<script type=\"application\/ld+json\" class=\"yoast-schema-graph\">{\"@context\":\"https:\/\/schema.org\",\"@graph\":[{\"@type\":\"WebPage\",\"@id\":\"https:\/\/gazetapernambucana.com\/?p=1022\",\"url\":\"https:\/\/gazetapernambucana.com\/?p=1022\",\"name\":\"Justi\u00e7a torna r\u00e9us o mandante e o executor do atentado contra o jornalista Ricardo Antunes -\",\"isPartOf\":{\"@id\":\"https:\/\/gazetapernambucana.com\/#website\"},\"primaryImageOfPage\":{\"@id\":\"https:\/\/gazetapernambucana.com\/?p=1022#primaryimage\"},\"image\":{\"@id\":\"https:\/\/gazetapernambucana.com\/?p=1022#primaryimage\"},\"thumbnailUrl\":\"https:\/\/gazetapernambucana.com\/wp-content\/uploads\/2025\/06\/a87dga87d78agsad.jpg\",\"datePublished\":\"2025-06-08T03:06:04+00:00\",\"author\":{\"@id\":\"https:\/\/gazetapernambucana.com\/#\/schema\/person\/188dc283325181ac2de4db1e9e987427\"},\"breadcrumb\":{\"@id\":\"https:\/\/gazetapernambucana.com\/?p=1022#breadcrumb\"},\"inLanguage\":\"pt-BR\",\"potentialAction\":[{\"@type\":\"ReadAction\",\"target\":[\"https:\/\/gazetapernambucana.com\/?p=1022\"]}]},{\"@type\":\"ImageObject\",\"inLanguage\":\"pt-BR\",\"@id\":\"https:\/\/gazetapernambucana.com\/?p=1022#primaryimage\",\"url\":\"https:\/\/gazetapernambucana.com\/wp-content\/uploads\/2025\/06\/a87dga87d78agsad.jpg\",\"contentUrl\":\"https:\/\/gazetapernambucana.com\/wp-content\/uploads\/2025\/06\/a87dga87d78agsad.jpg\",\"width\":1000,\"height\":600},{\"@type\":\"BreadcrumbList\",\"@id\":\"https:\/\/gazetapernambucana.com\/?p=1022#breadcrumb\",\"itemListElement\":[{\"@type\":\"ListItem\",\"position\":1,\"name\":\"In\u00edcio\",\"item\":\"https:\/\/gazetapernambucana.com\/\"},{\"@type\":\"ListItem\",\"position\":2,\"name\":\"Justi\u00e7a torna r\u00e9us o mandante e o executor do atentado contra o jornalista Ricardo Antunes\"}]},{\"@type\":\"WebSite\",\"@id\":\"https:\/\/gazetapernambucana.com\/#website\",\"url\":\"https:\/\/gazetapernambucana.com\/\",\"name\":\"\",\"description\":\"\",\"potentialAction\":[{\"@type\":\"SearchAction\",\"target\":{\"@type\":\"EntryPoint\",\"urlTemplate\":\"https:\/\/gazetapernambucana.com\/?s={search_term_string}\"},\"query-input\":{\"@type\":\"PropertyValueSpecification\",\"valueRequired\":true,\"valueName\":\"search_term_string\"}}],\"inLanguage\":\"pt-BR\"},{\"@type\":\"Person\",\"@id\":\"https:\/\/gazetapernambucana.com\/#\/schema\/person\/188dc283325181ac2de4db1e9e987427\",\"name\":\"GP\",\"image\":{\"@type\":\"ImageObject\",\"inLanguage\":\"pt-BR\",\"@id\":\"https:\/\/gazetapernambucana.com\/#\/schema\/person\/image\/\",\"url\":\"https:\/\/secure.gravatar.com\/avatar\/9dad78ff9a2d8b5742d11779f8a3f53b052320c550b2e1907882353c067bb111?s=96&d=mm&r=g\",\"contentUrl\":\"https:\/\/secure.gravatar.com\/avatar\/9dad78ff9a2d8b5742d11779f8a3f53b052320c550b2e1907882353c067bb111?s=96&d=mm&r=g\",\"caption\":\"GP\"},\"sameAs\":[\"http:\/\/gazetapernambucana.com\"],\"url\":\"https:\/\/gazetapernambucana.com\/?author=1\"}]}<\/script>\n<!-- \/ Yoast SEO plugin. -->","yoast_head_json":{"title":"Justi\u00e7a torna r\u00e9us o mandante e o executor do atentado contra o jornalista Ricardo Antunes -","robots":{"index":"index","follow":"follow","max-snippet":"max-snippet:-1","max-image-preview":"max-image-preview:large","max-video-preview":"max-video-preview:-1"},"canonical":"https:\/\/gazetapernambucana.com\/?p=1022","og_locale":"pt_BR","og_type":"article","og_title":"Justi\u00e7a torna r\u00e9us o mandante e o executor do atentado contra o jornalista Ricardo Antunes -","og_description":"\u00a0 \u00a0A Justi\u00e7a de Pernambuco transformou em r\u00e9us o empres\u00e1rio e o agressor envolvidos no brutal atentado contra o jornalista Ricardo Antunes, ocorrido em agosto de 2023, no centro do Recife. Ambos foram formalmente acusados pelo Minist\u00e9rio P\u00fablico e agora responder\u00e3o judicialmente como mandante e executor da tentativa de homic\u00eddio. A decis\u00e3o representa um marco [&hellip;]","og_url":"https:\/\/gazetapernambucana.com\/?p=1022","article_published_time":"2025-06-08T03:06:04+00:00","og_image":[{"width":1000,"height":600,"url":"https:\/\/gazetapernambucana.com\/wp-content\/uploads\/2025\/06\/a87dga87d78agsad.jpg","type":"image\/jpeg"}],"author":"GP","twitter_card":"summary_large_image","twitter_misc":{"Escrito por":"GP","Est. tempo de leitura":"3 minutos"},"schema":{"@context":"https:\/\/schema.org","@graph":[{"@type":"WebPage","@id":"https:\/\/gazetapernambucana.com\/?p=1022","url":"https:\/\/gazetapernambucana.com\/?p=1022","name":"Justi\u00e7a torna r\u00e9us o mandante e o executor do atentado contra o jornalista Ricardo Antunes -","isPartOf":{"@id":"https:\/\/gazetapernambucana.com\/#website"},"primaryImageOfPage":{"@id":"https:\/\/gazetapernambucana.com\/?p=1022#primaryimage"},"image":{"@id":"https:\/\/gazetapernambucana.com\/?p=1022#primaryimage"},"thumbnailUrl":"https:\/\/gazetapernambucana.com\/wp-content\/uploads\/2025\/06\/a87dga87d78agsad.jpg","datePublished":"2025-06-08T03:06:04+00:00","author":{"@id":"https:\/\/gazetapernambucana.com\/#\/schema\/person\/188dc283325181ac2de4db1e9e987427"},"breadcrumb":{"@id":"https:\/\/gazetapernambucana.com\/?p=1022#breadcrumb"},"inLanguage":"pt-BR","potentialAction":[{"@type":"ReadAction","target":["https:\/\/gazetapernambucana.com\/?p=1022"]}]},{"@type":"ImageObject","inLanguage":"pt-BR","@id":"https:\/\/gazetapernambucana.com\/?p=1022#primaryimage","url":"https:\/\/gazetapernambucana.com\/wp-content\/uploads\/2025\/06\/a87dga87d78agsad.jpg","contentUrl":"https:\/\/gazetapernambucana.com\/wp-content\/uploads\/2025\/06\/a87dga87d78agsad.jpg","width":1000,"height":600},{"@type":"BreadcrumbList","@id":"https:\/\/gazetapernambucana.com\/?p=1022#breadcrumb","itemListElement":[{"@type":"ListItem","position":1,"name":"In\u00edcio","item":"https:\/\/gazetapernambucana.com\/"},{"@type":"ListItem","position":2,"name":"Justi\u00e7a torna r\u00e9us o mandante e o executor do atentado contra o jornalista Ricardo Antunes"}]},{"@type":"WebSite","@id":"https:\/\/gazetapernambucana.com\/#website","url":"https:\/\/gazetapernambucana.com\/","name":"","description":"","potentialAction":[{"@type":"SearchAction","target":{"@type":"EntryPoint","urlTemplate":"https:\/\/gazetapernambucana.com\/?s={search_term_string}"},"query-input":{"@type":"PropertyValueSpecification","valueRequired":true,"valueName":"search_term_string"}}],"inLanguage":"pt-BR"},{"@type":"Person","@id":"https:\/\/gazetapernambucana.com\/#\/schema\/person\/188dc283325181ac2de4db1e9e987427","name":"GP","image":{"@type":"ImageObject","inLanguage":"pt-BR","@id":"https:\/\/gazetapernambucana.com\/#\/schema\/person\/image\/","url":"https:\/\/secure.gravatar.com\/avatar\/9dad78ff9a2d8b5742d11779f8a3f53b052320c550b2e1907882353c067bb111?s=96&d=mm&r=g","contentUrl":"https:\/\/secure.gravatar.com\/avatar\/9dad78ff9a2d8b5742d11779f8a3f53b052320c550b2e1907882353c067bb111?s=96&d=mm&r=g","caption":"GP"},"sameAs":["http:\/\/gazetapernambucana.com"],"url":"https:\/\/gazetapernambucana.com\/?author=1"}]}},"jetpack_publicize_connections":[],"_links":{"self":[{"href":"https:\/\/gazetapernambucana.com\/index.php?rest_route=\/wp\/v2\/posts\/1022","targetHints":{"allow":["GET"]}}],"collection":[{"href":"https:\/\/gazetapernambucana.com\/index.php?rest_route=\/wp\/v2\/posts"}],"about":[{"href":"https:\/\/gazetapernambucana.com\/index.php?rest_route=\/wp\/v2\/types\/post"}],"author":[{"embeddable":true,"href":"https:\/\/gazetapernambucana.com\/index.php?rest_route=\/wp\/v2\/users\/1"}],"replies":[{"embeddable":true,"href":"https:\/\/gazetapernambucana.com\/index.php?rest_route=%2Fwp%2Fv2%2Fcomments&post=1022"}],"version-history":[{"count":1,"href":"https:\/\/gazetapernambucana.com\/index.php?rest_route=\/wp\/v2\/posts\/1022\/revisions"}],"predecessor-version":[{"id":1024,"href":"https:\/\/gazetapernambucana.com\/index.php?rest_route=\/wp\/v2\/posts\/1022\/revisions\/1024"}],"wp:featuredmedia":[{"embeddable":true,"href":"https:\/\/gazetapernambucana.com\/index.php?rest_route=\/wp\/v2\/media\/1023"}],"wp:attachment":[{"href":"https:\/\/gazetapernambucana.com\/index.php?rest_route=%2Fwp%2Fv2%2Fmedia&parent=1022"}],"wp:term":[{"taxonomy":"category","embeddable":true,"href":"https:\/\/gazetapernambucana.com\/index.php?rest_route=%2Fwp%2Fv2%2Fcategories&post=1022"},{"taxonomy":"post_tag","embeddable":true,"href":"https:\/\/gazetapernambucana.com\/index.php?rest_route=%2Fwp%2Fv2%2Ftags&post=1022"}],"curies":[{"name":"wp","href":"https:\/\/api.w.org\/{rel}","templated":true}]}}