{"id":1016,"date":"2025-06-07T21:22:34","date_gmt":"2025-06-08T00:22:34","guid":{"rendered":"https:\/\/gazetapernambucana.com\/?p=1016"},"modified":"2025-06-07T21:22:34","modified_gmt":"2025-06-08T00:22:34","slug":"a-ultima-coisa-que-eu-nao-disse-por-flavio-chaves","status":"publish","type":"post","link":"https:\/\/gazetapernambucana.com\/?p=1016","title":{"rendered":"A \u00faltima coisa que eu n\u00e3o disse. Por Fl\u00e1vio Chaves"},"content":{"rendered":"<p data-start=\"711\" data-end=\"1574\"><img loading=\"lazy\" decoding=\"async\" class=\"alignnone size-full wp-image-173001\" src=\"https:\/\/flaviochaves.com.br\/wp-content\/uploads\/2025\/03\/462562856_2457397397798111_6719032111439857149_n-1.jpg\" alt=\"\" width=\"212\" height=\"208\" \/>\u00a0 \u00a0 <strong>Por Fl\u00e1vio Chaves \u2013 Jornalista, poeta, escritor e membro da Academia Pernambucana de Letras. Foi Delegado Federal\/Minc\u00a0 \u2013<\/strong> Se me fosse dado o direito de escrever apenas uma \u00fanica vez para o mundo inteiro \u2014 apenas uma \u2014 eu n\u00e3o escolheria os n\u00fameros, nem as estat\u00edsticas, nem as doutrinas pol\u00edticas ou os tratados cient\u00edficos que tentam, em v\u00e3o, dar conta da complexidade da vida. Eu n\u00e3o escolheria as f\u00f3rmulas do sucesso, nem as estrat\u00e9gias do convencimento, nem os discursos pomposos da raz\u00e3o, porque nada disso me parece mais urgente do que falar daquilo que nos corr\u00f3i por dentro: o que n\u00e3o foi dito. Eu escreveria, com a tinta mais humana e vulner\u00e1vel que h\u00e1, sobre os sil\u00eancios. Sobre os sil\u00eancios que gritam, sufocam, adoecem. Sobre os gestos que ficaram a meio caminho, sobre os perd\u00f5es que n\u00e3o foram pronunciados, sobre os abra\u00e7os que nunca chegaram a acontecer, sobre os \u201cte amo\u201d que o outro merecia ter escutado, mas que a gente, por orgulho ou medo, apenas pensou \u2014 e engoliu.<\/p>\n<p data-start=\"1576\" data-end=\"2167\">No fundo do peito de cada ser humano h\u00e1 sempre uma carta inacabada, um beijo que morreu antes da boca, um perd\u00e3o que n\u00e3o teve f\u00f4lego para atravessar a garganta, uma \u00faltima frase que n\u00e3o encontrou tempo para existir. E quando o tempo escorrega \u2014 como sempre escorrega \u2014, a alma permanece parada no instante em que tudo poderia ter sido diferente, se ao menos uma palavra tivesse sido dita. Esta cr\u00f4nica n\u00e3o \u00e9 sobre o arrependimento vulgar das conven\u00e7\u00f5es. Ela \u00e9 sobre a condi\u00e7\u00e3o humana. Sobre a nossa eterna hesita\u00e7\u00e3o entre sentir e dizer, entre querer e se revelar, entre saber e se permitir.<\/p>\n<p data-start=\"2711\" data-end=\"3274\">Quantas pessoas hoje dormem sem saber que s\u00e3o amadas? Quantas partidas aconteceram sem uma despedida? Quantas m\u00e3es esperaram um telefonema que nunca chegou? Quantos filhos sa\u00edram de casa certos de que haveria um depois \u2014 e n\u00e3o houve? A gente vive como se o tempo nos devesse algo. Mas o tempo, meu amigo, n\u00e3o deve nada a ningu\u00e9m. O tempo n\u00e3o volta. O tempo n\u00e3o explica. O tempo n\u00e3o avisa. \u00c9 o cora\u00e7\u00e3o que est\u00e1 em d\u00edvida. E muitas vezes, a \u00fanica moeda com que se pode pagar essa d\u00edvida \u00e9 o gesto n\u00e3o feito, a frase n\u00e3o dita, a presen\u00e7a que j\u00e1 n\u00e3o se pode oferecer.<\/p>\n<p data-start=\"3276\" data-end=\"4011\">Essa cr\u00f4nica n\u00e3o quer apenas comover. Ela quer tocar onde voc\u00ea ainda est\u00e1 vivo. Quer ser aquele estranho que atravessa a sua tarde e sussurra: vai agora, n\u00e3o espera, diz o que sente, antes que o sil\u00eancio se torne irrevers\u00edvel. Porque o sil\u00eancio \u00e9 confort\u00e1vel at\u00e9 o dia em que ele se transforma em sepultura \u2014 da palavra, da reconcilia\u00e7\u00e3o, do amor. Talvez voc\u00ea tenha um amor trancado em uma gaveta emocional, uma saudade disfar\u00e7ada de rotina, uma dor camuflada de orgulho. Talvez a pessoa que voc\u00ea ama esteja do outro lado do telefone esperando um gesto que s\u00f3 voc\u00ea pode fazer. Talvez esta cr\u00f4nica seja um espelho. Talvez seja um empurr\u00e3o. Talvez seja o \u00faltimo aviso antes de aquilo que n\u00e3o foi dito se transformar em sombra permanente.<\/p>\n<p data-start=\"4013\" data-end=\"4381\">N\u00e3o se iluda com a ideia de que haver\u00e1 outra oportunidade. \u00c0s vezes n\u00e3o h\u00e1. A vida \u00e9 mais falha do que justa. E o depois \u00e9 um lugar onde ningu\u00e9m mora. Vai l\u00e1. Diz. Escreve. Corre. Liga. Perdoa. Beija. Toca. Apare\u00e7a. Grite o que sente, ainda que com voz tr\u00eamula. Porque se tem uma coisa que a vida ensina tarde demais \u00e9 que os sil\u00eancios pesam muito mais que os erros.<\/p>\n<p data-start=\"4383\" data-end=\"4528\">E que algumas palavras, quando n\u00e3o s\u00e3o ditas a tempo, deixam de ser palavras \u2014 tornam-se lamentos que ecoam dentro da gente por uma vida inteira.<\/p>\n","protected":false},"excerpt":{"rendered":"<p>\u00a0 \u00a0 Por Fl\u00e1vio Chaves \u2013 Jornalista, poeta, escritor e membro da Academia Pernambucana de Letras. Foi Delegado Federal\/Minc\u00a0 \u2013 Se me fosse dado o direito de escrever apenas uma \u00fanica vez para o mundo inteiro \u2014 apenas uma \u2014 eu n\u00e3o escolheria os n\u00fameros, nem as estat\u00edsticas, nem as doutrinas pol\u00edticas ou os tratados [&hellip;]<\/p>\n","protected":false},"author":1,"featured_media":1017,"comment_status":"open","ping_status":"open","sticky":false,"template":"","format":"standard","meta":{"footnotes":"","jetpack_publicize_message":"","jetpack_publicize_feature_enabled":true,"jetpack_social_post_already_shared":false,"jetpack_social_options":{"image_generator_settings":{"template":"highway","default_image_id":0,"font":"","enabled":false},"version":2}},"categories":[1],"tags":[],"class_list":["post-1016","post","type-post","status-publish","format-standard","has-post-thumbnail","hentry","category-https-gazetapernambucana-com-page_id225"],"yoast_head":"<!-- This site is optimized with the Yoast SEO plugin v24.5 - https:\/\/yoast.com\/wordpress\/plugins\/seo\/ -->\n<title>A \u00faltima coisa que eu n\u00e3o disse. Por Fl\u00e1vio Chaves -<\/title>\n<meta name=\"robots\" content=\"index, follow, max-snippet:-1, max-image-preview:large, max-video-preview:-1\" \/>\n<link rel=\"canonical\" href=\"https:\/\/gazetapernambucana.com\/?p=1016\" \/>\n<meta property=\"og:locale\" content=\"pt_BR\" \/>\n<meta property=\"og:type\" content=\"article\" \/>\n<meta property=\"og:title\" content=\"A \u00faltima coisa que eu n\u00e3o disse. Por Fl\u00e1vio Chaves -\" \/>\n<meta property=\"og:description\" content=\"\u00a0 \u00a0 Por Fl\u00e1vio Chaves \u2013 Jornalista, poeta, escritor e membro da Academia Pernambucana de Letras. Foi Delegado Federal\/Minc\u00a0 \u2013 Se me fosse dado o direito de escrever apenas uma \u00fanica vez para o mundo inteiro \u2014 apenas uma \u2014 eu n\u00e3o escolheria os n\u00fameros, nem as estat\u00edsticas, nem as doutrinas pol\u00edticas ou os tratados [&hellip;]\" \/>\n<meta property=\"og:url\" content=\"https:\/\/gazetapernambucana.com\/?p=1016\" \/>\n<meta property=\"article:published_time\" content=\"2025-06-08T00:22:34+00:00\" \/>\n<meta property=\"og:image\" content=\"https:\/\/gazetapernambucana.com\/wp-content\/uploads\/2025\/06\/462562856_2457397397798111_6719032111439857149_n-1-1.jpg\" \/>\n\t<meta property=\"og:image:width\" content=\"212\" \/>\n\t<meta property=\"og:image:height\" content=\"208\" \/>\n\t<meta property=\"og:image:type\" content=\"image\/jpeg\" \/>\n<meta name=\"author\" content=\"GP\" \/>\n<meta name=\"twitter:card\" content=\"summary_large_image\" \/>\n<meta name=\"twitter:label1\" content=\"Escrito por\" \/>\n\t<meta name=\"twitter:data1\" content=\"GP\" \/>\n\t<meta name=\"twitter:label2\" content=\"Est. tempo de leitura\" \/>\n\t<meta name=\"twitter:data2\" content=\"4 minutos\" \/>\n<script type=\"application\/ld+json\" class=\"yoast-schema-graph\">{\"@context\":\"https:\/\/schema.org\",\"@graph\":[{\"@type\":\"WebPage\",\"@id\":\"https:\/\/gazetapernambucana.com\/?p=1016\",\"url\":\"https:\/\/gazetapernambucana.com\/?p=1016\",\"name\":\"A \u00faltima coisa que eu n\u00e3o disse. Por Fl\u00e1vio Chaves -\",\"isPartOf\":{\"@id\":\"https:\/\/gazetapernambucana.com\/#website\"},\"primaryImageOfPage\":{\"@id\":\"https:\/\/gazetapernambucana.com\/?p=1016#primaryimage\"},\"image\":{\"@id\":\"https:\/\/gazetapernambucana.com\/?p=1016#primaryimage\"},\"thumbnailUrl\":\"https:\/\/gazetapernambucana.com\/wp-content\/uploads\/2025\/06\/462562856_2457397397798111_6719032111439857149_n-1-1.jpg\",\"datePublished\":\"2025-06-08T00:22:34+00:00\",\"author\":{\"@id\":\"https:\/\/gazetapernambucana.com\/#\/schema\/person\/188dc283325181ac2de4db1e9e987427\"},\"breadcrumb\":{\"@id\":\"https:\/\/gazetapernambucana.com\/?p=1016#breadcrumb\"},\"inLanguage\":\"pt-BR\",\"potentialAction\":[{\"@type\":\"ReadAction\",\"target\":[\"https:\/\/gazetapernambucana.com\/?p=1016\"]}]},{\"@type\":\"ImageObject\",\"inLanguage\":\"pt-BR\",\"@id\":\"https:\/\/gazetapernambucana.com\/?p=1016#primaryimage\",\"url\":\"https:\/\/gazetapernambucana.com\/wp-content\/uploads\/2025\/06\/462562856_2457397397798111_6719032111439857149_n-1-1.jpg\",\"contentUrl\":\"https:\/\/gazetapernambucana.com\/wp-content\/uploads\/2025\/06\/462562856_2457397397798111_6719032111439857149_n-1-1.jpg\",\"width\":212,\"height\":208},{\"@type\":\"BreadcrumbList\",\"@id\":\"https:\/\/gazetapernambucana.com\/?p=1016#breadcrumb\",\"itemListElement\":[{\"@type\":\"ListItem\",\"position\":1,\"name\":\"In\u00edcio\",\"item\":\"https:\/\/gazetapernambucana.com\/\"},{\"@type\":\"ListItem\",\"position\":2,\"name\":\"A \u00faltima coisa que eu n\u00e3o disse. Por Fl\u00e1vio Chaves\"}]},{\"@type\":\"WebSite\",\"@id\":\"https:\/\/gazetapernambucana.com\/#website\",\"url\":\"https:\/\/gazetapernambucana.com\/\",\"name\":\"\",\"description\":\"\",\"potentialAction\":[{\"@type\":\"SearchAction\",\"target\":{\"@type\":\"EntryPoint\",\"urlTemplate\":\"https:\/\/gazetapernambucana.com\/?s={search_term_string}\"},\"query-input\":{\"@type\":\"PropertyValueSpecification\",\"valueRequired\":true,\"valueName\":\"search_term_string\"}}],\"inLanguage\":\"pt-BR\"},{\"@type\":\"Person\",\"@id\":\"https:\/\/gazetapernambucana.com\/#\/schema\/person\/188dc283325181ac2de4db1e9e987427\",\"name\":\"GP\",\"image\":{\"@type\":\"ImageObject\",\"inLanguage\":\"pt-BR\",\"@id\":\"https:\/\/gazetapernambucana.com\/#\/schema\/person\/image\/\",\"url\":\"https:\/\/secure.gravatar.com\/avatar\/9dad78ff9a2d8b5742d11779f8a3f53b052320c550b2e1907882353c067bb111?s=96&d=mm&r=g\",\"contentUrl\":\"https:\/\/secure.gravatar.com\/avatar\/9dad78ff9a2d8b5742d11779f8a3f53b052320c550b2e1907882353c067bb111?s=96&d=mm&r=g\",\"caption\":\"GP\"},\"sameAs\":[\"http:\/\/gazetapernambucana.com\"],\"url\":\"https:\/\/gazetapernambucana.com\/?author=1\"}]}<\/script>\n<!-- \/ Yoast SEO plugin. -->","yoast_head_json":{"title":"A \u00faltima coisa que eu n\u00e3o disse. Por Fl\u00e1vio Chaves -","robots":{"index":"index","follow":"follow","max-snippet":"max-snippet:-1","max-image-preview":"max-image-preview:large","max-video-preview":"max-video-preview:-1"},"canonical":"https:\/\/gazetapernambucana.com\/?p=1016","og_locale":"pt_BR","og_type":"article","og_title":"A \u00faltima coisa que eu n\u00e3o disse. Por Fl\u00e1vio Chaves -","og_description":"\u00a0 \u00a0 Por Fl\u00e1vio Chaves \u2013 Jornalista, poeta, escritor e membro da Academia Pernambucana de Letras. Foi Delegado Federal\/Minc\u00a0 \u2013 Se me fosse dado o direito de escrever apenas uma \u00fanica vez para o mundo inteiro \u2014 apenas uma \u2014 eu n\u00e3o escolheria os n\u00fameros, nem as estat\u00edsticas, nem as doutrinas pol\u00edticas ou os tratados [&hellip;]","og_url":"https:\/\/gazetapernambucana.com\/?p=1016","article_published_time":"2025-06-08T00:22:34+00:00","og_image":[{"width":212,"height":208,"url":"https:\/\/gazetapernambucana.com\/wp-content\/uploads\/2025\/06\/462562856_2457397397798111_6719032111439857149_n-1-1.jpg","type":"image\/jpeg"}],"author":"GP","twitter_card":"summary_large_image","twitter_misc":{"Escrito por":"GP","Est. tempo de leitura":"4 minutos"},"schema":{"@context":"https:\/\/schema.org","@graph":[{"@type":"WebPage","@id":"https:\/\/gazetapernambucana.com\/?p=1016","url":"https:\/\/gazetapernambucana.com\/?p=1016","name":"A \u00faltima coisa que eu n\u00e3o disse. Por Fl\u00e1vio Chaves -","isPartOf":{"@id":"https:\/\/gazetapernambucana.com\/#website"},"primaryImageOfPage":{"@id":"https:\/\/gazetapernambucana.com\/?p=1016#primaryimage"},"image":{"@id":"https:\/\/gazetapernambucana.com\/?p=1016#primaryimage"},"thumbnailUrl":"https:\/\/gazetapernambucana.com\/wp-content\/uploads\/2025\/06\/462562856_2457397397798111_6719032111439857149_n-1-1.jpg","datePublished":"2025-06-08T00:22:34+00:00","author":{"@id":"https:\/\/gazetapernambucana.com\/#\/schema\/person\/188dc283325181ac2de4db1e9e987427"},"breadcrumb":{"@id":"https:\/\/gazetapernambucana.com\/?p=1016#breadcrumb"},"inLanguage":"pt-BR","potentialAction":[{"@type":"ReadAction","target":["https:\/\/gazetapernambucana.com\/?p=1016"]}]},{"@type":"ImageObject","inLanguage":"pt-BR","@id":"https:\/\/gazetapernambucana.com\/?p=1016#primaryimage","url":"https:\/\/gazetapernambucana.com\/wp-content\/uploads\/2025\/06\/462562856_2457397397798111_6719032111439857149_n-1-1.jpg","contentUrl":"https:\/\/gazetapernambucana.com\/wp-content\/uploads\/2025\/06\/462562856_2457397397798111_6719032111439857149_n-1-1.jpg","width":212,"height":208},{"@type":"BreadcrumbList","@id":"https:\/\/gazetapernambucana.com\/?p=1016#breadcrumb","itemListElement":[{"@type":"ListItem","position":1,"name":"In\u00edcio","item":"https:\/\/gazetapernambucana.com\/"},{"@type":"ListItem","position":2,"name":"A \u00faltima coisa que eu n\u00e3o disse. Por Fl\u00e1vio Chaves"}]},{"@type":"WebSite","@id":"https:\/\/gazetapernambucana.com\/#website","url":"https:\/\/gazetapernambucana.com\/","name":"","description":"","potentialAction":[{"@type":"SearchAction","target":{"@type":"EntryPoint","urlTemplate":"https:\/\/gazetapernambucana.com\/?s={search_term_string}"},"query-input":{"@type":"PropertyValueSpecification","valueRequired":true,"valueName":"search_term_string"}}],"inLanguage":"pt-BR"},{"@type":"Person","@id":"https:\/\/gazetapernambucana.com\/#\/schema\/person\/188dc283325181ac2de4db1e9e987427","name":"GP","image":{"@type":"ImageObject","inLanguage":"pt-BR","@id":"https:\/\/gazetapernambucana.com\/#\/schema\/person\/image\/","url":"https:\/\/secure.gravatar.com\/avatar\/9dad78ff9a2d8b5742d11779f8a3f53b052320c550b2e1907882353c067bb111?s=96&d=mm&r=g","contentUrl":"https:\/\/secure.gravatar.com\/avatar\/9dad78ff9a2d8b5742d11779f8a3f53b052320c550b2e1907882353c067bb111?s=96&d=mm&r=g","caption":"GP"},"sameAs":["http:\/\/gazetapernambucana.com"],"url":"https:\/\/gazetapernambucana.com\/?author=1"}]}},"jetpack_publicize_connections":[],"_links":{"self":[{"href":"https:\/\/gazetapernambucana.com\/index.php?rest_route=\/wp\/v2\/posts\/1016","targetHints":{"allow":["GET"]}}],"collection":[{"href":"https:\/\/gazetapernambucana.com\/index.php?rest_route=\/wp\/v2\/posts"}],"about":[{"href":"https:\/\/gazetapernambucana.com\/index.php?rest_route=\/wp\/v2\/types\/post"}],"author":[{"embeddable":true,"href":"https:\/\/gazetapernambucana.com\/index.php?rest_route=\/wp\/v2\/users\/1"}],"replies":[{"embeddable":true,"href":"https:\/\/gazetapernambucana.com\/index.php?rest_route=%2Fwp%2Fv2%2Fcomments&post=1016"}],"version-history":[{"count":1,"href":"https:\/\/gazetapernambucana.com\/index.php?rest_route=\/wp\/v2\/posts\/1016\/revisions"}],"predecessor-version":[{"id":1018,"href":"https:\/\/gazetapernambucana.com\/index.php?rest_route=\/wp\/v2\/posts\/1016\/revisions\/1018"}],"wp:featuredmedia":[{"embeddable":true,"href":"https:\/\/gazetapernambucana.com\/index.php?rest_route=\/wp\/v2\/media\/1017"}],"wp:attachment":[{"href":"https:\/\/gazetapernambucana.com\/index.php?rest_route=%2Fwp%2Fv2%2Fmedia&parent=1016"}],"wp:term":[{"taxonomy":"category","embeddable":true,"href":"https:\/\/gazetapernambucana.com\/index.php?rest_route=%2Fwp%2Fv2%2Fcategories&post=1016"},{"taxonomy":"post_tag","embeddable":true,"href":"https:\/\/gazetapernambucana.com\/index.php?rest_route=%2Fwp%2Fv2%2Ftags&post=1016"}],"curies":[{"name":"wp","href":"https:\/\/api.w.org\/{rel}","templated":true}]}}