{"id":1007,"date":"2025-06-05T21:36:44","date_gmt":"2025-06-06T00:36:44","guid":{"rendered":"https:\/\/gazetapernambucana.com\/?p=1007"},"modified":"2025-06-05T21:36:44","modified_gmt":"2025-06-06T00:36:44","slug":"entre-fatos-e-palavras-uma-coluna-diaria-de-escuta-e-interpretacao-do-nosso-tempo","status":"publish","type":"post","link":"https:\/\/gazetapernambucana.com\/?p=1007","title":{"rendered":"Entre Fatos e Palavras \u2014 Uma Coluna Di\u00e1ria de Escuta e Interpreta\u00e7\u00e3o do Nosso Tempo"},"content":{"rendered":"<h3 data-start=\"440\" data-end=\"531\"><strong data-start=\"444\" data-end=\"470\"><img loading=\"lazy\" decoding=\"async\" class=\"alignnone size-medium wp-image-174008\" src=\"https:\/\/flaviochaves.com.br\/wp-content\/uploads\/2025\/06\/download-37-1-300x191.jpeg\" alt=\"\" width=\"300\" height=\"191\" \/> Entre Fatos e Palavras<\/strong> \u2014 Uma Coluna Di\u00e1ria de Escuta e Interpreta\u00e7\u00e3o do Nosso Tempo<\/h3>\n<p data-start=\"533\" data-end=\"909\">Nasce hoje uma coluna. Mas n\u00e3o apenas uma coluna \u2014 nasce um espa\u00e7o de travessia, um territ\u00f3rio onde o que se vive encontra o que se pensa, e o que se pensa ousa ser dito. Chamamos esse novo \u00edcone de <strong data-start=\"732\" data-end=\"758\">Entre Fatos e Palavras<\/strong>, porque \u00e9 justamente nesse intervalo, nesse espa\u00e7o sutil entre o que ocorre e o que se escreve, que mora o sentido mais profundo da nossa comunica\u00e7\u00e3o.<\/p>\n<p data-start=\"911\" data-end=\"1278\">N\u00e3o se trata de mais um espa\u00e7o opinativo, nem de um di\u00e1rio de impress\u00f5es soltas. Trata-se de um <strong data-start=\"1007\" data-end=\"1039\">lugar de escuta e de an\u00e1lise<\/strong>, onde o real n\u00e3o ser\u00e1 reduzido a manchete e a palavra n\u00e3o ser\u00e1 usada como espuma. Aqui, o compromisso \u00e9 com a lucidez, com o pensamento cr\u00edtico, com a beleza da linguagem e com a coragem de dizer \u2014 mesmo quando o dizer for desconfort\u00e1vel.<\/p>\n<p data-start=\"1280\" data-end=\"1661\">A inspira\u00e7\u00e3o desta coluna nasce da necessidade de acompanhar o dia, mas <strong data-start=\"1352\" data-end=\"1424\">n\u00e3o de se perder na pressa dos ru\u00eddos nem na repeti\u00e7\u00e3o do previs\u00edvel<\/strong>. Queremos ir al\u00e9m da not\u00edcia apressada, al\u00e9m da espuma do momento. Queremos olhar o movimento da pol\u00edtica, sim \u2014 mas tamb\u00e9m o da literatura, da economia, da vida p\u00fablica, da educa\u00e7\u00e3o, do meio ambiente, da arte, das ruas e das aus\u00eancias.<\/p>\n<p data-start=\"1663\" data-end=\"2026\"><strong data-start=\"1663\" data-end=\"1689\">Entre Fatos e Palavras<\/strong> ser\u00e1 publicada todos os dias \u2014 como uma janela aberta sobre o que nos toca e inquieta. Ser\u00e1 um coment\u00e1rio atento, uma an\u00e1lise di\u00e1ria, um gesto de posicionamento diante da realidade. O tom ser\u00e1 plural, mas a inten\u00e7\u00e3o \u00e9 \u00fanica: <strong data-start=\"1915\" data-end=\"2026\">compartilhar com o leitor uma lente limpa para ver o mundo com mais nitidez, e quem sabe, com mais coragem.<\/strong><\/p>\n<p data-start=\"2028\" data-end=\"2308\">Porque vivemos tempos em que os fatos tentam nos atropelar e as palavras tentam nos enganar. E talvez a \u00fanica forma de resistir a isso seja habitar justamente esse espa\u00e7o entre eles \u2014 nem anestesiados, nem hist\u00e9ricos. Apenas humanos, atentos, em busca do que vale a pena ser dito.<\/p>\n<p data-start=\"2310\" data-end=\"2434\">Seja bem-vindo(a) a <strong data-start=\"2330\" data-end=\"2356\">Entre Fatos e Palavras<\/strong>.<br data-start=\"2357\" data-end=\"2360\" \/>Todos os dias, um encontro. Todos os dias, um compromisso com o essencial.<\/p>\n","protected":false},"excerpt":{"rendered":"<p>Entre Fatos e Palavras \u2014 Uma Coluna Di\u00e1ria de Escuta e Interpreta\u00e7\u00e3o do Nosso Tempo Nasce hoje uma coluna. Mas n\u00e3o apenas uma coluna \u2014 nasce um espa\u00e7o de travessia, um territ\u00f3rio onde o que se vive encontra o que se pensa, e o que se pensa ousa ser dito. Chamamos esse novo \u00edcone de [&hellip;]<\/p>\n","protected":false},"author":1,"featured_media":1008,"comment_status":"open","ping_status":"open","sticky":false,"template":"","format":"standard","meta":{"footnotes":"","jetpack_publicize_message":"","jetpack_publicize_feature_enabled":true,"jetpack_social_post_already_shared":false,"jetpack_social_options":{"image_generator_settings":{"template":"highway","default_image_id":0,"font":"","enabled":false},"version":2}},"categories":[76],"tags":[],"class_list":["post-1007","post","type-post","status-publish","format-standard","has-post-thumbnail","hentry","category-opiniao"],"yoast_head":"<!-- This site is optimized with the Yoast SEO plugin v24.5 - https:\/\/yoast.com\/wordpress\/plugins\/seo\/ -->\n<title>Entre Fatos e Palavras \u2014 Uma Coluna Di\u00e1ria de Escuta e Interpreta\u00e7\u00e3o do Nosso Tempo -<\/title>\n<meta name=\"robots\" content=\"index, follow, max-snippet:-1, max-image-preview:large, max-video-preview:-1\" \/>\n<link rel=\"canonical\" href=\"https:\/\/gazetapernambucana.com\/?p=1007\" \/>\n<meta property=\"og:locale\" content=\"pt_BR\" \/>\n<meta property=\"og:type\" content=\"article\" \/>\n<meta property=\"og:title\" content=\"Entre Fatos e Palavras \u2014 Uma Coluna Di\u00e1ria de Escuta e Interpreta\u00e7\u00e3o do Nosso Tempo -\" \/>\n<meta property=\"og:description\" content=\"Entre Fatos e Palavras \u2014 Uma Coluna Di\u00e1ria de Escuta e Interpreta\u00e7\u00e3o do Nosso Tempo Nasce hoje uma coluna. Mas n\u00e3o apenas uma coluna \u2014 nasce um espa\u00e7o de travessia, um territ\u00f3rio onde o que se vive encontra o que se pensa, e o que se pensa ousa ser dito. Chamamos esse novo \u00edcone de [&hellip;]\" \/>\n<meta property=\"og:url\" content=\"https:\/\/gazetapernambucana.com\/?p=1007\" \/>\n<meta property=\"article:published_time\" content=\"2025-06-06T00:36:44+00:00\" \/>\n<meta property=\"og:image\" content=\"https:\/\/gazetapernambucana.com\/wp-content\/uploads\/2025\/06\/download-37.jpeg\" \/>\n\t<meta property=\"og:image:width\" content=\"362\" \/>\n\t<meta property=\"og:image:height\" content=\"230\" \/>\n\t<meta property=\"og:image:type\" content=\"image\/jpeg\" \/>\n<meta name=\"author\" content=\"GP\" \/>\n<meta name=\"twitter:card\" content=\"summary_large_image\" \/>\n<meta name=\"twitter:label1\" content=\"Escrito por\" \/>\n\t<meta name=\"twitter:data1\" content=\"GP\" \/>\n\t<meta name=\"twitter:label2\" content=\"Est. tempo de leitura\" \/>\n\t<meta name=\"twitter:data2\" content=\"3 minutos\" \/>\n<script type=\"application\/ld+json\" class=\"yoast-schema-graph\">{\"@context\":\"https:\/\/schema.org\",\"@graph\":[{\"@type\":\"WebPage\",\"@id\":\"https:\/\/gazetapernambucana.com\/?p=1007\",\"url\":\"https:\/\/gazetapernambucana.com\/?p=1007\",\"name\":\"Entre Fatos e Palavras \u2014 Uma Coluna Di\u00e1ria de Escuta e Interpreta\u00e7\u00e3o do Nosso Tempo -\",\"isPartOf\":{\"@id\":\"https:\/\/gazetapernambucana.com\/#website\"},\"primaryImageOfPage\":{\"@id\":\"https:\/\/gazetapernambucana.com\/?p=1007#primaryimage\"},\"image\":{\"@id\":\"https:\/\/gazetapernambucana.com\/?p=1007#primaryimage\"},\"thumbnailUrl\":\"https:\/\/gazetapernambucana.com\/wp-content\/uploads\/2025\/06\/download-37.jpeg\",\"datePublished\":\"2025-06-06T00:36:44+00:00\",\"author\":{\"@id\":\"https:\/\/gazetapernambucana.com\/#\/schema\/person\/188dc283325181ac2de4db1e9e987427\"},\"breadcrumb\":{\"@id\":\"https:\/\/gazetapernambucana.com\/?p=1007#breadcrumb\"},\"inLanguage\":\"pt-BR\",\"potentialAction\":[{\"@type\":\"ReadAction\",\"target\":[\"https:\/\/gazetapernambucana.com\/?p=1007\"]}]},{\"@type\":\"ImageObject\",\"inLanguage\":\"pt-BR\",\"@id\":\"https:\/\/gazetapernambucana.com\/?p=1007#primaryimage\",\"url\":\"https:\/\/gazetapernambucana.com\/wp-content\/uploads\/2025\/06\/download-37.jpeg\",\"contentUrl\":\"https:\/\/gazetapernambucana.com\/wp-content\/uploads\/2025\/06\/download-37.jpeg\",\"width\":362,\"height\":230},{\"@type\":\"BreadcrumbList\",\"@id\":\"https:\/\/gazetapernambucana.com\/?p=1007#breadcrumb\",\"itemListElement\":[{\"@type\":\"ListItem\",\"position\":1,\"name\":\"In\u00edcio\",\"item\":\"https:\/\/gazetapernambucana.com\/\"},{\"@type\":\"ListItem\",\"position\":2,\"name\":\"Entre Fatos e Palavras \u2014 Uma Coluna Di\u00e1ria de Escuta e Interpreta\u00e7\u00e3o do Nosso Tempo\"}]},{\"@type\":\"WebSite\",\"@id\":\"https:\/\/gazetapernambucana.com\/#website\",\"url\":\"https:\/\/gazetapernambucana.com\/\",\"name\":\"\",\"description\":\"\",\"potentialAction\":[{\"@type\":\"SearchAction\",\"target\":{\"@type\":\"EntryPoint\",\"urlTemplate\":\"https:\/\/gazetapernambucana.com\/?s={search_term_string}\"},\"query-input\":{\"@type\":\"PropertyValueSpecification\",\"valueRequired\":true,\"valueName\":\"search_term_string\"}}],\"inLanguage\":\"pt-BR\"},{\"@type\":\"Person\",\"@id\":\"https:\/\/gazetapernambucana.com\/#\/schema\/person\/188dc283325181ac2de4db1e9e987427\",\"name\":\"GP\",\"image\":{\"@type\":\"ImageObject\",\"inLanguage\":\"pt-BR\",\"@id\":\"https:\/\/gazetapernambucana.com\/#\/schema\/person\/image\/\",\"url\":\"https:\/\/secure.gravatar.com\/avatar\/9dad78ff9a2d8b5742d11779f8a3f53b052320c550b2e1907882353c067bb111?s=96&d=mm&r=g\",\"contentUrl\":\"https:\/\/secure.gravatar.com\/avatar\/9dad78ff9a2d8b5742d11779f8a3f53b052320c550b2e1907882353c067bb111?s=96&d=mm&r=g\",\"caption\":\"GP\"},\"sameAs\":[\"http:\/\/gazetapernambucana.com\"],\"url\":\"https:\/\/gazetapernambucana.com\/?author=1\"}]}<\/script>\n<!-- \/ Yoast SEO plugin. -->","yoast_head_json":{"title":"Entre Fatos e Palavras \u2014 Uma Coluna Di\u00e1ria de Escuta e Interpreta\u00e7\u00e3o do Nosso Tempo -","robots":{"index":"index","follow":"follow","max-snippet":"max-snippet:-1","max-image-preview":"max-image-preview:large","max-video-preview":"max-video-preview:-1"},"canonical":"https:\/\/gazetapernambucana.com\/?p=1007","og_locale":"pt_BR","og_type":"article","og_title":"Entre Fatos e Palavras \u2014 Uma Coluna Di\u00e1ria de Escuta e Interpreta\u00e7\u00e3o do Nosso Tempo -","og_description":"Entre Fatos e Palavras \u2014 Uma Coluna Di\u00e1ria de Escuta e Interpreta\u00e7\u00e3o do Nosso Tempo Nasce hoje uma coluna. Mas n\u00e3o apenas uma coluna \u2014 nasce um espa\u00e7o de travessia, um territ\u00f3rio onde o que se vive encontra o que se pensa, e o que se pensa ousa ser dito. Chamamos esse novo \u00edcone de [&hellip;]","og_url":"https:\/\/gazetapernambucana.com\/?p=1007","article_published_time":"2025-06-06T00:36:44+00:00","og_image":[{"width":362,"height":230,"url":"https:\/\/gazetapernambucana.com\/wp-content\/uploads\/2025\/06\/download-37.jpeg","type":"image\/jpeg"}],"author":"GP","twitter_card":"summary_large_image","twitter_misc":{"Escrito por":"GP","Est. tempo de leitura":"3 minutos"},"schema":{"@context":"https:\/\/schema.org","@graph":[{"@type":"WebPage","@id":"https:\/\/gazetapernambucana.com\/?p=1007","url":"https:\/\/gazetapernambucana.com\/?p=1007","name":"Entre Fatos e Palavras \u2014 Uma Coluna Di\u00e1ria de Escuta e Interpreta\u00e7\u00e3o do Nosso Tempo -","isPartOf":{"@id":"https:\/\/gazetapernambucana.com\/#website"},"primaryImageOfPage":{"@id":"https:\/\/gazetapernambucana.com\/?p=1007#primaryimage"},"image":{"@id":"https:\/\/gazetapernambucana.com\/?p=1007#primaryimage"},"thumbnailUrl":"https:\/\/gazetapernambucana.com\/wp-content\/uploads\/2025\/06\/download-37.jpeg","datePublished":"2025-06-06T00:36:44+00:00","author":{"@id":"https:\/\/gazetapernambucana.com\/#\/schema\/person\/188dc283325181ac2de4db1e9e987427"},"breadcrumb":{"@id":"https:\/\/gazetapernambucana.com\/?p=1007#breadcrumb"},"inLanguage":"pt-BR","potentialAction":[{"@type":"ReadAction","target":["https:\/\/gazetapernambucana.com\/?p=1007"]}]},{"@type":"ImageObject","inLanguage":"pt-BR","@id":"https:\/\/gazetapernambucana.com\/?p=1007#primaryimage","url":"https:\/\/gazetapernambucana.com\/wp-content\/uploads\/2025\/06\/download-37.jpeg","contentUrl":"https:\/\/gazetapernambucana.com\/wp-content\/uploads\/2025\/06\/download-37.jpeg","width":362,"height":230},{"@type":"BreadcrumbList","@id":"https:\/\/gazetapernambucana.com\/?p=1007#breadcrumb","itemListElement":[{"@type":"ListItem","position":1,"name":"In\u00edcio","item":"https:\/\/gazetapernambucana.com\/"},{"@type":"ListItem","position":2,"name":"Entre Fatos e Palavras \u2014 Uma Coluna Di\u00e1ria de Escuta e Interpreta\u00e7\u00e3o do Nosso Tempo"}]},{"@type":"WebSite","@id":"https:\/\/gazetapernambucana.com\/#website","url":"https:\/\/gazetapernambucana.com\/","name":"","description":"","potentialAction":[{"@type":"SearchAction","target":{"@type":"EntryPoint","urlTemplate":"https:\/\/gazetapernambucana.com\/?s={search_term_string}"},"query-input":{"@type":"PropertyValueSpecification","valueRequired":true,"valueName":"search_term_string"}}],"inLanguage":"pt-BR"},{"@type":"Person","@id":"https:\/\/gazetapernambucana.com\/#\/schema\/person\/188dc283325181ac2de4db1e9e987427","name":"GP","image":{"@type":"ImageObject","inLanguage":"pt-BR","@id":"https:\/\/gazetapernambucana.com\/#\/schema\/person\/image\/","url":"https:\/\/secure.gravatar.com\/avatar\/9dad78ff9a2d8b5742d11779f8a3f53b052320c550b2e1907882353c067bb111?s=96&d=mm&r=g","contentUrl":"https:\/\/secure.gravatar.com\/avatar\/9dad78ff9a2d8b5742d11779f8a3f53b052320c550b2e1907882353c067bb111?s=96&d=mm&r=g","caption":"GP"},"sameAs":["http:\/\/gazetapernambucana.com"],"url":"https:\/\/gazetapernambucana.com\/?author=1"}]}},"jetpack_publicize_connections":[],"_links":{"self":[{"href":"https:\/\/gazetapernambucana.com\/index.php?rest_route=\/wp\/v2\/posts\/1007","targetHints":{"allow":["GET"]}}],"collection":[{"href":"https:\/\/gazetapernambucana.com\/index.php?rest_route=\/wp\/v2\/posts"}],"about":[{"href":"https:\/\/gazetapernambucana.com\/index.php?rest_route=\/wp\/v2\/types\/post"}],"author":[{"embeddable":true,"href":"https:\/\/gazetapernambucana.com\/index.php?rest_route=\/wp\/v2\/users\/1"}],"replies":[{"embeddable":true,"href":"https:\/\/gazetapernambucana.com\/index.php?rest_route=%2Fwp%2Fv2%2Fcomments&post=1007"}],"version-history":[{"count":1,"href":"https:\/\/gazetapernambucana.com\/index.php?rest_route=\/wp\/v2\/posts\/1007\/revisions"}],"predecessor-version":[{"id":1009,"href":"https:\/\/gazetapernambucana.com\/index.php?rest_route=\/wp\/v2\/posts\/1007\/revisions\/1009"}],"wp:featuredmedia":[{"embeddable":true,"href":"https:\/\/gazetapernambucana.com\/index.php?rest_route=\/wp\/v2\/media\/1008"}],"wp:attachment":[{"href":"https:\/\/gazetapernambucana.com\/index.php?rest_route=%2Fwp%2Fv2%2Fmedia&parent=1007"}],"wp:term":[{"taxonomy":"category","embeddable":true,"href":"https:\/\/gazetapernambucana.com\/index.php?rest_route=%2Fwp%2Fv2%2Fcategories&post=1007"},{"taxonomy":"post_tag","embeddable":true,"href":"https:\/\/gazetapernambucana.com\/index.php?rest_route=%2Fwp%2Fv2%2Ftags&post=1007"}],"curies":[{"name":"wp","href":"https:\/\/api.w.org\/{rel}","templated":true}]}}